
{"id":404,"name":"imane sefiane","url":"","description":"Imane S\u00e9fiane est docteur en sciences de l'information et de la communication. Elle a soutenu sa th\u00e8se de doctorat sur la philosophie cybern\u00e9tique et ses liens avec la cyberculture \u00e0 l'universit\u00e9 de Paris Ouest Nanterre La D\u00e9fense en 2012 (sous la direction de David Buxton). Elle a \u00e9t\u00e9 ATER en information-communication \u00e0 l'universit\u00e9 de Paris Ouest 2010-11, et \u00e0 l'IUT de Poitiers (antenne \u00e0 Angoul\u00eame), 2012-13.","link":"https:\/\/industrie-culturelle.fr\/industrie-culturelle\/author\/imane-sefiane\/","slug":"imane-sefiane","avatar_urls":{"24":"https:\/\/secure.gravatar.com\/avatar\/2e698453e74daa283efc6ba661cc4726c1ba26933db947af201feacec1cbb3a8?s=24&d=mm&r=g","48":"https:\/\/secure.gravatar.com\/avatar\/2e698453e74daa283efc6ba661cc4726c1ba26933db947af201feacec1cbb3a8?s=48&d=mm&r=g","96":"https:\/\/secure.gravatar.com\/avatar\/2e698453e74daa283efc6ba661cc4726c1ba26933db947af201feacec1cbb3a8?s=96&d=mm&r=g"},"meta":[],"_links":{"self":[{"href":"https:\/\/industrie-culturelle.fr\/industrie-culturelle\/wp-json\/wp\/v2\/users\/404","targetHints":{"allow":["GET"]}}],"collection":[{"href":"https:\/\/industrie-culturelle.fr\/industrie-culturelle\/wp-json\/wp\/v2\/users"}]}}