
{"id":32457,"date":"2018-07-01T01:00:32","date_gmt":"2018-06-30T23:00:32","guid":{"rendered":"https:\/\/industrie-culturelle.fr\/industrie-culturelle\/?p=32457"},"modified":"2020-03-31T10:48:30","modified_gmt":"2020-03-31T08:48:30","slug":"art-authentique-vs-industrie-culturelle-dialectique-resistance-sociale-marc-hiver","status":"publish","type":"post","link":"https:\/\/industrie-culturelle.fr\/industrie-culturelle\/art-authentique-vs-industrie-culturelle-dialectique-resistance-sociale-marc-hiver\/","title":{"rendered":"Art authentique vs industrie culturelle &#8211; une dialectique de r\u00e9sistance sociale &#8211; Marc HIVER"},"content":{"rendered":"<div class=\"pdfprnt-buttons pdfprnt-buttons-post pdfprnt-top-right\"><a href=\"https:\/\/industrie-culturelle.fr\/industrie-culturelle\/wp-json\/wp\/v2\/posts\/32457?print=pdf\" class=\"pdfprnt-button pdfprnt-button-pdf\" target=\"_blank\" ><img decoding=\"async\" src=\"https:\/\/industrie-culturelle.fr\/industrie-culturelle\/wp-content\/plugins\/pdf-print\/images\/pdf.png\" alt=\"image_pdf\" title=\"Afficher le PDF\" \/><\/a><a href=\"https:\/\/industrie-culturelle.fr\/industrie-culturelle\/wp-json\/wp\/v2\/posts\/32457?print=print\" class=\"pdfprnt-button pdfprnt-button-print\" target=\"_blank\" ><img decoding=\"async\" src=\"https:\/\/industrie-culturelle.fr\/industrie-culturelle\/wp-content\/plugins\/pdf-print\/images\/print.png\" alt=\"image_print\" title=\"Contenu imprim\u00e9\" \/><\/a><\/div><p style=\"text-align: justify;\">T. W. Adorno n\u2019a de cesse de rappeler que le concept d\u2019<em>art authentique<\/em> est maladroit dans sa formulation et qu\u2019il recouvre d\u2019abord une valence n\u00e9gative, un poids critique sur les industries culturelles. Je pense lever cette objection en montrant qu\u2019elle repose d\u2019abord sur un malentendu \u00e9pist\u00e9mologique. Un mot n\u2019est un concept que rapport\u00e9 \u00e0 la probl\u00e9matique qui le sous-tend, ici celle de la dialectique n\u00e9gative. Par ailleurs, chez Adorno comme chez tout penseur coh\u00e9rent, un concept n\u2019est pas un simple outil de pens\u00e9e, il s\u2019ins\u00e8re dans une \u00e9criture qui, \u00e0 son tour, remet inlassablement en cause la d\u00e9finition en devenir.<\/p>\n<p><a href=\"https:\/\/industrie-culturelle.fr\/industrie-culturelle\/wp-content\/uploads\/2019\/02\/dialective-n\u00e9gative.jpg\"><img loading=\"lazy\" decoding=\"async\" class=\"aligncenter size-full wp-image-34128\" src=\"https:\/\/industrie-culturelle.fr\/industrie-culturelle\/wp-content\/uploads\/2019\/02\/dialective-n\u00e9gative.jpg\" alt=\"\" width=\"210\" height=\"338\" srcset=\"https:\/\/industrie-culturelle.fr\/industrie-culturelle\/wp-content\/uploads\/2019\/02\/dialective-n\u00e9gative.jpg 210w, https:\/\/industrie-culturelle.fr\/industrie-culturelle\/wp-content\/uploads\/2019\/02\/dialective-n\u00e9gative-186x300.jpg 186w, https:\/\/industrie-culturelle.fr\/industrie-culturelle\/wp-content\/uploads\/2019\/02\/dialective-n\u00e9gative-93x150.jpg 93w\" sizes=\"auto, (max-width: 210px) 100vw, 210px\" \/><\/a><\/p>\n<p style=\"text-align: justify;\">Sur cette notion qui constituerait le maillon faible du dispositif th\u00e9orique de T. W. Adorno au regard de l\u2019\u00e9volution des industries de la culture, de l\u2019information et de la communication et sur quelques autres notions, je reviens de fa\u00e7on r\u00e9currente dans tous mes articles publi\u00e9s dans la Web-revue.<\/p>\n<blockquote>\n<p style=\"text-align: justify;\"><span style=\"color: #000000;\">La formulation de<em> Dialectique n\u00e9gative<\/em> p\u00e8che contre la tradition. La pens\u00e9e dialectique veut d\u00e8s Platon, que par le moyen de la n\u00e9gation se produise un positif ; plus tard la figure d\u2019une n\u00e9gation de la n\u00e9gation d\u00e9signa cela de fa\u00e7on frappante. Ce livre voudrait d\u00e9livrer la dialectique d\u2019une telle essence affirmative, sans rien perdre en d\u00e9terminit\u00e9. Le d\u00e9ploiement de son titre paradoxal est l\u2019une de ses intentions. <\/span><\/p>\n<p style=\"text-align: justify;\"><span style=\"color: #000000;\"><span style=\"font-size: 10pt;\">T. W. ADORNO, Dialectique n\u00e9gative, Paris, Payot (traduction fran\u00e7aise par le groupe de traduction du Coll\u00e8ge de philosophie : G\u00e9rard Coffin, Jo\u00eblle Masson, Olivier Masson, Alain Renaut et Dagmar Trousson), 2001, p. 9.<\/span> <\/span><\/p>\n<\/blockquote>\n<p style=\"text-align: justify;\">Une contribution philosophique aussi \u00e9nigmatique et pointue peut-elle aider les recherches actuelles sur les industries culturelles ? Le d\u00e9tour par l\u2019abstraction, f\u00fbt-elle \u00ab dialectique \u00bb, \u00e9clairera-t-il ce \u00ab terrain \u00bb o\u00f9 les sciences humaines ont d\u00e9j\u00e0 pris leurs quartiers de recherche ?<\/p>\n<p style=\"text-align: justify;\">Il n\u2019est pas facile de se lib\u00e9rer des mod\u00e8les heuristiques dominants, de tenter \u00e0 l\u2019instar de la <em>Dialectique n\u00e9gative<\/em>, de penser non pas autrement, mais n\u00e9gativement. Des concepts n\u00e9gatifs pour une probl\u00e9matique n\u00e9gative, qui revendiquent pourtant leur pertinence scientifique, cela ne va pas de soi.<\/p>\n<p style=\"text-align: justify;\">L\u2019\u00e9criture scientifique qui tente, dans un champ largement balis\u00e9 par les sciences sociales, de proposer sinon une alternative, du moins une approche compl\u00e9mentaire ayant sa propre sph\u00e8re de rationalit\u00e9, redevient garante d\u2019une bonne part de la scientificit\u00e9 du texte qu\u2019elle g\u00e9n\u00e8re. Elle choisit ses mots et les ajuste sur le fil d\u2019une recherche dont la coh\u00e9rence certaine ne pr\u00e9tend pas \u00e0 l\u2019exhaustivit\u00e9, o\u00f9 l\u2019administration de la preuve, ne s\u2019exon\u00e9rant pas d\u2019une rencontre avec le terrain, prend en compte l\u2019<em>alt\u00e9rit\u00e9<\/em> essentielle qui tient lieu de <em>r\u00e9alit\u00e9<\/em>.<\/p>\n<p style=\"text-align: justify;\">C\u2019est pourquoi les concepts de <em>recherche artistique<\/em>, de <em>forme<\/em>, de <em>mat\u00e9riau<\/em>, de <em>technique<\/em>, d\u2019i<em>ndustrie<\/em>, de <em>contenu de v\u00e9rit\u00e9<\/em>, de <em>m\u00e9diation subjective<\/em>, s\u2019ils sont mis en coh\u00e9rence pour penser, apr\u00e8s la mort d\u2019Adorno, bien apr\u00e8s sa mort en 1969, les logiques des industries culturelles audiovisuelles et multim\u00e9dias d\u2019aujourd\u2019hui, ne peuvent \u00eatre int\u00e9gr\u00e9s comme les fonctions ou les facteurs d\u2019un mod\u00e8le interpr\u00e9tatif.<\/p>\n<p style=\"text-align: justify;\">Pour traiter les difficult\u00e9s d\u2019enseignement et de recherche li\u00e9es \u00e0 la distinction radicale entre art authentique et industrie culturelle, pour refuser esth\u00e9tiquement de confondre recherche artistique comme critique du <em>statu quo<\/em>, voire du <em>lien social<\/em> avec la cr\u00e9ativit\u00e9 ou l\u2019esth\u00e9tisme consensuel para-publicitaire du moment, pour penser leurs logiques sp\u00e9cifiques, il faut parfois douloureusement disqualifier \u2014 au plan th\u00e9orique \u2014 des outils qui ont leur efficacit\u00e9 sur le terrain de la politique culturelle.<\/p>\n<p style=\"text-align: center;\"><iframe loading=\"lazy\" src=\"\/\/www.youtube.com\/embed\/35EMAKeYAKY\" width=\"560\" height=\"314\" allowfullscreen=\"allowfullscreen\"><\/iframe><br \/>\nCeci n&rsquo;est pas une \u0153uvre d&rsquo;art<\/p>\n<p style=\"text-align: justify;\">Ainsi, le th\u00e8me l\u00e9gitime de la d\u00e9fense de l\u2019<em>exception culturelle<\/em>, notamment dans des arts \u00ab populaires \u00bb comme le cin\u00e9ma ou la chanson ne peut pas recevoir une aide imm\u00e9diate des \u00e9crits d\u2019Adorno qui ne pensait pas qu\u2019on p\u00fbt traduire sans m\u00e9diation, dans une pratique politique, sa r\u00e9flexion th\u00e9orique. Dans toute d\u00e9marche scientifique, il existe un <em>moment sp\u00e9culatif<\/em> qu\u2019on ne peut rapporter point par point \u00e0 des \u00e9quivalents en termes de choix politiques. De m\u00eame, quand on a \u00e9t\u00e9 nourri comme je l\u2019ai \u00e9t\u00e9 par des th\u00e9oriciens qui ont d\u00e9fendu l\u2019existence d\u2019un septi\u00e8me art pour distinguer justement le cin\u00e9matographe de l\u2019audiovisuel et repenser le rapport de l\u2019art \u00e0 l\u2019industrie, il peut sembler difficile d\u2019exp\u00e9rimenter un point de vue qui disqualifierait le statut artistique du cin\u00e9ma en g\u00e9n\u00e9ral. Dans ces contradictions, il faudra pointer la difficult\u00e9 d\u2019articuler des moments th\u00e9oriques successifs qui font \u00e9cho \u00e0 des moments politiques conjoncturels.<\/p>\n<p style=\"text-align: justify;\">La <em>coupure esth\u00e9tique<\/em> entre \u0153uvre d\u2019art authentique et produit culturel devra \u00eatre interrog\u00e9e \u00e0 l\u2019aune de l\u2019h\u00e9g\u00e9monisme croissant des industriels et des professionnels de la culture. Mais sous un autre angle th\u00e9orique, la notion d\u2019\u0153uvre d\u2019art appara\u00eet comme trop r\u00e9ifiante dans le sens o\u00f9 elle subsumerait en un objet f\u00e9tichis\u00e9 \u2014 ce tableau accroch\u00e9 \u00e0 la cimaise de ce mus\u00e9e \u2014 le mouvement de la recherche artistique dont les \u0153uvres particuli\u00e8res ne sont que des moments de mat\u00e9rialisation, les \u00ab arr\u00eats sur image \u00bb d\u2019une pens\u00e9e artistique, des esquisses, des brouillons, ces \u00ab brouillons \u00bb \u00e9tant par ailleurs les chefs-d&rsquo;\u0153uvre de l\u2019histoire de l\u2019art et de la culture ! Cette r\u00e9flexion sur une recherche artistique traversant les \u0153uvres d\u2019art nous renvoie \u00e0 un retour critique sur la recherche en g\u00e9n\u00e9ral et \u00e0 ses moments discursifs.<\/p>\n<p style=\"text-align: justify;\">Si une probl\u00e9matique, par son faisceau de questions, \u00ab \u00e9claire \u00bb son objet d\u2019\u00e9tude, la lumi\u00e8re noire d\u2019une probl\u00e9matique n\u00e9gative induit un regard oblique r\u00e9sistant aux grandes masses trop visibles. Elle laisse une place encore plus importante pour une oreille attentive \u00e0 la petite musique qui troue notre imagier id\u00e9ologique.<\/p>\n<p style=\"text-align: center;\"><iframe loading=\"lazy\" src=\"\/\/www.youtube.com\/embed\/NlUQ46YMCWM\" width=\"560\" height=\"314\" allowfullscreen=\"allowfullscreen\"><\/iframe><br \/>\nCeci n&rsquo;est pas la lumi\u00e8re noire d&rsquo;une dialectique n\u00e9gative<\/p>\n<p style=\"text-align: justify;\">En se lib\u00e9rant d\u2019une lecture lin\u00e9aire et exhaustive des textes d\u2019Adorno, on s\u2019\u00e9vite le contresens d\u2019une syst\u00e9maticit\u00e9 contraire \u00e0 l\u2019\u00e9pist\u00e9mologie de son auteur, facilitant ainsi l\u2019exploration et la probl\u00e9matisation de textes dont tous les traducteurs s\u2019accordent \u00e0 reconna\u00eetre la difficult\u00e9. Par le jeu des associations entre les questions et des renvois entre les th\u00e8mes du jazz, de la science-fiction, ou de l\u2019\u00e9nigme polici\u00e8re, notamment par la mise en constellation des propositions sur la musique de cin\u00e9ma ouvrant la voie plus g\u00e9n\u00e9rale d\u2019une exploration de certains produits culturels par le son, j\u2019ai essay\u00e9 de montrer dans un autre article ce que l\u2019auteur de la <em>Dialectique n\u00e9gative<\/em> apporte \u00ab ici et maintenant \u00bb de toujours op\u00e9rant \u2014 et pas seulement de n\u00e9gatif au sens trivial du terme \u2014 dans le champ interdisciplinaire de recherches sur les industries culturelles et la compr\u00e9hension de la culture populaire.<\/p>\n<p style=\"text-align: justify;\">Les sph\u00e8res de la pens\u00e9e et de l\u2019activit\u00e9 humaine ne sont pas superposables, mais s\u2019articulent entre elles par un jeu de m\u00e9diations. Et l\u2019art authentique ne peut pallier les d\u00e9faillances des autres sph\u00e8res sociales et politiques. Il peut, avec ses propres moyens, dans le cadre de sa propre histoire et de son mat\u00e9riau, montrer sa force de r\u00e9sistance sociale face \u00e0 l&rsquo;h\u00e9g\u00e9monisme des grands groupes de communication, mais il ne peut se substituer \u00e0 l\u2019action politique elle-m\u00eame qui r\u00e9pond \u00e0 sa propre histoire et \u00e0 ses propres contradictions.<\/p>\n<p>&nbsp;<\/p>\n<p style=\"text-align: justify;\"><a href=\"https:\/\/industrie-culturelle.fr\/industrie-culturelle\/author\/mariv\/\" target=\"_blank\" rel=\"noopener noreferrer\">Lire les articles de Marc Hiver<\/a><\/p>\n<p>&nbsp;<\/p>\n<p style=\"text-align: justify;\"><a href=\"https:\/\/industrie-culturelle.fr\/industrie-culturelle\/wp-content\/uploads\/2013\/10\/bouton-citer.jpg\"><img loading=\"lazy\" decoding=\"async\" class=\"alignleft size-full wp-image-7069\" src=\"https:\/\/industrie-culturelle.fr\/industrie-culturelle\/wp-content\/uploads\/2013\/10\/bouton-citer.jpg\" alt=\"bouton citer\" width=\"150\" height=\"93\" \/><\/a><span style=\"font-size: 10pt;\">HIVER Marc, \u00abArt authentique vs industrie culturelle &#8211; une dialectique de r\u00e9sistance sociale &#8211; Marc HIVER \u00bb, <em>Articles<\/em> [En ligne], Web-revue des industries culturelles et num\u00e9riques, 2019, mis en ligne le 1er avril 2019. URL : https:\/\/industrie-culturelle.fr\/industrie-culturelle\/art-authentique-vs-industrie-culturelle-dialectique-resistance-sociale-marc-hiver\/<\/span><\/p>\n<p>&nbsp;<\/p>\n<p style=\"text-align: justify;\"><div class=\"su-divider su-divider-style-default\" style=\"margin:15px 0;border-width:3px;border-color:#999999\"><a href=\"#\" style=\"color:#999999\">Aller en haut<\/a><\/div>\n","protected":false},"excerpt":{"rendered":"<p>T. W. Adorno n\u2019a de cesse de rappeler que le concept d\u2019art authentique est maladroit dans sa formulation et qu\u2019il recouvre d\u2019abord un poids critique sur les industries culturelles.<\/p>\n","protected":false},"author":5,"featured_media":34144,"comment_status":"open","ping_status":"closed","sticky":false,"template":"","format":"standard","meta":{"colormag_page_container_layout":"default_layout","colormag_page_sidebar_layout":"default_layout","footnotes":""},"categories":[1018,780,11,689,81],"tags":[],"coauthors":[928],"class_list":["post-32457","post","type-post","status-publish","format-standard","has-post-thumbnail","hentry","category-article","category-arts","category-cinema","category-publicite","category-reperes-theoriques"],"aioseo_notices":[],"_links":{"self":[{"href":"https:\/\/industrie-culturelle.fr\/industrie-culturelle\/wp-json\/wp\/v2\/posts\/32457","targetHints":{"allow":["GET"]}}],"collection":[{"href":"https:\/\/industrie-culturelle.fr\/industrie-culturelle\/wp-json\/wp\/v2\/posts"}],"about":[{"href":"https:\/\/industrie-culturelle.fr\/industrie-culturelle\/wp-json\/wp\/v2\/types\/post"}],"author":[{"embeddable":true,"href":"https:\/\/industrie-culturelle.fr\/industrie-culturelle\/wp-json\/wp\/v2\/users\/5"}],"replies":[{"embeddable":true,"href":"https:\/\/industrie-culturelle.fr\/industrie-culturelle\/wp-json\/wp\/v2\/comments?post=32457"}],"version-history":[{"count":0,"href":"https:\/\/industrie-culturelle.fr\/industrie-culturelle\/wp-json\/wp\/v2\/posts\/32457\/revisions"}],"wp:featuredmedia":[{"embeddable":true,"href":"https:\/\/industrie-culturelle.fr\/industrie-culturelle\/wp-json\/wp\/v2\/media\/34144"}],"wp:attachment":[{"href":"https:\/\/industrie-culturelle.fr\/industrie-culturelle\/wp-json\/wp\/v2\/media?parent=32457"}],"wp:term":[{"taxonomy":"category","embeddable":true,"href":"https:\/\/industrie-culturelle.fr\/industrie-culturelle\/wp-json\/wp\/v2\/categories?post=32457"},{"taxonomy":"post_tag","embeddable":true,"href":"https:\/\/industrie-culturelle.fr\/industrie-culturelle\/wp-json\/wp\/v2\/tags?post=32457"},{"taxonomy":"author","embeddable":true,"href":"https:\/\/industrie-culturelle.fr\/industrie-culturelle\/wp-json\/wp\/v2\/coauthors?post=32457"}],"curies":[{"name":"wp","href":"https:\/\/api.w.org\/{rel}","templated":true}]}}