
{"id":32174,"date":"2018-07-01T03:00:44","date_gmt":"2018-07-01T01:00:44","guid":{"rendered":"http:\/\/industrie-culturelle.fr\/industrie-culturelle\/?p=32174"},"modified":"2019-05-09T11:13:06","modified_gmt":"2019-05-09T09:13:06","slug":"actualites-des-industries-culturelles-et-de-communication-68-fevrier-2019-special-series-televisees","status":"publish","type":"post","link":"https:\/\/industrie-culturelle.fr\/industrie-culturelle\/actualites-des-industries-culturelles-et-de-communication-68-fevrier-2019-special-series-televisees\/","title":{"rendered":"Actualit\u00e9s des industries culturelles et de communication, #68, f\u00e9vrier 2019, sp\u00e9cial s\u00e9ries t\u00e9l\u00e9vis\u00e9es"},"content":{"rendered":"<div class=\"pdfprnt-buttons pdfprnt-buttons-post pdfprnt-top-right\"><a href=\"https:\/\/industrie-culturelle.fr\/industrie-culturelle\/wp-json\/wp\/v2\/posts\/32174?print=pdf\" class=\"pdfprnt-button pdfprnt-button-pdf\" target=\"_blank\" ><img decoding=\"async\" src=\"https:\/\/industrie-culturelle.fr\/industrie-culturelle\/wp-content\/plugins\/pdf-print\/images\/pdf.png\" alt=\"image_pdf\" title=\"Afficher le PDF\" \/><\/a><a href=\"https:\/\/industrie-culturelle.fr\/industrie-culturelle\/wp-json\/wp\/v2\/posts\/32174?print=print\" class=\"pdfprnt-button pdfprnt-button-print\" target=\"_blank\" ><img decoding=\"async\" src=\"https:\/\/industrie-culturelle.fr\/industrie-culturelle\/wp-content\/plugins\/pdf-print\/images\/print.png\" alt=\"image_print\" title=\"Contenu imprim\u00e9\" \/><\/a><\/div><p style=\"text-align: justify;\"><span style=\"font-size: 12pt;\"><strong><div class=\"su-note\"  style=\"border-color:#b7b9c2;border-radius:3px;-moz-border-radius:3px;-webkit-border-radius:3px;\"><div class=\"su-note-inner su-u-clearfix su-u-trim\" style=\"background-color:#d1d3dc;border-color:#ffffff;color:#000000;border-radius:3px;-moz-border-radius:3px;-webkit-border-radius:3px;\"><span style=\"font-size: 10pt;\">Voici les entr\u00e9es de la rubrique \u00ab Actualit\u00e9s \u00bb, parfois l\u00e9g\u00e8rement \u00e9dit\u00e9es, portant sur les s\u00e9ries t\u00e9l\u00e9vis\u00e9es depuis le d\u00e9but de la Web-revue.<\/span><\/div><\/div><\/strong><\/span><\/p>\n<p style=\"text-align: center;\"><span style=\"font-size: 12pt;\">Interdit \u00e0 la reproduction payante<\/span><\/p>\n<h2><span style=\"font-size: 12pt;\"><span style=\"font-size: 14pt;\">Les s\u00e9ries les plus comment\u00e9es sur les r\u00e9seaux sociaux (#61, f\u00e9vrier 2018)<\/span><\/span><\/h2>\n<p style=\"text-align: justify;\"><img loading=\"lazy\" decoding=\"async\" class=\"aligncenter wp-image-29600 \" src=\"https:\/\/industrie-culturelle.fr\/industrie-culturelle\/wp-content\/uploads\/2018\/01\/tweet-got.jpg\" alt=\"\" width=\"327\" height=\"184\" srcset=\"https:\/\/industrie-culturelle.fr\/industrie-culturelle\/wp-content\/uploads\/2018\/01\/tweet-got.jpg 299w, https:\/\/industrie-culturelle.fr\/industrie-culturelle\/wp-content\/uploads\/2018\/01\/tweet-got-195x110.jpg 195w\" sizes=\"auto, (max-width: 327px) 100vw, 327px\" \/><\/p>\n<p style=\"text-align: justify;\">Le nombre de citations d&rsquo;une s\u00e9rie sur les r\u00e9seaux sociaux est devenu une mesure essentielle pour compl\u00e9ter celle de l&rsquo;audimat. En effet, il existe aujourd&rsquo;hui de multiples mani\u00e8res de regarder une s\u00e9rie (DVD, streaming l\u00e9gal et ill\u00e9gal, t\u00e9l\u00e9chargement, <em>replay<\/em>), sans se donner rendez-vous \u00e0 l&rsquo;heure de diffusion devant son t\u00e9l\u00e9viseur, pratique plut\u00f4t r\u00e9serv\u00e9e aux plus \u00e2g\u00e9s. Dans ces conditions, la mesure traditionnelle d&rsquo;audience est de moins en moins pertinente. Les commentaires que postent fans et amateurs sur Facebook ou sur Twitter dressent un portrait tr\u00e8s d\u00e9taill\u00e9 de la r\u00e9ception d&rsquo;une s\u00e9rie, \u00e0 m\u00eame de donner des indications pr\u00e9cieuses aux sc\u00e9naristes et producteurs. Avant l&rsquo;existence des r\u00e9seaux sociaux, quand les audiences d&rsquo;une s\u00e9rie commen\u00e7aient \u00e0 baisser, on mettait en place un panel, ce qui prenait facilement six mois. Maintenant, on sait d\u00e9j\u00e0 que si l&rsquo;horrible Cersei n&rsquo;est pas cruellement mise \u00e0 mort dans l&rsquo;ultime saison, les fans de<em> Game of Thrones<\/em> seront tr\u00e8s d\u00e9\u00e7us (voir tweet typique ci-dessus).<\/p>\n<p style=\"text-align: justify;\">D\u00e9sormais, les millions de commentaires post\u00e9s sur les r\u00e9seaux sociaux agissent comme un sondage qualitatif en directe, qui aide les sc\u00e9naristes (pour savoir si tel ou tel personnage est appr\u00e9ci\u00e9 ou non), les producteurs (pour mieux cibler les annonceurs), et les annonceurs (pour d\u00e9cider d&rsquo;acheter du temps d&rsquo;antenne ou non). Voici le top 10 des s\u00e9ries les plus comment\u00e9es sur les r\u00e9seaux sociaux am\u00e9ricains en 2017, selon <a href=\"https:\/\/www.businessinsider.com\/most-talked-about-tv-shows-of-year-2017-12?IR=T\/#game-of-thrones-hbo-1\">Business Insider<\/a> (avec des donn\u00e9es provenant de la soci\u00e9t\u00e9 de mesure Nielsen) :<\/p>\n<ol>\n<li style=\"text-align: justify;\"><span style=\"color: #000000;\"><em>Game of Thrones<\/em> (HBO) : pour le premier \u00e9pisode de la septi\u00e8me saison, 2,4 millions de tweets ont \u00e9t\u00e9 \u00e9chang\u00e9s.<\/span><\/li>\n<li style=\"text-align: justify;\"><span style=\"color: #000000;\"><em>The Walking Dead<\/em> (AMC) : s\u00e9rie postapocalyptique avec zombies.<\/span><\/li>\n<li style=\"text-align: justify;\"><span style=\"color: #000000;\"><em>Empire\u00a0<\/em> (Fox) : s\u00e9rie \u00ab soap \u00bb sur le monde du hip-hop.<\/span><\/li>\n<li style=\"text-align: justify;\"><span style=\"color: #000000;\"><em>13 Reasons Why<\/em> (Netflix) : s\u00e9rie dramatique sur les suicides des adolescents dus au harc\u00e8lement. La s\u00e9rie la plus suivie sur <a style=\"color: #000000;\" href=\"https:\/\/www.huffingtonpost.fr\/2015\/07\/15\/tvshow-time-appli-series-tele-tv-television-application_n_7785942.html\">TV Time<\/a>, une application mobile permettant aux fans de r\u00e9agir.<\/span><\/li>\n<li style=\"text-align: justify;\"><span style=\"color: #000000;\"><em>Riverdale<\/em> (The CW) : la vie d&rsquo;un groupe d&rsquo;adolescents dans une petite ville avec une trame polici\u00e8re, inspir\u00e9e par la bande dessin\u00e9e <em>Archie<\/em>, cr\u00e9\u00e9e en 1939, et qui continue \u00e0 ce jour.<\/span><\/li>\n<li style=\"text-align: justify;\"><span style=\"color: #000000;\"><em>Grey&rsquo;s Anatomy<\/em> (ABC) : s\u00e9rie dramatique situ\u00e9e dans le monde hospitalier.<\/span><\/li>\n<li style=\"text-align: justify;\"><span style=\"color: #000000;\"><em>The Flash<\/em> (The CW) : s\u00e9rie de super-h\u00e9ros inspir\u00e9e par la bande dessin\u00e9e du m\u00eame nom, <em>spin off<\/em> de <em>Arrow<\/em>.<\/span><\/li>\n<li style=\"text-align: justify;\"><span style=\"color: #000000;\"><em>Arrow<\/em> (The CW) : s\u00e9rie de super-h\u00e9ros inspir\u00e9e par la bande dessin\u00e9e <em>Green Arrow<\/em>, <em>spin off<\/em> de <em>Smallville<\/em>.<\/span><\/li>\n<li style=\"text-align: justify;\"><span style=\"color: #000000;\"><em>Shadowhunters<\/em> (Freeform) : s\u00e9rie d&rsquo;horreur surnaturel.<\/span><\/li>\n<li style=\"text-align: justify;\"><span style=\"color: #000000;\"><em>The Big Bang Theory<\/em> (CBS) : sitcom sur la vie de jeunes <em>geeks<\/em> lamentables et attachants.<\/span><\/li>\n<\/ol>\n<p><span style=\"font-size: 10pt;\"><em>Sources : \u00ab\u00a0Quelles sont les s\u00e9ries les plus comment\u00e9es sur les r\u00e9seaux sociaux ?\u00a0\u00bb (Enrique Moreira), <\/em>Les \u00c9chos<\/span><em><span style=\"font-size: 10pt;\">, 16 d\u00e9c. 2017 ; <a href=\"https:\/\/www.businessinsider.com\/most-talked-about-tv-shows-of-year-2017-12?IR=T\/#game-of-thrones-hbo-1\">https:\/\/www.businessinsider.com\/most-talked-about-tv-shows-of-year-2017-12?IR=T\/#game-of-thrones-hbo-1<\/a><\/span><\/em><\/p>\n<div class=\"su-box su-box-style-default\" id=\"\" style=\"border-color:#00998d;border-radius:3px;max-width:none\"><div class=\"su-box-title\" style=\"background-color:#00CCC0;color:#FFFFFF;border-top-left-radius:1px;border-top-right-radius:1px\">Commentaire du r\u00e9dacteur<\/div><div class=\"su-box-content su-u-clearfix su-u-trim\" style=\"border-bottom-left-radius:1px;border-bottom-right-radius:1px\">\n<div>\n<figure id=\"attachment_29632\" aria-describedby=\"caption-attachment-29632\" style=\"width: 121px\" class=\"wp-caption alignleft\"><img loading=\"lazy\" decoding=\"async\" class=\" wp-image-29632\" src=\"https:\/\/industrie-culturelle.fr\/industrie-culturelle\/wp-content\/uploads\/2018\/01\/jjabrams-150x150.jpg\" alt=\"\" width=\"121\" height=\"121\" srcset=\"https:\/\/industrie-culturelle.fr\/industrie-culturelle\/wp-content\/uploads\/2018\/01\/jjabrams-150x150.jpg 150w, https:\/\/industrie-culturelle.fr\/industrie-culturelle\/wp-content\/uploads\/2018\/01\/jjabrams-144x144.jpg 144w, https:\/\/industrie-culturelle.fr\/industrie-culturelle\/wp-content\/uploads\/2018\/01\/jjabrams-36x36.jpg 36w, https:\/\/industrie-culturelle.fr\/industrie-culturelle\/wp-content\/uploads\/2018\/01\/jjabrams-32x32.jpg 32w, https:\/\/industrie-culturelle.fr\/industrie-culturelle\/wp-content\/uploads\/2018\/01\/jjabrams-50x50.jpg 50w, https:\/\/industrie-culturelle.fr\/industrie-culturelle\/wp-content\/uploads\/2018\/01\/jjabrams-64x64.jpg 64w, https:\/\/industrie-culturelle.fr\/industrie-culturelle\/wp-content\/uploads\/2018\/01\/jjabrams-96x96.jpg 96w, https:\/\/industrie-culturelle.fr\/industrie-culturelle\/wp-content\/uploads\/2018\/01\/jjabrams-128x128.jpg 128w\" sizes=\"auto, (max-width: 121px) 100vw, 121px\" \/><figcaption id=\"caption-attachment-29632\" class=\"wp-caption-text\">J. J. Abrams (1966-)<\/figcaption><\/figure>\n<p style=\"text-align: justify;\">La transformation des fans des s\u00e9ries en auxiliaires de marketing b\u00e9n\u00e9voles ne date pas d&rsquo;hier. On pourrait remonter jusqu&rsquo;au milieu des ann\u00e9es 1990 quand la s\u00e9rie <em>X Files<\/em> fut l&rsquo;objet de discussions passionn\u00e9es sur les forums en ligne naissants, stimul\u00e9es par une mythologie \u00e9sot\u00e9rique savamment distill\u00e9e, des titres d&rsquo;\u00e9pisodes \u00e9nigmatiques et des indices cach\u00e9s. Depuis 2006, Nielsen IAG mesure \u00ab le taux d&rsquo;engagement \u00bb avec les s\u00e9ries, c&rsquo;est-\u00e0-dire la qualit\u00e9 du suivi (rem\u00e9moration de d\u00e9tails narratifs). La s\u00e9rie <em>Lost<\/em>, class\u00e9e premi\u00e8re pour \u00ab l&rsquo;engagement \u00bb en 2010, a donc pu demander des tarifs publicitaires nettement plus \u00e9lev\u00e9s que <em>NCIS<\/em>, malgr\u00e9 l&rsquo;audience tr\u00e8s sup\u00e9rieure de cette derni\u00e8re s\u00e9rie [1]. Dans le cas de <em>Lost<\/em>, s\u00e9rie qui attirait davantage les 18-34 ans, audience pris\u00e9e, le diffuseur ABC a d\u00e9cid\u00e9 de collaborer avec des sites web amateurs consacr\u00e9s \u00e0 la s\u00e9rie, et de participer \u00e0 l&rsquo;\u00e9laboration d&rsquo;une\u00a0\u00ab communaut\u00e9\u00a0\u00bb de fans. Selon le producteur embl\u00e9matique de <em>Lost<\/em> J. J. Abrams,\u00a0\u00ab<em> Internet a profond\u00e9ment modifi\u00e9 la mani\u00e8re dont nous regardons la t\u00e9l\u00e9vision. Instantan\u00e9ment,\u00a0 des millions de gens r\u00e9agissent, et il se d\u00e9gage tr\u00e8s vite un consensus sur ce qu&rsquo;ils aiment, ou n&rsquo;aiment pas. Un examen attentif de ces r\u00e9actions est tr\u00e8s \u00e9clairant, et il faudrait \u00eatre fou pour ne pas \u00e9couter l&rsquo;avis des fans \u00bb <\/em>[2]. Prototype du consommateur \u00ab actif \u00bb, le fan est celui qui est le plus soumis au dispositif de marketing, et potentiellement le plus r\u00e9ceptif aux spots publicitaires qui accompagnent sa s\u00e9rie \u00ab culte \u00bb [3].<\/p>\n<\/div>\n<div style=\"text-align: justify;\">Ce d\u00e9veloppement devrait remettre en question la probl\u00e9matique de la r\u00e9ception qui s\u00e9vit dans les <em>cultural studies <\/em>depuis les ann\u00e9es 1980, fond\u00e9e sur le rejet d&rsquo;une conception caricaturale du consommateur \u00ab passif \u00bb, connu aussi sous son nom d&rsquo;autan d&rsquo;\u00ab idiot culturel \u00bb. Paradoxalement, dans la nouvelle donne num\u00e9rique, c&rsquo;est celui-ci qui \u00ab r\u00e9siste \u00bb le plus, ou plut\u00f4t ne s&rsquo;investit pas comme il faut. \u00c0 tout le moins, le d\u00e9bat entre approches critiques et empiriques devrait se reprendre sur d&rsquo;autres bases. Les \u00e9tudes empiriques de la r\u00e9ception, qui s&rsquo;approchent de fait des \u00e9tudes de marketing qualitatif, impliquent in\u00e9vitablement la neutralisation d&rsquo;une dimension critique dans l&rsquo;analyse, celle-ci \u00e9tant soi-disant plaqu\u00e9e de l&rsquo;ext\u00e9rieur par des universitaires \u00e9litistes. Je cite sur ce point Armand Mattelart, dans un passage bien senti :<\/div>\n<blockquote>\n<div style=\"text-align: justify;\"><span style=\"color: #000000;\">\u00c0 d\u00e9faut d&rsquo;une prise de distance par rapport \u00e0 ce nouveau sens commun, une curieuse convergence autour de la notion de \u00ab r\u00e9cepteur actif \u00bb s&rsquo;est op\u00e9r\u00e9e entre la recherche dite universitaire et les demandes de la recherche administrative en provenance de l&rsquo;industrie du marketing. L&rsquo;h\u00e9ro\u00efsation n\u00e9opopuliste du r\u00e9cepteur r\u00e9sistant a rejoint l&rsquo;apologie n\u00e9olib\u00e9rale sur la souverainet\u00e9 absolue du consommateur atomis\u00e9. Le glissement vers le \u00ab populisme culturel \u00bb a d&rsquo;ailleurs suscit\u00e9 dans les milieux anglo-saxons des pol\u00e9miques acerbes autour du d\u00e9voiement des <em>cultural studies<\/em>. Une vision ir\u00e9nique, voire religieuse, du statut actif des audiences : telle est bien l&rsquo;image que renvoient bon nombre d&rsquo;\u00e9tudes sur le lien transnational, et plus particuli\u00e8rement celles qui ont pris pour objet l&rsquo;interaction avec les s\u00e9ries de t\u00e9l\u00e9vision [&#8230;]. La notion de \u00ab culture am\u00e9ricaine \u00bb est assum\u00e9e sans fard comme un \u00ab op\u00e9rateur d&rsquo;universalisation \u00bb, au motif que chaque culture peut parfaitement s&rsquo;y retrouver et se red\u00e9finir sans y perdre son \u00e2me en la faisant sienne. Feu l&rsquo;imp\u00e9rialisme culturel. Vive la globalisation ! Adieu aux politiques publiques vis-\u00e0-vis des industries de la culture [4].<\/span><\/div>\n<\/blockquote>\n<div style=\"text-align: justify;\">\u00c0 un niveau formel &#8211; la forme \u00e9tant du contenu s\u00e9diment\u00e9, selon la formule d&rsquo;Adorno -, l&rsquo;int\u00e9gration du consommateur (\u00ab prosommateur \u00bb [5]) dans le processus de production correspond \u00e0 l&rsquo;int\u00e9gration de la forme s\u00e9rie &#8211; d\u00e9sormais feuilletonnante \u00e0 des degr\u00e9s divers &#8211; dans le capitalisme au stade financier. Les consommateurs \u00ab actifs \u00bb font partie d&rsquo;un \u00e9cosyst\u00e8me fournissant des informations en temps r\u00e9el pour que les producteurs sachent s&rsquo;il faudra investir ou d\u00e9sinvestir dans des personnages ou des trames narratives. L&rsquo;une des cons\u00e9quences de l&rsquo;\u00e9mergence de la s\u00e9rie feuilletonnante a \u00e9t\u00e9 l&rsquo;inflation des personnages (250 nomm\u00e9s dans la saison 3 de <em>Game of Thrones<\/em>, exemple extr\u00eame), cr\u00e9ant un stock de personnages \u00e0 cr\u00e9dit (\u00ab capital fictif \u00bb), potentiellement mobilisables, mais condamn\u00e9s pour la plupart \u00e0 \u00eatre laiss\u00e9s en friche, ou liquid\u00e9s, parfois spectaculairement (\u00ab krach \u00bb). J&rsquo;esquisse cet argument dans \u00ab S\u00e9rialization in the age of finance capitalism \u00bb (2018) [6].<\/div>\n<div>\u00a0<\/div>\n<div><span style=\"font-size: 10pt;\"><strong>Notes<\/strong><\/span><\/div>\n<div style=\"text-align: justify;\"><span style=\"font-size: 10pt;\">1. <em>Advertising Age<\/em>, 10 mai 2010 (213 563$ pour <em>Lost<\/em> par spot de 30 seconds, 133 304$ pour <em>NCIS<\/em>).<\/span><\/div>\n<div style=\"text-align: justify;\"><span style=\"font-size: 10pt;\">2. Cit\u00e9 dans Lynette Porter et David Lavery, <em>\u00ab\u00a0Lost\u00a0\u00bb D\u00e9crypt\u00e9. Le guide non officiel<\/em>, \u00c9ditions hors collection, 2007, p. 241.<\/span><\/div>\n<div style=\"text-align: justify;\"><span style=\"font-size: 10pt;\">3. David Buxton,\u00a0\u00ab Activement soumis : r\u00e9seaux sociaux et capitalisme\u00a0\u00bb, in Fran\u00e7ois Cusset, Thierry Labica et V\u00e9ronique Rauline, <em>Imaginaires du n\u00e9olib\u00e9ralisme<\/em>, La Dispute, 2016, p. 155-69.<\/span><\/div>\n<div style=\"text-align: justify;\"><span style=\"font-size: 10pt;\">4. Armand Mattelart, <em>Diversit\u00e9 culturelle et mondialisation<\/em>, La D\u00e9couverte (collection Rep\u00e8res), 3e \u00e9dition 2017 (2005), p. 74-75. Les nombreuses r\u00e9f\u00e9rences bibliographiques (style Harvard) qui \u00e9maillent le texte n&rsquo;ont pas \u00e9t\u00e9 retenues ici ; qu&rsquo;on se r\u00e9f\u00e8re \u00e0 l&rsquo;\u00e9dition de poche, facilement trouvable.<\/span><\/div>\n<div style=\"text-align: justify;\"><span style=\"font-size: 10pt;\">5. La notion de \u00ab prosommateur \u00bb fut avanc\u00e9e avec un autre sens, positif, par le futuriste Alvin Toffler dans <em>La Troisi\u00e8me Vague<\/em>, Deno\u00ebl, 1980. Pour l&rsquo;exploitation critique de cette notion dans le domaine du traitement des donn\u00e9es, voir Armand Mattelart, <em>La communication-monde<\/em>, La D\u00e9couverte, 1992, p. 260-3. On utilise aussi le terme \u00ab co-producteur \u00bb. Pour une bonne vue d&rsquo;ensemble du d\u00e9bat anglo-saxon sur le \u00ab travail digital \u00bb, et sur la marchandisation de l&rsquo;audience, voir Christian Fuchs, \u00ab\u00a0Dallas Smythe Today \u2013 The Audience Commodity, the Digital Labour Debate, Marxist Political Economy and Critical Theory. Prolegomena to a Digital Labour Theory of Value\u00a0\u00bb, <em>Triple C. Cognition, Communication, Cooperation,<\/em> 10(2), 2012, pp. 692-740, article disponible en ligne, <a href=\"https:\/\/www.triple-c.at\/index.php\/tripleC\/article\/view\/443\">https:\/\/www.triple-c.at\/index.php\/tripleC\/article\/view\/443<\/a><\/span><\/div>\n<div style=\"text-align: justify;\"><span style=\"font-size: 10pt;\">6. Chez Routledge (London, New York) dans le volume collectif <em>A Routledge Companion to<\/em> <em>Literature &amp; Economics<\/em> dirig\u00e9 par Michelle Chihara et Matt Seybold, 2018 ; une version fran\u00e7aise de mon texte se trouve dans <a href=\"https:\/\/journals.openedition.org\/variations\/1149\">la revue <em>Variations<\/em><\/a>.<br \/>\n<\/span><\/div>\n<div>\u00a0<\/div>\n<div><\/div><\/div><\/div>\n<div>\u00a0<\/div>\n<div><span style=\"font-size: 12pt;\"><strong><span style=\"font-size: 14pt;\">L&rsquo;avant-derni\u00e8re saison de \u00ab Game of Thrones \u00bb (#56, septembre 2017)<\/span><\/strong><br \/>\n<\/span><\/div>\n<div>\n<figure id=\"attachment_27321\" aria-describedby=\"caption-attachment-27321\" style=\"width: 138px\" class=\"wp-caption alignright\"><img loading=\"lazy\" decoding=\"async\" class=\" wp-image-27321\" src=\"https:\/\/industrie-culturelle.fr\/industrie-culturelle\/wp-content\/uploads\/2017\/09\/benioffweiss-150x150.jpg\" alt=\"\" width=\"138\" height=\"138\" srcset=\"https:\/\/industrie-culturelle.fr\/industrie-culturelle\/wp-content\/uploads\/2017\/09\/benioffweiss-150x150.jpg 150w, https:\/\/industrie-culturelle.fr\/industrie-culturelle\/wp-content\/uploads\/2017\/09\/benioffweiss-144x144.jpg 144w, https:\/\/industrie-culturelle.fr\/industrie-culturelle\/wp-content\/uploads\/2017\/09\/benioffweiss-36x36.jpg 36w, https:\/\/industrie-culturelle.fr\/industrie-culturelle\/wp-content\/uploads\/2017\/09\/benioffweiss-32x32.jpg 32w, https:\/\/industrie-culturelle.fr\/industrie-culturelle\/wp-content\/uploads\/2017\/09\/benioffweiss-50x50.jpg 50w, https:\/\/industrie-culturelle.fr\/industrie-culturelle\/wp-content\/uploads\/2017\/09\/benioffweiss-64x64.jpg 64w, https:\/\/industrie-culturelle.fr\/industrie-culturelle\/wp-content\/uploads\/2017\/09\/benioffweiss-96x96.jpg 96w, https:\/\/industrie-culturelle.fr\/industrie-culturelle\/wp-content\/uploads\/2017\/09\/benioffweiss-128x128.jpg 128w\" sizes=\"auto, (max-width: 138px) 100vw, 138px\" \/><figcaption id=\"caption-attachment-27321\" class=\"wp-caption-text\">D. B. Weiss (1971-) et David Benioff (1970-)<\/figcaption><\/figure>\n<p style=\"text-align: justify;\">R\u00e9duite \u00e0 sept \u00e9pisodes, la saison 7, diffus\u00e9e en juillet-ao\u00fbt 2017, sera l&rsquo;avant-derni\u00e8re de la saga. Les deux <em>showrunners<\/em>, D. B. Weiss\u00a0 et David Benioff, travaillent sur cinq s\u00e9ries d\u00e9riv\u00e9es en pr\u00e9paration, ce qui explique le retard pris sur la saison 7, et en toute probabilit\u00e9 sur la saison 8, qui pourrait n&rsquo;\u00eatre diffus\u00e9e qu&rsquo;en 2019. Selon le directeur de la programmation de HBO, Casey Bloys, \u00ab <em>la p\u00e9riode de diffusion sera donn\u00e9e quand l&rsquo;avanc\u00e9e de l&rsquo;\u00e9criture sera suffisante<\/em> \u00bb.<\/p>\n<p style=\"text-align: justify;\">Le budget de la saison 7 a \u00e9t\u00e9 plus important que celui des saisons pr\u00e9c\u00e9dentes. Les chiffres sont confidentiels, mais on pr\u00e9tend de bonne source qu&rsquo;il a augment\u00e9 de 40 %, alors que le prix d&rsquo;un \u00e9pisode \u00e9tait d\u00e9j\u00e0 de 10 millions de dollars, ce qui le ram\u00e8ne d\u00e9sormais \u00e0 14 millions. <em>\u00ab Cette inflation de moyens se verra \u00e0 l&rsquo;\u00e9cran<\/em>, dit Robert McLachlan, directeur de la photographie. <em>Avant , nous avions une ou deux s\u00e9quences vraiment folles par saison, un ou deux \u00e9pisodes majeurs. Cette ann\u00e9e, environ la moiti\u00e9 d&rsquo;entre eux sont \u00e9normes \u00bb<\/em>. On en jugera&#8230;<\/p>\n<p style=\"text-align: justify;\">L&rsquo;augmentation du budget s&rsquo;explique aussi par une ren\u00e9gociation du salaire des stars pour les saisons 7 et 8, habituelle vers la fin d&rsquo;une s\u00e9rie quand l&rsquo;engagement des acteurs principaux devient primordial (le contre-exemple \u00e0 cet \u00e9gard, c&rsquo;est la fin lamentable des <em>X-Files<\/em> en l&rsquo;absence de David Duchovny (Fox Mulder) apr\u00e8s une dispute \u00e0 propos du montant de son salaire). Ainsi, les salaires des acteurs \u00ab principaux \u00bb de <em>Game of Thrones<\/em> sont pass\u00e9s de 300 000 dollars par \u00e9pisode \u00e0 environ 500 000 (plus ou moins selon les contrats). Or dans <em>Game of Thrones<\/em>, ceux-ci sont nombreux. \u00c0 titre de comparaison, les deux acteurs principaux de <em>The Walking Dead<\/em> viennent de ren\u00e9gocier leur contrat pour les saisons 6, 7, et 8, passant \u00e0 650 000 dollars l&rsquo;\u00e9pisode.<\/p>\n<p style=\"text-align: justify;\">Cela veut dire que les acteurs principaux de <em>GOT<\/em> seront d\u00e9sormais plus pr\u00e9sents \u00e0 l&rsquo;\u00e9cran, aux d\u00e9pens des personnages secondaires pl\u00e9thoriques qui font partie de l&rsquo;ADN de la s\u00e9rie. <em>\u00ab Les sc\u00e9narios se concentrent sur eux<\/em>, explique Kit Harington (Jon Snow), <em>et il y a moins de nouveaux personnages. Par ailleurs, et c&rsquo;est ce que les fans attendaient depuis longtemps, ils vont se croiser davantage \u00bb<\/em>. Les derni\u00e8res saisons feront jurisprudence quant \u00e0 une fin satisfaisante d&rsquo;une s\u00e9rie \u00e0 personnages multiples, apr\u00e8s le ratage partiel (aux yeux des fans) de <em>The Sopranos<\/em>, et total de <em>Lost<\/em>.<\/p>\n<p>&nbsp;<\/p>\n<p style=\"text-align: justify;\"><img loading=\"lazy\" decoding=\"async\" class=\"aligncenter  wp-image-27194\" src=\"https:\/\/industrie-culturelle.fr\/industrie-culturelle\/wp-content\/uploads\/2017\/07\/gotseason7.jpg\" alt=\"\" width=\"371\" height=\"189\" srcset=\"https:\/\/industrie-culturelle.fr\/industrie-culturelle\/wp-content\/uploads\/2017\/07\/gotseason7.jpg 314w, https:\/\/industrie-culturelle.fr\/industrie-culturelle\/wp-content\/uploads\/2017\/07\/gotseason7-300x153.jpg 300w\" sizes=\"auto, (max-width: 371px) 100vw, 371px\" \/><\/p>\n<p style=\"text-align: center;\"><span style=\"font-size: 10pt;\"><em>Source : \u00ab\u00a0\u00a0\u00bbGame of Thrones\u00a0\u00bb, la fin approche\u00a0\u00bb (C\u00e9dric Melon), <\/em>T\u00e9l\u00e9c\u00e2blesat Hebdo,<em> #1419, 10 juillet 2017, pp. 8-9.<\/em><\/span><\/p>\n<h2><span style=\"font-size: 12pt;\"><span style=\"font-size: 14pt;\">S\u00e9ries t\u00e9l\u00e9vis\u00e9es : la lente \u00e9mergence des <em>showrunners<\/em> en France (#51, mars 2017)<\/span><\/span><\/h2>\n<figure id=\"attachment_25419\" aria-describedby=\"caption-attachment-25419\" style=\"width: 155px\" class=\"wp-caption alignleft\"><img loading=\"lazy\" decoding=\"async\" class=\" wp-image-25419\" src=\"https:\/\/industrie-culturelle.fr\/industrie-culturelle\/wp-content\/uploads\/2017\/02\/rochant2.jpg\" alt=\"\" width=\"155\" height=\"103\" \/><figcaption id=\"caption-attachment-25419\" class=\"wp-caption-text\">Eric Rochant (lunettes) et son \u00e9quipe sur le lieu du tournage<\/figcaption><\/figure>\n<p style=\"text-align: justify;\">La fonction du <em>showrunner<\/em> &#8211; assurer en m\u00eame temps la coh\u00e9rence d&rsquo;une s\u00e9rie et le respect des budgets financiers &#8211; \u00e9merge en France lentement. Bien qu&rsquo;il n&rsquo;existe pour l&rsquo;instant qu&rsquo;un seul professionnel qui s&rsquo;affiche comme tel (\u00c9ric Rochant du <em>Bureau des L\u00e9gendes<\/em>, Canal+), on observe de plus en plus de passerelles entre les m\u00e9tiers, avec par exemple des auteurs-producteurs qui supervisent une partie du tournage. \u00c0 mi-chemin entre auteur principal et producteur, le <em>showrunner<\/em> dirige le bureau d&rsquo;\u00e9criture, d\u00e9cide du casting, des d\u00e9cors, chapeaute le tournage et le montage. <em>\u00ab Le showrunner est le principal interlocuteur des diff\u00e9rents intervenants. Le responsable en quelque sorte \u00bb<\/em>, dit Clothilde Jamin, sc\u00e9nariste et coauteur d&rsquo;un rapport sur la question.<\/p>\n<figure id=\"attachment_25430\" aria-describedby=\"caption-attachment-25430\" style=\"width: 150px\" class=\"wp-caption alignright\"><img loading=\"lazy\" decoding=\"async\" class=\"size-thumbnail wp-image-25430\" src=\"https:\/\/industrie-culturelle.fr\/industrie-culturelle\/wp-content\/uploads\/2017\/02\/krivine2-150x150.jpg\" alt=\"\" width=\"150\" height=\"150\" srcset=\"https:\/\/industrie-culturelle.fr\/industrie-culturelle\/wp-content\/uploads\/2017\/02\/krivine2-150x150.jpg 150w, https:\/\/industrie-culturelle.fr\/industrie-culturelle\/wp-content\/uploads\/2017\/02\/krivine2-144x144.jpg 144w, https:\/\/industrie-culturelle.fr\/industrie-culturelle\/wp-content\/uploads\/2017\/02\/krivine2-36x36.jpg 36w, https:\/\/industrie-culturelle.fr\/industrie-culturelle\/wp-content\/uploads\/2017\/02\/krivine2-32x32.jpg 32w, https:\/\/industrie-culturelle.fr\/industrie-culturelle\/wp-content\/uploads\/2017\/02\/krivine2-50x50.jpg 50w, https:\/\/industrie-culturelle.fr\/industrie-culturelle\/wp-content\/uploads\/2017\/02\/krivine2-64x64.jpg 64w, https:\/\/industrie-culturelle.fr\/industrie-culturelle\/wp-content\/uploads\/2017\/02\/krivine2-96x96.jpg 96w, https:\/\/industrie-culturelle.fr\/industrie-culturelle\/wp-content\/uploads\/2017\/02\/krivine2-128x128.jpg 128w\" sizes=\"auto, (max-width: 150px) 100vw, 150px\" \/><figcaption id=\"caption-attachment-25430\" class=\"wp-caption-text\">Fr\u00e9d\u00e9ric Krivine (1959-)<\/figcaption><\/figure>\n<p style=\"text-align: justify;\"><em>\u00ab Avoir un showrunner n&rsquo;a de sens que dans la logique industrielle d&rsquo;une s\u00e9rie longue d&rsquo;au moins 8 ou 10 \u00e9pisodes par an. Or, elles sont rares en France, o\u00f9 le m\u00e9tier reste tr\u00e8s artisanal \u00bb<\/em>, pr\u00e9tend Fr\u00e9d\u00e9ric Krivine (<em>Un village fran\u00e7ais<\/em>), consid\u00e9r\u00e9 comme l&rsquo;un des premiers <em>showrunners<\/em> en France, mais qui a toujours r\u00e9cus\u00e9 le terme. Rappelle \u00c9ric Rochant, <em>\u00ab Il n&rsquo;est pas dans la culture fran\u00e7aise que les auteurs [sc\u00e9naristes] soient les ma\u00eetres \u00e0 bord. La \u00ab\u00a0Nouvelle Vague\u00a0\u00bb a eu tendance \u00e0 mettre en avant le r\u00e9alisateur \u00bb<\/em>. Rochant aurait pu citer \u00e9galement l&rsquo;influence de la cin\u00e9philie fran\u00e7aise, notamment la \u00ab politique des auteurs [r\u00e9alisateurs] \u00bb d\u00e9fendue historiquement par <em>Les Cahiers du cin\u00e9ma<\/em>, influence qui s&rsquo;est \u00e9tendue \u00e0 la t\u00e9l\u00e9vision.<\/p>\n<p style=\"text-align: justify;\">Ce qui favorise l&rsquo;\u00e9mergence d&rsquo;un <em>showrunner<\/em>, m\u00eame s&rsquo;il n&rsquo;appara\u00eet pas comme tel au g\u00e9n\u00e9rique, ce sont plut\u00f4t des facteurs \u00e9conomiques. <em>\u00ab Cela permet de garder des d\u00e9lais serr\u00e9s, mais aussi de rester dans un budget d\u00e9fini, pour une qualit\u00e9 d\u00e9finie. C&rsquo;est le <\/em>showrunner<em> qui en est le garant \u00bb<\/em>, dit Rochant. Fr\u00e9d\u00e9ric Krivine abonde tout de m\u00eame dans le m\u00eame sens : <em>\u00ab On se donne une marge avec le producteur et on se d\u00e9brouille pour y parvenir. Quand il n&rsquo;y a pas de <\/em>showrunner<em>, le sc\u00e9nariste seul n&rsquo;est pas toujours tr\u00e8s bien brief\u00e9 sur le budget, d&rsquo;o\u00f9 souvent des r\u00e9\u00e9critures, des changements qui allongent le temps de production et les co\u00fbts. Or, on sait bien que plus un contr\u00f4le qualit\u00e9 intervient t\u00f4t, moins \u00e7a co\u00fbte cher \u00bb<\/em>.<\/p>\n<p style=\"text-align: justify;\">La fiction t\u00e9l\u00e9vis\u00e9e europ\u00e9enne a le vent en poupe. Le volume de production de s\u00e9ries en France devrait grimper, ce qui implique, selon certains professionnels int\u00e9ress\u00e9s, de nouveaux modes de production impliquant entre autres choses la pr\u00e9sence d&rsquo;un <em>showrunner<\/em>. <em>\u00ab Netflix, Amazon arrivent en France avec leurs standards. Or, si on ne change pas nos habitudes, on ne sera jamais concurrentiel \u00bb<\/em>, conclut \u00c9ric Rochant en guise d&rsquo;avertissement implicite aux corporatismes existants, notamment ceux des r\u00e9alisateurs et des sc\u00e9naristes. On pourrait commencer par trouver un terme fran\u00e7ais pour ce nouveau r\u00f4le.<\/p>\n<p style=\"text-align: justify;\"><span style=\"font-size: 10pt;\"><em>Source : \u00ab\u00a0<a href=\"https:\/\/www.lesechos.fr\/tech-medias\/medias\/0211776613836-series-tele-la-montee-en-puissance-des-showrunners-2062691.php\">S\u00e9ries t\u00e9l\u00e9 : la mont\u00e9e en puissance des \u00ab\u00a0showrunners\u00a0\u00bb<\/a>\u00a0\u00bb (Marina Alcaraz), <\/em>Les \u00c9chos<em>, 5 f\u00e9v. 2017.<\/em><\/span><\/p>\n<h2><span style=\"font-size: 12pt;\"><span style=\"font-size: 14pt;\">Les sc\u00e9naristes de t\u00e9l\u00e9vision fran\u00e7ais deviennent plus ambitieux (#48, d\u00e9cembre 2016)<\/span><\/span><\/h2>\n<figure id=\"attachment_24307\" aria-describedby=\"caption-attachment-24307\" style=\"width: 140px\" class=\"wp-caption alignleft\"><img loading=\"lazy\" decoding=\"async\" class=\" wp-image-24307\" src=\"https:\/\/industrie-culturelle.fr\/industrie-culturelle\/wp-content\/uploads\/2016\/11\/herrero-150x150.jpeg\" alt=\"Fanny Herrero (1974-)\" width=\"140\" height=\"140\" srcset=\"https:\/\/industrie-culturelle.fr\/industrie-culturelle\/wp-content\/uploads\/2016\/11\/herrero-150x150.jpeg 150w, https:\/\/industrie-culturelle.fr\/industrie-culturelle\/wp-content\/uploads\/2016\/11\/herrero-144x144.jpeg 144w, https:\/\/industrie-culturelle.fr\/industrie-culturelle\/wp-content\/uploads\/2016\/11\/herrero-36x36.jpeg 36w, https:\/\/industrie-culturelle.fr\/industrie-culturelle\/wp-content\/uploads\/2016\/11\/herrero-32x32.jpeg 32w, https:\/\/industrie-culturelle.fr\/industrie-culturelle\/wp-content\/uploads\/2016\/11\/herrero-50x50.jpeg 50w, https:\/\/industrie-culturelle.fr\/industrie-culturelle\/wp-content\/uploads\/2016\/11\/herrero-64x64.jpeg 64w, https:\/\/industrie-culturelle.fr\/industrie-culturelle\/wp-content\/uploads\/2016\/11\/herrero-96x96.jpeg 96w, https:\/\/industrie-culturelle.fr\/industrie-culturelle\/wp-content\/uploads\/2016\/11\/herrero-128x128.jpeg 128w\" sizes=\"auto, (max-width: 140px) 100vw, 140px\" \/><figcaption id=\"caption-attachment-24307\" class=\"wp-caption-text\">Fanny Herrero (1974-)<\/figcaption><\/figure>\n<p style=\"text-align: justify;\">Les sc\u00e9naristes de t\u00e9l\u00e9vision estiment qu&rsquo;ils devraient \u00eatre plus impliqu\u00e9s dans la fabrication de s\u00e9ries en France. \u00c9coutons Fanny Herrero, cr\u00e9atrice de <em>Dix pour cent<\/em> (France 2) :<\/p>\n<p style=\"text-align: justify;\"><span style=\"color: #000000;\">\u00ab <em>Progressivement, le milieu change. Ce m\u00e9tier attire de plus en plus d&rsquo;auteurs qui ont une psych\u00e9 de leader, un \u00e9go plus affirm\u00e9, et parfois la capacit\u00e9 de diriger eux-m\u00eames une \u00e9quipe autour de leurs projets de s\u00e9ries. Il existe en fait plusieurs profils de sc\u00e9naristes, autour de moi. Certains ne demandent rien d&rsquo;autre que d&rsquo;\u00e9crire, mais ils sont rares. La plupart veulent \u00eatre impliqu\u00e9s dans la r\u00e9alisation de leur histoire : \u00eatre pr\u00e9sents aux lectures avec les com\u00e9diens, participer au choix du casting, des d\u00e9cors, etc. Ils veulent que leur avis compte autant que celui des autres. Et puis certains d&rsquo;entre nous souhaitent m\u00eame devenir directeur artistique ou a minima conseiller artistique [&#8230;]<\/em> <em>Il est assez insens\u00e9, absurde, et m\u00eame improductif d&rsquo;exclure celui qui a impuls\u00e9 l&rsquo;histoire et la mani\u00e8re dont elle sera trait\u00e9e. Alors que le c\u0153ur, l&rsquo;\u00e2me, la vision du monde de la s\u00e9rie viennent de l&rsquo;auteur. Il a fallu pas mal de temps pour que ce soit admis et compris <\/em>\u00bb.<\/span><\/p>\n<p style=\"text-align: justify;\">Diffuseurs et producteurs se sont aper\u00e7us qu&rsquo;aux \u00c9tats-Unis, mais aussi au Royaume-Uni, en Scandinavie et en Isra\u00ebl, c&rsquo;est bien l&rsquo;auteur qui est le pilier d&rsquo;une s\u00e9rie ; \u00e0 ce titre, la qualit\u00e9 des s\u00e9ries scandinaves et isra\u00e9liennes, avec des budgets bien plus r\u00e9duits qu&rsquo;en France, a \u00e9t\u00e9 ressentie comme un choc. Beaucoup se sont entich\u00e9s de deux \u00ab cl\u00e9s magiques \u00bb venues des \u00c9tats-Unis : le <em>showrunner<\/em> (cr\u00e9ateur-producteur), et la <em>writers&rsquo; room<\/em> (salle de r\u00e9daction).<\/p>\n<figure id=\"attachment_24309\" aria-describedby=\"caption-attachment-24309\" style=\"width: 150px\" class=\"wp-caption alignright\"><img loading=\"lazy\" decoding=\"async\" class=\"size-thumbnail wp-image-24309\" src=\"https:\/\/industrie-culturelle.fr\/industrie-culturelle\/wp-content\/uploads\/2016\/11\/krivine-150x150.jpeg\" alt=\"Fr\u00e9d\u00e9ric Krivine (1959-)\" width=\"150\" height=\"150\" srcset=\"https:\/\/industrie-culturelle.fr\/industrie-culturelle\/wp-content\/uploads\/2016\/11\/krivine-150x150.jpeg 150w, https:\/\/industrie-culturelle.fr\/industrie-culturelle\/wp-content\/uploads\/2016\/11\/krivine-144x144.jpeg 144w, https:\/\/industrie-culturelle.fr\/industrie-culturelle\/wp-content\/uploads\/2016\/11\/krivine-36x36.jpeg 36w, https:\/\/industrie-culturelle.fr\/industrie-culturelle\/wp-content\/uploads\/2016\/11\/krivine-32x32.jpeg 32w, https:\/\/industrie-culturelle.fr\/industrie-culturelle\/wp-content\/uploads\/2016\/11\/krivine-50x50.jpeg 50w, https:\/\/industrie-culturelle.fr\/industrie-culturelle\/wp-content\/uploads\/2016\/11\/krivine-64x64.jpeg 64w, https:\/\/industrie-culturelle.fr\/industrie-culturelle\/wp-content\/uploads\/2016\/11\/krivine-96x96.jpeg 96w, https:\/\/industrie-culturelle.fr\/industrie-culturelle\/wp-content\/uploads\/2016\/11\/krivine-128x128.jpeg 128w\" sizes=\"auto, (max-width: 150px) 100vw, 150px\" \/><figcaption id=\"caption-attachment-24309\" class=\"wp-caption-text\">Fr\u00e9d\u00e9ric Krivine (1959-)<\/figcaption><\/figure>\n<p style=\"text-align: justify;\">Le seul exemple de <em>showrunner<\/em> en France pour le moment, c&rsquo;est le cin\u00e9aste <a href=\"https:\/\/fr.wikipedia.org\/wiki\/%C3%89ric_Rochant\">\u00c9ric Rochant <\/a>pour <em>Le <\/em><em>Bureau des L\u00e9gendes<\/em> (Canal +), m\u00eame si par ailleurs ce r\u00f4le peut \u00eatre assur\u00e9 collectivement ; dans <em>Un village fran\u00e7ais<\/em> (France 3), un trio &#8211; auteur, r\u00e9alisateur, producteur &#8211; remplit le m\u00eame office. Quant \u00e0 la salle de r\u00e9daction, le passage d&rsquo;une culture du t\u00e9l\u00e9film de 90 minutes \u00e0 la production en s\u00e9rie (10 x 52 minutes) avait d\u00e9j\u00e0 conduit \u00e0 la cr\u00e9ation des \u00ab pools \u00bb de sc\u00e9naristes. En 1997, pour la s\u00e9rie <em>PJ<\/em> (146 \u00e9pisodes en 13 saisons sur France 2), <a href=\"https:\/\/fr.wikipedia.org\/wiki\/Fr%C3%A9d%C3%A9ric_Krivine\">Fr\u00e9d\u00e9ric Krivine<\/a> avait eu recours \u00e0 plusieurs sc\u00e9naristes d\u00e9veloppant son concept sous sa direction. \u00ab <em>On cr\u00e9e un atelier pour que la s\u00e9rie soit meilleure, plus dense, plus complexe, plus addictive. Dans un v\u00e9ritable atelier d&rsquo;\u00e9criture, les gens sont l\u00e0 pour vous contredire, pour pointer votre n\u00e9vrose d&rsquo;auteur-cr\u00e9ateur. [&#8230;] [Or], il n&rsquo;existe pas, ici, d&rsquo;atelier au long cours comme aux \u00c9tats-Unis. En France, celui qui porte le projet est g\u00e9n\u00e9ralement un directeur d&rsquo;\u00e9criture qui explique aux auteurs ce dont la saison traitera, ce qu&rsquo;il attend d&rsquo;eux ; apr\u00e8s quoi les sc\u00e9naristes repartent travailler chez eux, et auront de temps en temps des rencontres avec le cr\u00e9ateur <\/em>\u00bb.<\/p>\n<figure id=\"attachment_24308\" aria-describedby=\"caption-attachment-24308\" style=\"width: 150px\" class=\"wp-caption alignleft\"><img loading=\"lazy\" decoding=\"async\" class=\"size-thumbnail wp-image-24308\" src=\"https:\/\/industrie-culturelle.fr\/industrie-culturelle\/wp-content\/uploads\/2016\/11\/castelnau-150x150.jpeg\" alt=\"Camille de Castelnau (1979-)\" width=\"150\" height=\"150\" srcset=\"https:\/\/industrie-culturelle.fr\/industrie-culturelle\/wp-content\/uploads\/2016\/11\/castelnau-150x150.jpeg 150w, https:\/\/industrie-culturelle.fr\/industrie-culturelle\/wp-content\/uploads\/2016\/11\/castelnau-144x144.jpeg 144w, https:\/\/industrie-culturelle.fr\/industrie-culturelle\/wp-content\/uploads\/2016\/11\/castelnau-36x36.jpeg 36w, https:\/\/industrie-culturelle.fr\/industrie-culturelle\/wp-content\/uploads\/2016\/11\/castelnau-32x32.jpeg 32w, https:\/\/industrie-culturelle.fr\/industrie-culturelle\/wp-content\/uploads\/2016\/11\/castelnau-50x50.jpeg 50w, https:\/\/industrie-culturelle.fr\/industrie-culturelle\/wp-content\/uploads\/2016\/11\/castelnau-64x64.jpeg 64w, https:\/\/industrie-culturelle.fr\/industrie-culturelle\/wp-content\/uploads\/2016\/11\/castelnau-96x96.jpeg 96w, https:\/\/industrie-culturelle.fr\/industrie-culturelle\/wp-content\/uploads\/2016\/11\/castelnau-128x128.jpeg 128w\" sizes=\"auto, (max-width: 150px) 100vw, 150px\" \/><figcaption id=\"caption-attachment-24308\" class=\"wp-caption-text\">C. de Castelnau (1979-)<\/figcaption><\/figure>\n<p style=\"text-align: justify;\">Ces propos sont confirm\u00e9s par <a href=\"https:\/\/www.sas-scenaristes.fr\/camille-de-castelnau\">Camille de Castelnau<\/a>, adjointe d&rsquo;\u00c9ric Rochant pour <em>Le Bureau des L\u00e9gendes <\/em>: \u00ab <em>Dans notre cas, les auteurs nous rendaient une premi\u00e8re version d&rsquo;\u00e9pisode \u00e9crite chez eux, qu&rsquo;\u00c9ric Rochant et moi reprenions ensuite pour de nouvelles versions. Pour les saisons 2 et 3, les auteurs se sont peu r\u00e9unis. Il y avait en revanche un dialogue continu entre eux et \u00c9ric Rochant. C&rsquo;\u00e9tait un travail tr\u00e8s collaboratif, mais on ne peut pas vraiment parler d&rsquo;atelier d&rsquo;\u00e9criture <\/em>\u00bb. Un changement r\u00e9el, qui n&rsquo;existait pas il y a dix ans, c&rsquo;est l&rsquo;\u00e9closion de collectifs de sc\u00e9naristes qui se rencontrent r\u00e9guli\u00e8rement, pour analyser des s\u00e9ries, parler \u00ab cuisine \u00bb et projets d&rsquo;\u00e9criture. \u00ab <em>Ces sc\u00e9naristes qui \u00e9changent, se soutiennent, s&rsquo;accompagnent, font \u00e9voluer notre paysage audiovisuel<\/em> \u00bb, affirme Virginie Sauveur (<em>Virage Nord<\/em>, sur Arte).<\/p>\n<figure id=\"attachment_24312\" aria-describedby=\"caption-attachment-24312\" style=\"width: 127px\" class=\"wp-caption alignright\"><img loading=\"lazy\" decoding=\"async\" class=\" wp-image-24312\" src=\"https:\/\/industrie-culturelle.fr\/industrie-culturelle\/wp-content\/uploads\/2016\/11\/franck-150x150.jpeg\" alt=\"Dan Franck (1952-)\" width=\"127\" height=\"127\" srcset=\"https:\/\/industrie-culturelle.fr\/industrie-culturelle\/wp-content\/uploads\/2016\/11\/franck-150x150.jpeg 150w, https:\/\/industrie-culturelle.fr\/industrie-culturelle\/wp-content\/uploads\/2016\/11\/franck-144x144.jpeg 144w, https:\/\/industrie-culturelle.fr\/industrie-culturelle\/wp-content\/uploads\/2016\/11\/franck-36x36.jpeg 36w, https:\/\/industrie-culturelle.fr\/industrie-culturelle\/wp-content\/uploads\/2016\/11\/franck-32x32.jpeg 32w, https:\/\/industrie-culturelle.fr\/industrie-culturelle\/wp-content\/uploads\/2016\/11\/franck-50x50.jpeg 50w, https:\/\/industrie-culturelle.fr\/industrie-culturelle\/wp-content\/uploads\/2016\/11\/franck-64x64.jpeg 64w, https:\/\/industrie-culturelle.fr\/industrie-culturelle\/wp-content\/uploads\/2016\/11\/franck-96x96.jpeg 96w, https:\/\/industrie-culturelle.fr\/industrie-culturelle\/wp-content\/uploads\/2016\/11\/franck-128x128.jpeg 128w\" sizes=\"auto, (max-width: 127px) 100vw, 127px\" \/><figcaption id=\"caption-attachment-24312\" class=\"wp-caption-text\">Dan Franck (1952-)<\/figcaption><\/figure>\n<p style=\"text-align: justify;\">L&rsquo;aspect collaboratif en France intervient donc en aval d&rsquo;une production, ou lorsque celle-ci est d\u00e9j\u00e0 bien entam\u00e9e sous l&rsquo;impulsion d&rsquo;un auteur-cr\u00e9ateur. Dan Franck, qui supervise l&rsquo;\u00e9criture de la s\u00e9rie <em>Marseille<\/em> sur Netflix : \u00ab <em>J&rsquo;ai fait une tentative, une fois, de mettre sur la table une seule id\u00e9e, un conducteur tr\u00e8s mince, pour qu&rsquo;\u00e0 partir de l\u00e0, chacun intervient de mani\u00e8re d\u00e9mocratique. \u00c7a a \u00e9t\u00e9 un \u00e9chec. Coopter des auteurs, c&rsquo;est bien, mais il faut proposer au pr\u00e9alable une histoire d\u00e9j\u00e0 bien plant\u00e9e, une base solide, et ensuite, il faut quelqu&rsquo;un qui puisse trancher, qui coordonne et harmonise l&rsquo;\u00e9criture <\/em><em>\u00bb. <\/em><\/p>\n<p style=\"text-align: justify;\">Fr\u00e9d\u00e9ric Krivine opine \u00e0 sa mani\u00e8re : \u00ab<em> La comp\u00e9tence principale d&rsquo;un auteur, c&rsquo;est la gestion de son angoisse quant \u00e0 sa capacit\u00e9 \u00e0 mener un travail \u00e0 bien et dans les temps. C&rsquo;est aussi une question des enjeux psychiques qu&rsquo;on entretient avec les personnages. Ce savoir-faire-l\u00e0 n&rsquo;est pas transmissible et ne s&rsquo;apprend pas en groupe <\/em>\u00bb.<\/p>\n<p style=\"text-align: justify;\">On n&rsquo;envisage plus le mod\u00e8le am\u00e9ricain d&rsquo;une \u00e9quipe de sc\u00e9naristes comme la seule option pour faire \u00e9voluer les pratiques ; est aussi cit\u00e9 le mod\u00e8le britannique d&rsquo;auteur unique\u00a0\u0153uvrant dans le format de la minis\u00e9rie (6 \u00e9pisodes, \u00e9ventuellement renouvelables). Pour Krivine, tout tient au traitement, \u00e0 l&rsquo;ambition cr\u00e9ative, quel que soit le format. Dans ce domaine, selon lui, l&rsquo;\u00e9volution est in\u00e9gale : \u00ab <em>Beaucoup de sujets que l&rsquo;on ne pouvait pas aborder dans les ann\u00e9es 1990 peuvent l&rsquo;\u00eatre aujourd&rsquo;hui. Mais la mani\u00e8re de les traiter, elle, n&rsquo;a gu\u00e8re chang\u00e9. Les <\/em><a href=\"https:\/\/fr.wikipedia.org\/wiki\/Candice_Renoir\">Candice Renoir<\/a><em>, <\/em><a href=\"https:\/\/fr.wikipedia.org\/wiki\/Ca%C3%AFn_(s%C3%A9rie_t%C3%A9l%C3%A9vis%C3%A9e)\">Ca\u00efn<\/a><em>, <\/em><a href=\"https:\/\/fr.wikipedia.org\/wiki\/Cherif_(s%C3%A9rie_t%C3%A9l%C3%A9vis%C3%A9e)\">Ch\u00e9rif<\/a><em>, etc. reposent sur le vieux mod\u00e8le des ann\u00e9es 1990 et visent toujours \u00ab <\/em>le plaisir modeste mais irr\u00e9futable<em>\u00a0\u00bb du spectateur, pour reprendre l&rsquo;expression d&rsquo;<a href=\"https:\/\/fr.wikipedia.org\/wiki\/Umberto_Eco\">Umberto Eco<\/a>. Depuis trente ans, en France, on parie sur la sympathie avec le personnage principal, sur sa capacit\u00e9 de s\u00e9duction, pas sur l&#8217;empathie qui d\u00e9veloppe la conscience de soi-m\u00eame et du monde <\/em>\u00bb.<\/p>\n<p style=\"text-align: justify;\">S&rsquo;opposent \u00e0 cela, selon Krivine, des s\u00e9ries qu&rsquo;il d\u00e9signe \u00ab \u00e0 pr\u00e9tention d&rsquo;auteur \u00bb : \u00ab <em>Il existe deux types de personnages dans une s\u00e9rie t\u00e9l\u00e9. Ceux de la famille Howard Hawks, qui aboutissent \u00e0 des s\u00e9ries non castr\u00e9es sur le plan analytique : le h\u00e9ros y r\u00e9sout tous les probl\u00e8mes qu&rsquo;il rencontre. Et puis il y a ceux de la famille John Huston, qui donnent lieu \u00e0 des s\u00e9ries castr\u00e9es : le h\u00e9ros se grandit, et \u00e9ventuellement nous grandit, en prenant conscience qu&rsquo;on ne peut pas changer le monde. La richesse et la diversit\u00e9 des fictions dans les grands pays tiennent \u00e0 la cohabitation des deux, avec <\/em>Castle<em> ou <\/em>Columbo<em> pour le plaisir, et <\/em>The Wire<em> pour un engagement du spectateur \u00e0 l&rsquo;\u00e9gard de personnages vivant un conflit. En France, on n&rsquo;a quasiment pas de s\u00e9ries castr\u00e9es&#8230; En ce sens, nous faisons exception en Europe<\/em> \u00bb.<\/p>\n<p style=\"text-align: justify;\"><span style=\"font-size: 8pt;\"><em>Source : \u00ab\u00a0<a href=\"https:\/\/www.lemonde.fr\/televisions-radio\/article\/2016\/10\/29\/les-scenaristes-francais-sortent-de-l-ombre_5022309_1655027.html\">Les sc\u00e9naristes fran\u00e7ais sortent de l&rsquo;ombre<\/a>\u00a0\u00bb (Martine Delahaye), <\/em>Le Monde<em>, 30-31 d\u00e9cembre 2016, pp. 22-3.<\/em><\/span><\/p>\n<p style=\"text-align: justify;\"><div class=\"su-box su-box-style-default\" id=\"\" style=\"border-color:#00998d;border-radius:3px;max-width:none\"><div class=\"su-box-title\" style=\"background-color:#00CCC0;color:#FFFFFF;border-top-left-radius:1px;border-top-right-radius:1px\">Commentaire du r\u00e9dacteur<\/div><div class=\"su-box-content su-u-clearfix su-u-trim\" style=\"border-bottom-left-radius:1px;border-bottom-right-radius:1px\">\n<p style=\"text-align: justify;\">On essaie \u00e0 la <em>Web-revue<\/em> d&rsquo;\u00eatre attentif aux avis des professionnels, surtout s&rsquo;il s&rsquo;agit d&rsquo;un vrai effort de r\u00e9flexivit\u00e9, comme c&rsquo;est le cas ici. Cela n&#8217;emp\u00eache pas la distance critique, et on peut tr\u00e8s bien lire les commentaires de Franck et de Krivine, sc\u00e9naristes chevronn\u00e9s, comme des plaidoyers <em>pro domo<\/em>. \u00c0 ce titre, l&rsquo;exp\u00e9rience racont\u00e9e par Franck doit \u00eatre prise avec une graine de sel : pourquoi les\u00a0\u00ab coopt\u00e9s\u00a0\u00bb devraient-ils faire le travail pour lequel Franck serait sensiblement mieux r\u00e9mun\u00e9r\u00e9 ?<\/p>\n<p style=\"text-align: justify;\">Mais \u00e0 tort ou \u00e0 raison, Krivine et Franck sont bien plac\u00e9s pour insister que le mod\u00e8le am\u00e9ricain d&rsquo;\u00e9quipes de sc\u00e9naristes ne peut \u00eatre import\u00e9 tel quel en France. Le principe d&rsquo;\u00e9quipe, sous la f\u00e9rule d&rsquo;un <em>showrunner<\/em>, a \u00e9merg\u00e9 aux \u00c9tats-Unis dans un contexte particulier : le tournant \u00e0 partir de la fin des ann\u00e9es 1970 vers des \u00ab s\u00e9ries feuilletonnantes \u00bb aux personnages multiples, et le lent d\u00e9clin de la s\u00e9rie \u00ab classique \u00bb aux \u00e9pisodes autonomes. Hi\u00e9rarchis\u00e9es, et marqu\u00e9es par une division du travail (sp\u00e9cialisations dans les types de personnage, dans les formes de dialogue, etc.), les \u00e9quipes ont pris la place des \u00e9crivains <em>free-lance<\/em>, plus ou moins organis\u00e9s en <em>pools<\/em>. Cette nouvelle forme d&rsquo;organisation n&rsquo;est pas sp\u00e9cialement adapt\u00e9e \u00e0 la minis\u00e9rie qui \u00e9tait jusque-l\u00e0 l&rsquo;apanage des Europ\u00e9ens. Qui plus est, la division du travail pratiqu\u00e9e par les Am\u00e9ricains suppose une structuration en amont qui permet de prendre du galon, de faire carri\u00e8re, bref une v\u00e9ritable industrie.<\/p>\n<p style=\"text-align: justify;\">Fils d&rsquo;un chirurgien tr\u00e8s engag\u00e9 contre la guerre du Vietnam, et neveu d&rsquo;<a href=\"https:\/\/fr.wikipedia.org\/wiki\/Alain_Krivine\">Alain Krivine<\/a> (ancien dirigeant trotskyste et d\u00e9put\u00e9 europ\u00e9en), Fr\u00e9d\u00e9ric Krivine a \u00e9crit quelques romans policiers avant de devenir sc\u00e9nariste de t\u00e9l\u00e9vision. Manifestement, il a tir\u00e9 profit du temps pass\u00e9 en psychanalyse au point o\u00f9, dans ses propos, la gestion des n\u00e9vroses semble faire partie des qualit\u00e9s d&rsquo;un bon sc\u00e9nariste. (Fanny Herrero a \u00e9galement une appr\u00e9ciation assez psychologisante du m\u00e9tier). Mais la distinction op\u00e9r\u00e9e par Krivine entre s\u00e9ries \u00ab castr\u00e9es \u00bb et \u00ab non castr\u00e9es \u00bb, et entre les r\u00e9alisateurs <a href=\"https:\/\/fr.wikipedia.org\/wiki\/Howard_Hawks\">Hawks<\/a> et <a href=\"https:\/\/fr.wikipedia.org\/wiki\/John_Huston\">Huston<\/a>, cit\u00e9e en vrac par <em>Le Monde<\/em>, laisse perplexe ; on en fait \u00e9tat ici seulement comme exemple d&rsquo;une conceptualisation issue du monde professionnel, qui probablement n&rsquo;engage que lui. On ne comprend pas bien Krivine ici, \u00e0 moins qu&rsquo;il ne s&rsquo;agisse d&rsquo;un lointain \u00e9cho d\u00e9form\u00e9 de la p\u00e9riode marxiste-lacanienne des <a href=\"https:\/\/fr.wikipedia.org\/wiki\/Cahiers_du_cin%C3%A9ma\"><em>Cahiers du Cin\u00e9ma<\/em><\/a> dans le sillage de mai 1968*. Mais quid alors du qui\u00e9tisme implicite des s\u00e9ries \u00ab castr\u00e9es\u00a0\u00bb, caract\u00e9ris\u00e9es selon lui par la prise de conscience qu&rsquo;on\u00a0\u00ab <em>ne peut pas changer le monde<\/em>\u00a0\u00bb?<\/p>\n<p style=\"text-align: justify;\">Il se peut que Krivine pense \u00e0 des s\u00e9ries o\u00f9 le protagoniste ne ma\u00eetrise pas la situation dans laquelle il se trouve (<em>Breaking Bad<\/em>, par exemple), ce que j&rsquo;ai caract\u00e9ris\u00e9 ailleurs comme la cons\u00e9quence d&rsquo;une passivit\u00e9 structurelle, \u00e0 savoir l&rsquo;absence d&rsquo;un projet social viable \u00e0 incarner**.<\/p>\n<p style=\"text-align: justify;\"><span style=\"font-size: 10pt;\">*Cf l&rsquo;analyse c\u00e9l\u00e8bre du film de John Ford, <em>Young Mr Lincoln<\/em>, \u00e9crit par un collectif des <em>Cahiers du Cin\u00e9ma<\/em> (#223, ao\u00fbt 1970, pp. 29-47), o\u00f9 il est question (entre autres choses) du h\u00e9ros (symboliquement) castr\u00e9 qui exerce une action castratrice, en tant qu&rsquo;agent de la Loi. (Seule la <a href=\"https:\/\/openeclass.panteion.gr\/...\/file...\/Young%20Mister%20Lincoln.pdf\">traduction anglaise de ce texte<\/a> se trouve en ligne).<\/span><\/p>\n<p style=\"text-align: justify;\"><span style=\"font-size: 10pt;\">**David Buxton, <em>Les s\u00e9ries t\u00e9l\u00e9vis\u00e9es. Forme, id\u00e9ologie, et mode de production<\/em>, L&rsquo;Harmattan, 2010.<\/span><\/p>\n<p style=\"text-align: justify;\"><\/div><\/div>\n<h2><span style=\"font-size: 12pt;\"><span style=\"font-size: 14pt;\">\u00ab Le Bureau des L\u00e9gendes \u00bb est la s\u00e9rie fran\u00e7aise la plus export\u00e9e (#46, octobre 2016)<\/span><\/span><\/h2>\n<p style=\"text-align: justify;\"><em>Le Bureau des L\u00e9gendes <\/em>a d\u00e9j\u00e0 rapport\u00e9 3,7 millions d&rsquo;euros \u00e0 l&rsquo;international (3 millions d&rsquo;euros pour les saisons 1 et 2, et 700 000 euros en pr\u00e9achats de la saison 3, notamment par Prime Video (Amazon) en Grande-Bretagne). Diffus\u00e9e aux \u00c9tats-Unis sur iTunes sous le titre\u00a0<em>The Bureau<\/em>, la s\u00e9rie a \u00e9t\u00e9 plut\u00f4t bien re\u00e7ue par la critique am\u00e9ricaine : le <em>New York Times <\/em>(8 juin 2016) l&rsquo;a qualifi\u00e9e d&rsquo;\u00ab <em>intelligente <\/em>\u00bb (<em>smart<\/em>) et de\u00a0\u00ab\u00a0<em>subtile<\/em> \u00bb (<em>understated<\/em>), bien que la cin\u00e9matographie et le montage soient jug\u00e9s parfois un peu \u00ab <em>pr\u00e9tentieux<\/em> \u00bb (<em>self-consciously arty<\/em>). La pr\u00e9c\u00e9dente s\u00e9rie fran\u00e7aise la plus export\u00e9e \u00e9tait <a href=\"https:\/\/fr.wikipedia.org\/wiki\/Les_Revenants_(s%C3%A9rie_t%C3%A9l%C3%A9vis%C3%A9e)\"><em>Les Revenants<\/em><\/a> (2,7 millions d&rsquo;euros), qui n&rsquo;a pas r\u00e9ussi \u00e0 maintenir sa dynamique initiale. Elle s&rsquo;est arr\u00eat\u00e9e apr\u00e8s deux saisons, chacune compos\u00e9e de huit \u00e9pisodes, tourn\u00e9s sur une p\u00e9riode de trois ans (2012-15). Ce rythme est insuffisant pour le march\u00e9 international.<\/p>\n<figure id=\"attachment_23516\" aria-describedby=\"caption-attachment-23516\" style=\"width: 87px\" class=\"wp-caption alignleft\"><a href=\"https:\/\/industrie-culturelle.fr\/industrie-culturelle\/wp-content\/uploads\/2016\/09\/berger.jpe\"><img loading=\"lazy\" decoding=\"async\" class=\" wp-image-23516\" src=\"https:\/\/industrie-culturelle.fr\/industrie-culturelle\/wp-content\/uploads\/2016\/09\/berger.jpe\" alt=\"Alex Berger (1962-)\" width=\"87\" height=\"133\" \/><\/a><figcaption id=\"caption-attachment-23516\" class=\"wp-caption-text\">Alex Berger (1962-)<\/figcaption><\/figure>\n<p style=\"text-align: justify;\">C&rsquo;est pour acc\u00e9l\u00e9rer le rythme qu&rsquo;<a href=\"https:\/\/fr.wikipedia.org\/wiki\/Alex_Berger\">Alex Berger<\/a>, fondateur de The Oligarchs Productions (TOP) qui produit la s\u00e9rie pour Canal +, reprend les m\u00e9thodes de production qu&rsquo;il a apprises aux \u00c9tats-Unis aupr\u00e8s de <a href=\"https:\/\/en.wikipedia.org\/wiki\/Todd_A._Kessler\">Todd Kessler<\/a> (<em>Damages, The Sopranos<\/em>) : \u00ab <em>Nous formons la cha\u00eene \u00e0 une nouvelle fa\u00e7on de faire : un processus industriel r\u00e9gl\u00e9 au millim\u00e8tre permettant de faire une saison par an. [&#8230;] Chaque minute compte, c&rsquo;est un compte \u00e0 rebours. Pendant ses trente minutes de trajet en voiture le matin, [le showrunner] <a href=\"https:\/\/fr.wikipedia.org\/wiki\/%C3%89ric_Rochant\">\u00c9ric Rochant<\/a> va regarder les rushs de ce qui a \u00e9t\u00e9 tourn\u00e9 la veille pour choisir ce qu&rsquo;il faut retenir <\/em>\u00bb. L&rsquo;organisation spatiale du travail est calqu\u00e9e sur le mod\u00e8le am\u00e9ricain : la salle d&rsquo;\u00e9criture \u00e0 l&rsquo;\u00e9tage, les plateaux en bas.<\/p>\n<p style=\"text-align: justify;\">Le tournage de la saison 3 a commenc\u00e9 fin septembre pour une diffusion en mai 2017, pile un an apr\u00e8s le d\u00e9but de la saison 2. Chacun des huit \u00e9pisodes de la premi\u00e8re saison a co\u00fbt\u00e9 1,4 million d&rsquo;euros, et ceux de la deuxi\u00e8me saison, 1,7 million. Le d\u00e9fi pour Berger, c&rsquo;est de faire aussi bien qu&rsquo;aux \u00c9tats-Unis avec nettement moins de moyens (le co\u00fbt moyen d&rsquo;un \u00e9pisode de s\u00e9rie aux \u00c9tats-Unis est de 3,5 millions de dollars, et pour une s\u00e9rie de prestige comme <em>Game of Thrones<\/em>, 6 millions). Selon lui, pour que les s\u00e9ries fran\u00e7aises s&rsquo;exportent, il faut qu&rsquo;elles soient identifiables culturellement, comme les s\u00e9ries scandinaves. \u00ab <em>La marque de fabrique d&rsquo;\u00c9ric [Rochant], c&rsquo;est le c\u00f4t\u00e9 auteur et le r\u00e9alisme, comme dans le cin\u00e9ma fran\u00e7ais des ann\u00e9es 1960 <\/em>\u00bb.<\/p>\n<p style=\"text-align: justify;\"><span style=\"font-size: 10pt;\"><em>Sources : \u00ab\u00a0<\/em><a href=\"https:\/\/www.lesechos.fr\/tech-medias\/medias\/0211263031936-le-bureau-des-legendes-la-serie-francaise-la-plus-exportee-2025287.php\">Le Bureau des L\u00e9gendes<\/a><em>,<a href=\"https:\/\/www.lesechos.fr\/tech-medias\/medias\/0211263031936-le-bureau-des-legendes-la-serie-francaise-la-plus-exportee-2025287.php\"> la s\u00e9rie fran\u00e7aise la plus export\u00e9e<\/a>\u00a0\u00bb (Nicolas Madelaine), <\/em>Les \u00c9chos<em>, 5 sept. 2016 ; <a href=\"https:\/\/www.nytimes.com\/2016\/06\/09\/arts\/television\/tv-review-occupied-netflix-the-bureau-itunes.html\">https:\/\/www.nytimes.com\/2016\/06\/09\/arts\/television\/tv-review-occupied-netflix-the-bureau-itunes.html<\/a><br \/>\n<\/em><\/span><\/p>\n<p style=\"text-align: justify;\"><span style=\"font-size: 10pt;\">Voir aussi \u00ab\u00a0<a href=\"https:\/\/industrie-culturelle.fr\/industrie-culturelle\/actualites-industries-culturelles-numeriques-42-mai-2016\/\">Actualit\u00e9s #42<\/a>\u00a0\u00bb (sur <em>Le Bureau des L\u00e9gendes<\/em>), et \u00ab\u00a0<a href=\"https:\/\/industrie-culturelle.fr\/industrie-culturelle\/actualites-industries-culturelles-numeriques-26-decembre-2014\/\">Actualit\u00e9s #26&Prime;<\/a> (sur <em>Engrenages<\/em>)<\/span><\/p>\n<p>&nbsp;<\/p>\n<p style=\"text-align: center;\"><iframe loading=\"lazy\" src=\"\/\/www.youtube.com\/embed\/Ti1DlYz6cPs\" width=\"560\" height=\"314\" allowfullscreen=\"allowfullscreen\" data-mce-fragment=\"1\"><\/iframe><\/p>\n<p style=\"text-align: justify;\">\u00a0\u00a0\u00a0\u00a0\u00a0\u00a0\u00a0\u00a0\u00a0\u00a0\u00a0\u00a0\u00a0\u00a0\u00a0\u00a0\u00a0\u00a0\u00a0\u00a0\u00a0\u00a0\u00a0\u00a0\u00a0\u00a0\u00a0\u00a0\u00a0\u00a0\u00a0\u00a0\u00a0\u00a0\u00a0\u00a0\u00a0\u00a0\u00a0\u00a0\u00a0\u00a0\u00a0\u00a0\u00a0\u00a0\u00a0\u00a0\u00a0\u00a0\u00a0\u00a0\u00a0\u00a0\u00a0\u00a0\u00a0\u00a0\u00a0\u00a0\u00a0\u00a0\u00a0\u00a0\u00a0\u00a0\u00a0\u00a0<span style=\"font-size: 8pt;\"> Bande-annonce de la saison 2<\/span><\/p>\n<h2><span style=\"font-size: 12pt;\"><span style=\"font-size: 14pt;\"><em>\u00ab Game of Thrones <\/em>\u00bb : la fin vient ? (#42, mai 2016)<\/span><\/span><\/h2>\n<p style=\"text-align: justify;\"><a href=\"https:\/\/industrie-culturelle.fr\/industrie-culturelle\/wp-content\/uploads\/2016\/04\/got6.jpe\"><img loading=\"lazy\" decoding=\"async\" class=\"alignleft  wp-image-22154\" src=\"https:\/\/industrie-culturelle.fr\/industrie-culturelle\/wp-content\/uploads\/2016\/04\/got6-300x168.jpe\" alt=\"got6\" width=\"175\" height=\"98\" srcset=\"https:\/\/industrie-culturelle.fr\/industrie-culturelle\/wp-content\/uploads\/2016\/04\/got6.jpe 300w, https:\/\/industrie-culturelle.fr\/industrie-culturelle\/wp-content\/uploads\/2016\/04\/got6-195x110.jpe 195w\" sizes=\"auto, (max-width: 175px) 100vw, 175px\" \/><\/a>Selon <em>Entertainment Weekly<\/em> (en premier), les deux <em>showrunners<\/em> de <em>Game of Thrones<\/em>, <a href=\"https:\/\/fr.wikipedia.org\/wiki\/David_Benioff\">David Benioff<\/a> et <a href=\"https:\/\/fr.wikipedia.org\/wiki\/D._B._Weiss\">D. B. Weiss<\/a> envisagent deux saisons suppl\u00e9mentaires (7 et 8) plus courtes (7 et 6 \u00e9pisodes respectivement au lieu de 10), avant de boucler la s\u00e9rie d\u00e9finitivement \u00e0 73 \u00e9pisodes, nombre juste suffisant pour le march\u00e9 des rediffusions (<em>syndication<\/em>). HBO a refus\u00e9 de confirmer cette \u00ab <em>sp\u00e9culation<\/em> \u00bb, sans la d\u00e9mentir formellement. Cependant, de nombreux <em>cast members <\/em>sont d&rsquo;avis que la s\u00e9rie touche \u00e0 sa fin, et que la saison 6 mettra de l&rsquo;ordre dans certaines intrigues parall\u00e8les. Cette saison, dont la diffusion a commenc\u00e9 le 24 avril, devance le sixi\u00e8me livre dans la saga de George R. R. Martin (<em>The Winds of Winter<\/em>), qui ne sera publi\u00e9 qu&rsquo;apr\u00e8s. D\u00e9sormais, le fil conducteur passe par la s\u00e9rie, et non plus par l&rsquo;adaptation du livre. Invit\u00e9 \u00e0 l&rsquo;universit\u00e9 d&rsquo;Oxford en 2015, Benioff d\u00e9clara : \u00ab <em>\u00e7a fait un moment qu&rsquo;on discute avec George [R. R. Martin] et on sait o\u00f9 on va. Finalement, on terminera au m\u00eame endroit que lui, peut-\u00eatre avec quelques d\u00e9viations en cours de route, mais on se dirige vers la m\u00eame fin <\/em>\u00bb. Une s\u00e9rie d\u00e9riv\u00e9e par la suite, \u00e9crite par Martin, n&rsquo;est pas exclue.<\/p>\n<p style=\"text-align: justify;\">De nombreuses critiques f\u00e9ministes ont fait remarquer que trois femmes ont \u00e9t\u00e9 \u00ab gratuitement \u00bb viol\u00e9es dans la s\u00e9rie, dans des sc\u00e8nes brutales qui ne figurent pas dans le livre ; plus g\u00e9n\u00e9ralement, ces critiques voient les s\u00e9ries de la cha\u00eene HBO comme \u00e9tant \u00ab m\u00e2lecentriques \u00bb, car les personnages f\u00e9minins sont souvent au service d&rsquo;un protagoniste masculin, du point de vue du sc\u00e9nario. En 2014, Maureen Ryan a \u00e9crit dans <em>Huffington Post<\/em> qu&rsquo;en quatre d\u00e9cennies, HBO n&rsquo;a diffus\u00e9 qu&rsquo;une seule s\u00e9rie dramatique cr\u00e9\u00e9e par une femme. En d\u00e9fense de <em>Game of Thrones<\/em>, Benioff et Weiss reprennent l&rsquo;argument de l&rsquo;auteur George R. R. Martin que la s\u00e9rie est ancr\u00e9e dans le Moyen \u00c2ge, et qu&rsquo;elle refl\u00e8te logiquement le sexisme et la violence de l&rsquo;\u00e9poque. Dont acte, mais Porn Hub pr\u00e9tend que les visites au site ont baiss\u00e9 de 4% lors de la diffusion aux \u00c9tats-Unis du premier \u00e9pisode de la saison 6 de <em>Game of Thrones<\/em>, et que les recherches de vid\u00e9os pornographiques li\u00e9es \u00e0 la s\u00e9rie ont augment\u00e9 de 370% juste apr\u00e8s la diffusion.<\/p>\n<p style=\"text-align: justify;\">Gain financier ou gain cr\u00e9atif, lequel pr\u00e9vaudra ? La d\u00e9cision de terminer la s\u00e9rie sera de toute \u00e9vidence difficile pour HBO, d&rsquo;autant que l&rsquo;audience continue \u00e0 progresser (20,2 millions par \u00e9pisode pour la saison 5 aux \u00c9tats-Unis). Contre cela s&rsquo;y joue la r\u00e9putation de la cha\u00eene c\u00e2bl\u00e9e, et le risque d&rsquo;une saison de trop, \u00e0 m\u00eame de g\u00e2cher sa post\u00e9rit\u00e9 critique. S\u00e9rie complexe, et comparable \u00e0 bien d&rsquo;\u00e9gards, <em>Lost <\/em>(2004-10) se pr\u00e9sente comme l&rsquo;exemple m\u00eame de fin compl\u00e8tement rat\u00e9e. Par contre, on juge que <em>The Sopranos <\/em>(1999-2007) et <em>Breaking Bad <\/em>(2008-13) ont r\u00e9ussi leur \u00ab mort \u00bb, apr\u00e8s six et cinq saisons respectivement.<\/p>\n<p style=\"text-align: justify;\">C&rsquo;est dire qu&rsquo;un prolongement apr\u00e8s six saisons devient probl\u00e9matique pour n&rsquo;importe quelle s\u00e9rie. D&rsquo;apr\u00e8s les id\u00e9es re\u00e7ues en vigueur, m\u00eame la s\u00e9rie la plus formula\u00efque (<em>Les Experts<\/em>) a besoin alors d&rsquo;un <em>reboot<\/em>, ne serait-ce que pour ralentir son d\u00e9clin in\u00e9vitable. Traditionnellement, le <em>reboot<\/em> implique l&rsquo;introduction de nouveaux personnages, parfois de la famille des protagonistes (strat\u00e9gie risqu\u00e9e (<em>24 heures chrono<\/em>)), sinon la sexualisation des relations entre personnages existants (strat\u00e9gie tr\u00e8s risqu\u00e9e (<em>Les Experts<\/em>), mais rentable en cas de succ\u00e8s (<em>Bones<\/em>)). Pour une s\u00e9rie radicalement feuilletonnante comme <em>Game of Thrones<\/em>, cela devient encore plus difficile en raison du nombre de personnages et de trames narratives en jeu. Benioff et Weiss ont d\u00e9j\u00e0 d\u00e9clar\u00e9 qu&rsquo;ils veulent terminer <em>Game of Thrones <\/em>sur \u00ab <em>la note la plus \u00e9pique possible<\/em> \u00bb<em>. <\/em>Ils sont conscients que sa production exige pour tous un travail \u00e9puisant, et estiment qu&rsquo;ils ne pourront plus produire 10 \u00e9pisodes dans un d\u00e9lai de 12 mois, car la s\u00e9rie sort du cadre t\u00e9l\u00e9visuel pour rejoindre celui d&rsquo;un film \u00e0 moyen budget (en moyenne 6 millions $ par \u00e9pisode). \u00ab <em>O<\/em><em>n veut terminer debout, on aime trop cette s\u00e9rie<\/em> \u00bb, dit Benioff. Beaucoup de personnages de <em>Game of Thrones <\/em>n&rsquo;ont pas eu ce privil\u00e8ge.<\/p>\n<p style=\"text-align: justify;\"><span style=\"font-size: 10pt;\"><em>Sources : \u00ab\u00a0<a href=\"https:\/\/www.hollywoodreporter.com\/live-feed\/game-thrones-ending-884268\">Game of Thrones&rsquo; stars weigh in on fantasy drama&rsquo;s looming end<\/a>\u00ab\u00a0, <\/em>The Hollywood Reporter<em>, avril 15, 2016 ; \u00ab\u00a0<a href=\"https:\/\/www.ew.com\/article\/2016\/04\/14\/game-thrones-end-date\">Game of Thrones considers shortened final seasons<\/a>\u00ab\u00a0, <\/em>Entertainment Weekly<em>, avril 14, 2016 ; \u00ab\u00a0<a href=\"https:\/\/www.cinemablend.com\/television\/It-Official-Game-Thrones-Spoil-Ending-George-R-R-Martin-Books-70847.html\">Game of Thrones will spoil the ending of George R.R. Martin&rsquo;s books<\/a>\u00ab\u00a0, <\/em>Cinema Blend<em>, avril 2015 ; \u00ab\u00a0<a href=\"https:\/\/variety.com\/2016\/tv\/news\/game-of-thrones-end-date-season-8-1201752746\/\">Game of Thrones&rsquo; creators mull shorter final seasons<\/a>\u00ab\u00a0, <\/em>Variety<em>, avril 14, 2016 ; <a href=\"https:\/\/mic.com\/articles\/87169\/here-s-how-much-it-costs-to-make-a-game-of-thrones-episode#.lXHvcbHyq\">https:\/\/mic.com\/articles\/87169\/here-s-how-much-it-costs-to-make-a-game-of-thrones-episode#.lXHvcbHyq<\/a> ; \u00ab\u00a0<a href=\"https:\/\/www.nzherald.co.nz\/entertainment\/news\/article.cfm?c_id=1501119&amp;objectid=11630179\">Why is HBO flailing ? Because its shows turn women into sex objects<\/a>\u00a0\u00bb (Maria Teresa Hart), <\/em>Washington Post <em>(syndication)<\/em> <em>; \u00ab\u00a0<a href=\"https:\/\/www.nzherald.co.nz\/lifestyle\/news\/article.cfm?c_id=6&amp;objectid=11630097\">How Game of Thrones affects porn consumption<\/a>\u00a0\u00bb (Simone Mitchell), <\/em>news.com.au<em> (syndication).<\/em><\/span><\/p>\n<h2><span style=\"font-size: 12pt;\"><span style=\"font-size: 14pt;\">La s\u00e9rie \u00ab <em>X-Files <\/em>\u00bb est de retour (#40, mars 2016)<\/span><\/span><\/h2>\n<figure id=\"attachment_21355\" aria-describedby=\"caption-attachment-21355\" style=\"width: 185px\" class=\"wp-caption aligncenter\"><img loading=\"lazy\" decoding=\"async\" class=\"wp-image-21355\" src=\"https:\/\/industrie-culturelle.fr\/industrie-culturelle\/wp-content\/uploads\/2016\/02\/x-files-2016-150x150.jpe\" alt=\"Scully et Mulder, 2016\" width=\"185\" height=\"185\" srcset=\"https:\/\/industrie-culturelle.fr\/industrie-culturelle\/wp-content\/uploads\/2016\/02\/x-files-2016-150x150.jpe 150w, https:\/\/industrie-culturelle.fr\/industrie-culturelle\/wp-content\/uploads\/2016\/02\/x-files-2016-144x144.jpe 144w, https:\/\/industrie-culturelle.fr\/industrie-culturelle\/wp-content\/uploads\/2016\/02\/x-files-2016-36x36.jpe 36w, https:\/\/industrie-culturelle.fr\/industrie-culturelle\/wp-content\/uploads\/2016\/02\/x-files-2016-32x32.jpe 32w, https:\/\/industrie-culturelle.fr\/industrie-culturelle\/wp-content\/uploads\/2016\/02\/x-files-2016-64x64.jpe 64w, https:\/\/industrie-culturelle.fr\/industrie-culturelle\/wp-content\/uploads\/2016\/02\/x-files-2016-96x96.jpe 96w, https:\/\/industrie-culturelle.fr\/industrie-culturelle\/wp-content\/uploads\/2016\/02\/x-files-2016-128x128.jpe 128w\" sizes=\"auto, (max-width: 185px) 100vw, 185px\" \/><figcaption id=\"caption-attachment-21355\" class=\"wp-caption-text\">Anderson et Duchovny, 2016.<\/figcaption><\/figure> <figure id=\"attachment_21504\" aria-describedby=\"caption-attachment-21504\" style=\"width: 129px\" class=\"wp-caption alignleft\"><a href=\"https:\/\/industrie-culturelle.fr\/industrie-culturelle\/wp-content\/uploads\/2016\/02\/carter.jpe\" rel=\"attachment wp-att-21504\"><img loading=\"lazy\" decoding=\"async\" class=\"wp-image-21504\" src=\"https:\/\/industrie-culturelle.fr\/industrie-culturelle\/wp-content\/uploads\/2016\/02\/carter-150x150.jpe\" alt=\"Chris Carter (1957-), producteur\" width=\"129\" height=\"129\" srcset=\"https:\/\/industrie-culturelle.fr\/industrie-culturelle\/wp-content\/uploads\/2016\/02\/carter-150x150.jpe 150w, https:\/\/industrie-culturelle.fr\/industrie-culturelle\/wp-content\/uploads\/2016\/02\/carter-144x144.jpe 144w, https:\/\/industrie-culturelle.fr\/industrie-culturelle\/wp-content\/uploads\/2016\/02\/carter-36x36.jpe 36w, https:\/\/industrie-culturelle.fr\/industrie-culturelle\/wp-content\/uploads\/2016\/02\/carter-32x32.jpe 32w, https:\/\/industrie-culturelle.fr\/industrie-culturelle\/wp-content\/uploads\/2016\/02\/carter-64x64.jpe 64w, https:\/\/industrie-culturelle.fr\/industrie-culturelle\/wp-content\/uploads\/2016\/02\/carter-96x96.jpe 96w, https:\/\/industrie-culturelle.fr\/industrie-culturelle\/wp-content\/uploads\/2016\/02\/carter-128x128.jpe 128w\" sizes=\"auto, (max-width: 129px) 100vw, 129px\" \/><\/a><figcaption id=\"caption-attachment-21504\" class=\"wp-caption-text\">Chris Carter (1957-), producteur<\/figcaption><\/figure>\n<p style=\"text-align: justify;\"><em>X-Files<\/em> est revenu sur la cha\u00eene Fox en janvier, dans une minis\u00e9rie de six \u00e9pisodes (\u00ab <em>event series<\/em> \u00bb), actuellement diffus\u00e9e sur M6. Le premier et le sixi\u00e8me \u00e9pisodes revisitent le grand th\u00e8me d&rsquo;une conspiration extraterrestre, alors que les autres proposent des intrigues autonomes (<em>stand alone<\/em>). D\u00e9j\u00e0, en 2008, les deux agents du FBI, Fox Mulder et Dana Scully, s&rsquo;\u00e9taient r\u00e9unis dans un deuxi\u00e8me film, <em>X-Files : R\u00e9g\u00e9n\u00e9ration <\/em>(<a href=\"https:\/\/fr.wikipedia.org\/wiki\/Chris_Carter_%28sc%C3%A9nariste%29\" target=\"_blank\" rel=\"noopener noreferrer\">Chris Carter<\/a>), qui avait pris le parti de ne pas renouer avec la mythologie extraterrestre. L&rsquo;\u00e9chec commercial du film, jug\u00e9 faible par les fans et par les critiques, a laiss\u00e9 penser que la page \u00e9tait d\u00e9finitivement tourn\u00e9e. Deux facteurs ont contribu\u00e9 \u00e0 la r\u00e9animation de la s\u00e9rie. D&rsquo;abord, on estime que le climat politique aux \u00c9tats-Unis est de nouveau compatible avec l&rsquo;ambiance parano\u00efaque de la s\u00e9rie, apr\u00e8s les r\u00e9v\u00e9lations d&rsquo;Edward Snowden sur l&rsquo;espionnage des citoyens pratiqu\u00e9 sur une grande \u00e9chelle par la National Security Agency (NSA), avec la complicit\u00e9 de Google entre autres (<a href=\"https:\/\/industrie-culturelle.fr\/industrie-culturelle\/actualites-des-industries-culturelles-et-numeriques-29-mars-2015\/\" target=\"_blank\" rel=\"noopener noreferrer\">Actualit\u00e9s #29<\/a>) ; Snowden est explicitement mentionn\u00e9 dans le premier \u00e9pisode. Ensuite, surpris au forum Comic-Con 2013 \u00e0 San Diego par l&rsquo;enthousiasme des fans de la bande dessin\u00e9e inspir\u00e9e par la s\u00e9rie, David Duchovny (Mulder) a su convaincre la Fox de se lancer de nouveau sous forme de minis\u00e9rie, qui laisse les options ouvertes pour Fox et pour les deux com\u00e9diens principaux (\u00e0 noter que Gillian Anderson a d\u00fb se battre pour obtenir la m\u00eame r\u00e9mun\u00e9ration que son partenaire).<\/p>\n<p style=\"text-align: justify;\"><a href=\"https:\/\/industrie-culturelle.fr\/industrie-culturelle\/wp-content\/uploads\/2016\/02\/xfiles.jpe\" rel=\"attachment wp-att-21362\"><img loading=\"lazy\" decoding=\"async\" class=\"alignleft  wp-image-21362\" src=\"https:\/\/industrie-culturelle.fr\/industrie-culturelle\/wp-content\/uploads\/2016\/02\/xfiles.jpe\" alt=\"xfiles\" width=\"132\" height=\"196\" \/><\/a>D&rsquo;\u00e9vidence, ce qui est vis\u00e9 en premier lieu, c&rsquo;est le march\u00e9 de la nostalgie, vu comme tremplin pour se lancer \u00e0 la conqu\u00eate de nouvelles audiences, car contrairement \u00e0 d&rsquo;autres relances anecdotiques (<em>Dallas <\/em>2012-14, 40 \u00e9pisodes \u00e0 faible audience sur TNT ;<em> Le Prisonnier<\/em>, 2009, 6 \u00e9pisodes sur AMC), on retrouve les com\u00e9diens d&rsquo;origine, vieillis : Duchovny a 55 ans, et Gillian Anderson (Scully), 47 ans. Le besoin de nostalgie est \u00e9voqu\u00e9 par Anderson : \u00ab <em>Je me rends compte que, m\u00eame si certains s&rsquo;attendaient \u00e0 quelque chose d&rsquo;aussi r\u00e9volutionnaire qu&rsquo;\u00e0 l&rsquo;\u00e9poque, ce n&rsquo;est pas vraiment ce que le public <\/em><em>d\u00e9sire. Ils veulent que ce soit comme avant&#8230; Il ne faut pas essayer de r\u00e9parer ce qui n&rsquo;est pas cass\u00e9<\/em> \u00bb (<em>Variety<\/em>). Dans la foul\u00e9e, on apprend que cette ann\u00e9e, le r\u00e9alisateur <a href=\"https:\/\/fr.wikipedia.org\/wiki\/David_Lynch\" target=\"_blank\" rel=\"noopener noreferrer\">David Lynch<\/a> commencera le tournage (pour la cha\u00eene de c\u00e2ble Showtime) d&rsquo;une troisi\u00e8me saison de neuf \u00e9pisodes de <em><a href=\"https:\/\/fr.wikipedia.org\/wiki\/Twin_Peaks_%28s%C3%A9rie_t%C3%A9l%C3%A9vis%C3%A9e%29\" target=\"_blank\" rel=\"noopener noreferrer\">Twin Peaks<\/a><\/em>, toujours avec l&rsquo;acteur de la s\u00e9rie originale d&rsquo;il y a 26 ans, Kyle MacLachlan. CBS pr\u00e9pare le tournage du pilote d&rsquo;un <em>reboot <\/em>de <em>MacGyver<\/em> (1985-92), situ\u00e9 sept ans avant la s\u00e9rie originale (<em>prequel<\/em>), et la Fox a annonc\u00e9 une nouvelle <em>event series <\/em>r\u00e9unissant les acteurs originaux de<em> Prison Break<\/em> (2005-09).<\/p>\n<p style=\"text-align: justify;\">La r\u00e9action critique \u00e0 la reprise de <em>X-Files <\/em>a \u00e9t\u00e9 plus que mitig\u00e9e ; le blogueur Pierre S\u00e9risier sur le site du <em>Monde <\/em>est particuli\u00e8rement cinglant (\u00ab <em>ce retour est avant tout une exploitation sans fard de la nostalgie et pas grand-chose de plus <\/em>\u00bb). \u00c9crivant dans la revue professionnelle am\u00e9ricaine <em>Variety<\/em> (lien ci-dessous), la critique Maureen Ryan a parl\u00e9 d&rsquo;une saison \u00ab <em>inexplicablement b\u00e2cl\u00e9e<\/em> \u00bb : \u00ab <em>c&rsquo;\u00e9tait comme si quelqu&rsquo;un avait mis un assortiment d&rsquo;\u00e9l\u00e9ments provenant de la s\u00e9rie originale dans un mixeur et avait servi la bouillie r\u00e9sultante en de grands tas d&rsquo;expos\u00e9s lourdingues <\/em>\u00bb. Le premier \u00e9pisode (\u00ab My Struggle \u00bb) a tout de m\u00eame \u00e9t\u00e9 regard\u00e9 par 16,2 millions (21,4 millions en incluant le visionnage en diff\u00e9r\u00e9), un bon score dans l&rsquo;\u00e9cosyst\u00e8me t\u00e9l\u00e9visuel actuel ; le sixi\u00e8me est tomb\u00e9 \u00e0 7,6 millions, ce qui fait une moyenne honorable de 9,53 millions. (Par comparaison, une autre <em>event<\/em> <em>series <\/em>de la Fox,<em> 24 : live another day <\/em>(2014), n&rsquo;a eu qu&rsquo;une audience de 8,08 millions pour le premier \u00e9pisode, et 6,47 millions pour le douzi\u00e8me et dernier ; il n&#8217;emp\u00eache, une nouvelle saison, sans Kieffer Sutherland, est en pr\u00e9paration).<\/p>\n<figure id=\"attachment_21554\" aria-describedby=\"caption-attachment-21554\" style=\"width: 92px\" class=\"wp-caption alignright\"><a href=\"https:\/\/industrie-culturelle.fr\/industrie-culturelle\/wp-content\/uploads\/2016\/02\/ryan-1.jpe\" rel=\"attachment wp-att-21554\"><img loading=\"lazy\" decoding=\"async\" class=\" wp-image-21554\" src=\"https:\/\/industrie-culturelle.fr\/industrie-culturelle\/wp-content\/uploads\/2016\/02\/ryan-1-150x150.jpe\" alt=\"Maureen Ryan\" width=\"92\" height=\"92\" srcset=\"https:\/\/industrie-culturelle.fr\/industrie-culturelle\/wp-content\/uploads\/2016\/02\/ryan-1-150x150.jpe 150w, https:\/\/industrie-culturelle.fr\/industrie-culturelle\/wp-content\/uploads\/2016\/02\/ryan-1-144x144.jpe 144w, https:\/\/industrie-culturelle.fr\/industrie-culturelle\/wp-content\/uploads\/2016\/02\/ryan-1-36x36.jpe 36w, https:\/\/industrie-culturelle.fr\/industrie-culturelle\/wp-content\/uploads\/2016\/02\/ryan-1-32x32.jpe 32w, https:\/\/industrie-culturelle.fr\/industrie-culturelle\/wp-content\/uploads\/2016\/02\/ryan-1-64x64.jpe 64w, https:\/\/industrie-culturelle.fr\/industrie-culturelle\/wp-content\/uploads\/2016\/02\/ryan-1-96x96.jpe 96w, https:\/\/industrie-culturelle.fr\/industrie-culturelle\/wp-content\/uploads\/2016\/02\/ryan-1-128x128.jpe 128w\" sizes=\"auto, (max-width: 92px) 100vw, 92px\" \/><\/a><figcaption id=\"caption-attachment-21554\" class=\"wp-caption-text\">Maureen Ryan<\/figcaption><\/figure>\n<p style=\"text-align: justify;\">En attendant l&rsquo;annonce officielle de la Fox, Chris Carter se dit convaincu qu&rsquo;il y aura une onzi\u00e8me saison, plus \u00e9toff\u00e9e. \u00c9crivant dans <em>Variety<\/em> (lien ci-dessous), le journaliste Brian Lowry affirme qu&rsquo;un renouvellement n&rsquo;est pas gagn\u00e9 d&rsquo;avance, et que l&rsquo;absence d&rsquo;annonce \u00e0 cet effet sugg\u00e8re que la Fox h\u00e9site. Le probl\u00e8me, selon lui, est que, contrairement \u00e0 des s\u00e9ries comme <em>24<\/em> qui peuvent int\u00e9grer assez facilement de nouveaux personnages, un prolongement convaincant de <em>X-Files<\/em> risque d&rsquo;\u00eatre difficile, compte tenu de sa structure complexe, et de sa d\u00e9pendance des deux com\u00e9diens principaux. Selon Maureen Ryan, \u00e9galement dans <em>Variety<\/em>, \u00ab<em> il faudrait reprendre s\u00e9rieusement en main la s\u00e9rie, laiss\u00e9e maladroitement dans un \u00e9tat d\u00e9sordonn\u00e9 <\/em>\u00bb. Quoi qu&rsquo;il en soit, la r\u00e9surrection des s\u00e9ries anciennes, parfois sous forme de <em>reboot,<\/em> est devenue une tendance lourde de la t\u00e9l\u00e9vision am\u00e9ricaine.<\/p>\n<p style=\"text-align: justify;\"><strong>Mise \u00e0 jour, janvier 2019<\/strong>. La saison 11 de <em>X-Files<\/em> (10 \u00e9pisodes), mieux re\u00e7ue par les fans et les critiques que la saison pr\u00e9c\u00e9dente, a finalement \u00e9t\u00e9 diffus\u00e9e aux \u00c9tats-Unis entre janvier et mars 2018. Les audiences ont \u00e9t\u00e9 toutefois relativement modestes : 5,15 millions aux \u00c9tats-Unis pour l&rsquo;\u00e9pisode 1, 3,43 millions pour l&rsquo;\u00e9pisode 10. Une \u00e9ventuelle douzi\u00e8me saison n&rsquo;a toujours pas \u00e9t\u00e9 confirm\u00e9e. Quant\u00a0\u00e0 <em>24<\/em>, une dixi\u00e8me saison <em>spinoff<\/em> de 12 \u00e9pisodes (<em>24 Legacy<\/em>), o\u00f9 seul le personnage de Tony Almeida restait de l&rsquo;original, a \u00e9t\u00e9 diffus\u00e9e entre f\u00e9vrier et avril 2017, avant l&rsquo;annulation de la s\u00e9rie en juin 2017 (audience moyenne 5,12 millions, tombant de 17,57 millions pour l&rsquo;\u00e9pisode 1 \u00e0 3,42 millions pour l&rsquo;\u00e9pisode 12).\u00a0 Un nouveau<em> spinoff<\/em>, avec un \u00e9ventuel retour de Jack Bauer (Keifer Sutherland), mais se passant cette fois-ci dans le monde juridique et avec un personnage principal f\u00e9minin, est en discussion ; autrement dit, seule la forme \u00ab anthologique \u00bb subsisterait. Un autre <em>spinoff<\/em> sur la vie ant\u00e9rieure de Jack Bauer (<em>prequel<\/em>) est \u00e9galement en discussion (annonce de la Fox, 30 juillet 2018). Sauf exception et donc erreur de ma part, les s\u00e9ries \u00ab ressuscit\u00e9es \u00bb n&rsquo;ont jamais r\u00e9ussi jusqu&rsquo;ici \u00e0 reprendre vie de mani\u00e8re convaincante.<\/p>\n<p style=\"text-align: justify;\"><span style=\"font-size: 10pt;\">Voir : <a href=\"https:\/\/www.denofgeek.com\/us\/tv\/the-x-files\/271879\/the-x-files-season-12-status-in-question\">https:\/\/www.denofgeek.com\/us\/tv\/the-x-files\/271879\/the-x-files-season-12-status-in-question<\/a> ; <a href=\"https:\/\/deadline.com\/2017\/11\/24-series-comeback-female-lead-fox-franchise-1202199024\/\">https:\/\/deadline.com\/2017\/11\/24-series-comeback-female-lead-fox-franchise-1202199024\/<\/a> ;\u00a0 <a href=\"https:\/\/www.digitalspy.com\/tv\/ustv\/a858935\/24-kiefer-sutherland-jack-bauer-return-lorraine\/\">https:\/\/www.digitalspy.com\/tv\/ustv\/a858935\/24-kiefer-sutherland-jack-bauer-return-lorraine\/<\/a>.<\/span><\/p>\n<p style=\"text-align: justify;\"><span style=\"font-size: 10pt;\"><em>Sources : \u00ab\u00a0<a href=\"https:\/\/next.liberation.fr\/cinema\/2016\/01\/22\/x-files-les-affaires-reprennent_1428374\" target=\"_blank\" rel=\"noopener noreferrer\">X-Files, les affaires reprennent<\/a>\u00a0\u00bb (Alexandre Hervaud), Lib\u00e9ration, 23\/24 janv. 2016 ; \u00ab\u00a0<a href=\"https:\/\/variety.com\/2016\/tv\/features\/x-files-revival-fox-david-duchovny-gillian-anderson-1201682379\/\" target=\"_blank\" rel=\"noopener noreferrer\">The X-Files : How Fox revived Mulder and Scully&rsquo;s search for truth<\/a>\u00a0\u00bb (Geoff Berkshire), Variety, jan. 19, 2016 ; \u00ab\u00a0<a href=\"https:\/\/seriestv.blog.lemonde.fr\/2016\/01\/25\/the-x-files-un-retour-bien-laborieux\/\" target=\"_blank\" rel=\"noopener noreferrer\">The X-Files &#8211; un retour bien laborieux<\/a>\u00a0\u00bb (Pierre S\u00e9risier), site du Monde, post\u00e9 25 janv. 2016 ; \u00ab\u00a0<a href=\"https:\/\/en.wikipedia.org\/wiki\/The_X-Files_%28season_10%29\" target=\"_blank\" rel=\"noopener noreferrer\">The X-Files (season 10)<\/a>\u00ab\u00a0, entr\u00e9e wikipedia ; \u00ab\u00a0<a href=\"https:\/\/en.wikipedia.org\/wiki\/24:_Live_Another_Day\" target=\"_blank\" rel=\"noopener noreferrer\">24 : live another day<\/a>\u00ab\u00a0, entr\u00e9e wikipedia ; site \u00ab\u00a0<a href=\"https:\/\/tvseriesfinale.com\/tv-show\/macgyver-character-descriptions-released-for-cbs-reboot-pilot\/\" target=\"_blank\" rel=\"noopener noreferrer\">TV series finale\u00a0\u00bb (le reboot de \u00ab\u00a0MacGyver<\/a>\u00ab\u00a0), post\u00e9 le 24 f\u00e9v. 2016 ; <a href=\"https:\/\/tvline.com\/2016\/02\/22\/x-files-season-11-spoilers-william-chris-carter-interview\/\" target=\"_blank\" rel=\"noopener noreferrer\">https:\/\/tvline.com\/2016\/02\/22\/x-files-season-11-spoilers-william-chris-carter-interview\/<\/a> ; <a href=\"https:\/\/variety.com\/2016\/tv\/columns\/x-files-revival-finale-renewal-prison-break-24-1201712314\/\" target=\"_blank\" rel=\"noopener noreferrer\">https:\/\/variety.com\/2016\/tv\/columns\/x-files-revival-finale-renewal-prison-break-24-1201712314\/<\/a> (Brian Lowry) ; <a href=\"https:\/\/variety.com\/2016\/tv\/features\/the-x-files-season-finale-review-my-struggle-ii-1201712181\/\" target=\"_blank\" rel=\"noopener noreferrer\">https:\/\/variety.com\/2016\/tv\/features\/the-x-files-season-finale-review-my-struggle-ii-1201712181\/<\/a>(Maureen Ryan).<\/em><\/span><\/p>\n<h2><span style=\"font-size: 12pt;\"><span style=\"font-size: 14pt;\"><em>\u00ab CSI <\/em>\u00bb (\u00ab <em>Les Experts<\/em> \u00bb) tire sa r\u00e9v\u00e9rence (#36, novembre 2015)<\/span><\/span><\/h2>\n<p style=\"text-align: justify;\">La cha\u00eene am\u00e9ricaine CBS a annonc\u00e9 l&rsquo;arr\u00eat de la <em>CSI : Crime Scene Investigation<\/em>, apr\u00e8s 15 saisons et 337 \u00e9pisodes. La s\u00e9rie a pris fin avec la diffusion d&rsquo;un t\u00e9l\u00e9film de deux heures le 27 septembre intitul\u00e9 <em>Immortality<\/em>, qui voit le retour de trois acteurs ayant quitt\u00e9 la s\u00e9rie : William Petersen (Gil Grissom), Marg Helgenberger (Catherine Willows) et Paul Guilfoyle (le capitaine Jim Brass). Il se termine &#8211; <em>spoiler<\/em> faible &#8211; avec la reprise de l&rsquo;idylle entre Grissom, devenu \u00e9cologiste de mer, et Sarah Sidle, qui d\u00e9cline une promotion pour partir en bateau avec lui. Lanc\u00e9e en octobre 2000, <em>CSI <\/em>a \u00e9t\u00e9 pendant quelques ann\u00e9es (2002-04) la s\u00e9rie la plus regard\u00e9e aux \u00c9tats-Unis avec 26 millions de t\u00e9l\u00e9spectateurs r\u00e9guliers par \u00e9pisode, et la plus regard\u00e9e au monde avec 73,8 millions de t\u00e9l\u00e9spectateurs dans environ 150 pays en 2009. Elle a commenc\u00e9 son lent d\u00e9clin aux \u00c9tats-Unis en 2007 (20,34 millions), tombant \u00e0 11,2 millions en 2015. En France, TF1 l&rsquo;a retransmise depuis novembre 2001 (d&rsquo;abord le dimanche apr\u00e8s-midi, et depuis 2005, en <em>prime time<\/em>) : \u00e0 son apog\u00e9e, elle a drain\u00e9 11,1 millions de t\u00e9l\u00e9spectateurs et n&rsquo;est jamais tomb\u00e9e en dessous de 4 millions.<\/p>\n<p style=\"text-align: justify;\"><a href=\"https:\/\/industrie-culturelle.fr\/industrie-culturelle\/wp-content\/uploads\/2015\/10\/csi_autopsie.jpe\"><img loading=\"lazy\" decoding=\"async\" class=\"alignleft  wp-image-19445\" src=\"https:\/\/industrie-culturelle.fr\/industrie-culturelle\/wp-content\/uploads\/2015\/10\/csi_autopsie-150x150.jpe\" alt=\"csi_autopsie\" width=\"120\" height=\"120\" srcset=\"https:\/\/industrie-culturelle.fr\/industrie-culturelle\/wp-content\/uploads\/2015\/10\/csi_autopsie-150x150.jpe 150w, https:\/\/industrie-culturelle.fr\/industrie-culturelle\/wp-content\/uploads\/2015\/10\/csi_autopsie-144x144.jpe 144w, https:\/\/industrie-culturelle.fr\/industrie-culturelle\/wp-content\/uploads\/2015\/10\/csi_autopsie-36x36.jpe 36w, https:\/\/industrie-culturelle.fr\/industrie-culturelle\/wp-content\/uploads\/2015\/10\/csi_autopsie-32x32.jpe 32w, https:\/\/industrie-culturelle.fr\/industrie-culturelle\/wp-content\/uploads\/2015\/10\/csi_autopsie-64x64.jpe 64w, https:\/\/industrie-culturelle.fr\/industrie-culturelle\/wp-content\/uploads\/2015\/10\/csi_autopsie-96x96.jpe 96w, https:\/\/industrie-culturelle.fr\/industrie-culturelle\/wp-content\/uploads\/2015\/10\/csi_autopsie-128x128.jpe 128w\" sizes=\"auto, (max-width: 120px) 100vw, 120px\" \/><\/a>\u00ab <em>Quand on a pr\u00e9sent\u00e9 la s\u00e9rie \u00e0 CBS<\/em>, expliquait <a href=\"https:\/\/fr.wikipedia.org\/wiki\/William_Petersen\" target=\"_blank\" rel=\"noopener noreferrer\">William Petersen<\/a>, acteur principal et l&rsquo;un des producteurs ex\u00e9cutifs, dans une interview en 2009 lors de son d\u00e9part, <em>elle \u00e9tait un peu sceptique :\u00a0\u00ab vous voulez faire une s\u00e9rie mettant en sc\u00e8ne des gens qui analysent des empreintes digitales ? \u00bb. Mais l&rsquo;int\u00e9r\u00eat \u00e9tait de montrer \u00e0 l&rsquo;image ce qu&rsquo;ils voyaient \u00e0 travers les microscopes, leurs diverses exp\u00e9riences de laboratoire, et de vulgariser la science m\u00e9dico-l\u00e9gale. Les gens aiment r\u00e9soudre les \u00e9nigmes. On savait qu&rsquo;il y aurait de l&rsquo;audience, mais personne ne s&rsquo;attendait \u00e0 un tel succ\u00e8s. <\/em>\u00bb Dans un documentaire consacr\u00e9 \u00e0 la s\u00e9rie en 2007, le producteur <a href=\"https:\/\/fr.wikipedia.org\/wiki\/Anthony_E._Zuiker\" target=\"_blank\" rel=\"noopener noreferrer\">Anthony Zuiker<\/a> pr\u00e9tendait : \u00ab <em>On a commenc\u00e9 en 2000, et ce fut un succ\u00e8s, mais le taux d&rsquo;audimat a vraiment d\u00e9coll\u00e9 apr\u00e8s les attaques du 11 septembre [2001]. Les gens se sont pr\u00e9cipit\u00e9s vers nous pour leur nourriture de confort. Dans CSI, il y avait un sens de justice ; c&rsquo;\u00e9tait bien de savoir qu&rsquo;il y avait des gens comme nos personnages qui aidaient \u00e0 r\u00e9soudre des crimes. Et bien s\u00fbr, 9\/11 \u00e9tait la plus importante sc\u00e8ne de crime au monde <\/em>\u00bb.<\/p>\n<p style=\"text-align: justify;\"><em>CSI<\/em> a donn\u00e9 naissance \u00e0 trois s\u00e9ries d\u00e9riv\u00e9es : <em>CSI : Miami <\/em>(2002-10, 232 \u00e9pisodes), <em>CSI : NY<\/em> (2004-13, 197 \u00e9pisodes) et <em>CSI : Cyber <\/em>(2015-16, 31 \u00e9pisodes [<em>pr\u00e9cision ajout\u00e9e, janvier 2019<\/em>]). Cette derni\u00e8re s\u00e9rie s&rsquo;est focalis\u00e9e sur des enqu\u00eates dans le monde virtuel plut\u00f4t que de la science m\u00e9dico-l\u00e9gale.<\/p>\n<p style=\"text-align: justify;\"><span style=\"font-size: 10pt;\"><em>Sources : <\/em>Le Monde, <em>27-28 septembre 2015, p. 24 ; entr\u00e9es Wikipedia \u00ab\u00a0CSI\u00a0\u00bb, \u00ab\u00a0CSI franchise\u00a0\u00bb (anglais).<\/em><\/span><\/p>\n<p style=\"text-align: justify;\"><div class=\"su-box su-box-style-default\" id=\"\" style=\"border-color:#00998d;border-radius:3px;max-width:none\"><div class=\"su-box-title\" style=\"background-color:#00CCC0;color:#FFFFFF;border-top-left-radius:1px;border-top-right-radius:1px\">Commentaire du r\u00e9dacteur<\/div><div class=\"su-box-content su-u-clearfix su-u-trim\" style=\"border-bottom-left-radius:1px;border-bottom-right-radius:1px\">\n<figure id=\"attachment_19491\" aria-describedby=\"caption-attachment-19491\" style=\"width: 126px\" class=\"wp-caption alignright\"><a href=\"https:\/\/industrie-culturelle.fr\/industrie-culturelle\/wp-content\/uploads\/2015\/10\/zuiker.jpe\"><img loading=\"lazy\" decoding=\"async\" class=\" wp-image-19491\" src=\"https:\/\/industrie-culturelle.fr\/industrie-culturelle\/wp-content\/uploads\/2015\/10\/zuiker-150x150.jpe\" alt=\"Anthony Zuiker (1968-)\" width=\"126\" height=\"126\" srcset=\"https:\/\/industrie-culturelle.fr\/industrie-culturelle\/wp-content\/uploads\/2015\/10\/zuiker-150x150.jpe 150w, https:\/\/industrie-culturelle.fr\/industrie-culturelle\/wp-content\/uploads\/2015\/10\/zuiker-144x144.jpe 144w, https:\/\/industrie-culturelle.fr\/industrie-culturelle\/wp-content\/uploads\/2015\/10\/zuiker-36x36.jpe 36w, https:\/\/industrie-culturelle.fr\/industrie-culturelle\/wp-content\/uploads\/2015\/10\/zuiker-32x32.jpe 32w, https:\/\/industrie-culturelle.fr\/industrie-culturelle\/wp-content\/uploads\/2015\/10\/zuiker-64x64.jpe 64w, https:\/\/industrie-culturelle.fr\/industrie-culturelle\/wp-content\/uploads\/2015\/10\/zuiker-96x96.jpe 96w, https:\/\/industrie-culturelle.fr\/industrie-culturelle\/wp-content\/uploads\/2015\/10\/zuiker-128x128.jpe 128w, https:\/\/industrie-culturelle.fr\/industrie-culturelle\/wp-content\/uploads\/2015\/10\/zuiker.jpe 225w\" sizes=\"auto, (max-width: 126px) 100vw, 126px\" \/><\/a><figcaption id=\"caption-attachment-19491\" class=\"wp-caption-text\">Anthony Zuiker (1968-)<\/figcaption><\/figure>\n<p style=\"text-align: justify;\">Les mots de Petersen, et de Zuicker, complaisamment relay\u00e9s par l&rsquo;article du <em>Monde<\/em>, rel\u00e8vent plut\u00f4t de l&rsquo;autopromotion (qui s&rsquo;appelle plus famili\u00e8rement \u00ab la com \u00bb). Il ne faut pas s&rsquo;attendre \u00e0 autre chose de la part de personnes aussi impliqu\u00e9es, mais les analyses universitaires et journalistiques peuvent \u00eatre aussi l\u00e9nifiantes \u00e0 leur mani\u00e8re. Les discours d&rsquo;escorte de cette s\u00e9rie ont toujours insist\u00e9 sur sa dimension scientifique, voire p\u00e9dagogique et humaniste, alors que la science en question comporte des sc\u00e8nes d&rsquo;autopsie macabres, qui n&rsquo;\u00e9pargnent aucunement le t\u00e9l\u00e9spectateur quant \u00e0 la r\u00e9alit\u00e9 biochimique de la d\u00e9composition des cadavres. Clairement, la s\u00e9rie renvoie plus \u00e0 une forme de pornographie morbide qu&rsquo;\u00e0 un engouement pour la m\u00e9thode scientifique, qui n&rsquo;influe pas ici sur la soci\u00e9t\u00e9 des vivants. Nul meilleur monde en devenir. Quant au producteur Zuiker, enclin \u00e0 des justificatifs pseudo-philosophiques, le lien (myst\u00e9rieux) qu&rsquo;il avance entre les attaques terroristes du \u00ab 9\/11 \u00bb (le 11 septembre 2001), et le\u00a0\u00ab <em>d\u00e9collage<\/em>\u00a0\u00bb de <em>CSI <\/em>ne r\u00e9siste pas \u00e0 un regard un tant soit peu critique. La premi\u00e8re saison de <em>CSI<\/em> (2000-01), diffus\u00e9e int\u00e9gralement avant \u00ab 9\/11 \u00bb, a attir\u00e9 20,8 millions de t\u00e9l\u00e9spectateurs en moyenne par \u00e9pisode ; la deuxi\u00e8me saison, qui a d\u00e9but\u00e9 quelques semaines apr\u00e8s les attaques, 23,7 millions. L&rsquo;audience de la s\u00e9rie a donc \u00e9t\u00e9 largement r\u00e9alis\u00e9e d\u00e8s sa premi\u00e8re saison.<\/p>\n<p style=\"text-align: justify;\">Cela dit, la s\u00e9rie a fait preuve d&rsquo;une long\u00e9vit\u00e9 exceptionnelle, cinqui\u00e8me de tous les temps aux \u00c9tats-Unis (si l&rsquo;on exclut quelques dessins anim\u00e9s), apr\u00e8s <em>Gunsmoke <\/em>(635 \u00e9pisodes, 1955-75), <em>Law and Order (New York District <\/em>en fran\u00e7ais) (456, 1990-2010), <em>Lassie <\/em>(pour enfants, le personnage principal \u00e9tant un chien, 591, 1954-73), <em>Law and Order : Special Victims Unit (New York Unit\u00e9 sp\u00e9ciale)\u00a0<\/em>(368, s\u00e9rie en cours, depuis 1999). Ce que ces s\u00e9ries ont en commun, c&rsquo;est une formule exceptionnellement stable et pr\u00e9visible. Si <em>Gunsmoke <\/em>et <em>Lassie <\/em>rel\u00e8vent de la s\u00e9rie classique avec un minimum de personnages r\u00e9currents, les autres font partie de la s\u00e9rie moderne avec de multiples personnages, et des \u00e9l\u00e9ments feuilletonnants, ici relativement faibles. Les arriv\u00e9es et les disparitions de personnages r\u00e9currents ne d\u00e9stabilisent pas l&rsquo;assemblage de base. Dans <em>CSI<\/em>, l&rsquo;expression (minime) de la personnalit\u00e9 est limit\u00e9e sauf exception \u00e0 la sph\u00e8re professionnelle, ce qui va de pair avec des intrigues squelettiques (au moins deux enqu\u00eates par \u00e9pisode de 42 minutes), sans intensit\u00e9 \u00e9motionnelle.<\/p>\n<p style=\"text-align: justify;\">Le pr\u00e9curseur des s\u00e9ries m\u00e9dico-l\u00e9gales fut la britannique <em>Silent Witness <\/em>(<em>Autopsie<\/em> en vf), diffus\u00e9e depuis 1996 sur la BBC, et toujours en production \u00e0 un rythme de 4 \u00e0 6 \u00e9pisodes de deux heures par an. Comme sa longueur l&rsquo;indique, elle est plus cons\u00e9quente d&rsquo;un point de vue dramatique. Diffus\u00e9e aux \u00c9tats-Unis sur BBC America, elle a d\u00fb influencer <em>CSI<\/em>, notamment dans sa conception du cadavre comme un t\u00e9moin privil\u00e9gi\u00e9 (\u00ab qui ne ment pas \u00bb), m\u00eame si Zuiker attribue son inspiration \u00e0 un documentaire sur la cha\u00eene Discovery. En dehors de ses propres franchises, <em>CSI <\/em>a men\u00e9 \u00e0 la cr\u00e9ation d&rsquo;autres s\u00e9ries comportant des autopsies, notamment <em>Bones <\/em>(212 \u00e9pisodes depuis 2005), <em>Rizzoli &amp; Isles <\/em>(86 \u00e9pisodes depuis 2010), <em>Body of Proof <\/em>(42 \u00e9pisodes, 2011-13), et dans une certaine mesure <em>NCIS<\/em> (285 \u00e9pisodes depuis 2003). Il est probable que le cycle de s\u00e9ries m\u00e9dico-l\u00e9gales touche \u00e0 sa fin, en m\u00eame temps que celui des \u00e9missions de t\u00e9l\u00e9-r\u00e9alit\u00e9.<\/p>\n<p style=\"text-align: justify;\"><span style=\"font-size: 10pt;\"><em>Pour une analyse critique de CSI, voir mon livre <\/em>Les s\u00e9ries t\u00e9l\u00e9vis\u00e9es : forme, id\u00e9ologie et mode de production<em> (L&rsquo;Harmattan, 2010), pp. 103-19.<\/em><\/span><\/p>\n<p style=\"text-align: justify;\"><\/div><\/div>\n<h2><span style=\"font-size: 14pt;\">Les s\u00e9ries fran\u00e7aises (#35, septembre 2015)<\/span><\/h2>\n<figure id=\"attachment_19195\" aria-describedby=\"caption-attachment-19195\" style=\"width: 120px\" class=\"wp-caption alignleft\"><a href=\"https:\/\/industrie-culturelle.fr\/industrie-culturelle\/wp-content\/uploads\/2015\/09\/dauc\u00e9.jpeg\"><img loading=\"lazy\" decoding=\"async\" class=\" wp-image-19195\" src=\"https:\/\/industrie-culturelle.fr\/industrie-culturelle\/wp-content\/uploads\/2015\/09\/dauc\u00e9-150x150.jpeg\" alt=\"Emmanuel Dauc\u00e9 (1975-)\" width=\"120\" height=\"120\" srcset=\"https:\/\/industrie-culturelle.fr\/industrie-culturelle\/wp-content\/uploads\/2015\/09\/dauc\u00e9-150x150.jpeg 150w, https:\/\/industrie-culturelle.fr\/industrie-culturelle\/wp-content\/uploads\/2015\/09\/dauc\u00e9-144x144.jpeg 144w, https:\/\/industrie-culturelle.fr\/industrie-culturelle\/wp-content\/uploads\/2015\/09\/dauc\u00e9-36x36.jpeg 36w, https:\/\/industrie-culturelle.fr\/industrie-culturelle\/wp-content\/uploads\/2015\/09\/dauc\u00e9-32x32.jpeg 32w, https:\/\/industrie-culturelle.fr\/industrie-culturelle\/wp-content\/uploads\/2015\/09\/dauc\u00e9-64x64.jpeg 64w, https:\/\/industrie-culturelle.fr\/industrie-culturelle\/wp-content\/uploads\/2015\/09\/dauc\u00e9-96x96.jpeg 96w, https:\/\/industrie-culturelle.fr\/industrie-culturelle\/wp-content\/uploads\/2015\/09\/dauc\u00e9-128x128.jpeg 128w\" sizes=\"auto, (max-width: 120px) 100vw, 120px\" \/><\/a><figcaption id=\"caption-attachment-19195\" class=\"wp-caption-text\">Emmanuel Dauc\u00e9 (1975-)<\/figcaption><\/figure>\n<p style=\"text-align: justify;\">Delphine Ernotte-Cunci, nouvelle pr\u00e9sidente de France T\u00e9l\u00e9visions, a confirm\u00e9, lors d&rsquo;un d\u00e9jeuner organis\u00e9 par l&rsquo;Association des journalistes m\u00e9dias le 31 ao\u00fbt, qu&rsquo;elle souhaitait mettre en place de nouvelles r\u00e8gles pour la production des s\u00e9ries, notamment la commande de pilotes (premiers \u00e9pisodes tests). La courbe des audiences des fictions fran\u00e7aises, particuli\u00e8rement sur France 2 (une moyenne de 4 millions de t\u00e9l\u00e9spectateurs en 2015), est en forte hausse face aux s\u00e9ries am\u00e9ricaines. Avec le syst\u00e8me du pilote de 52 minutes, qui demanderait une mise de 700 000 euros (\u00e9ventuellement cofinanc\u00e9e par le producteur), on pourrait v\u00e9rifier la viabilit\u00e9 du projet avant de s&rsquo;engager pour une saison enti\u00e8re (qui co\u00fbte autour de 5 millions d&rsquo;euros). Emmanuel Dauc\u00e9, codirecteur du d\u00e9partement cr\u00e9ation de s\u00e9ries \u00e0 la F\u00e9mis et coproducteur de nombreuses s\u00e9ries (dont <em>Un village fran\u00e7ais<\/em>), y voit un signe tr\u00e8s encourageant\u00a0: \u00ab <em>Cette mesure permettrait \u00e0 tous les auteurs et producteurs de sortir de cette pyramide de la peur et, surtout, de stopper cette machine infernale de n\u00e9gociations sans fin qui tuent le d\u00e9sir d&rsquo;\u00e9criture et de cr\u00e9ation. Les responsables des unit\u00e9s de fiction ne peuvent plus se contenter de s&rsquo;appuyer sur quelques lignes \u00e9crites sur du papier. Le texte est une d\u00e9marche intellectuelle alors que l&rsquo;image fabrique de l&rsquo;\u00e9motion. <\/em>\u00bb<\/p>\n<figure id=\"attachment_19201\" aria-describedby=\"caption-attachment-19201\" style=\"width: 124px\" class=\"wp-caption alignleft\"><a href=\"https:\/\/industrie-culturelle.fr\/industrie-culturelle\/wp-content\/uploads\/2015\/09\/boyer1.jpeg\"><img loading=\"lazy\" decoding=\"async\" class=\" wp-image-19201\" src=\"https:\/\/industrie-culturelle.fr\/industrie-culturelle\/wp-content\/uploads\/2015\/09\/boyer1-150x150.jpeg\" alt=\"Jean'Fran\u00e7ois Boyer (1959-)\" width=\"124\" height=\"124\" srcset=\"https:\/\/industrie-culturelle.fr\/industrie-culturelle\/wp-content\/uploads\/2015\/09\/boyer1-150x150.jpeg 150w, https:\/\/industrie-culturelle.fr\/industrie-culturelle\/wp-content\/uploads\/2015\/09\/boyer1-144x144.jpeg 144w, https:\/\/industrie-culturelle.fr\/industrie-culturelle\/wp-content\/uploads\/2015\/09\/boyer1-36x36.jpeg 36w, https:\/\/industrie-culturelle.fr\/industrie-culturelle\/wp-content\/uploads\/2015\/09\/boyer1-32x32.jpeg 32w, https:\/\/industrie-culturelle.fr\/industrie-culturelle\/wp-content\/uploads\/2015\/09\/boyer1-64x64.jpeg 64w, https:\/\/industrie-culturelle.fr\/industrie-culturelle\/wp-content\/uploads\/2015\/09\/boyer1-96x96.jpeg 96w, https:\/\/industrie-culturelle.fr\/industrie-culturelle\/wp-content\/uploads\/2015\/09\/boyer1-128x128.jpeg 128w\" sizes=\"auto, (max-width: 124px) 100vw, 124px\" \/><\/a><figcaption id=\"caption-attachment-19201\" class=\"wp-caption-text\">J.-F. Boyer (1959-)<\/figcaption><\/figure>\n<p style=\"text-align: justify;\">Jean-Fran\u00e7ois Boyer, producteur (<em>Un village fran\u00e7ais<\/em>, <em>Les hommes de l&rsquo;ombre<\/em>) et pr\u00e9sident du groupe Tetra Media est, lui aussi, tr\u00e8s enthousiaste\u00a0: \u00ab <em>Ce dispositif de \u00ab recherche-d\u00e9veloppement \u00bb pourrait concerner une partie des 250 millions d&rsquo;euros que le groupe public consacre chaque ann\u00e9e \u00e0 la fiction. Mais l&rsquo;investissement dans un pilote d\u00e9velopp\u00e9 ferait gagner du temps &#8211; et donc de l&rsquo;argent &#8211; \u00e0 France T\u00e9l\u00e9visions. Il investirait d&#8217;embl\u00e9e dans des s\u00e9ries de qualit\u00e9 qui s&rsquo;exporteraient mieux \u00e0 l&rsquo;\u00e9tranger et donc lui rapporteraient plus d&rsquo;argent. Surtout, ce dispositif attirera les meilleurs auteurs\u00a0: ils auront la garantie que leur projet devienne un film \u00e0 court terme. France T\u00e9l\u00e9visions deviendrait \u00ab la maison des auteurs \u00bb. Enfin, cela permettrait de sortir de la dictature de l&rsquo;Audimat, qui freine tout le syst\u00e8me de production. <\/em>\u00bb<\/p>\n<figure id=\"attachment_19197\" aria-describedby=\"caption-attachment-19197\" style=\"width: 111px\" class=\"wp-caption alignright\"><a href=\"https:\/\/industrie-culturelle.fr\/industrie-culturelle\/wp-content\/uploads\/2015\/09\/de-la-patelli\u00e8re.jpeg\"><img loading=\"lazy\" decoding=\"async\" class=\" wp-image-19197\" src=\"https:\/\/industrie-culturelle.fr\/industrie-culturelle\/wp-content\/uploads\/2015\/09\/de-la-patelli\u00e8re-150x150.jpeg\" alt=\"Fabrice de la Patelli\u00e8re (1968-)\" width=\"111\" height=\"111\" srcset=\"https:\/\/industrie-culturelle.fr\/industrie-culturelle\/wp-content\/uploads\/2015\/09\/de-la-patelli\u00e8re-150x150.jpeg 150w, https:\/\/industrie-culturelle.fr\/industrie-culturelle\/wp-content\/uploads\/2015\/09\/de-la-patelli\u00e8re-144x144.jpeg 144w, https:\/\/industrie-culturelle.fr\/industrie-culturelle\/wp-content\/uploads\/2015\/09\/de-la-patelli\u00e8re-36x36.jpeg 36w, https:\/\/industrie-culturelle.fr\/industrie-culturelle\/wp-content\/uploads\/2015\/09\/de-la-patelli\u00e8re-32x32.jpeg 32w, https:\/\/industrie-culturelle.fr\/industrie-culturelle\/wp-content\/uploads\/2015\/09\/de-la-patelli\u00e8re-64x64.jpeg 64w, https:\/\/industrie-culturelle.fr\/industrie-culturelle\/wp-content\/uploads\/2015\/09\/de-la-patelli\u00e8re-96x96.jpeg 96w, https:\/\/industrie-culturelle.fr\/industrie-culturelle\/wp-content\/uploads\/2015\/09\/de-la-patelli\u00e8re-128x128.jpeg 128w\" sizes=\"auto, (max-width: 111px) 100vw, 111px\" \/><\/a><figcaption id=\"caption-attachment-19197\" class=\"wp-caption-text\">Fabrice de la Patelli\u00e8re (1968-)<\/figcaption><\/figure>\n<p style=\"text-align: justify;\">Sortir de la dictature de l&rsquo;Audimat ? Bigre ! On peut avoir l&rsquo;impression que l&rsquo;on exag\u00e8re les bienfaits des pilotes \u00e0 l&rsquo;am\u00e9ricaine. Bien entendu, il faut faire la part des int\u00e9r\u00eats corporatistes (Boyer parle de producteurs bien adapt\u00e9s au syst\u00e8me actuel qui ne veulent surtout rien changer), mais d&rsquo;autres ont tout de m\u00eame des arguments \u00e0 faire valoir. Fabrice de la Patelli\u00e8re, directeur de la fiction sur Canal+, est sceptique par rapport aux pilotes\u00a0: \u00ab <em> \u00c0 la diff\u00e9rence des \u00c9tats-Unis [&#8230;], ce march\u00e9 n&rsquo;existe pas en France. L&rsquo;investissement financier dans un pilote sous la forme d&rsquo;un \u00e9pisode est \u00e9conomiquement impossible pour Canal, o\u00f9 l&rsquo;on produit essentiellement des s\u00e9ries feuilletonnantes avec des \u00e9pisodes qui avoisinent le million d&rsquo;euros. <\/em>\u00bb Pour sa part, justifiant le refus des pilotes, Olivier Wotling, directeur de l&rsquo;unit\u00e9 fiction d&rsquo;Arte, pense que cette politique est pr\u00e9matur\u00e9e. Selon lui, la diversit\u00e9 et la structure du tissu de producteurs en France ne permettent pas une grande r\u00e9activit\u00e9 dans la mise en production rapide de s\u00e9ries.<\/p>\n<figure id=\"attachment_19235\" aria-describedby=\"caption-attachment-19235\" style=\"width: 95px\" class=\"wp-caption alignleft\"><a href=\"https:\/\/industrie-culturelle.fr\/industrie-culturelle\/wp-content\/uploads\/2015\/09\/cottet.jpeg\"><img loading=\"lazy\" decoding=\"async\" class=\" wp-image-19235\" src=\"https:\/\/industrie-culturelle.fr\/industrie-culturelle\/wp-content\/uploads\/2015\/09\/cottet.jpeg\" alt=\"Guilhem Cottet\" width=\"95\" height=\"95\" srcset=\"https:\/\/industrie-culturelle.fr\/industrie-culturelle\/wp-content\/uploads\/2015\/09\/cottet.jpeg 104w, https:\/\/industrie-culturelle.fr\/industrie-culturelle\/wp-content\/uploads\/2015\/09\/cottet-36x36.jpeg 36w, https:\/\/industrie-culturelle.fr\/industrie-culturelle\/wp-content\/uploads\/2015\/09\/cottet-32x32.jpeg 32w, https:\/\/industrie-culturelle.fr\/industrie-culturelle\/wp-content\/uploads\/2015\/09\/cottet-64x64.jpeg 64w, https:\/\/industrie-culturelle.fr\/industrie-culturelle\/wp-content\/uploads\/2015\/09\/cottet-96x96.jpeg 96w\" sizes=\"auto, (max-width: 95px) 100vw, 95px\" \/><\/a><figcaption id=\"caption-attachment-19235\" class=\"wp-caption-text\">Guilhem Cottet<\/figcaption><\/figure>\n<p style=\"text-align: justify;\">Tout n&rsquo;est pas donc si simple. M\u00eame s&rsquo;il se r\u00e9jouit de l&rsquo;engagement de France T\u00e9l\u00e9visions, Guilhem Cottet, d\u00e9l\u00e9gu\u00e9 g\u00e9n\u00e9ral de la Guilde des sc\u00e9naristes,\u00a0 se sent oblig\u00e9 de nuancer :\u00a0\u00ab\u00a0<em>Tout ce qui peut favoriser une prise de d\u00e9cision plus rapide est le bienvenu. Il y a toutefois un mod\u00e8le \u00e9conomique \u00e0 trouver autour du pilote, qui passe, en premier lieu, par la mise en place de v\u00e9ritables ateliers d&rsquo;\u00e9criture qui font d\u00e9faut sur les s\u00e9ries. <\/em>\u00bb L&rsquo;autre b\u00e9mol vient de l&rsquo;entourage de Delphine Ernotte\u00a0: \u00ab<em> Ce syst\u00e8me [de commandes de pilotes] ne s&rsquo;appliquerait que pour quelques projets et dans les limites des finances de France T\u00e9l\u00e9visions. <\/em>\u00bb La dotation d&rsquo;\u00c9tat \u00e0 l&rsquo;audiovisuel public doit \u00eatre supprim\u00e9e en 2017, afin que celui-ci ne d\u00e9pende plus que de ses ressources propres (en dehors de la redevance et des taxes sur les fournisseurs d&rsquo;Internet), ce qui n&rsquo;est pas r\u00e9aliste de l&rsquo;avis de beaucoup de professionnels concern\u00e9s. Affaire donc \u00e0 suivre.<\/p>\n<p style=\"text-align: justify;\">En attendant, les s\u00e9ries <em>Les Petits Meurtres d&rsquo;Agatha Christie<\/em>, <em>Deux flics sur les docks<\/em>, <em>Cherif<\/em>, <em>Candice Renoir<\/em>, <em>Nina<\/em>, <em>Accus\u00e9<\/em> ont \u00e9t\u00e9 reconduites sur France 2 ; <em>Dix pour cent <\/em>(C\u00e9dric Klapisch) et <em>Malaterra <\/em>(adaptation fran\u00e7aise de <em>Broadchurch<\/em>) d\u00e9butent.<\/p>\n<p style=\"text-align: justify;\"><span style=\"font-size: 10pt;\"><em>Sources\u00a0: \u00ab Y aurait-il un pilote dans les s\u00e9ries \u00bb, <\/em>Le Monde<em>, 7 septembre 2015, p. 24 ; entretien avec Jean-Fran\u00e7ois Boyer, <\/em>idem.<\/span><\/p>\n<h2><span style=\"font-size: 12pt;\"><span style=\"font-size: 14pt;\">L&rsquo;Europe des s\u00e9ries : passage en revue (#34, septembre 2015)<\/span><\/span><\/h2>\n<p style=\"text-align: justify;\">Pendant la p\u00e9riode estivale, Martine Delahaye du journal <em>Le Monde <\/em>a pass\u00e9 en revue la situation dans diverses t\u00e9l\u00e9visions europ\u00e9ennes par rapport \u00e0 la production de s\u00e9ries, en publiant pendant six semaines un entretien avec un(e) professionnel(le) fortement impliqu\u00e9(e) dans l&rsquo;avenir de la t\u00e9l\u00e9vision de son pays. Le Royaume-Uni, producteur historique de s\u00e9ries pour le march\u00e9 international, et \u00e0 ce titre un cas \u00e0 part, n&rsquo;a pas \u00e9t\u00e9 trait\u00e9. La<em> Web-revue <\/em>r\u00e9sume ici les points marquants des propos tenus, d&rsquo;autant plus passionnants qu&rsquo;ils sont sujets \u00e0 d\u00e9bat.<\/p>\n<p style=\"text-align: justify;\"><span style=\"font-size: 12pt;\"><strong>La France<\/strong><\/span><\/p>\n<figure id=\"attachment_18765\" aria-describedby=\"caption-attachment-18765\" style=\"width: 107px\" class=\"wp-caption alignright\"><a href=\"https:\/\/industrie-culturelle.fr\/industrie-culturelle\/wp-content\/uploads\/2015\/08\/nicolas1.jpeg\"><img loading=\"lazy\" decoding=\"async\" class=\" wp-image-18765\" src=\"https:\/\/industrie-culturelle.fr\/industrie-culturelle\/wp-content\/uploads\/2015\/08\/nicolas1-150x150.jpeg\" alt=\"Marc Nicolas\" width=\"107\" height=\"107\" srcset=\"https:\/\/industrie-culturelle.fr\/industrie-culturelle\/wp-content\/uploads\/2015\/08\/nicolas1-150x150.jpeg 150w, https:\/\/industrie-culturelle.fr\/industrie-culturelle\/wp-content\/uploads\/2015\/08\/nicolas1-144x144.jpeg 144w, https:\/\/industrie-culturelle.fr\/industrie-culturelle\/wp-content\/uploads\/2015\/08\/nicolas1-36x36.jpeg 36w, https:\/\/industrie-culturelle.fr\/industrie-culturelle\/wp-content\/uploads\/2015\/08\/nicolas1-115x115.jpeg 115w, https:\/\/industrie-culturelle.fr\/industrie-culturelle\/wp-content\/uploads\/2015\/08\/nicolas1-32x32.jpeg 32w, https:\/\/industrie-culturelle.fr\/industrie-culturelle\/wp-content\/uploads\/2015\/08\/nicolas1-64x64.jpeg 64w, https:\/\/industrie-culturelle.fr\/industrie-culturelle\/wp-content\/uploads\/2015\/08\/nicolas1-96x96.jpeg 96w, https:\/\/industrie-culturelle.fr\/industrie-culturelle\/wp-content\/uploads\/2015\/08\/nicolas1-128x128.jpeg 128w\" sizes=\"auto, (max-width: 107px) 100vw, 107px\" \/><\/a><figcaption id=\"caption-attachment-18765\" class=\"wp-caption-text\">Marc Nicolas (1957-2016)<\/figcaption><\/figure>\n<p style=\"text-align: justify;\"><a href=\"https:\/\/www.letudiant.fr\/educpros\/personnalites\/nicolas-marc-223.html\" target=\"_blank\" rel=\"noopener noreferrer\">Marc Nicolas<\/a>, directeur de la prestigieuse \u00c9cole fran\u00e7aise de cin\u00e9ma (la F\u00e9mis), estime que le sous-d\u00e9veloppement de la t\u00e9l\u00e9vision par rapport au cin\u00e9ma en France est en train d&rsquo;\u00e9voluer rapidement, et que la phase historique qui a privil\u00e9gi\u00e9 la production de t\u00e9l\u00e9films unitaires de 90 minutes (plut\u00f4t que de s\u00e9ries) s&rsquo;ach\u00e8ve. Il faut pr\u00e9ciser que son optimisme (strat\u00e9gique, car c&rsquo;est lui qui a lanc\u00e9 un cursus de formation au sc\u00e9nario de s\u00e9ries en 2013, voir <a href=\"https:\/\/industrie-culturelle.fr\/industrie-culturelle\/actualites-8-avril-2013\/\" target=\"_blank\" rel=\"noopener noreferrer\">Actualit\u00e9s #8<\/a>) n&rsquo;est pas partag\u00e9 par tous les acteurs du secteur, qui insistent sur la frilosit\u00e9 cr\u00e9ative de la t\u00e9l\u00e9vision fran\u00e7aise (surtout France 2, on ne parle m\u00eame pas de TF1), et sur son mode de fonctionnement en crise. Symptomatiquement, Canal+, o\u00f9 la fonction de <em>showrunner<\/em> existe d\u00e9j\u00e0 depuis peu, est la seule cha\u00eene \u00e9voqu\u00e9e par Nicolas, dont on peut difficilement contester le diagnostic. (Certaines de ses pr\u00e9conisations ont d\u00e9j\u00e0 \u00e9t\u00e9 adopt\u00e9es en Belgique francophone, voir ci-dessous).<\/p>\n<p style=\"text-align: justify;\">\u00ab <em>La t\u00e9l\u00e9vision va \u00eatre domin\u00e9e par les s\u00e9ries [&#8230;] Il y a quelques ann\u00e9es encore, on pouvait croire que les s\u00e9ries \u00e9taient des objets typiquement anglo-saxons. Mais on a vu qu&rsquo;Isra\u00ebl, le Danemark ou la Su\u00e8de, avec des budgets modestes, r\u00e9ussissaient \u00e0 cr\u00e9er des s\u00e9ries de grande qualit\u00e9. Du coup, la France a commenc\u00e9 \u00e0 p\u00e2lir et \u00e0 prendre cela au s\u00e9rieux. [&#8230;] Toutes les industries de la plan\u00e8te r\u00e9alisent un premier \u00e9pisode, un \u00ab pilote \u00bb avant de se lancer dans la production d&rsquo;une s\u00e9rie, sauf nous ! [&#8230;] On a d\u00e9j\u00e0 align\u00e9 toutes les erreurs possibles, \u00e7a ne peut que s&rsquo;am\u00e9liorer [&#8230;] [\u00c0] l&rsquo;horizon de cinq ans, nous aurons en France des s\u00e9ries d&rsquo;une qualit\u00e9 incontestable, le temps que les m\u00e9canismes se mettent en place.<\/em><\/p>\n<p style=\"text-align: justify;\">\u00ab <em>Ce qui manque encore en France, outre les pilotes, c&rsquo;est de cr\u00e9er des s\u00e9ries en quantit\u00e9. \u00c0 r\u00e9aliser beaucoup plus de s\u00e9ries, on mettra fin \u00e0 la crainte de l&rsquo;\u00e9chec de la part des d\u00e9cideurs [&#8230;] [U]ne politique ambitieuse am\u00e8nera \u00e0 faire dispara\u00eetre cette absurdit\u00e9 que vit encore la France, celle de n&rsquo;avoir aucun laboratoire, alors que l\u00e0 encore, il en existe par n\u00e9cessit\u00e9 dans toutes les industries. Nous nous devons de disposer d&rsquo;un lieu qui soit \u00e0 la fois un terrain d&rsquo;exp\u00e9rimentations et une poubelle g\u00e9ante, pour que les cr\u00e9ateurs puissent s&rsquo;essayer \u00e0 toutes sortes d&rsquo;exp\u00e9riences et m\u00eame se planter [&#8230;]<\/em><\/p>\n<p style=\"text-align: justify;\">\u00ab<em> Avec la s\u00e9rialit\u00e9, pour diriger et unifier toutes les \u00e9quipes, il faut absolument un auteur, \u00e0 l&rsquo;image du r\u00e9alisateur au cin\u00e9ma. Il ne s&rsquo;agit donc plus de se demander si, oui ou non, nous aurons des <\/em>showrunners<em> en France, mais plut\u00f4t quand. Cela dit, il n&rsquo;existe pas de puret\u00e9 du genre, pas de proc\u00e9d\u00e9-type, avec une mani\u00e8re id\u00e9ale et unique de travailler ; ni aux \u00c9tats-Unis, ni en France. <\/em>\u00bb<\/p>\n<p style=\"text-align: justify;\"><a href=\"https:\/\/www.lemonde.fr\/televisions-radio\/article\/2015\/07\/18\/la-france-prete-a-entrer-dans-la-course_4688407_1655027.html#K8uzBLWbPcEuye6G.99\" target=\"_blank\" rel=\"noopener noreferrer\"><span style=\"font-size: 8pt;\"><span style=\"font-size: 10pt;\">https:\/\/www.lemonde.fr\/televisions-radio\/article\/2015\/07\/18\/la-france-prete-a-entrer-dans-la-course_4688407_1655027.html#K8uzBLWbPcEuye6G.99<\/span><\/span><\/a><\/p>\n<p style=\"text-align: justify;\"><span style=\"font-size: 12pt;\"><strong>L&rsquo;Italie<\/strong><\/span><\/p>\n<figure id=\"attachment_18760\" aria-describedby=\"caption-attachment-18760\" style=\"width: 102px\" class=\"wp-caption alignleft\"><a href=\"https:\/\/industrie-culturelle.fr\/industrie-culturelle\/wp-content\/uploads\/2015\/08\/milano.jpeg\"><img loading=\"lazy\" decoding=\"async\" class=\" wp-image-18760\" src=\"https:\/\/industrie-culturelle.fr\/industrie-culturelle\/wp-content\/uploads\/2015\/08\/milano-150x150.jpeg\" alt=\"Luca Milano\" width=\"102\" height=\"102\" srcset=\"https:\/\/industrie-culturelle.fr\/industrie-culturelle\/wp-content\/uploads\/2015\/08\/milano-150x150.jpeg 150w, https:\/\/industrie-culturelle.fr\/industrie-culturelle\/wp-content\/uploads\/2015\/08\/milano-144x144.jpeg 144w, https:\/\/industrie-culturelle.fr\/industrie-culturelle\/wp-content\/uploads\/2015\/08\/milano-36x36.jpeg 36w, https:\/\/industrie-culturelle.fr\/industrie-culturelle\/wp-content\/uploads\/2015\/08\/milano-115x115.jpeg 115w, https:\/\/industrie-culturelle.fr\/industrie-culturelle\/wp-content\/uploads\/2015\/08\/milano-32x32.jpeg 32w, https:\/\/industrie-culturelle.fr\/industrie-culturelle\/wp-content\/uploads\/2015\/08\/milano-64x64.jpeg 64w, https:\/\/industrie-culturelle.fr\/industrie-culturelle\/wp-content\/uploads\/2015\/08\/milano-96x96.jpeg 96w, https:\/\/industrie-culturelle.fr\/industrie-culturelle\/wp-content\/uploads\/2015\/08\/milano-128x128.jpeg 128w\" sizes=\"auto, (max-width: 102px) 100vw, 102px\" \/><\/a><figcaption id=\"caption-attachment-18760\" class=\"wp-caption-text\">Luca Milano<\/figcaption><\/figure> <figure id=\"attachment_18761\" aria-describedby=\"caption-attachment-18761\" style=\"width: 124px\" class=\"wp-caption alignright\"><a href=\"https:\/\/industrie-culturelle.fr\/industrie-culturelle\/wp-content\/uploads\/2015\/08\/andreatta.jpeg\"><img loading=\"lazy\" decoding=\"async\" class=\" wp-image-18761\" src=\"https:\/\/industrie-culturelle.fr\/industrie-culturelle\/wp-content\/uploads\/2015\/08\/andreatta-150x150.jpeg\" alt=\"Eleonora Andreatta\" width=\"124\" height=\"124\" srcset=\"https:\/\/industrie-culturelle.fr\/industrie-culturelle\/wp-content\/uploads\/2015\/08\/andreatta-150x150.jpeg 150w, https:\/\/industrie-culturelle.fr\/industrie-culturelle\/wp-content\/uploads\/2015\/08\/andreatta-144x144.jpeg 144w, https:\/\/industrie-culturelle.fr\/industrie-culturelle\/wp-content\/uploads\/2015\/08\/andreatta-36x36.jpeg 36w, https:\/\/industrie-culturelle.fr\/industrie-culturelle\/wp-content\/uploads\/2015\/08\/andreatta-115x115.jpeg 115w, https:\/\/industrie-culturelle.fr\/industrie-culturelle\/wp-content\/uploads\/2015\/08\/andreatta-32x32.jpeg 32w, https:\/\/industrie-culturelle.fr\/industrie-culturelle\/wp-content\/uploads\/2015\/08\/andreatta-64x64.jpeg 64w, https:\/\/industrie-culturelle.fr\/industrie-culturelle\/wp-content\/uploads\/2015\/08\/andreatta-96x96.jpeg 96w, https:\/\/industrie-culturelle.fr\/industrie-culturelle\/wp-content\/uploads\/2015\/08\/andreatta-128x128.jpeg 128w\" sizes=\"auto, (max-width: 124px) 100vw, 124px\" \/><\/a><figcaption id=\"caption-attachment-18761\" class=\"wp-caption-text\">Eleonora Andreatta<\/figcaption><\/figure>\n<p style=\"text-align: justify;\">Luca Milano est directeur adjoint de la fiction au sein de la RAI, le groupe de cha\u00eenes publiques italiennes. D&rsquo;apr\u00e8s lui, l&rsquo;arriv\u00e9e il y a trois ans d&rsquo;Eleonora Andreatta \u00e0 la t\u00eate de la fiction a renouvel\u00e9 le genre. Elle a demand\u00e9 des th\u00e8mes plus contemporaines, et a aussi favoris\u00e9 des s\u00e9ries plus longues au lieu des minis\u00e9ries, apr\u00e8s une p\u00e9riode de r\u00e9ductions budg\u00e9taires qui a pris fin en 2015. Les s\u00e9ries polici\u00e8res, dont on cr\u00e9e quatre ou cinq par an, s&rsquo;ouvrent davantage aux probl\u00e8mes actuels comme l&rsquo;influence de la mafia, et la corruption politique. Milano cite le festival \u00ab S\u00e9rie S\u00e9ries \u00bb de Fontainebleau comme une influence d\u00e9terminante ; c&rsquo;est l\u00e0 qu&rsquo;il a rencontr\u00e9 les producteurs scandinaves et appris la fa\u00e7on dont ils travaillent pour cr\u00e9er des s\u00e9ries. La s\u00e9rie italienne la plus populaire reste la tr\u00e8s classique <a href=\"https:\/\/fr.wikipedia.org\/wiki\/Commissaire_Montalbano\" target=\"_blank\" rel=\"noopener noreferrer\"><em>Commissaire Montalbano<\/em> <\/a>(RAI1) qui cartonne depuis 1999 ; sur cette base, le titre phare propos\u00e9 \u00e0 la rentr\u00e9e sera <em>Le jeune Montalbano <\/em>qui revient sur les d\u00e9buts du commissaire sicilien. \u00c0 noter aussi la production par le bouquet payant Sky Italia de <em>1992 <\/em>(10 x 50 minutes), qui raconte l&rsquo;ascension de Berlusconi vue par un publicitaire, avec un mode de production \u00e0 l&rsquo;am\u00e9ricaine ; les trois jeunes auteurs ont \u00e9t\u00e9 pr\u00e9sents du d\u00e9but \u00e0 la fin de celle-ci, chose rare en Italie. Une suite\u00a0<em>1993 <\/em>est en cours d&rsquo;\u00e9laboration.<\/p>\n<p style=\"text-align: justify;\">\u00ab <em>Nous avons une grande tradition de production de fiction t\u00e9l\u00e9vis\u00e9e. Les Italiens pr\u00e9f\u00e8rent de loin les s\u00e9ries italiennes aux s\u00e9ries \u00e9trang\u00e8res, contrairement aux Fran\u00e7ais, qui regardent \u00e9norm\u00e9ment de s\u00e9ries am\u00e9ricaines. C&rsquo;est simple : en Italie, aucune des deux cha\u00eenes principales, RAI1 et Canal 5 (du groupe priv\u00e9 Mediaset) ne diffuse de s\u00e9rie am\u00e9ricaine en d\u00e9but de soir\u00e9e. [&#8230;] Nous [le RAI] produisons les deux-tiers de la fiction du pays, et les s\u00e9ries marchent tr\u00e8s bien \u00e0 condition d&rsquo;avoir une forte identit\u00e9 italienne [&#8230;] Nous ancrons nos s\u00e9ries dans notre culture, nos particularismes, notre terroir. <\/em><\/p>\n<p style=\"text-align: justify;\">\u00ab <em>Nous avons d\u00e9j\u00e0 collabor\u00e9 avec des cha\u00eenes priv\u00e9es espagnoles comme Tele 5 ou Antena 3, mais seulement pour des mini-s\u00e9ries [&#8230;] En fait, il est difficile de trouver des sujets europ\u00e9ens qui parlent tr\u00e8s directement au grand public italien [&#8230;] Il est plus facile de coproduire avec des pays \u00e9trangers pour les cha\u00eenes payantes, de type Canal +, car leurs abonn\u00e9s sont plus jeunes et moins traditionnels.<\/em> \u00bb<\/p>\n<p style=\"text-align: justify;\"><a href=\"https:\/\/www.lemonde.fr\/televisions-radio\/article\/2015\/07\/25\/l-italie-la-force-de-la-tradition_4698147_1655027.html\" target=\"_blank\" rel=\"noopener noreferrer\"><span style=\"font-size: 8pt;\"><span style=\"font-size: 10pt;\">https:\/\/www.lemonde.fr\/televisions-radio\/article\/2015\/07\/25\/l-italie-la-force-de-la-tradition_4698147_1655027.html<\/span><\/span><\/a><\/p>\n<p>&nbsp;<\/p>\n<p style=\"text-align: justify;\"><span style=\"font-size: 12pt;\"><strong>L&rsquo;Allemagne<\/strong><\/span><\/p>\n<figure id=\"attachment_18769\" aria-describedby=\"caption-attachment-18769\" style=\"width: 101px\" class=\"wp-caption alignleft\"><a href=\"https:\/\/industrie-culturelle.fr\/industrie-culturelle\/wp-content\/uploads\/2015\/08\/brehm.jpeg\"><img loading=\"lazy\" decoding=\"async\" class=\" wp-image-18769\" src=\"https:\/\/industrie-culturelle.fr\/industrie-culturelle\/wp-content\/uploads\/2015\/08\/brehm-150x150.jpeg\" alt=\"Anna Brehm\" width=\"101\" height=\"101\" srcset=\"https:\/\/industrie-culturelle.fr\/industrie-culturelle\/wp-content\/uploads\/2015\/08\/brehm-150x150.jpeg 150w, https:\/\/industrie-culturelle.fr\/industrie-culturelle\/wp-content\/uploads\/2015\/08\/brehm-144x144.jpeg 144w, https:\/\/industrie-culturelle.fr\/industrie-culturelle\/wp-content\/uploads\/2015\/08\/brehm-36x36.jpeg 36w, https:\/\/industrie-culturelle.fr\/industrie-culturelle\/wp-content\/uploads\/2015\/08\/brehm-115x115.jpeg 115w, https:\/\/industrie-culturelle.fr\/industrie-culturelle\/wp-content\/uploads\/2015\/08\/brehm-32x32.jpeg 32w, https:\/\/industrie-culturelle.fr\/industrie-culturelle\/wp-content\/uploads\/2015\/08\/brehm-64x64.jpeg 64w, https:\/\/industrie-culturelle.fr\/industrie-culturelle\/wp-content\/uploads\/2015\/08\/brehm-96x96.jpeg 96w, https:\/\/industrie-culturelle.fr\/industrie-culturelle\/wp-content\/uploads\/2015\/08\/brehm-128x128.jpeg 128w, https:\/\/industrie-culturelle.fr\/industrie-culturelle\/wp-content\/uploads\/2015\/08\/brehm.jpeg 224w\" sizes=\"auto, (max-width: 101px) 100vw, 101px\" \/><\/a><figcaption id=\"caption-attachment-18769\" class=\"wp-caption-text\">Anna K. Brehm<\/figcaption><\/figure>\n<p style=\"text-align: justify;\">Anna Katharina Brehm a travaill\u00e9 pour la cha\u00eene publique ZDF en tant que directrice de production. Elle a fait partie pendant l&rsquo;ann\u00e9e 2013-14 de la premi\u00e8re promotion tr\u00e8s s\u00e9lective d&rsquo;une formation \u00e0 l&rsquo;\u00e9criture de s\u00e9ries \u00e0 Berlin (<em>Serial Eyes<\/em>), propos\u00e9 par l&rsquo;Acad\u00e9mie allemande du film et de la t\u00e9l\u00e9vision. Elle vient de monter sa propre structure de production \u00e0 Munich. Selon elle, l&rsquo;avenir des s\u00e9ries en Europe r\u00e9side dans des coproductions entre pays, et entre cha\u00eenes publiques et priv\u00e9es, la t\u00e9l\u00e9vision allemande \u00e9tant rest\u00e9e trop longtemps centr\u00e9e sur le march\u00e9 interne. Toujours selon elle, les jeunes producteurs allemands veulent rattraper le retard par rapport aux \u00c9tats-Unis et, ce qui pourrait surprendre, par rapport \u00e0 la France.<\/p>\n<p style=\"text-align: justify;\">\u00ab <em>Les s\u00e9ries allemandes les plus populaires sont des policiers tr\u00e8s traditionnels comme <\/em><a href=\"https:\/\/fr.wikipedia.org\/wiki\/Tatort\" target=\"_blank\" rel=\"noopener noreferrer\">Tatort<\/a><em> (<\/em>Sur les lieux du crime<em>) cr\u00e9e en 1970 et toujours diffus\u00e9e sur la cha\u00eene publique ARD, le dimanche \u00e0 20h15. Cela dit, nous regardons aussi pas mal de s\u00e9ries am\u00e9ricaines, surtout sur des cha\u00eenes priv\u00e9es [&#8230;] Les quelques s\u00e9ries d&rsquo;envergure r\u00e9alis\u00e9es en Allemagne jusqu&rsquo;ici, <\/em>Heimat<em>, <\/em>Generation War<em>, ou encore <\/em>Deutschland 83<em> dont la diffusion est pr\u00e9vue pour la rentr\u00e9e, s&rsquo;exportent tr\u00e8s bien ; mais elles ne s&rsquo;int\u00e9ressent qu&rsquo;\u00e0 l&rsquo;histoire, au pass\u00e9 de notre pays. J&rsquo;ai cependant le sentiment que se pr\u00e9parent en ce moment de tr\u00e8s bonnes s\u00e9ries allemandes sur le temps pr\u00e9sent, sur notre soci\u00e9t\u00e9, nos probl\u00e8mes et notre identit\u00e9 [&#8230;] Or, on sent bien, actuellement, un grand d\u00e9sir de produire des choses de plus grande qualit\u00e9, de raconter des histoires d&rsquo;int\u00e9r\u00eat international, afin de r\u00e9pondre \u00e0 l&rsquo;engouement des jeunes pour un nouveau type de s\u00e9rie et de nous mesurer aux autres, \u00e0 l&rsquo;int\u00e9rieur du march\u00e9 europ\u00e9en&#8230; Voil\u00e0 vingt ans que les \u00c9tats-Unis ont fait \u00e9voluer leurs s\u00e9ries vers de la grande qualit\u00e9 ; la France s&rsquo;y est mise il y a dix ans, et nous venons tout juste de commencer.<\/em><\/p>\n<p style=\"text-align: justify;\">\u00ab <em>J<\/em><em>e ne ressens pas de confiance envers nos auteurs en Allemagne. Leur statut en Grande-Bretagne ou en Scandinavie est reconnu et respect\u00e9 [&#8230;] <\/em><em>Un auteur, c&rsquo;est quelqu&rsquo;un qui a une histoire en t\u00eate, et qu&rsquo;il est le seul \u00e0 pouvoir raconter. Nous, nous concentrons toute notre attention sur les r\u00e9alisateurs, comme au cin\u00e9ma [&#8230;] <\/em><em>\u00c0 mes yeux, les mieux \u00e0 m\u00eame de cr\u00e9er de bonnes s\u00e9ries \u00e0 l&rsquo;avenir ne sont pas ceux qui, jusqu&rsquo;ici, avaient l&rsquo;habitude d&rsquo;\u00e9crire des films, de cin\u00e9ma ou de t\u00e9l\u00e9vision. Dans les maisons de production, beaucoup consid\u00e8rent que films et s\u00e9ries ne sont pas tr\u00e8s diff\u00e9rents [&#8230;] Pas moi. <\/em><\/p>\n<p style=\"text-align: justify;\">\u00ab <em>Il m&rsquo;est apparu \u00e9vident que, \u00e0 cr\u00e9er autant de s\u00e9ries, et pour autant de canaux diff\u00e9rents, les \u00c9tats-Unis sont \u00e0 la recherche de concepts originaux, \u00e0 l&rsquo;aff\u00fbt d&rsquo;id\u00e9es \u00e9trang\u00e8res novatrices qu&rsquo;ils pourraient adapter \u00e0 leur pays et \u00e0 leur langue [&#8230;] C&rsquo;est une fantastique opportunit\u00e9, car nombre d&rsquo;histoires ne peuvent \u00eatre racont\u00e9es que par nous : pensez \u00e0 <\/em>Borgen<em> par exemple, \u00e0 la fois si danoise et si universelle ! Je suis maintenant persuad\u00e9e que les \u00e9changes entre l&rsquo;Europe et l&rsquo;Am\u00e9rique vont s&rsquo;intensifier. <\/em>\u00bb<\/p>\n<p style=\"text-align: justify;\"><a href=\"https:\/\/www.lemonde.fr\/televisions-radio\/article\/2015\/08\/01\/l-allemagne-veut-s-exporter_4707384_1655027.html\" target=\"_blank\" rel=\"noopener noreferrer\"><span style=\"font-size: 8pt;\"><span style=\"font-size: 10pt;\">https:\/\/www.lemonde.fr\/televisions-radio\/article\/2015\/08\/01\/l-allemagne-veut-s-exporter_4707384_1655027.html<\/span><\/span><\/a><\/p>\n<p style=\"text-align: justify;\"><span style=\"font-size: 12pt;\"><strong>L&rsquo;Espagne<\/strong><\/span><\/p>\n<p style=\"text-align: justify;\">L&rsquo;Espagne produisait beaucoup de t\u00e9l\u00e9films unitaires jusqu&rsquo;en 2006. Dor\u00e9navant, elle en ach\u00e8te pas mal \u00e0 la France ou \u00e0 l&rsquo;Allemagne, mais ceux-ci n&rsquo;ont jamais fait une tr\u00e8s bonne audience. La T\u00e9l\u00e9vision de Catalogne a souvent \u00e9t\u00e9 pionni\u00e8re pour de nouveaux formats de s\u00e9ries, mais depuis trois ans son budget fiction s&rsquo;est sensiblement diminu\u00e9. Aujourd&rsquo;hui, l&rsquo;Espagne produit surtout des minis\u00e9ries de quatre \u00e0 six \u00e9pisodes, et lorgne vers les coproductions de prestige. Mais la crise (et le ch\u00f4mage massif des jeunes, \u00e0 plus de 50%) s\u00e9vit&#8230;<\/p>\n<figure id=\"attachment_18828\" aria-describedby=\"caption-attachment-18828\" style=\"width: 123px\" class=\"wp-caption alignright\"><a href=\"https:\/\/industrie-culturelle.fr\/industrie-culturelle\/wp-content\/uploads\/2015\/08\/banacolocha.jpeg\"><img loading=\"lazy\" decoding=\"async\" class=\" wp-image-18828\" src=\"https:\/\/industrie-culturelle.fr\/industrie-culturelle\/wp-content\/uploads\/2015\/08\/banacolocha-150x150.jpeg\" alt=\"Jaume Banacolocha\" width=\"123\" height=\"123\" srcset=\"https:\/\/industrie-culturelle.fr\/industrie-culturelle\/wp-content\/uploads\/2015\/08\/banacolocha-150x150.jpeg 150w, https:\/\/industrie-culturelle.fr\/industrie-culturelle\/wp-content\/uploads\/2015\/08\/banacolocha-144x144.jpeg 144w, https:\/\/industrie-culturelle.fr\/industrie-culturelle\/wp-content\/uploads\/2015\/08\/banacolocha-36x36.jpeg 36w, https:\/\/industrie-culturelle.fr\/industrie-culturelle\/wp-content\/uploads\/2015\/08\/banacolocha-32x32.jpeg 32w, https:\/\/industrie-culturelle.fr\/industrie-culturelle\/wp-content\/uploads\/2015\/08\/banacolocha-64x64.jpeg 64w, https:\/\/industrie-culturelle.fr\/industrie-culturelle\/wp-content\/uploads\/2015\/08\/banacolocha-96x96.jpeg 96w, https:\/\/industrie-culturelle.fr\/industrie-culturelle\/wp-content\/uploads\/2015\/08\/banacolocha-128x128.jpeg 128w\" sizes=\"auto, (max-width: 123px) 100vw, 123px\" \/><\/a><figcaption id=\"caption-attachment-18828\" class=\"wp-caption-text\">Jaume Banacolocha<\/figcaption><\/figure>\n<p style=\"text-align: justify;\">Jaume Banacolocha est PDG de Diagonal TV (groupe Endemol), une des plus grandes bo\u00eetes de production de fiction en Espagne, et travaille tant\u00f4t pour la t\u00e9l\u00e9vision publique (TVE), tant\u00f4t pour la cha\u00eene commerciale Antena 3. \u00c0 son actif, des s\u00e9ries historiques comme <em>Isabel <\/em>(trois saisons diffus\u00e9es, dont la premi\u00e8re \u00e0 perte), et surtout <em>Charles, Rey Emperador<\/em> (saison unique de 17 \u00e9pisodes coproduite par la TVE, la cha\u00eene de Catalogne et le minist\u00e8re catalan de la culture) qui vise aussi les march\u00e9s allemand, fran\u00e7ais et flamand. Prochainement, pour la cha\u00eene priv\u00e9e Antena 3, il coproduira avec des partenaires espagnols, allemands (et peut-\u00eatre fran\u00e7ais et italiens) <em>La Cath\u00e9drale de la Mer<\/em>, une mini-s\u00e9rie de huit \u00e9pisodes qui racontera la construction de la basilique Sainte-Marie-de-la-Mer au XIVe si\u00e8cle \u00e0 Barcelone.<\/p>\n<p style=\"text-align: justify;\">\u00ab <em>[A]vant la crise, la cha\u00eene Antena 3 s&rsquo;adressait avant tout aux jeunes, ceux qui regardent <\/em>Les Simpsons<em> par exemple [&#8230;] \u00c0 cette \u00e9poque, les jeunes regardaient la t\u00e9l\u00e9vision et disposaient d&rsquo;argent qu&rsquo;ils d\u00e9pensaient facilement. Aujourd&rsquo;hui qu&rsquo;ils sont sur leurs tablettes et n&rsquo;int\u00e9ressent plus les publicitaires, il faut plut\u00f4t concevoir des s\u00e9ries pour les 45 ans et plus, qui ont rembours\u00e9 leur maison et ont, donc, un vrai pouvoir d&rsquo;achat ; des adultes qui cherchent des s\u00e9ries plus difficiles que les tr\u00e8s jeunes. [&#8230;]<\/em><\/p>\n<p style=\"text-align: justify;\">\u00ab <em>De mani\u00e8re g\u00e9n\u00e9rale, coproduire est tr\u00e8s difficile en Espagne, parce que la tradition veut que les cha\u00eenes espagnoles assument seules le co\u00fbt des programmes et en gardent tous les droits d&rsquo;exploitation<\/em>. \u00bb<em><strong><br \/>\n<\/strong><\/em><\/p>\n<p style=\"text-align: justify;\"><a href=\"https:\/\/www.lemonde.fr\/televisions-radio\/article\/2015\/08\/08\/l-espagne-s-initie-a-la-coproduction_4716841_1655027.html\" target=\"_blank\" rel=\"noopener noreferrer\"><span style=\"font-size: 8pt;\"><span style=\"font-size: 10pt;\">https:\/\/www.lemonde.fr\/televisions-radio\/article\/2015\/08\/08\/l-espagne-s-initie-a-la-coproduction_4716841_1655027.html<\/span><\/span><\/a><\/p>\n<p style=\"text-align: justify;\"><span style=\"font-size: 12pt;\"><strong>La Belgique<\/strong><\/span><\/p>\n<figure id=\"attachment_18930\" aria-describedby=\"caption-attachment-18930\" style=\"width: 83px\" class=\"wp-caption alignright\"><a href=\"https:\/\/industrie-culturelle.fr\/industrie-culturelle\/wp-content\/uploads\/2015\/08\/francois-tron.jpeg\"><img loading=\"lazy\" decoding=\"async\" class=\" wp-image-18930\" src=\"https:\/\/industrie-culturelle.fr\/industrie-culturelle\/wp-content\/uploads\/2015\/08\/francois-tron-150x150.jpeg\" alt=\"Fran\u00e7ois Tron\" width=\"83\" height=\"83\" srcset=\"https:\/\/industrie-culturelle.fr\/industrie-culturelle\/wp-content\/uploads\/2015\/08\/francois-tron-150x150.jpeg 150w, https:\/\/industrie-culturelle.fr\/industrie-culturelle\/wp-content\/uploads\/2015\/08\/francois-tron-144x144.jpeg 144w, https:\/\/industrie-culturelle.fr\/industrie-culturelle\/wp-content\/uploads\/2015\/08\/francois-tron-36x36.jpeg 36w, https:\/\/industrie-culturelle.fr\/industrie-culturelle\/wp-content\/uploads\/2015\/08\/francois-tron-32x32.jpeg 32w, https:\/\/industrie-culturelle.fr\/industrie-culturelle\/wp-content\/uploads\/2015\/08\/francois-tron-64x64.jpeg 64w, https:\/\/industrie-culturelle.fr\/industrie-culturelle\/wp-content\/uploads\/2015\/08\/francois-tron-96x96.jpeg 96w, https:\/\/industrie-culturelle.fr\/industrie-culturelle\/wp-content\/uploads\/2015\/08\/francois-tron-128x128.jpeg 128w\" sizes=\"auto, (max-width: 83px) 100vw, 83px\" \/><\/a><figcaption id=\"caption-attachment-18930\" class=\"wp-caption-text\">Fran\u00e7ois Tron<\/figcaption><\/figure>\n<p style=\"text-align: justify;\">La Belgique a deux t\u00e9l\u00e9visions distinctes : celle de la Flandre et celle de la Wallonie. Depuis quinze ans, la t\u00e9l\u00e9vision flamande produit beaucoup de t\u00e9l\u00e9films et de minis\u00e9ries, fortement identitaires, mais qui r\u00e9ussissent \u00e0 s&rsquo;exporter. Par contre, la t\u00e9l\u00e9vision belge francophone a produit tr\u00e8s peu de fiction par le pass\u00e9, car la t\u00e9l\u00e9vision fran\u00e7aise est disponible dans tous les foyers (la Belgique est c\u00e2bl\u00e9e \u00e0 98%). En 2013, la RBTF (Radiot\u00e9l\u00e9vision belge francophone) et le gouvernement de la Communaut\u00e9 fran\u00e7aise (la Wallonie et Bruxelles) ont d\u00e9cid\u00e9 de d\u00e9velopper une \u00ab industrie \u00bb de production de s\u00e9ries \u00e0 partir de z\u00e9ro, se donnant l&rsquo;objectif ambitieux de produire quatre s\u00e9ries de 10 \u00e9pisodes chaque ann\u00e9e d\u00e8s 2019. Fran\u00e7ois Tron est directeur de la t\u00e9l\u00e9vision \u00e0 la RTBF, qui comprend trois cha\u00eenes plus Arte Belgique. Sa devise : \u00ab <em>make local, think global <\/em>\u00bb, c&rsquo;est-\u00e0-dire \u00e9voquer des sujets universels dans un cadre culturel national.<\/p>\n<p style=\"text-align: justify;\">\u00ab <em> [U]n mouvement de fond s&rsquo;est g\u00e9n\u00e9ralis\u00e9 en Europe : la fiction \u00ab locale \u00bb attire de plus en plus de public, d\u00e9passant m\u00eame les s\u00e9ries am\u00e9ricaines, longtemps h\u00e9g\u00e9moniques. \u00c0 quelques exceptions pr\u00e8s, dont la France, les fictions nationales font d\u00e9sormais partie des cinq ou dix meilleures audiences annuelles sur les cha\u00eenes publiques europ\u00e9ennes. Quant aux s\u00e9ries am\u00e9ricaines, elles n&rsquo;ont pas perdu leur potentiel d&rsquo;audience, mais sont de plus en plus suivies sur Internet, parfois m\u00eame quelques heures apr\u00e8s leur diffusion aux \u00c9tats-Unis [&#8230;] Ce qui am\u00e8ne n\u00e9cessairement \u00e0 se demander si &#8211; et jusqu&rsquo;\u00e0 quand &#8211; les cha\u00eenes de t\u00e9l\u00e9vision resteront le mod\u00e8le dominant pour consommer des images. [&#8230;]<\/em><\/p>\n<p style=\"text-align: justify;\">\u00ab <em>Pour favoriser l&rsquo;\u00e9mergence d&rsquo;une autre offre, nous devions donc nous appuyer sur la cr\u00e9ativit\u00e9 d&rsquo;un tissu de production d\u00e9j\u00e0 existant et tr\u00e8s d\u00e9velopp\u00e9 : celui du cin\u00e9ma. Pour autant, nous travaillons avec des budgets bien s\u00fbr modestes : l&rsquo;\u00e9pisode belge [d&rsquo;une s\u00e9rie] de 52 minutes co\u00fbte environ 240 000 \u20ac, quand celui de la France tourne autour de 1,3 million \u20ac et celui du Royaume-Uni autour de 560 000 \u20ac en moyenne.<\/em><\/p>\n<p style=\"text-align: justify;\">\u00ab <em>Nous avons un mot d&rsquo;ordre : [chaque projet] doit entrer en r\u00e9sonance avec l&rsquo;identit\u00e9 belge, \u00eatre ancr\u00e9e dans le contemporain ou la soci\u00e9t\u00e9 [&#8230;] Peu importe le genre. Cela dit, les th\u00e9matiques peuvent \u00eatre transgressives, car en Belgique, le rapport \u00e0 la cr\u00e9ation s&rsquo;av\u00e8re plus libre qu&rsquo;en France. [Il citera plus loin l&rsquo;exemple d&rsquo;<\/em>Ennemi public<em>, pr\u00e9vu en 2016, o\u00f9 il s&rsquo;agit d&rsquo;un assassin d&rsquo;enfants sorti de prison qui est recueilli dans un monast\u00e8re&#8230;]<\/em><\/p>\n<p style=\"text-align: justify;\">\u00ab <em>Une fois un projet retenu et lanc\u00e9 en d\u00e9veloppement, nous finan\u00e7ons un pilote de dix \u00e0 quinze minutes [&#8230;] Pr\u00e9sents sur le tournage, les auteurs sont tr\u00e8s impliqu\u00e9s dans la r\u00e9alisation de leur sc\u00e9nario. En un mot, nous exp\u00e9rimentons. Tout ne fonctionnera pas, mais j&rsquo;esp\u00e8re que nous allons irriguer le tissu cr\u00e9atif belge : avec les professionnels du cin\u00e9ma, mais aussi en jouant le r\u00f4le de p\u00e9pini\u00e8re d&rsquo;auteurs, de r\u00e9alisateurs, de producteurs, certains se formant sans filet, d&rsquo;autres recevant une formation pr\u00e9vue \u00e0 cet effet. <\/em>\u00bb<em><br \/>\n<\/em><\/p>\n<p style=\"text-align: justify;\"><span style=\"font-size: 10pt;\"><a href=\"https:\/\/www.lemonde.fr\/televisions-radio\/article\/2015\/08\/14\/la-belgique-mise-sur-la-creation-maison_4725216_1655027.html\" target=\"_blank\" rel=\"noopener noreferrer\">https:\/\/www.lemonde.fr\/televisions-radio\/article\/2015\/08\/14\/la-belgique-mise-sur-la-creation-maison_4725216_1655027.html<\/a><\/span><\/p>\n<p style=\"text-align: justify;\"><span style=\"font-size: 12pt;\"><strong>La Su\u00e8de<\/strong><\/span><\/p>\n<figure id=\"attachment_18992\" aria-describedby=\"caption-attachment-18992\" style=\"width: 86px\" class=\"wp-caption alignleft\"><a href=\"https:\/\/industrie-culturelle.fr\/industrie-culturelle\/wp-content\/uploads\/2015\/08\/stefan-baron.jpeg\"><img loading=\"lazy\" decoding=\"async\" class=\" wp-image-18992\" src=\"https:\/\/industrie-culturelle.fr\/industrie-culturelle\/wp-content\/uploads\/2015\/08\/stefan-baron-150x150.jpeg\" alt=\"Stefan Baron\" width=\"86\" height=\"86\" srcset=\"https:\/\/industrie-culturelle.fr\/industrie-culturelle\/wp-content\/uploads\/2015\/08\/stefan-baron-150x150.jpeg 150w, https:\/\/industrie-culturelle.fr\/industrie-culturelle\/wp-content\/uploads\/2015\/08\/stefan-baron-144x144.jpeg 144w, https:\/\/industrie-culturelle.fr\/industrie-culturelle\/wp-content\/uploads\/2015\/08\/stefan-baron-36x36.jpeg 36w, https:\/\/industrie-culturelle.fr\/industrie-culturelle\/wp-content\/uploads\/2015\/08\/stefan-baron-32x32.jpeg 32w, https:\/\/industrie-culturelle.fr\/industrie-culturelle\/wp-content\/uploads\/2015\/08\/stefan-baron-64x64.jpeg 64w, https:\/\/industrie-culturelle.fr\/industrie-culturelle\/wp-content\/uploads\/2015\/08\/stefan-baron-96x96.jpeg 96w, https:\/\/industrie-culturelle.fr\/industrie-culturelle\/wp-content\/uploads\/2015\/08\/stefan-baron-128x128.jpeg 128w\" sizes=\"auto, (max-width: 86px) 100vw, 86px\" \/><\/a><figcaption id=\"caption-attachment-18992\" class=\"wp-caption-text\">Stefan Baron<\/figcaption><\/figure>\n<p style=\"text-align: justify;\">Ne comptant que 9 millions d&rsquo;habitants et condamn\u00e9e \u00e0 des budgets r\u00e9duits, la Su\u00e8de ach\u00e8te beaucoup de s\u00e9ries am\u00e9ricaines et britanniques que, par tradition, elle diffuse en version originale sous-titr\u00e9e. Ses propres s\u00e9ries sont souvent cofinanc\u00e9es avec la Norv\u00e8ge et le Danemark, avec qui elle partage une forte affinit\u00e9 culturelle. Les sous-titres s&rsquo;imposent lorsque l&rsquo;intrigue se d\u00e9roule dans plusieurs pays scandinaves, m\u00eame si les langues de ceux-ci appartiennent au m\u00eame groupe linguistique. Depuis quinze ans, la cha\u00eene publique allemande ZDF coproduit ou pr\u00e9ach\u00e8te ses s\u00e9ries polici\u00e8res, grande sp\u00e9cialit\u00e9 scandinave. La cha\u00eene publique su\u00e9doise SVT tourne actuellement, en coproduction avec Canal +, la minis\u00e9rie polici\u00e8re <em>Jour polaire <\/em>(8 \u00e9pisodes de 52 minutes), dans laquelle une \u00e9quipe mixte su\u00e9doise et fran\u00e7aise m\u00e8ne l&rsquo;enqu\u00eate dans la ville mini\u00e8re de Kiruna, au-del\u00e0 du cercle polaire, la victime \u00e9tant fran\u00e7aise. Trois langues y sont utilis\u00e9es : le su\u00e9dois et le fran\u00e7ais pour que chacun s&rsquo;exprime avec ses compatriotes, et l&rsquo;anglais entre personnages n&rsquo;ayant pas de langue commune. Ce r\u00e9alisme d\u00e9complex\u00e9 quant au pluralisme linguistique qu&rsquo;impliquent logiquement les coproductions entre partenaires non anglophones \u00ab \u00e9gaux \u00bb semble \u00eatre l&rsquo;apport principal au renouveau des s\u00e9ries europ\u00e9ennes de la Su\u00e8de, plus habitu\u00e9e au sous-titrage.<\/p>\n<p style=\"text-align: justify;\">Stefan Baron, producteur de la s\u00e9rie remarqu\u00e9e <em>Real Humans<\/em>, est actuellement responsable des coproductions internationales au sein du groupe priv\u00e9 su\u00e9dois Nice Entertainment Group, qui coproduit la s\u00e9rie <em>Jour polaire<\/em>. Jusqu&rsquo;au d\u00e9but 2014, il \u00e9tait directeur de la fiction au sein de la t\u00e9l\u00e9vision publique su\u00e9doise SVT.<\/p>\n<p style=\"text-align: justify;\">\u00ab<em> M\u00eame les Britanniques qui, auparavant, n&rsquo;auraient jamais support\u00e9 des fictions sous-titr\u00e9es, [les] acceptent d\u00e9sormais pour pouvoir d\u00e9couvrir les s\u00e9ries de qualit\u00e9 produites un peu partout dans le monde. Et certaines compagnies am\u00e9ricaines, comme HBO ou Netflix, se sont \u00e9galement mises aux sous-titres [&#8230;] Il nous semble que les jeunes, aujourd&rsquo;hui, veulent voir les bonnes s\u00e9ries en version originale : cela fait partie de la qualit\u00e9 et de la \u00ab couleur \u00bb d&rsquo;une fiction ambitieuse. [&#8230;]<\/em><\/p>\n<p style=\"text-align: justify;\">\u00ab <em>C&rsquo;est compr\u00e9hensible que des productions internationales soient tourn\u00e9es en anglais, et encore, en anglais am\u00e9ricain pour ce qui concerne les \u00c9tats-Unis. Mais les cr\u00e9ations en langue originale repr\u00e9sentent un grand potentiel, m\u00eame \u00e0 l&rsquo;international. L&rsquo;id\u00e9al, pour un diffuseur, consiste \u00e0 offrir un choix, comme le fait Canal + : le doublage en fran\u00e7ais pour ceux qui ne supportent pas les sous-titres et la langue originale pour ceux qui pr\u00e9f\u00e8rent quelque chose de plus \u00ab vrai \u00bb.<\/em> \u00bb<\/p>\n<p style=\"text-align: justify;\"><span style=\"font-size: 10pt;\"><a href=\"https:\/\/www.lemonde.fr\/televisions-radio\/article\/2015\/08\/22\/la-suede-fait-confiance-a-ses-auteurs_4733359_1655027.html\" target=\"_blank\" rel=\"noopener noreferrer\">https:\/\/www.lemonde.fr\/televisions-radio\/article\/2015\/08\/22\/la-suede-fait-confiance-a-ses-auteurs_4733359_1655027.html<\/a><\/span><\/p>\n<p style=\"text-align: justify;\"><div class=\"su-box su-box-style-default\" id=\"\" style=\"border-color:#00998d;border-radius:3px;max-width:none\"><div class=\"su-box-title\" style=\"background-color:#00CCC0;color:#FFFFFF;border-top-left-radius:1px;border-top-right-radius:1px\">Commentaire du r\u00e9dacteur<\/div><div class=\"su-box-content su-u-clearfix su-u-trim\" style=\"border-bottom-left-radius:1px;border-bottom-right-radius:1px\">\n<p style=\"text-align: justify;\">Difficile de tirer imm\u00e9diatement des conclusions globales de ce passage en revue de la production des s\u00e9ries en Europe, tant les situations nationales diff\u00e8rent. Tous les propos sont dignes d&rsquo;int\u00e9r\u00eat ; il faut, bien entendu, faire la part aussi de ce qu&rsquo;ils contiennent de promotion ou de d\u00e9fense des int\u00e9r\u00eats professionnels. Mais ind\u00e9niablement, il y a un regain de qualit\u00e9 dans les s\u00e9ries europ\u00e9ennes depuis quelques ann\u00e9es, comme en atteste la derni\u00e8re \u00e9dition du festival S\u00e9ries Mania, tenue en avril 2015 au Forum des Halles, o\u00f9 j&rsquo;ai pu voir le premier \u00e9pisode de quelques s\u00e9ries prim\u00e9es :\u00a0 <em>Blue Eyes <\/em>(Su\u00e8de), <em>Strikers <\/em>(Belgique flamande), <em>False Flag <\/em>(Isra\u00ebl), <em>Le Bureau des L\u00e9gendes <\/em>(France) et <em>Deutschland 83<\/em>, toutes recommand\u00e9es. Il est int\u00e9ressant que, ind\u00e9pendamment, Marc Nicolas, Luca Milano et Anna Brehm citent l&rsquo;influence des s\u00e9ries scandinaves dans ce renouveau, notamment <em>Borgen<\/em> (Danemark), et <em>Real Humans <\/em>(Su\u00e8de). Tr\u00e8s originale, souvent cit\u00e9e comme mod\u00e8le et export\u00e9e dans 50 pays, cette derni\u00e8re a n\u00e9anmoins eu un taux d&rsquo;audience un petit peu d\u00e9cevant en Su\u00e8de elle-m\u00eame. (Une adaptation en langue anglaise, <em>Humans<\/em>, a \u00e9t\u00e9 diffus\u00e9e en 2015 par l&rsquo;am\u00e9ricaine AMC et la britannique Channel 4). \u00c0 noter \u00e9galement que pour une nouvelle g\u00e9n\u00e9ration de professionnels, la distinction entre cha\u00eenes priv\u00e9es et publiques s&rsquo;op\u00e8re beaucoup moins, et n&#8217;emp\u00eache pas de partenariats mixtes. Cette distinction historique, pertinente dans un cadre national, l&rsquo;est beaucoup moins dans un march\u00e9 international o\u00f9 la coproduction est la r\u00e8gle du jeu.<\/p>\n<p style=\"text-align: justify;\">Un des facteurs qui ont permis aux s\u00e9ries europ\u00e9ennes de se refaire une sant\u00e9 sur le march\u00e9 international a \u00e9t\u00e9 l&rsquo;\u00e9mergence de nouvelles normes \u00e9tablies par les s\u00e9ries c\u00e2bl\u00e9es am\u00e9ricaines vers la fin des ann\u00e9es 1990 : entre 10 et 13 \u00e9pisodes par saison au lieu des 24 exig\u00e9s par les cha\u00eenes hertziennes (d\u00e9j\u00e0 moins que les 34 \u00e0 36 \u00e9pisodes pour les s\u00e9ries westerns au d\u00e9but des ann\u00e9es 1960), niveau d&rsquo;industrialisation inatteignable en Europe. La tendance actuelle des cha\u00eenes hertziennes am\u00e9ricaines est aux saisons courtes (16 \u00e9pisodes), et symptomatiquement, la saison 9 (2014) de l&#8217;embl\u00e9matique <em>24 heures chrono<\/em> s&rsquo;arr\u00eate \u00e0 12 \u00e9pisodes.<\/p>\n<p style=\"text-align: justify;\">Les nouvelles s\u00e9ries diffus\u00e9es sur les cha\u00eenes c\u00e2bl\u00e9es comme HBO tendaient vers la s\u00e9rie feuilletonnante, synth\u00e8se instable de deux formes de s\u00e9rialit\u00e9 dans une narration complexe qui mettait en avant les sc\u00e9naristes et surtout le premier d&rsquo;entre eux, le <em>showrunner<\/em>. Autrement dit, l&rsquo;\u00e9mergence de ce dernier est \u00e9troitement li\u00e9e \u00e0 un certain d\u00e9veloppement historique de la s\u00e9rialit\u00e9 aux \u00c9tats-Unis. Lucide \u00e0 cet \u00e9gard, Marc Nicolas fait observer que les cha\u00eenes europ\u00e9ennes ne sont pas oblig\u00e9es d&rsquo;adopter le mod\u00e8le am\u00e9ricain de <em>showrunner<\/em>. Il y a en effet danger qu&rsquo;\u00e0 trop insister sur l&rsquo;importance du sc\u00e9nariste (en r\u00e9alit\u00e9, dans le mod\u00e8le am\u00e9ricain, une \u00e9quipe fortement hi\u00e9rarchis\u00e9e), on minore l&rsquo;apport cr\u00e9atif, notamment esth\u00e9tique, du r\u00e9alisateur, traditionnellement vu comme un auteur en Europe, du moins pour le cin\u00e9ma.<\/p>\n<figure id=\"attachment_18949\" aria-describedby=\"caption-attachment-18949\" style=\"width: 100px\" class=\"wp-caption alignright\"><a href=\"https:\/\/industrie-culturelle.fr\/industrie-culturelle\/wp-content\/uploads\/2015\/08\/marina.jpeg\"><img loading=\"lazy\" decoding=\"async\" class=\" wp-image-18949\" src=\"https:\/\/industrie-culturelle.fr\/industrie-culturelle\/wp-content\/uploads\/2015\/08\/marina-150x150.jpeg\" alt=\"Marina Blok\" width=\"100\" height=\"100\" srcset=\"https:\/\/industrie-culturelle.fr\/industrie-culturelle\/wp-content\/uploads\/2015\/08\/marina-150x150.jpeg 150w, https:\/\/industrie-culturelle.fr\/industrie-culturelle\/wp-content\/uploads\/2015\/08\/marina-144x144.jpeg 144w, https:\/\/industrie-culturelle.fr\/industrie-culturelle\/wp-content\/uploads\/2015\/08\/marina-36x36.jpeg 36w, https:\/\/industrie-culturelle.fr\/industrie-culturelle\/wp-content\/uploads\/2015\/08\/marina-32x32.jpeg 32w, https:\/\/industrie-culturelle.fr\/industrie-culturelle\/wp-content\/uploads\/2015\/08\/marina-64x64.jpeg 64w, https:\/\/industrie-culturelle.fr\/industrie-culturelle\/wp-content\/uploads\/2015\/08\/marina-96x96.jpeg 96w, https:\/\/industrie-culturelle.fr\/industrie-culturelle\/wp-content\/uploads\/2015\/08\/marina-128x128.jpeg 128w\" sizes=\"auto, (max-width: 100px) 100vw, 100px\" \/><\/a><figcaption id=\"caption-attachment-18949\" class=\"wp-caption-text\">Marina Blok<\/figcaption><\/figure>\n<p style=\"text-align: justify;\">Il est surprenant qu&rsquo;on n&rsquo;aborde qu&rsquo;indirectement la question de la vid\u00e9o \u00e0 la demande, lente \u00e0 d\u00e9marrer en Europe, mais d\u00e9j\u00e0 cons\u00e9quente aux \u00c9tats-Unis. Cela changera s\u00fbrement la donne en lib\u00e9rant des grilles programm\u00e9es le consommateur (qui ne sera plus un <em>t\u00e9l\u00e9spectateur<\/em>), mais aussi en infl\u00e9chissant la notion de s\u00e9rialit\u00e9. Sur le site d&rsquo;un serveur vid\u00e9o, films et s\u00e9ries se proposent \u00e0 titre \u00e9gal, et la minis\u00e9rie deviendra de fait un film prolong\u00e9 et d\u00e9coup\u00e9 en plusieurs parties, toutes disponibles d&rsquo;avance. La question est abord\u00e9e en creux par Jaume Banacolocha, qui ent\u00e9rine la migration des jeunes Espagnols vers l&rsquo;internet, r\u00e9servant la s\u00e9rie <em>t\u00e9l\u00e9vis\u00e9e<\/em> \u00e0 un public plus \u00e2g\u00e9, d&rsquo;o\u00f9 des minis\u00e9ries historiques (qui comportent le danger d&rsquo;une \u00ab st\u00e9phanebernisation \u00bb de la fiction europ\u00e9enne). Plus inqui\u00e9tante \u00e0 moyen terme, <a href=\"https:\/\/www.lemonde.fr\/televisions-radio\/article\/2015\/08\/14\/les-pays-bas-impuissants-face-aux-mastodontes-du-net_4725223_1655027.html\" target=\"_blank\" rel=\"noopener noreferrer\">selon la professionnelle n\u00e9erlandaise Marina Blok<\/a>, responsable de la diffusion de la fiction du service public NTR, sera la force de frappe internationale repr\u00e9sent\u00e9e par les g\u00e9ants de la vid\u00e9o \u00e0 la demande, Netflix et Amazon, rejoints progressivement par les grands r\u00e9seaux de t\u00e9l\u00e9phonie, qui commencent \u00e0 produire des s\u00e9ries avec des moyens beaucoup plus importants que ceux dont disposent les petits pays europ\u00e9ens. Propos confirm\u00e9s par la nouvelle pr\u00e9sidente de France T\u00e9l\u00e9visions, <a href=\"https:\/\/fr.wikipedia.org\/wiki\/Delphine_Ernotte-Cunci\" target=\"_blank\" rel=\"noopener noreferrer\">Delphine Ernotte-Cunci<\/a>, dans un entretien (passablement langue de bois) publi\u00e9 dans <em>Le Monde<\/em> (25 ao\u00fbt) : \u00ab <em>Il faut aider \u00e0 la production de contenus exportables et \u00eatre moteur dans la coproduction europ\u00e9enne. [&#8230;] S<\/em><em>i vous me demandez si France T\u00e9l\u00e9visions est pr\u00eat \u00e0 affronter les concurrences d&rsquo;Amazon et de Netflix, la r\u00e9ponse est : pas encore. C&rsquo;est \u00e7a, mon enjeu <\/em>\u00bb. (Le service public norv\u00e9gien (NRK) s&rsquo;est alli\u00e9 avec Netflix pour tourner les trois saisons de huit \u00e9pisodes de la s\u00e9rie remarqu\u00e9e <em>Lilyhammer<\/em>).<\/p>\n<figure id=\"attachment_19033\" aria-describedby=\"caption-attachment-19033\" style=\"width: 110px\" class=\"wp-caption alignleft\"><a href=\"https:\/\/industrie-culturelle.fr\/industrie-culturelle\/wp-content\/uploads\/2015\/08\/ernotte-cunci.jpeg\"><img loading=\"lazy\" decoding=\"async\" class=\" wp-image-19033\" src=\"https:\/\/industrie-culturelle.fr\/industrie-culturelle\/wp-content\/uploads\/2015\/08\/ernotte-cunci-150x150.jpeg\" alt=\"Delphine Ernotte-Cunci (1966-)\" width=\"110\" height=\"110\" srcset=\"https:\/\/industrie-culturelle.fr\/industrie-culturelle\/wp-content\/uploads\/2015\/08\/ernotte-cunci-150x150.jpeg 150w, https:\/\/industrie-culturelle.fr\/industrie-culturelle\/wp-content\/uploads\/2015\/08\/ernotte-cunci-144x144.jpeg 144w, https:\/\/industrie-culturelle.fr\/industrie-culturelle\/wp-content\/uploads\/2015\/08\/ernotte-cunci-36x36.jpeg 36w, https:\/\/industrie-culturelle.fr\/industrie-culturelle\/wp-content\/uploads\/2015\/08\/ernotte-cunci-32x32.jpeg 32w, https:\/\/industrie-culturelle.fr\/industrie-culturelle\/wp-content\/uploads\/2015\/08\/ernotte-cunci-64x64.jpeg 64w, https:\/\/industrie-culturelle.fr\/industrie-culturelle\/wp-content\/uploads\/2015\/08\/ernotte-cunci-96x96.jpeg 96w, https:\/\/industrie-culturelle.fr\/industrie-culturelle\/wp-content\/uploads\/2015\/08\/ernotte-cunci-128x128.jpeg 128w\" sizes=\"auto, (max-width: 110px) 100vw, 110px\" \/><\/a><figcaption id=\"caption-attachment-19033\" class=\"wp-caption-text\">Delphine Ernotte-Cunci (1966-)<\/figcaption><\/figure>\n<p style=\"text-align: justify;\">L&rsquo;Allemagne et la Belgique s&rsquo;affichent comme les pays le plus volontaristes \u00e0 cet \u00e9gard, avec des strat\u00e9gies diff\u00e9rentes.\u00a0 Alors que la Belgique joue le cadre national, l&rsquo;Allemagne cherche \u00e0 d\u00e9laisser celui-ci en faveur de \u00ab <em>s\u00e9ries d&rsquo;int\u00e9r\u00eat international<\/em> \u00bb, c&rsquo;est \u00e0 dire adaptables au march\u00e9 anglophone. \u00c0 cette fin, elle a lanc\u00e9 des formations internationales d\u00e9di\u00e9es \u00e0 la sc\u00e9narisation des s\u00e9ries : outre l&rsquo;Acad\u00e9mie allemande du film et de la t\u00e9l\u00e9vision \u00e0 Berlin (ci-mentionn\u00e9e), on peut citer l&rsquo;\u00c9cole internationale du film de Cologne, qui a inaugur\u00e9 en 2013 un master consacr\u00e9 au <em>serial storytelling<\/em>. En France, quant aux formations majoritairement d\u00e9di\u00e9es \u00e0 la sc\u00e9narisation t\u00e9l\u00e9visuelle, le <a href=\"https:\/\/www.ceea.edu\/\" target=\"_blank\" rel=\"noopener noreferrer\">Conservatoire europ\u00e9en de l&rsquo;\u00c9criture audiovisuelle<\/a> (CEEA, Paris), une \u00e9cole priv\u00e9e qui existe depuis 1996, a une longueur d&rsquo;avance sur le <a href=\"https:\/\/www.femis.fr\/cursus-creation-series-tv\" target=\"_blank\" rel=\"noopener noreferrer\">cursus sp\u00e9cialis\u00e9 de la F\u00e9mis<\/a>, lanc\u00e9 en 2013 (voir ci-dessus). \u00c0 l&rsquo;universit\u00e9 de Paris Nanterre, un <a href=\"https:\/\/www.u-paris10.fr\/formation\/master-arts-lettres-langues-br-mention-cinema-et-audiovisuel-br-parcours-scenario-et-ecritures-audiovisuelles-420739.kjsp\" target=\"_blank\" rel=\"noopener noreferrer\">master sc\u00e9nario et \u00e9critures audiovisuelles<\/a> existe depuis 2008, et un DU consacr\u00e9 \u00e0 l&rsquo;\u00e9criture de la com\u00e9die (c&rsquo;est-\u00e0-dire des sitcoms) va d\u00e9marrer prochainement, les deux sous la houlette de Fabien Boully. En raison de l&rsquo;\u00e9troitesse des d\u00e9bouch\u00e9s dans un march\u00e9 impr\u00e9visible, il va de soi que toutes ces formations sont fortement s\u00e9lectives.<\/p>\n<p style=\"text-align: justify;\">L&rsquo;acceptation du plurilinguisme \u00ab \u00e0 la su\u00e9doise \u00bb faciliterait le d\u00e9veloppement de s\u00e9ries europ\u00e9ennes coproduites. Mais pour que celles-ci aient un int\u00e9r\u00eat r\u00e9el, il faudrait qu&rsquo;elles affrontent avec plus d&rsquo;imagination les d\u00e9rives morales et sociales de l&rsquo;\u00e9poque, et qu&rsquo;elles anticipent les d\u00e9bats politiques \u00e0 venir, la t\u00e9l\u00e9vision britannique des ann\u00e9es 1960 en constituant un exemple historique marquant, mais \u00e9videmment d\u00e9pass\u00e9. On devrait se demander si le genre policier sous sa forme actuelle (o\u00f9 la couleur locale serait plut\u00f4t un vernis pour des intrigues par trop st\u00e9r\u00e9otyp\u00e9es, et m\u00eame surann\u00e9es) n&rsquo;y fait pas \u00e9cran. La<em> Web-revue<\/em> est demandeuse de m\u00e9moires et de th\u00e8ses <strong>critiques<\/strong> sur ce sujet \u00ab \u00e9mergent \u00bb.<\/p>\n<p style=\"text-align: justify;\"><a href=\"https:\/\/www.lemonde.fr\/idees\/article\/2015\/08\/25\/face-a-netflix-enfin-une-reponse-europeenne_4736195_3232.html\" target=\"_blank\" rel=\"noopener noreferrer\"><span style=\"font-size: 8pt;\"><span style=\"font-size: 10pt;\">\u00ab\u00a0Face \u00e0 Netflix, enfin une r\u00e9ponse europ\u00e9enne\u00a0\u00bb<\/span><\/span><\/a><span style=\"font-size: 10pt;\">, \u00e9ditorial, <em>Le Monde<\/em>, 26 ao\u00fbt 2015.<\/span><\/p>\n<p style=\"text-align: justify;\"><span style=\"font-size: 10pt;\">Sur Netflix, voir <em><a href=\"https:\/\/industrie-culturelle.fr\/industrie-culturelle\/actualites-industries-culturelles-numeriques-25-novembre-2014\/\" target=\"_blank\" rel=\"noopener noreferrer\">Actualit\u00e9s #25, <\/a>nov. 2014, <a href=\"https:\/\/industrie-culturelle.fr\/industrie-culturelle\/actualites-des-industries-culturelles-et-numeriques-30-avril-2015\/\" target=\"_blank\" rel=\"noopener noreferrer\">#30<\/a>, avril 2015 <\/em>; sur Amazon, <em><a href=\"https:\/\/industrie-culturelle.fr\/industrie-culturelle\/actualites-des-industries-culturelles-et-numeriques-28-fevrier-2015\/\" target=\"_blank\" rel=\"noopener noreferrer\">#28<\/a>, f\u00e9v. 2015.<\/em><\/span><\/p>\n<p style=\"text-align: justify;\"><span style=\"font-size: 10pt;\"><a href=\"https:\/\/series-mania.fr\/les-assises-europeennes-du-financement-des-series-tv-en-video\/\" target=\"_blank\" rel=\"noopener noreferrer\">Vid\u00e9os des tables rondes<\/a> sur la coproduction des s\u00e9ries en Europe, organis\u00e9es lors du festival \u00ab\u00a0S\u00e9ries Mania\u00a0\u00bb 2015.<\/span><\/p>\n<p style=\"text-align: justify;\"><span style=\"font-size: 10pt;\"><\/div><\/div><\/span><\/p>\n<h2><span style=\"font-size: 12pt;\"><span style=\"font-size: 14pt;\">Patrick Macnee (\u00ab <em>Chapeau melon et Bottes de Cuir<\/em> \u00bb) est mort (#33, juillet 2015)<\/span><\/span><\/h2>\n<p style=\"text-align: justify;\"><a href=\"https:\/\/industrie-culturelle.fr\/industrie-culturelle\/wp-content\/uploads\/2015\/06\/steed.jpeg\"><img loading=\"lazy\" decoding=\"async\" class=\"alignleft  wp-image-18552\" src=\"https:\/\/industrie-culturelle.fr\/industrie-culturelle\/wp-content\/uploads\/2015\/06\/steed-150x150.jpeg\" alt=\"steed\" width=\"93\" height=\"93\" srcset=\"https:\/\/industrie-culturelle.fr\/industrie-culturelle\/wp-content\/uploads\/2015\/06\/steed-150x150.jpeg 150w, https:\/\/industrie-culturelle.fr\/industrie-culturelle\/wp-content\/uploads\/2015\/06\/steed-144x144.jpeg 144w, https:\/\/industrie-culturelle.fr\/industrie-culturelle\/wp-content\/uploads\/2015\/06\/steed-36x36.jpeg 36w, https:\/\/industrie-culturelle.fr\/industrie-culturelle\/wp-content\/uploads\/2015\/06\/steed-115x115.jpeg 115w, https:\/\/industrie-culturelle.fr\/industrie-culturelle\/wp-content\/uploads\/2015\/06\/steed-32x32.jpeg 32w, https:\/\/industrie-culturelle.fr\/industrie-culturelle\/wp-content\/uploads\/2015\/06\/steed-64x64.jpeg 64w, https:\/\/industrie-culturelle.fr\/industrie-culturelle\/wp-content\/uploads\/2015\/06\/steed-96x96.jpeg 96w, https:\/\/industrie-culturelle.fr\/industrie-culturelle\/wp-content\/uploads\/2015\/06\/steed-128x128.jpeg 128w\" sizes=\"auto, (max-width: 93px) 100vw, 93px\" \/><\/a>Patrick Macnee, qui a incarn\u00e9 le personnage de John Steed dans la s\u00e9rie britannique <em>The Avengers <\/em>(<em>Chapeau melon et Bottes de Cuir<\/em>), vient de mourir (le 25 juin) \u00e0 l&rsquo;\u00e2ge de 93 ans \u00e0 Palm Springs (Californie), o\u00f9 il a r\u00e9sid\u00e9 depuis 1967. Si j&rsquo;ai envie de parler de lui, c&rsquo;est parce qu&rsquo;il a eu la gentillesse de m&rsquo;\u00e9crire en 1990 apr\u00e8s la publication de mon <em>From \u00ab\u00a0The Avengers\u00a0\u00bb to \u00ab\u00a0Miami Vice\u00a0\u00bb <\/em>(Manchester University Press) pour me dire que mon analyse de la s\u00e9rie \u00e9tait \u00ab <em>spot on <\/em>\u00bb (juste, comme il fallait), en joignant des photos personnelles sign\u00e9es que j&rsquo;ai perdues depuis, h\u00e9las. Je ne pense pas une seconde qu&rsquo;il s&rsquo;agit-l\u00e0 d&rsquo;un endossement de l&rsquo;approche freudo-marxiste-structuraliste qui \u00e9tait la mienne, mais plut\u00f4t d&rsquo;une reconnaissance du r\u00f4le positif que pourrait jouer l&rsquo;analyse universitaire en donnant un prestige inesp\u00e9r\u00e9 \u00e0 une production t\u00e9l\u00e9visuelle de pur divertissement, encore relativement d\u00e9consid\u00e9r\u00e9e \u00e0 l&rsquo;\u00e9poque. Par la suite, c&rsquo;est ce type d&rsquo;analyse critique qui s&rsquo;est trouv\u00e9e marginalis\u00e9 au sein d&rsquo;une s\u00e9riephilie conqu\u00e9rante, y compris \u00e0 l&rsquo;universit\u00e9. Qu&rsquo;une vedette de t\u00e9l\u00e9vision, certes un peu <em>has been<\/em>, \u00e9crive \u00e0 un universitaire inconnu serait impensable de nos jours.<\/p>\n<p style=\"text-align: justify;\"><a href=\"https:\/\/industrie-culturelle.fr\/industrie-culturelle\/wp-content\/uploads\/2015\/06\/macnee.jpeg\"><img loading=\"lazy\" decoding=\"async\" class=\"alignright  wp-image-18574\" src=\"https:\/\/industrie-culturelle.fr\/industrie-culturelle\/wp-content\/uploads\/2015\/06\/macnee-150x150.jpeg\" alt=\"macnee\" width=\"99\" height=\"99\" srcset=\"https:\/\/industrie-culturelle.fr\/industrie-culturelle\/wp-content\/uploads\/2015\/06\/macnee-150x150.jpeg 150w, https:\/\/industrie-culturelle.fr\/industrie-culturelle\/wp-content\/uploads\/2015\/06\/macnee-144x144.jpeg 144w, https:\/\/industrie-culturelle.fr\/industrie-culturelle\/wp-content\/uploads\/2015\/06\/macnee-36x36.jpeg 36w, https:\/\/industrie-culturelle.fr\/industrie-culturelle\/wp-content\/uploads\/2015\/06\/macnee-115x115.jpeg 115w, https:\/\/industrie-culturelle.fr\/industrie-culturelle\/wp-content\/uploads\/2015\/06\/macnee-32x32.jpeg 32w, https:\/\/industrie-culturelle.fr\/industrie-culturelle\/wp-content\/uploads\/2015\/06\/macnee-64x64.jpeg 64w, https:\/\/industrie-culturelle.fr\/industrie-culturelle\/wp-content\/uploads\/2015\/06\/macnee-96x96.jpeg 96w, https:\/\/industrie-culturelle.fr\/industrie-culturelle\/wp-content\/uploads\/2015\/06\/macnee-128x128.jpeg 128w\" sizes=\"auto, (max-width: 99px) 100vw, 99px\" \/><\/a>Mon analyse de <em>Chapeau Melon et Bottes de Cuir<\/em> m&rsquo;a men\u00e9 d&rsquo;y voir une rupture entre, d&rsquo;un c\u00f4t\u00e9, ce que j&rsquo;ai appel\u00e9 la s\u00e9rie \u00ab pop \u00bb (faisant partie d&rsquo;une <em>pop culture <\/em>internationale plus g\u00e9n\u00e9rale : Warhol, James Bond, la bande dessin\u00e9e, la musique des Beatles et des Rolling Stones etc.), sans profondeur psychologique, et de l&rsquo;autre, la s\u00e9rie dramatique, th\u00e9\u00e2trale, moralisatrice (la s\u00e9rie western ou polici\u00e8re des ann\u00e9es 1950). Mais ramen\u00e9e \u00e0 l&rsquo;individu Patrick Macnee, la r\u00e9alit\u00e9 historique est plus compliqu\u00e9e. La <em>back story <\/em>du personnage Steed est similaire \u00e0 la jeunesse de Macnee, si l&rsquo;on \u00e9carte l&rsquo;origine aristocrate du premier ; comme Steed, Patrick Macnee (n\u00e9 en 1922 \u00e0 Londres, et \u00e9lev\u00e9 par sa m\u00e8re boh\u00e8me et la campagne \u00ab <em>excentrique <\/em>\u00bb de celle-ci) est pass\u00e9 par l&rsquo;\u00e9cole priv\u00e9e snob d&rsquo;Eton (d&rsquo;o\u00f9 il fut expuls\u00e9 pour trafic de paris sur les chevaux et de pornographie), avant de devenir sous-lieutenant navigateur d&rsquo;une vedette-torpilleur pendant la Seconde Guerre mondiale. Apr\u00e8s des tourn\u00e9es th\u00e9\u00e2trales dans les provinces anglaises, Macnee eut son premier (petit) r\u00f4le au cin\u00e9ma en 1938. Ce Britannique de naissance, qui a syst\u00e9matiquement d\u00e9clench\u00e9 le r\u00e9flexe complaisant \u00ab <em>so british <\/em>\u00bb chez les journalistes fran\u00e7ais, \u00e9migra aux \u00c9tats-Unis apr\u00e8s la guerre, et devint citoyen am\u00e9ricain en 1959. Il tourna dans des s\u00e9ries am\u00e9ricaines classiques des ann\u00e9es 1950 comme <em>The Twilight Zone<\/em>, <em>Alfred Hitchcock presents<\/em>, <em>Rawhide<\/em> (un western), et <em>Playhouse 90. <\/em><\/p>\n<p style=\"text-align: justify;\">Alors que le fond id\u00e9ologique (distill\u00e9 dans des histoires loufoques, surr\u00e9alistes) de <em>Chapeau melon et Bottes de Cuir<\/em> (1961-9) est r\u00e9solument <em>lib\u00e9ral<\/em> (r\u00e9trospectivement, encore trop social-d\u00e9mocrate pour \u00eatre n\u00e9olib\u00e9ral), du c\u00f4t\u00e9 de la mode, et de la consommation d\u00e9mocratique et individualiste, prenant pour cibles tant\u00f4t la vieille garde r\u00e9actionnaire (aristocrates, colonels \u00e0 la retraite), tant\u00f4t les nouveaux riches vulgaires alli\u00e9s aux scientifiques na\u00effs ou ind\u00e9licats. Patrick Macnee lui-m\u00eame \u00e9tait plut\u00f4t vieux jeu, son <em>hobby<\/em> fut l&rsquo;observation des oiseaux, activit\u00e9 pas exactement dans le vent. Il n&rsquo;aimait pas les films James Bond en raison de leur \u00ab <em>sadisme horripilant<\/em> \u00bb, mais il trouvait \u00ab <em>fascinant<\/em> \u00bb les romans originaux d&rsquo;Ian Fleming, o\u00f9 l&rsquo;aspect r\u00e9actionnaire du personnage est plus affirm\u00e9 (un <em>clubman <\/em>tr\u00e8s marqu\u00e9 \u00e0 droite).<\/p>\n<figure id=\"attachment_18571\" aria-describedby=\"caption-attachment-18571\" style=\"width: 102px\" class=\"wp-caption alignleft\"><a href=\"https:\/\/industrie-culturelle.fr\/industrie-culturelle\/wp-content\/uploads\/2015\/06\/mcgoohan.jpeg\"><img loading=\"lazy\" decoding=\"async\" class=\"wp-image-18571 \" src=\"https:\/\/industrie-culturelle.fr\/industrie-culturelle\/wp-content\/uploads\/2015\/06\/mcgoohan-150x150.jpeg\" alt=\"mcgoohan\" width=\"102\" height=\"102\" srcset=\"https:\/\/industrie-culturelle.fr\/industrie-culturelle\/wp-content\/uploads\/2015\/06\/mcgoohan-150x150.jpeg 150w, https:\/\/industrie-culturelle.fr\/industrie-culturelle\/wp-content\/uploads\/2015\/06\/mcgoohan-144x144.jpeg 144w, https:\/\/industrie-culturelle.fr\/industrie-culturelle\/wp-content\/uploads\/2015\/06\/mcgoohan-36x36.jpeg 36w, https:\/\/industrie-culturelle.fr\/industrie-culturelle\/wp-content\/uploads\/2015\/06\/mcgoohan-115x115.jpeg 115w, https:\/\/industrie-culturelle.fr\/industrie-culturelle\/wp-content\/uploads\/2015\/06\/mcgoohan-32x32.jpeg 32w, https:\/\/industrie-culturelle.fr\/industrie-culturelle\/wp-content\/uploads\/2015\/06\/mcgoohan-64x64.jpeg 64w, https:\/\/industrie-culturelle.fr\/industrie-culturelle\/wp-content\/uploads\/2015\/06\/mcgoohan-96x96.jpeg 96w, https:\/\/industrie-culturelle.fr\/industrie-culturelle\/wp-content\/uploads\/2015\/06\/mcgoohan-128x128.jpeg 128w\" sizes=\"auto, (max-width: 102px) 100vw, 102px\" \/><\/a><figcaption id=\"caption-attachment-18571\" class=\"wp-caption-text\">Patrick McGoohan (1928-2009)<\/figcaption><\/figure>\n<p style=\"text-align: justify;\">Dans son manque d&rsquo;estime pour les films James Bond, il rejoignait son confr\u00e8re Patrick McGoohan, dont <em>Le Prisonnier<\/em> (1967) est un exemple classique de l&rsquo;esth\u00e9tique pop \u00e0 la t\u00e9l\u00e9vision. Pour la petite histoire, McGoohan, tr\u00e8s catholique, a refus\u00e9 le r\u00f4le de James Bond car il n&rsquo;y aimait pas \u00ab <em>le sexe facile et la violence gratuite<\/em> \u00bb : \u00ab <em>Enlevez \u00e0 Bond ses femmes et son talent avec un menu, et il ne reste pas grande chose <\/em>\u00bb (<em>TV Times, <\/em>26 sept. 1965, p. 2-3). Pour ces deux protagonistes d&rsquo;une nouvelle approche de la t\u00e9l\u00e9vision dans les ann\u00e9es 1960, la ligne de fracture subjective passait par la franchise James Bond, un pont moderniste trop loin. On n&rsquo;ose pas imaginer ce qu&rsquo;ils auraient pens\u00e9 de <em>Game of Thrones<\/em>.<\/p>\n<p style=\"text-align: justify;\"><span style=\"font-size: 10pt;\"><em>Sources : Associated Press, consult\u00e9 dans <\/em>The New Zealand Herald<em>, juin 25, 2015 ; livre cit\u00e9.<\/em><\/span><\/p>\n<p style=\"text-align: justify;\"><div class=\"su-divider su-divider-style-default\" style=\"margin:15px 0;border-width:3px;border-color:#999999\"><a href=\"#\" style=\"color:#999999\">Aller en haut<\/a><\/div>\n<h2><span style=\"font-size: 12pt;\"><span style=\"font-size: 14pt;\">C&rsquo;est le consommateur qui serait responsable du taux de mortalit\u00e9 \u00e9lev\u00e9 des s\u00e9ries t\u00e9l\u00e9vis\u00e9es (#31, mai 2015)<\/span><\/span><\/h2>\n<p style=\"text-align: justify;\">Pour les publicitaires, quand on annule une s\u00e9rie aux \u00c9tats-Unis, c&rsquo;est en grande partie la faute du t\u00e9l\u00e9spectateur. Non pas en raison du t\u00e9l\u00e9chargement ill\u00e9gal (crime inqualifiable), mais du visionnage l\u00e9gal en dehors des clous, autrement dit, en dehors des proc\u00e9dures de mesure. Seule la consommation dite \u00ab C3 \u00bb (en premi\u00e8re diffusion, ou en rediffusion (hertzienne, VOD) dans les trois jours qui suivent) est prise en compte par les <a title=\"https:\/\/fr.wikipedia.org\/wiki\/%C3%89chelle_de_Nielsen\" href=\"https:\/\/fr.wikipedia.org\/wiki\/%C3%89chelle_de_Nielsen\" target=\"_blank\" rel=\"noopener noreferrer\">indices Nielsen<\/a> (<em>ratings<\/em>), qui sont \u00e0 la base d&rsquo;un march\u00e9 publicitaire qui s&rsquo;\u00e9l\u00e8ve \u00e0 14 milliards $ annuellement.<\/p>\n<p style=\"text-align: justify;\"><a href=\"https:\/\/industrie-culturelle.fr\/industrie-culturelle\/wp-content\/uploads\/2015\/04\/timeshifting.jpg\"><img loading=\"lazy\" decoding=\"async\" class=\"alignleft  wp-image-16794\" src=\"https:\/\/industrie-culturelle.fr\/industrie-culturelle\/wp-content\/uploads\/2015\/04\/timeshifting-150x150.jpg\" alt=\"timeshifting\" width=\"107\" height=\"107\" srcset=\"https:\/\/industrie-culturelle.fr\/industrie-culturelle\/wp-content\/uploads\/2015\/04\/timeshifting-150x150.jpg 150w, https:\/\/industrie-culturelle.fr\/industrie-culturelle\/wp-content\/uploads\/2015\/04\/timeshifting-144x144.jpg 144w, https:\/\/industrie-culturelle.fr\/industrie-culturelle\/wp-content\/uploads\/2015\/04\/timeshifting-36x36.jpg 36w, https:\/\/industrie-culturelle.fr\/industrie-culturelle\/wp-content\/uploads\/2015\/04\/timeshifting-115x115.jpg 115w, https:\/\/industrie-culturelle.fr\/industrie-culturelle\/wp-content\/uploads\/2015\/04\/timeshifting-32x32.jpg 32w, https:\/\/industrie-culturelle.fr\/industrie-culturelle\/wp-content\/uploads\/2015\/04\/timeshifting-64x64.jpg 64w, https:\/\/industrie-culturelle.fr\/industrie-culturelle\/wp-content\/uploads\/2015\/04\/timeshifting-96x96.jpg 96w, https:\/\/industrie-culturelle.fr\/industrie-culturelle\/wp-content\/uploads\/2015\/04\/timeshifting-128x128.jpg 128w\" sizes=\"auto, (max-width: 107px) 100vw, 107px\" \/><\/a>Alors qu&rsquo;un visionnage en rediffusion C3 n&rsquo;apporte g\u00e9n\u00e9ralement que 0,1 de point en plus, la consommation d\u00e9cal\u00e9e sur DVR dans la semaine de diffusion (C7) peut doubler l&rsquo;audience pour certaines s\u00e9ries. Le probl\u00e8me ici n&rsquo;est pas l&rsquo;impossibilit\u00e9 de la mesure, mais que ce mode de consommation (<em>time-shifting<\/em>) permet de sauter les spots publicitaires. Pour les annonceurs, qui financent l&rsquo;acc\u00e8s gratuit \u00e0 la t\u00e9l\u00e9vision hertzienne en \u00e9change de \u00ab cerveaux disponibles \u00bb, une mesure C7 n&rsquo;a aucune valeur. Ceux qui regardent syst\u00e9matiquement une s\u00e9rie en diff\u00e9r\u00e9, afin d&rsquo;\u00e9viter les interruptions publicitaires, sont donc coupables en cas de mise \u00e0 mort pour indices m\u00e9diocres. (Ce chantage ne s&rsquo;applique pas \u00e0 ceux \u00e2g\u00e9s de 50 ans et plus, hors jeu).<\/p>\n<p style=\"text-align: justify;\">Le visionnage d&rsquo;une s\u00e9rie sur un appareil mobile n&rsquo;est pas pris en compte non plus par les indices, ce qui est doublement f\u00e2cheux, car il s&rsquo;agit l\u00e0 d&rsquo;un public jeune convoit\u00e9 qui regarde de moins en moins la t\u00e9l\u00e9vision \u00ab en lin\u00e9aire \u00bb (baisse annuelle de -14% le dimanche soir pour la d\u00e9mographique 18-34 ans depuis quelques ann\u00e9es). \u00ab <em>Une grande part du d\u00e9clin des indices en prime time peut s&rsquo;expliquer par l&rsquo;incapacit\u00e9 de Nielsen de mesurer les nouveaux modes de consommation des contenus. [&#8230;]\u00a0\u00c0 mon avis, entre 15% et 40% de l&rsquo;audience de certains programmes selon le genre n&rsquo;est pas mesur\u00e9e <\/em>\u00bb, dit Alan Wurtzel, pr\u00e9sident de recherche et de d\u00e9veloppement chez NBC Universal.<\/p>\n<p style=\"text-align: justify;\">Pour les quatre saisons 2011, 2012, 2013, 2014, 42 % des s\u00e9ries (<em>scripted shows<\/em>) ont \u00e9t\u00e9 annul\u00e9s (119, soit quasiment 30 par saison).\u00a0 69 % des nouvelles s\u00e9ries ont \u00e9t\u00e9 annul\u00e9s (contre 65 % pour la p\u00e9riode 2009-12*). En g\u00e9n\u00e9ral, sauf exception, passe \u00e0 la trappe toute s\u00e9rie avec un indice de moins de 1,5 (soit une audience d&rsquo;environ 2 millions, un point Nielsen repr\u00e9sentant 1% des 127 millions d&rsquo;Am\u00e9ricains entre 18-49 ans).<\/p>\n<p style=\"text-align: justify;\"><span style=\"font-size: 10pt;\">*<a title=\"https:\/\/www.zap2it.com\/blog\/fail_factor_how_well_did_tv_networks_choose_their_new_shows_this_season-2013-05\" href=\"https:\/\/www.zap2it.com\/blog\/fail_factor_how_well_did_tv_networks_choose_their_new_shows_this_season-2013-05\" target=\"_blank\" rel=\"noopener noreferrer\">https:\/\/www.zap2it.com\/blog\/fail_factor_how_well_did_tv_networks_choose_their_new_shows_this_season-2013-05<\/a><em><br \/>\n<\/em><\/span><\/p>\n<p style=\"text-align: justify;\"><span style=\"font-size: 10pt;\"><em>Source : \u00ab\u00a0<a title=\"https:\/\/adage.com\/article\/special-report-tv-upfront\/ad-skipping-modern-viewing-killing-favorite-tv\/297897\/\" href=\"https:\/\/adage.com\/article\/special-report-tv-upfront\/ad-skipping-modern-viewing-killing-favorite-tv\/297897\/\" target=\"_blank\" rel=\"noopener noreferrer\">Your favorite show is going to be cancelled and it&rsquo;s all your fault<\/a>\u00a0\u00bb (Anthony Crupi), <\/em>Advertising Age<em>, avril 3, 2015.<\/em><\/span><\/p>\n<p style=\"text-align: justify;\"><div class=\"su-box su-box-style-default\" id=\"\" style=\"border-color:#00998d;border-radius:3px;max-width:none\"><div class=\"su-box-title\" style=\"background-color:#00CCC0;color:#FFFFFF;border-top-left-radius:1px;border-top-right-radius:1px\">Commentaire du r\u00e9dacteur<\/div><div class=\"su-box-content su-u-clearfix su-u-trim\" style=\"border-bottom-left-radius:1px;border-bottom-right-radius:1px\">\n<p style=\"text-align: justify;\">Le taux de mortalit\u00e9 des s\u00e9ries am\u00e9ricaines augmente graduellement chaque ann\u00e9e, alors que l&rsquo;audience se fragmente entre diffuseurs et entre supports. Il s&rsquo;agit d&rsquo;une contradiction forte entre deux branches du capital, entre l&rsquo;industrie de produits \u00e9lectroniques, et l&rsquo;industrie publicitaire, doubl\u00e9e d&rsquo;une opposition entre entreprises asiatiques (Japon, Cor\u00e9e, Chine) et am\u00e9ricaines. L&rsquo;\u00e9mergence d&rsquo;un autre mod\u00e8le de financement, celui de l&rsquo;abonnement (HBO, et maintenant Netflix), est un facteur aggravant. Il est grand temps de parler de l&rsquo;immense g\u00e2chis en temps et en ressources cr\u00e9atives qu&rsquo;est devenu le mod\u00e8le \u00e9conomique financ\u00e9 uniquement par la publicit\u00e9, de toute fa\u00e7on en perte de vitesse, surtout chez les jeunes. L&rsquo;article en question, qui parle officieusement au nom de l&rsquo;industrie publicitaire, a quelque chose au fond de d\u00e9sesp\u00e9r\u00e9.<\/p>\n<p style=\"text-align: justify;\">Il est difficile, compte tenu du nombre sensiblement inf\u00e9rieur de s\u00e9ries diffus\u00e9es, de faire une comparaison avec les ann\u00e9es 1960, mais \u00e0 titre indicatif, en 1967, 5 sur 13 des s\u00e9ries westerns en <em>prime time <\/em>furent annul\u00e9es, soit 38,5 %*. En 1964, quand le syst\u00e8me d&rsquo;indices \u00e9tait encore purement quantitatif, quand il n&rsquo;y avait que trois <em>networks<\/em> (donc un choix entre trois programmes commerciaux en <em>prime time<\/em>), et quand il n&rsquo;y avait qu&rsquo;un t\u00e9l\u00e9viseur par m\u00e9nage, une s\u00e9rie diffus\u00e9e le soir devait atteindre un indice de 20 (20% de tous les m\u00e9nages \u00e9quip\u00e9s), et une part de 30 (30% de l&rsquo;audience) pour survivre, soit au moins 10 millions des 52,8 millions de m\u00e9nages \u00e9quip\u00e9s (92%)**. Autant dire qu&rsquo;une s\u00e9rie \u00e0 succ\u00e8s de nos jours est beaucoup moins \u00ab massifi\u00e9e \u00bb sur le march\u00e9 am\u00e9ricain, et plus d\u00e9pendante du march\u00e9 international.<\/p>\n<p style=\"text-align: justify;\"><span style=\"font-size: 10pt;\">*<a title=\"https:\/\/www.tvparty.com\/fall67.html\" href=\"https:\/\/www.tvparty.com\/fall67.html\" target=\"_blank\" rel=\"noopener noreferrer\">https:\/\/www.tvparty.com\/fall67.html<\/a>\u00a0 ; ** Jon Heitland, <em>The Man from U.N.C.L.E. Book <\/em>(St Martin&rsquo;s Press, New York, 1987, p. 43.<\/span><\/p>\n<p style=\"text-align: justify;\"><span style=\"font-size: 10pt;\">Voir dans la web-revue l&rsquo;analyse de l&rsquo;\u00e9cosyst\u00e8me t\u00e9l\u00e9visuel am\u00e9ricain par J\u00e9r\u00f4me David, \u00ab\u00a0<a title=\"https:\/\/industrie-culturelle.fr\/industrie-culturelle\/la-logique-de-specialisation-des-chaines-americaines-jerome-david\/\" href=\"https:\/\/industrie-culturelle.fr\/industrie-culturelle\/la-logique-de-specialisation-des-chaines-americaines-jerome-david\/\" target=\"_blank\" rel=\"noopener noreferrer\">La logique de sp\u00e9cialisation des cha\u00eenes am\u00e9ricaines<\/a>\u00ab\u00a0.<\/span><\/p>\n<p style=\"text-align: justify;\"><\/div><\/div>\n<h2><span style=\"font-size: 12pt;\"><span style=\"font-size: 14pt;\">\u00ab The Walking Dead \u00bb : les zombies postapocalyptiques mangent la t\u00e9l\u00e9vision (#26, d\u00e9cembre 2014)<\/span><\/span><\/h2>\n<p style=\"text-align: justify;\"><a href=\"https:\/\/industrie-culturelle.fr\/industrie-culturelle\/wp-content\/uploads\/2014\/10\/walking-dead.jpg\"><img loading=\"lazy\" decoding=\"async\" class=\"alignleft  wp-image-13434\" src=\"https:\/\/industrie-culturelle.fr\/industrie-culturelle\/wp-content\/uploads\/2014\/10\/walking-dead.jpg\" alt=\"walking dead\" width=\"104\" height=\"154\" \/><\/a>Dans l&rsquo;attente de regarder les zombies de <em>The Walking Dead<\/em>, 17,3 millions de t\u00e9l\u00e9spectateurs am\u00e9ricains se sont rassembl\u00e9s devant la cha\u00eene c\u00e2bl\u00e9e AMC le 12 octobre pour le d\u00e9but de la cinqui\u00e8me saison. \u00c0 titre de comparaison, le premier \u00e9pisode de la saison 4 a drain\u00e9 16,3 millions. Trois autres s\u00e9ries traitant des revenants sont actuellement programm\u00e9es aux \u00c9tats-Unis. Depuis septembre, la cha\u00eene Syfy diffuse <em>Z<\/em> <em>Nation<\/em>, dont l&rsquo;intrigue d\u00e9marre trois ans apr\u00e8s qu&rsquo;un virus a transform\u00e9 quasiment tout le monde en morts-vivants. Un groupe de survivants doit transporter la seule personne immunis\u00e9e connue au seul laboratoire capable de fabriquer un vaccin. Pour reprendre les mots de Pauline Croquet du\u00a0<em>Monde\u00a0<\/em>:\u00a0\u00ab <em>[L]&rsquo;esth\u00e9tique<\/em> <em>g\u00e9n\u00e9rale de <\/em>Z Nation <em>ressemble <\/em><em>\u00e0 celle de <\/em>The Walking Dead <em>: une atmosph\u00e8re de plomb, des armes, une combinaison \u00e9clectique de survivants poussi\u00e9reux et m\u00e9fiants qui tentent de se rappeler que l&rsquo;union peut faire la force <\/em>\u00bb.<\/p>\n<p style=\"text-align: justify;\"><a href=\"https:\/\/industrie-culturelle.fr\/industrie-culturelle\/wp-content\/uploads\/2014\/10\/z-nation.jpg\"><img loading=\"lazy\" decoding=\"async\" class=\"alignright  wp-image-13435\" src=\"https:\/\/industrie-culturelle.fr\/industrie-culturelle\/wp-content\/uploads\/2014\/10\/z-nation.jpg\" alt=\"z-nation\" width=\"104\" height=\"154\" \/><\/a>Encourag\u00e9e par le triomphe de <em>The Walking Dead<\/em>, AMC vient de commander un \u00e9pisode pilote pour une s\u00e9rie d\u00e9riv\u00e9e qui devrait se d\u00e9rouler dans d&rsquo;autres parties du monde. Le pr\u00e9sident de la cha\u00eene, Charlie Collier, a assur\u00e9 que la nouvelle s\u00e9rie sera \u00ab\u00a0<em>une toute nouvelle histoire avec de nouveaux personnages <\/em>\u00bb, mais les ressorts psychologiques devraient \u00eatre identiques. Pour travailler sur le pilote, <a title=\"https:\/\/fr.wikipedia.org\/wiki\/Robert_Kirkman\" href=\"https:\/\/fr.wikipedia.org\/wiki\/Robert_Kirkman\" target=\"_blank\" rel=\"noopener noreferrer\">Robert Kirkman<\/a>, le p\u00e8re de la bande dessin\u00e9e originale (avec <a title=\"https:\/\/fr.wikipedia.org\/wiki\/Frank_Darabont\" href=\"https:\/\/fr.wikipedia.org\/wiki\/Frank_Darabont\" target=\"_blank\" rel=\"noopener noreferrer\">Frank Darabont<\/a>) et producteur de la s\u00e9rie phare, sera \u00e9paul\u00e9 par Dave Erickson, le producteur de <em>Sons of Anarchy<\/em>.<\/p>\n<figure id=\"attachment_14011\" aria-describedby=\"caption-attachment-14011\" style=\"width: 116px\" class=\"wp-caption alignleft\"><a href=\"https:\/\/industrie-culturelle.fr\/industrie-culturelle\/wp-content\/uploads\/2014\/11\/robert-kirkman.jpg\"><img loading=\"lazy\" decoding=\"async\" class=\" wp-image-14011\" src=\"https:\/\/industrie-culturelle.fr\/industrie-culturelle\/wp-content\/uploads\/2014\/11\/robert-kirkman-150x150.jpg\" alt=\"Robert Kirkman (1978-)\" width=\"116\" height=\"116\" srcset=\"https:\/\/industrie-culturelle.fr\/industrie-culturelle\/wp-content\/uploads\/2014\/11\/robert-kirkman-150x150.jpg 150w, https:\/\/industrie-culturelle.fr\/industrie-culturelle\/wp-content\/uploads\/2014\/11\/robert-kirkman-144x144.jpg 144w, https:\/\/industrie-culturelle.fr\/industrie-culturelle\/wp-content\/uploads\/2014\/11\/robert-kirkman-36x36.jpg 36w, https:\/\/industrie-culturelle.fr\/industrie-culturelle\/wp-content\/uploads\/2014\/11\/robert-kirkman-115x115.jpg 115w, https:\/\/industrie-culturelle.fr\/industrie-culturelle\/wp-content\/uploads\/2014\/11\/robert-kirkman-32x32.jpg 32w, https:\/\/industrie-culturelle.fr\/industrie-culturelle\/wp-content\/uploads\/2014\/11\/robert-kirkman-64x64.jpg 64w, https:\/\/industrie-culturelle.fr\/industrie-culturelle\/wp-content\/uploads\/2014\/11\/robert-kirkman-96x96.jpg 96w, https:\/\/industrie-culturelle.fr\/industrie-culturelle\/wp-content\/uploads\/2014\/11\/robert-kirkman-128x128.jpg 128w\" sizes=\"auto, (max-width: 116px) 100vw, 116px\" \/><\/a><figcaption id=\"caption-attachment-14011\" class=\"wp-caption-text\">Robert Kirkman (1978-)<\/figcaption><\/figure>\n<p style=\"text-align: justify;\">CW, une (petite) cha\u00eene\u00a0<em>network<\/em> qui vise les 18-34 ans, pr\u00e9pare pour 2015 une adaptation de la bande dessin\u00e9e <em>i<\/em><em>ZOMBIE<\/em> (DC-Vertigo), m\u00e9lange de <em>Veronica Mars <\/em>(dont le cr\u00e9ateur Rob Thomas est aussi producteur de la nouvelle s\u00e9rie), <em>Ghost Whisperer <\/em>et <em>Vampire Diaries. <\/em>Lors d&rsquo;une soir\u00e9e qui tourne mal, une \u00e9tudiante (Gwen dans la bande dessin\u00e9e, Liv dans la s\u00e9rie) se transforme en morte-vivante. Afin d&rsquo;\u00e9pargner les humains, elle travaille dans une morgue pour se nourrir des morts. En mangeant leur cervelle, elle acc\u00e8de \u00e0 leurs (mauvais) souvenirs, et par respect envers eux, se consacre \u00e0 r\u00e9soudre les crimes \u00e0 l&rsquo;origine de leurs morts violentes. La bande dessin\u00e9e originale contient m\u00eame des \u00e9l\u00e9ments \u00ab\u00a0philosophiques\u00a0\u00bb : la \u00ab\u00a0sur\u00e2me\u00a0\u00bb (pens\u00e9es, souvenirs) situ\u00e9e dans le cerveau (<em>oversoul<\/em>, d\u00e9riv\u00e9e du concept \u00e9ponyme de <a title=\"https:\/\/fr.wikipedia.org\/wiki\/Ralph_Waldo_Emerson\" href=\"https:\/\/fr.wikipedia.org\/wiki\/Ralph_Waldo_Emerson\" target=\"_blank\" rel=\"noopener noreferrer\">Ralph Waldo Emerson<\/a>, fondateur du <a title=\"https:\/\/fr.wikipedia.org\/wiki\/Transcendantalisme_%28%C3%89tats-Unis%29\" href=\"https:\/\/fr.wikipedia.org\/wiki\/Transcendantalisme_%28%C3%89tats-Unis%29\" target=\"_blank\" rel=\"noopener noreferrer\">transcendantalisme<\/a>), et la \u00ab\u00a0sous-\u00e2me\u00a0\u00bb (\u00e9motions, d\u00e9sirs) situ\u00e9e dans le c\u0153ur (<em>undersoul<\/em>). Par jeu de combinaisons, les fant\u00f4mes sont des sur\u00e2mes sans corps, les esprits frappeurs des sous-\u00e2mes sans corps, les vampires des corps sans sous-\u00e2me, les zombies des corps sans sur\u00e2me, et les morts-vivants la synth\u00e8se de la sur\u00e2me et de la sous-\u00e2me. Comme les vivants ? Il reste \u00e0 voir dans quelle mesure ces \u00e9l\u00e9ments seront int\u00e9gr\u00e9s dans la s\u00e9rie t\u00e9l\u00e9vis\u00e9e.<\/p>\n<p style=\"text-align: justify;\"><a href=\"https:\/\/industrie-culturelle.fr\/industrie-culturelle\/wp-content\/uploads\/2014\/10\/izombie.jpg\"><img loading=\"lazy\" decoding=\"async\" class=\"alignleft  wp-image-13436\" src=\"https:\/\/industrie-culturelle.fr\/industrie-culturelle\/wp-content\/uploads\/2014\/10\/izombie.jpg\" alt=\"izombie\" width=\"102\" height=\"149\" \/><\/a>Apr\u00e8s les retransmissions de matchs de football am\u00e9ricain, <em>The Walking <\/em><em>Dead <\/em>(s\u00e9rie) et <em>The Big Bang Theory<\/em> (sitcom) sont les programmes de t\u00e9l\u00e9vision les plus rentables. Selon <em>Advertising Age<\/em>, les trente secondes d&rsquo;un spot publicitaire pendant les coupures de <em>The Walking Dead<\/em> peuvent monter \u00e0 plus de 400 000 $ (313 330 \u20ac), alors que pour <em>The Big Bang Theory<\/em>, un spot est factur\u00e9 en moyenne 344 827 $. Dans le cas de <em>The Walking Dead<\/em>, m\u00eame un spot achet\u00e9 bien en avance co\u00fbte entre 200 et 260 000 $. En 2013, le bimensuel new-yorkais <em>Complex<\/em> a calcul\u00e9 qu&rsquo;\u00e0 raison de 18 minutes de publicit\u00e9 et d&rsquo;un co\u00fbt moyen de 2,75 millions $ (relativement bon march\u00e9), chaque \u00e9pisode pourrait rapporter 11 millions $ de b\u00e9n\u00e9fices sur le seul march\u00e9 am\u00e9ricain. Ce niveau de rentabilit\u00e9 est en grande partie d\u00fb aux salaires \u00ab\u00a0modestes\u00a0\u00bb des acteurs. Andrew Lincoln (Rick), qui incarne le personnage central de <em>The Walking Dead<\/em>, n&rsquo;a touch\u00e9 \u00ab\u00a0que\u00a0\u00bb 90 000 $ par \u00e9pisode en 2013 (en comparaison, les trois acteurs principaux de <em>The Big Bang Theory<\/em> ont gagn\u00e9 chacun un million $ par \u00e9pisode, ce qui en fait d&rsquo;eux les mieux pay\u00e9s \u00e0 la t\u00e9l\u00e9vision am\u00e9ricaine).<\/p>\n<p style=\"text-align: justify;\">Les nouvelles s\u00e9ries de zombies cherchent \u00e0 se d\u00e9marquer entre elles en int\u00e9grant \u00e0 des dosages divers des \u00e9l\u00e9ments de science-fiction, d&rsquo;horreur, de policier et de <em>teen culture<\/em>. Si le c\u0153ur de cible reste les 18-34 ans, il est jug\u00e9 important de grignoter sur la cat\u00e9gorie 12-17 ans. Pour ce faire, les producteurs d&rsquo;<em>i<\/em><em>Zombie <\/em>(notez l&rsquo;orthographe diff\u00e9rente) ont choisi d&rsquo;adoucir les \u00e9l\u00e9ments <em>pure gore<\/em> de la bande dessin\u00e9e en faveur d&rsquo;un style plus\u00a0romantique qui correspond mieux aux go\u00fbts des adolescents. Une autre tactique, qui profite de l&rsquo;arm\u00e9e de\u00a0<em>geeks <\/em>\u00e9rudits qui s\u00e9vissent sur la web, consiste \u00e0 multiplier les r\u00e9f\u00e9rences \u00ab\u00a0intertextuelles\u00a0\u00bb \u00e0 d&rsquo;autres s\u00e9ries (<em>Lost<\/em>, <em>Heroes,<\/em> <em>Vampire Diaries,\u00a0 <\/em>etc.) en faisant appel \u00e0 des acteurs issus de celles-ci.<\/p>\n<p style=\"text-align: justify;\"><a href=\"https:\/\/industrie-culturelle.fr\/industrie-culturelle\/wp-content\/uploads\/2014\/10\/walking-dead2.jpg\"><img loading=\"lazy\" decoding=\"async\" class=\"alignright  wp-image-13447\" src=\"https:\/\/industrie-culturelle.fr\/industrie-culturelle\/wp-content\/uploads\/2014\/10\/walking-dead2-150x150.jpg\" alt=\"walking dead2\" width=\"111\" height=\"111\" srcset=\"https:\/\/industrie-culturelle.fr\/industrie-culturelle\/wp-content\/uploads\/2014\/10\/walking-dead2-150x150.jpg 150w, https:\/\/industrie-culturelle.fr\/industrie-culturelle\/wp-content\/uploads\/2014\/10\/walking-dead2-144x144.jpg 144w, https:\/\/industrie-culturelle.fr\/industrie-culturelle\/wp-content\/uploads\/2014\/10\/walking-dead2-36x36.jpg 36w, https:\/\/industrie-culturelle.fr\/industrie-culturelle\/wp-content\/uploads\/2014\/10\/walking-dead2-115x115.jpg 115w, https:\/\/industrie-culturelle.fr\/industrie-culturelle\/wp-content\/uploads\/2014\/10\/walking-dead2-32x32.jpg 32w, https:\/\/industrie-culturelle.fr\/industrie-culturelle\/wp-content\/uploads\/2014\/10\/walking-dead2-64x64.jpg 64w, https:\/\/industrie-culturelle.fr\/industrie-culturelle\/wp-content\/uploads\/2014\/10\/walking-dead2-96x96.jpg 96w, https:\/\/industrie-culturelle.fr\/industrie-culturelle\/wp-content\/uploads\/2014\/10\/walking-dead2-128x128.jpg 128w\" sizes=\"auto, (max-width: 111px) 100vw, 111px\" \/><\/a>Pour les publicitaires, <em>The Walking Dead <\/em>a modifi\u00e9 le paysage de la t\u00e9l\u00e9vision am\u00e9ricaine \u00e0 plusieurs \u00e9gards. D&rsquo;abord, elle a d\u00e9clench\u00e9 la tendance g\u00e9n\u00e9rale vers la \u00ab\u00a0s\u00e9rie limit\u00e9e\u00a0\u00bb (en \u00e9pisodes) inspir\u00e9e par le c\u00e2ble. Avec seulement 16 \u00e9pisodes par saison, les tarifs publicitaires profitent de l&rsquo;effet de raret\u00e9 ainsi cr\u00e9\u00e9. Un exemple d&rsquo;une \u00ab\u00a0s\u00e9rie limit\u00e9e\u00a0\u00bb hertzienne \u00e0 succ\u00e8s : <em>Sleepy Hollow<\/em> (Fox), l&rsquo;histoire d&rsquo;un revenant adapt\u00e9e du film \u00e9ponyme de <a title=\"https:\/\/fr.wikipedia.org\/wiki\/Tim_Burton\" href=\"https:\/\/fr.wikipedia.org\/wiki\/Tim_Burton\" target=\"_blank\" rel=\"noopener noreferrer\">Tim Burton<\/a>, dont la premi\u00e8re saison n&rsquo;a pas d\u00e9pass\u00e9 13 \u00e9pisodes (et la 2\u00e8me saison, 15). Deuxi\u00e8mement, certaines grandes marques sont d\u00e9sormais plus enclines \u00e0 s&rsquo;associer avec des s\u00e9ries peu respectables, pourvues qu&rsquo;elles drainent une audience massive de jeunes. La plupart de marques, cependant, ren\u00e2clent encore. <em>The Walking Dead<\/em> a \u00e9t\u00e9 jug\u00e9e incompatible par les fabricants du poudre de lavage, de la dentifrice, et de la vinaigrette ; Kentucky Fried Chicken a d\u00fb se ressaisir en catastrophe apr\u00e8s un placement \u00ab\u00a0<em>malheureux <\/em>\u00bb. Mais d&rsquo;autres s&rsquo;y retrouvent. Le fabricant de voitures 4 x 4 Hyundai a une \u00e9troite association avec la s\u00e9rie depuis la saison 2, au point o\u00f9 son mod\u00e8le Tucson est devenu un quasi-personnage. R\u00e9cemment, Hyundai a lanc\u00e9 un concours pour la meilleure machine de survie aux zombies via son application \u00ab\u00a0Walking Dead Chop Shop\u00a0\u00bb. D&rsquo;apr\u00e8s son pr\u00e9sident, Steve Shannon, \u00ab\u00a0The Walking Dead <em>contient les ingr\u00e9dients cl\u00e9s qu&rsquo;on recherche dans une s\u00e9rie aujourd&rsquo;hui : non seulement un bon audimat, mais du bavardage sur les r\u00e9seaux sociaux, une base loyale de fans, et une s\u00e9rie d\u00e9riv\u00e9e r\u00e9ussie, <\/em>Talking Dead \u00bb. Cette derni\u00e8re a quand m\u00eame drain\u00e9 5,2 millions de t\u00e9l\u00e9spectateurs pour l&rsquo;\u00e9pisode final de la premi\u00e8re saison, chiffre non n\u00e9gligeable pour une s\u00e9rie d\u00e9riv\u00e9e. Selon Jason Croddy, publicitaire chez Initiative qui a collabor\u00e9 avec Hyundai : \u00ab\u00a0<em>Nous sommes toujours \u00e0 la recherche de biens <\/em>(properties, <em>on parle des s\u00e9ries !<\/em>) <em>avec une base loyale de fans qui sont passionn\u00e9s et enthousiastes <\/em>\u00bb.<\/p>\n<figure id=\"attachment_13450\" aria-describedby=\"caption-attachment-13450\" style=\"width: 102px\" class=\"wp-caption alignleft\"><a href=\"https:\/\/industrie-culturelle.fr\/industrie-culturelle\/wp-content\/uploads\/2014\/10\/brian-steinberg.jpg\"><img loading=\"lazy\" decoding=\"async\" class=\" wp-image-13450\" src=\"https:\/\/industrie-culturelle.fr\/industrie-culturelle\/wp-content\/uploads\/2014\/10\/brian-steinberg-120x150.jpg\" alt=\"Brian Steinberg\" width=\"102\" height=\"128\" \/><\/a><figcaption id=\"caption-attachment-13450\" class=\"wp-caption-text\">Brian Steinberg<\/figcaption><\/figure>\n<p style=\"text-align: justify;\">Brian Steinberg, responsable de la rubrique t\u00e9l\u00e9vision \u00e0 <em>Advertising Age<\/em>, pense que les autres cha\u00eenes seront condamn\u00e9es \u00e0 terme \u00e0 s&rsquo;inspirer des s\u00e9ries comme <em>The Walking Dead<\/em>, m\u00eame si la trame de celle-ci, d\u00e9primante et pessimiste, va radicalement \u00e0 l&rsquo;encontre de l&rsquo;ambiance positive et vivifiante r\u00e9clam\u00e9e par les annonceurs depuis toujours. En cela, la s\u00e9rie marque, selon lui, un d\u00e9placement de ton \u00e0 la t\u00e9l\u00e9vision am\u00e9ricaine. Une s\u00e9rie comme <em>Revolution<\/em> (NBC, 2012-14), qui est partie d&rsquo;un groupe de survivants vivant dans un monde postapocalyptique sans \u00e9lectricit\u00e9, a \u00e9t\u00e9 une tentative d&rsquo;adapter cette trame pour une audience plus <em>mainstream<\/em>. Steinberg a demand\u00e9 d\u00e9j\u00e0 en 2012 : \u00ab\u00a0<em>Si <\/em>The Walking Dead <em>peut avoir cet effet en 2012, qui pourrait dire quel type de programme fera fureur en 2020 ?<\/em> \u00bb.<\/p>\n<p style=\"text-align: justify;\"><span style=\"font-size: 10pt;\"><em>Sources : \u00ab\u00a0Le Monde\u00a0\u00bb, 19-20 oct. 2014 (Pauline Croquet, \u00ab\u00a0<a title=\"https:\/\/www.lemonde.fr\/pixels\/article\/2014\/10\/13\/pourquoi-les-series-de-zombies-se-multiplient_4503034_4408996.html\" href=\"https:\/\/www.lemonde.fr\/pixels\/article\/2014\/10\/13\/pourquoi-les-series-de-zombies-se-multiplient_4503034_4408996.html\" target=\"_blank\" rel=\"noopener noreferrer\">Les zombies contaminent les \u00e9crans de t\u00e9l\u00e9vision \u00bb<\/a>) ; entr\u00e9e wikip\u00e9dia (en anglais) \u00ab\u00a0<a title=\"https:\/\/https:\/\/en.wikipedia.org\/wiki\/IZOMBIE\" href=\"https:\/\/https:\/\/en.wikipedia.org\/wiki\/IZOMBIE\" target=\"_blank\" rel=\"noopener noreferrer\">iZOMBIE<\/a>\u00a0\u00bb ; \u00ab\u00a0Advertising Age\u00a0\u00bb, d\u00e9c 5, 2012 (Brian Steinberg, \u00ab\u00a0<a title=\"https:\/\/adage.com\/article\/tuning-in\/amc-s-zombies-eaten-tv\/238614\/\" href=\"https:\/\/adage.com\/article\/tuning-in\/amc-s-zombies-eaten-tv\/238614\/\" target=\"_blank\" rel=\"noopener noreferrer\">Have AMC&rsquo;s Zombies already eaten TV ? \u00bb<\/a>) ; \u00ab\u00a0Advertising Age\u00a0\u00bb, oct. 11, 2013 (Jeanine Poggi, \u00ab\u00a0<a title=\"https:\/\/adage.com\/article\/media\/amc-s-walking-dead-zombies-reinvented-tv\/244705\/\" href=\"https:\/\/adage.com\/article\/media\/amc-s-walking-dead-zombies-reinvented-tv\/244705\/\" target=\"_blank\" rel=\"noopener noreferrer\">How AMC&rsquo;s Walking Dead Zombies reinvented TV \u00bb<\/a>).<\/em><\/span><\/p>\n<p style=\"text-align: justify;\"><div class=\"su-box su-box-style-default\" id=\"\" style=\"border-color:#00998d;border-radius:3px;max-width:none\"><div class=\"su-box-title\" style=\"background-color:#00CCC0;color:#FFFFFF;border-top-left-radius:1px;border-top-right-radius:1px\">Commentaire du r\u00e9dacteur<\/div><div class=\"su-box-content su-u-clearfix su-u-trim\" style=\"border-bottom-left-radius:1px;border-bottom-right-radius:1px\">\n<p style=\"text-align: justify;\"><a href=\"https:\/\/industrie-culturelle.fr\/industrie-culturelle\/wp-content\/uploads\/2014\/10\/zombies.jpg\"><img loading=\"lazy\" decoding=\"async\" class=\"alignright  wp-image-13637\" src=\"https:\/\/industrie-culturelle.fr\/industrie-culturelle\/wp-content\/uploads\/2014\/10\/zombies.jpg\" alt=\"zombies\" width=\"96\" height=\"132\" \/><\/a>De quoi les zombies sont-ils le nom ? Poser cette question, c&rsquo;est d\u00e9j\u00e0 pointer les limites d&rsquo;une approche des produits culturels uniquement en termes d&rsquo;\u00e9conomie politique. Si les contenus ne peuvent pas \u00eatre directement reli\u00e9s \u00e0 la logique du capital, ils ne sont pas compl\u00e8tement arbitraires par rapport \u00e0 l&rsquo;\u00e9volution de celle-ci. Pr\u00e9cisons d&#8217;embl\u00e9e que la question est difficile, d&rsquo;autant qu&rsquo;une analyse vraiment satisfaisante des ressorts id\u00e9ologiques du fantastique devrait tenir compte des mont\u00e9es et des reflux de ses figures diverses : les fant\u00f4mes, les extraterrestres, les loups-garous, les vampires, et les zombies, figures pour la plupart fort anciennes et pr\u00e9scientifiques, dont la signification est loin d&rsquo;\u00eatre fixe. Mais avant d&rsquo;entrer dans de telles nuances, une analyse convaincante doit aussi expliquer ce que ces figures du fantastique ont <em>en commun<\/em>. Pendant les vingt derni\u00e8res ann\u00e9es, les extraterrestres, les vampires et les morts-vivants se sont succ\u00e9d\u00e9 sur les \u00e9crans am\u00e9ricains ; de fa\u00e7on d\u00e9cisive, les nouvelles s\u00e9ries fantastiques font coexister (et m\u00eame collaborer !) vivants, morts-vivants et fant\u00f4mes dans le m\u00eame assemblage.<\/p>\n<p style=\"text-align: justify;\"><a href=\"https:\/\/industrie-culturelle.fr\/industrie-culturelle\/wp-content\/uploads\/2014\/10\/captain-china.jpg\"><img loading=\"lazy\" decoding=\"async\" class=\"alignleft  wp-image-13574\" src=\"https:\/\/industrie-culturelle.fr\/industrie-culturelle\/wp-content\/uploads\/2014\/10\/captain-china.jpg\" alt=\"captain china\" width=\"121\" height=\"159\" \/><\/a>La c\u00e9l\u00e9bration actuelle des zombies r\u00e9sulte \u00e0 un niveau tr\u00e8s g\u00e9n\u00e9ral de la rencontre de plusieurs tendances historiques. D&rsquo;abord, l&rsquo;influence de la <em>pop culture<\/em> des ann\u00e9es 1960 (mariage d&rsquo;une culture issue des classes populaires avec une nouvelle culture commerciale) a eu pour effet la progressive revalorisation de formes jadis m\u00e9pris\u00e9es en avant-garde d&rsquo;une modernit\u00e9 essentiellement organis\u00e9e autour de la consommation de masse. Ce mouvement, qui a vu des figures mal vues, aux marges de la culture populaire devenir de plus en plus <em>mainstream<\/em>, n&rsquo;a pas cess\u00e9 de gagner en force depuis. La deuxi\u00e8me influence vient \u00e0 ce que j&rsquo;ai appel\u00e9 <em>l&rsquo;avatarisation<\/em> des personnages (le gommage de toute profondeur psychologique) qui accompagne l&rsquo;ouverture des fictions audiovisuelles au march\u00e9 international \u00e0 partir des ann\u00e9es 1960 [1]. Un des aboutissements de ce processus, c&rsquo;est l&rsquo;engouement du public chinois pour les super-h\u00e9ros issus de la bande dessin\u00e9e am\u00e9ricaine des ann\u00e9es 1960.\u00a0 La troisi\u00e8me influence, qui remonte aux d\u00e9buts de la crise dans les ann\u00e9es 1970, et les premi\u00e8res attaques contre les acquis sociaux, touche \u00e0 ce que j&rsquo;ai caract\u00e9ris\u00e9 comme la quasi-impossibilit\u00e9 pour les protagonistes d&rsquo;incarner un projet social <em>positif\u00a0<\/em> [2], d&rsquo;o\u00f9 une <em>passivit\u00e9 <\/em>de fait, une posture essentiellement <em>d\u00e9fensive<\/em> vis \u00e0 vis un monde hostile dans lequel la m\u00e9fiance extr\u00eame devient la seule mani\u00e8re sens\u00e9e de se comporter avec les autres, y compris ses amis. \u00ab\u00a0<em>Ne faites confiance \u00e0 personne\u00a0\u00bb<\/em>, disait Fox Mulder (<em>The X-Files<\/em>) d\u00e9j\u00e0 dans les ann\u00e9es 1990. Sous l&rsquo;effet d&rsquo;une crise structurelle profonde et chronique, c&rsquo;est le lien social qui se fragilise. Or, aucune soci\u00e9t\u00e9 (et aucun \u00e9change marchand) ne peut fonctionner sans un minimum de confiance.<\/p>\n<figure id=\"attachment_13611\" aria-describedby=\"caption-attachment-13611\" style=\"width: 99px\" class=\"wp-caption alignright\"><a href=\"https:\/\/industrie-culturelle.fr\/industrie-culturelle\/wp-content\/uploads\/2014\/10\/slavoj-zizek.jpg\"><img loading=\"lazy\" decoding=\"async\" class=\" wp-image-13611\" src=\"https:\/\/industrie-culturelle.fr\/industrie-culturelle\/wp-content\/uploads\/2014\/10\/slavoj-zizek-150x150.jpg\" alt=\"Slavoj Zizek (1949-)\" width=\"99\" height=\"99\" srcset=\"https:\/\/industrie-culturelle.fr\/industrie-culturelle\/wp-content\/uploads\/2014\/10\/slavoj-zizek-150x150.jpg 150w, https:\/\/industrie-culturelle.fr\/industrie-culturelle\/wp-content\/uploads\/2014\/10\/slavoj-zizek-144x144.jpg 144w, https:\/\/industrie-culturelle.fr\/industrie-culturelle\/wp-content\/uploads\/2014\/10\/slavoj-zizek-36x36.jpg 36w, https:\/\/industrie-culturelle.fr\/industrie-culturelle\/wp-content\/uploads\/2014\/10\/slavoj-zizek-115x115.jpg 115w, https:\/\/industrie-culturelle.fr\/industrie-culturelle\/wp-content\/uploads\/2014\/10\/slavoj-zizek-32x32.jpg 32w, https:\/\/industrie-culturelle.fr\/industrie-culturelle\/wp-content\/uploads\/2014\/10\/slavoj-zizek-64x64.jpg 64w, https:\/\/industrie-culturelle.fr\/industrie-culturelle\/wp-content\/uploads\/2014\/10\/slavoj-zizek-96x96.jpg 96w, https:\/\/industrie-culturelle.fr\/industrie-culturelle\/wp-content\/uploads\/2014\/10\/slavoj-zizek-128x128.jpg 128w\" sizes=\"auto, (max-width: 99px) 100vw, 99px\" \/><\/a><figcaption id=\"caption-attachment-13611\" class=\"wp-caption-text\">Slavoj Zizek (1949-)<\/figcaption><\/figure>\n<p style=\"text-align: justify;\">Qu&rsquo;il s&rsquo;agisse d&rsquo;un monde pr\u00e9apocalyptique (<em>The X-Files<\/em> dans les ann\u00e9es 1990), ou postapocalyptique (<em>The Walking Dead<\/em>), les ressorts sont similaires : le <em>plus-de-jouir <\/em>(concept du psychanalyste Jacques Lacan calqu\u00e9 sur celui de la plus-value chez Marx) apport\u00e9 par l&rsquo;id\u00e9e m\u00eame d&rsquo;apocalypse, le d\u00e9sir de celle-ci. \u00ab\u00a0<em>La mani\u00e8re la plus facile de d\u00e9gager le plus-de-jouir id\u00e9ologique dans une formation id\u00e9ologique<\/em>, \u00e9crit le philosophe slov\u00e8ne <a title=\"https:\/\/fr.wikipedia.org\/wiki\/Slavoj_%C5%BDi%C5%BEek\" href=\"https:\/\/fr.wikipedia.org\/wiki\/Slavoj_%C5%BDi%C5%BEek\" target=\"_blank\" rel=\"noopener noreferrer\">Slavoj Zizek<\/a>, <em>c&rsquo;est de lire celle-ci comme un r\u00eave afin d&rsquo;analyser le d\u00e9placement qui y travaille<\/em> \u00bb [3]. Zizek en cite deux exemples : un patient de Freud qui, dans un r\u00eave, rencontre avec bonheur une ancienne amante \u00e0 l&rsquo;enterrement de son p\u00e8re ; un film de science-fiction des ann\u00e9es 1950, similaire aux s\u00e9ries trait\u00e9es ici, dans lequel un virus \u00e0 fait dispara\u00eetre la population de la Californie, ce qui offre la possibilit\u00e9 aux quelques survivants de red\u00e9couvrir le bonheur d&rsquo;une vie simple fond\u00e9e sur la solidarit\u00e9 organique. Dans les deux cas, la mort ou la catastrophe, c&rsquo;est le prix \u00e0 payer pour la r\u00e9alisation d&rsquo;un d\u00e9sir qui est en m\u00eame temps sadique (survivant) et masochiste (victime).<\/p>\n<p style=\"text-align: justify;\"><a href=\"https:\/\/industrie-culturelle.fr\/industrie-culturelle\/wp-content\/uploads\/2014\/10\/marx-vampire.jpg\"><img loading=\"lazy\" decoding=\"async\" class=\"aligncenter wp-image-13613 \" src=\"https:\/\/industrie-culturelle.fr\/industrie-culturelle\/wp-content\/uploads\/2014\/10\/marx-vampire.jpg\" alt=\"marx vampire\" width=\"363\" height=\"171\" srcset=\"https:\/\/industrie-culturelle.fr\/industrie-culturelle\/wp-content\/uploads\/2014\/10\/marx-vampire.jpg 327w, https:\/\/industrie-culturelle.fr\/industrie-culturelle\/wp-content\/uploads\/2014\/10\/marx-vampire-300x141.jpg 300w\" sizes=\"auto, (max-width: 363px) 100vw, 363px\" \/><\/a><\/p>\n<p style=\"text-align: justify;\">La figure du vampire ou du mort-vivant dans ces s\u00e9ries est donc surd\u00e9termin\u00e9e : m\u00e9taphore du capitalisme, et expression d&rsquo;un au-del\u00e0 de celui-ci, certes sous une forme \u00ab\u00a0survivaliste\u00a0\u00bb, et profond\u00e9ment pessimiste. Plus encore que le fant\u00f4me ou le vampire, le zombie repr\u00e9sente le degr\u00e9 z\u00e9ro du lien social, le point limite du rapport avec l&rsquo;autre dans une soci\u00e9t\u00e9 qui se d\u00e9vore. Nul \u00e9change possible avec lui ! <em>Le Capital <\/em>contient plusieurs passages m\u00e9morables o\u00f9 Marx fait r\u00e9f\u00e9rence aux vampires pour caract\u00e9riser les capitalistes, et le processus du capitalisme lui-m\u00eame [4]. Pour le critique litt\u00e9raire italien <a title=\"https:\/\/en.wikipedia.org\/wiki\/Franco_Moretti\" href=\"https:\/\/en.wikipedia.org\/wiki\/Franco_Moretti\" target=\"_blank\" rel=\"noopener noreferrer\">Franco Moretti<\/a>, le d\u00e9sir du sang de Dracula est une m\u00e9taphore pour le d\u00e9sir d&rsquo;accumulation du capital, d\u00e9sir qui n&rsquo;a pas honte de lui-m\u00eame : \u00ab\u00a0<em>comme le capital, Dracula est pouss\u00e9 vers une croissance perp\u00e9tuelle, une expansion illimit\u00e9e de son domaine ; l&rsquo;accumulation est inh\u00e9rente dans sa nature<\/em>\u00a0\u00bb [5]. La figure du vampire se renforce singuli\u00e8rement aujourd&rsquo;hui, qui voit la domination outranci\u00e8re du capitalisme financier, du \u00ab\u00a0<em>capital mort<\/em>\u00a0\u00bb qui ne cesse de demander son tribut sacrificiel aux vivants.<\/p>\n<figure id=\"attachment_13614\" aria-describedby=\"caption-attachment-13614\" style=\"width: 259px\" class=\"wp-caption aligncenter\"><a href=\"https:\/\/industrie-culturelle.fr\/industrie-culturelle\/wp-content\/uploads\/2014\/10\/zombie-walk.jpg\"><img loading=\"lazy\" decoding=\"async\" class=\"wp-image-13614 size-full\" src=\"https:\/\/industrie-culturelle.fr\/industrie-culturelle\/wp-content\/uploads\/2014\/10\/zombie-walk.jpg\" alt=\"zombie walk\" width=\"259\" height=\"194\" \/><\/a><figcaption id=\"caption-attachment-13614\" class=\"wp-caption-text\">Une marche zombie (d\u00e9tails inconnus)<\/figcaption><\/figure>\n<p style=\"text-align: justify;\">Faisant preuve de perspicacit\u00e9, le journaliste Brian Steinberg se demande si \u00ab\u00a0les morts qui marchent\u00a0\u00bb sont les morts-vivants, ou les pauvres survivants qui doivent coexister avec eux [6]. Il est possible de lire la figure du zombie dans ce sens comme une m\u00e9taphore &#8211; mi-parodique, mi-protestataire &#8211; de la vie elle-m\u00eame sous le capitalisme tardif. On a vu ces derni\u00e8res ann\u00e9es des marches des zombies (<em>zombie<\/em> <em>walks<\/em>) partout dans le monde, y compris en France. Le responsable des effets sp\u00e9ciaux de <em>The Walking Dead<\/em>, Greg Nicotero, a donn\u00e9 des conseils pour bien se ressembler \u00e0 un zombie [7] : marcher comme un ivrogne, ne pas cligner les yeux, manger comme un animal, ce qui reste largement dans les cordes de n&rsquo;importe quel adolescent.<\/p>\n<p style=\"text-align: justify;\"><span style=\"font-size: 10pt;\">[1] David Buxton, <em>Les s\u00e9ries t\u00e9l\u00e9vis\u00e9es : forme, id\u00e9ologie et mode de production<\/em>, L&rsquo;Harmattan, 2010, pp. 67-8.<\/span><\/p>\n<p style=\"text-align: justify;\"><span style=\"font-size: 10pt;\">[2] <em>ibid.<\/em>, pp. 5, 90-2, 96, 145-9.<\/span><\/p>\n<p style=\"text-align: justify;\"><span style=\"font-size: 10pt;\">[3] Slavoj Zizek, \u00ab\u00a0<a title=\"https:\/\/www.marxists.org\/reference\/subject\/philosophy\/works\/ot\/zizek1.htm\" href=\"https:\/\/www.marxists.org\/reference\/subject\/philosophy\/works\/ot\/zizek1.htm\" target=\"_blank\" rel=\"noopener noreferrer\">Repeating Lenin<\/a> \u00bb [1997], pp. 11-12 (je traduis). Jacques Lacan, \u00ab\u00a0<a title=\"https:\/\/www.cairn.info\/revue-cites-2003-4-page-129.htm\" href=\"https:\/\/www.cairn.info\/revue-cites-2003-4-page-129.htm\" target=\"_blank\" rel=\"noopener noreferrer\">De la plus-value au plus-de-jouir \u00bb<\/a>, s\u00e9minaire du 13 nov. 1968, in <em>Cit\u00e9s<\/em>, 16, 2003, pp. 129-44.<\/span><\/p>\n<p style=\"text-align: justify;\"><span style=\"font-size: 10pt;\">[4] Marx, <em>Le Capital<\/em>, tome 1,\u00a0<em>passim<\/em> [1867]. Voir l&rsquo;article de Mark Neocleous, \u00ab\u00a0<a title=\"https:\/\/gretl.ecn.wfu.edu\/~cottrell\/OPE\/archive\/0604\/att-0138\/01-PoliticalEconOfTheDead.pdf\" href=\"https:\/\/gretl.ecn.wfu.edu\/~cottrell\/OPE\/archive\/0604\/att-0138\/01-PoliticalEconOfTheDead.pdf\" target=\"_blank\" rel=\"noopener noreferrer\">The Political Economy of the Dead : Marx&rsquo;s vampires<\/a> \u00bb, 2003.<\/span><\/p>\n<p style=\"text-align: justify;\"><span style=\"font-size: 10pt;\">[5] Franco Moretti, <em>Signs taken for wonders : essays in the sociology of literary forms<\/em>, Verso (London), 1983, p. 91.<\/span><\/p>\n<p style=\"text-align: justify;\"><span style=\"font-size: 10pt;\">[6] Brian Steinberg, \u00ab\u00a0Have AMC&rsquo;s zombies already eaten TV ?\u00a0\u00bb, <em>Advertising Age<\/em>, oct 11, 2014 (lien ci-dessus).<\/span><\/p>\n<p style=\"text-align: justify;\"><span style=\"font-size: 10pt;\">[7] Anne-Christine Diaz, \u00ab\u00a0<a title=\"https:\/\/adage.com\/article\/creativity-news\/zombie-secrets-walking-dead-s-greg-nicotero\/245058\/\" href=\"https:\/\/adage.com\/article\/creativity-news\/zombie-secrets-walking-dead-s-greg-nicotero\/245058\/\" target=\"_blank\" rel=\"noopener noreferrer\">6 Tips for being a good zombie \u00bb<\/a>, <em>Advertising Age<\/em>, oct. 11, 2013.<\/span><\/p>\n<p style=\"text-align: justify;\"><\/div><\/div>\n<h2><span style=\"font-size: 14pt;\"><em>\u00ab Game of Thrones<\/em> \u00bb d\u00e9tr\u00f4ne \u00ab <em>The Sopranos\u00a0<\/em>\u00bb pour les s\u00e9ries produites par les cha\u00eenes de c\u00e2ble (#22, juillet 2014)<\/span><\/h2>\n<p style=\"text-align: justify;\"><a href=\"https:\/\/industrie-culturelle.fr\/industrie-culturelle\/wp-content\/uploads\/2014\/06\/game-of-thrones.jpg\"><img loading=\"lazy\" decoding=\"async\" class=\"alignleft  wp-image-11169\" title=\"game of thrones\" src=\"https:\/\/industrie-culturelle.fr\/industrie-culturelle\/wp-content\/uploads\/2014\/06\/game-of-thrones.jpg\" alt=\"\" width=\"104\" height=\"154\" \/><\/a>La saison 4 de <em>Game of Thrones <\/em>(HBO), s\u00e9rie qui vient d&rsquo;\u00eatre renouvel\u00e9e pour deux saisons de plus, a r\u00e9uni en moyenne aux \u00c9tats-Unis 18,4 millions de spectateurs par \u00e9pisode, toutes plateformes confondues, contre 18,2 millions par \u00e9pisode pour la saison 4 de <em>The Sopranos<\/em> en 2002. Le dernier \u00e9pisode de la saison 4 de <em>Game of Thrones<\/em> a \u00e9t\u00e9 suivi par 7,1 millions de t\u00e9l\u00e9spectateurs en t\u00e9l\u00e9diffusion, 32% de plus qu&rsquo;en 2013. La comparaison avec <em>The Sopranos<\/em> est n\u00e9anmoins symbolique, car douze ans apr\u00e8s, les supports de diffusion (notamment la vid\u00e9o \u00e0 la demande et le <em>streaming<\/em>) se sont consid\u00e9rablement \u00e9toff\u00e9s. D&rsquo;apr\u00e8s les donn\u00e9es du site TorrentFreak, <em>Game of Thrones<\/em> est la s\u00e9rie la plus t\u00e9l\u00e9charg\u00e9e ill\u00e9galement, avec 5,9 millions de piratages pour le dernier \u00e9pisode de la saison 3. Aux \u00c9tats-Unis, 5,4 millions de t\u00e9l\u00e9spectateurs ont regard\u00e9 la t\u00e9l\u00e9diffusion de cet \u00e9pisode (par rapport \u00e0 un peu moins de 3 millions lors du d\u00e9marrage de la s\u00e9rie en 2011) ; avec les rediffusions en semaine, l&rsquo;audimat a d\u00e9pass\u00e9 les 14 millions. <strong>Commentaire : <\/strong>ces chiffres, qui varient l\u00e9g\u00e8rement selon la source, sont int\u00e9ressants pour l&rsquo;universitaire (et pour d&rsquo;autres raisons, le publicitaire), car ils permettent de voir de fa\u00e7on indicative, du moins pour une s\u00e9rie drainant un public \u00ab\u00a0jeune\u00a0\u00bb, le ratio entre ceux qui regardent en t\u00e9l\u00e9diffusion, et ceux qui regardent en diff\u00e9r\u00e9 sur support num\u00e9rique (5,4 : 8,6), ou pour prendre les chiffres de 2014 (7,1 : 11,3). La web-revue aura certainement l&rsquo;occasion de revenir sur cette s\u00e9rie, mi-saga m\u00e9di\u00e9vale, mi<em>-heroic fantasy<\/em>, qui exprime \u00e0 sa mani\u00e8re d\u00e9tourn\u00e9e les valeurs de notre \u00e9poque (\u00ab\u00a0<em>You win or you die<\/em> \u00bb).<\/p>\n<p style=\"text-align: justify;\"><span style=\"font-size: 10pt;\"><em>Sources : \u00ab\u00a0Les Echos\u00a0\u00bb, 6 avril 2014 ; 6 juin 2014 ; \u00ab\u00a0Lib\u00e9ration\u00a0\u00bb, 18 juin 2014, p. 31.<\/em><\/span><\/p>\n<h2 style=\"text-align: justify;\"><span style=\"font-size: 12pt;\"><span style=\"font-size: 14pt;\">\u00ab NCIS \u00bb est la s\u00e9rie la plus vue dans le monde (#22, juillet 2014)<\/span><\/span><\/h2>\n<figure id=\"attachment_11317\" aria-describedby=\"caption-attachment-11317\" style=\"width: 124px\" class=\"wp-caption alignright\"><a href=\"https:\/\/industrie-culturelle.fr\/industrie-culturelle\/wp-content\/uploads\/2014\/06\/ncis.jpg\"><img loading=\"lazy\" decoding=\"async\" class=\" wp-image-11317 \" title=\"ncis\" src=\"https:\/\/industrie-culturelle.fr\/industrie-culturelle\/wp-content\/uploads\/2014\/06\/ncis-150x150.jpg\" alt=\"\" width=\"124\" height=\"124\" srcset=\"https:\/\/industrie-culturelle.fr\/industrie-culturelle\/wp-content\/uploads\/2014\/06\/ncis-150x150.jpg 150w, https:\/\/industrie-culturelle.fr\/industrie-culturelle\/wp-content\/uploads\/2014\/06\/ncis-36x36.jpg 36w, https:\/\/industrie-culturelle.fr\/industrie-culturelle\/wp-content\/uploads\/2014\/06\/ncis-115x115.jpg 115w, https:\/\/industrie-culturelle.fr\/industrie-culturelle\/wp-content\/uploads\/2014\/06\/ncis-32x32.jpg 32w, https:\/\/industrie-culturelle.fr\/industrie-culturelle\/wp-content\/uploads\/2014\/06\/ncis-64x64.jpg 64w, https:\/\/industrie-culturelle.fr\/industrie-culturelle\/wp-content\/uploads\/2014\/06\/ncis-96x96.jpg 96w, https:\/\/industrie-culturelle.fr\/industrie-culturelle\/wp-content\/uploads\/2014\/06\/ncis-128x128.jpg 128w\" sizes=\"auto, (max-width: 124px) 100vw, 124px\" \/><\/a><figcaption id=\"caption-attachment-11317\" class=\"wp-caption-text\">\u00ab\u00a0NCIS\u00a0\u00bb (Naval Criminal Investigation Service)<\/figcaption><\/figure>\n<p style=\"text-align: justify;\">Selon une nouvelle \u00e9tude d&rsquo;Eurodata TV Worldwide (cr\u00e9\u00e9e au d\u00e9but des ann\u00e9es 1990 par la soci\u00e9t\u00e9 fran\u00e7aise M\u00e9diam\u00e9trie), c&rsquo;est <em>NCIS <\/em>(CBS) qui arrive en premi\u00e8re place pour les s\u00e9ries les plus regard\u00e9es dans le monde, d\u00e9passant d\u00e9sormais <em>Mentalist<\/em>. Pas moins de 57,6 millions de t\u00e9l\u00e9spectateurs l&rsquo;ont suivi en moyenne (par \u00e9pisode) en 2013 dans les 66 pays \u00e9tudi\u00e9s qui repr\u00e9sentent les march\u00e9s t\u00e9l\u00e9visuels les plus importants. Aux \u00c9tats-Unis, <em>NCIS<\/em> a \u00e9t\u00e9 regard\u00e9e par 18,5 millions en moyenne cette ann\u00e9e (les chiffres concernent la seule t\u00e9l\u00e9diffusion, sans prendre en compte les supports num\u00e9riques). Dans sa position de s\u00e9rie <em>leader<\/em>, elle succ\u00e8de \u00e0 <em>CSI (Les Experts)<\/em> et \u00e0 <em>Dr House<\/em>. Dans la cat\u00e9gorie des sitcoms, <em>Modern Family\u00a0<\/em>d\u00e9tr\u00f4ne <em>The Big Bang Theory. <\/em><strong>Commentaire : <\/strong>l&rsquo;int\u00e9r\u00eat de ces chiffres r\u00e9side dans le ratio, toujours de mani\u00e8re indicative, entre l&rsquo;audience am\u00e9ricaine et l&rsquo;audience mondiale pour la diffusion hertzienne d&rsquo;une s\u00e9rie \u00e0 succ\u00e8s international. La recherche universitaire est parfois oblig\u00e9e de \u00ab\u00a0faire avec\u00a0\u00bb des bribes d&rsquo;information rendues publiques, souvent \u00ab\u00a0int\u00e9ress\u00e9es\u00a0\u00bb.<\/p>\n<p style=\"text-align: justify;\"><span style=\"font-size: 10pt;\"><em>Source : \u00ab\u00a0Le Monde\u00a0\u00bb, suppl\u00e9ment \u00ab\u00a0T\u00e9l\u00e9visions\u00a0\u00bb, 22-23 juin 2014, p. 3.<\/em><\/span><\/p>\n<\/div>\n<p>&nbsp;<\/p>\n<p style=\"text-align: justify;\"><a href=\"https:\/\/industrie-culturelle.fr\/industrie-culturelle\/category\/actualites\/\" target=\"_blank\" rel=\"noopener noreferrer\">Lire les autres articles de la rubrique.<\/a><\/p>\n<p style=\"text-align: justify;\"><div class=\"su-divider su-divider-style-default\" style=\"margin:15px 0;border-width:3px;border-color:#999999\"><a href=\"#\" style=\"color:#999999\">Aller en haut<\/a><\/div>\n<p>&nbsp;<\/p>\n<p>&nbsp;<\/p>\n","protected":false},"excerpt":{"rendered":"<p>Voici les entr\u00e9es de la rubrique \u00ab Actualit\u00e9s \u00bb, parfois l\u00e9g\u00e8rement \u00e9dit\u00e9es, portant sur les s\u00e9ries t\u00e9l\u00e9vis\u00e9es depuis le d\u00e9but de la Web-revue.<\/p>\n","protected":false},"author":1294,"featured_media":33986,"comment_status":"open","ping_status":"closed","sticky":false,"template":"","format":"standard","meta":{"colormag_page_container_layout":"default_layout","colormag_page_sidebar_layout":"default_layout","footnotes":""},"categories":[80,1018],"tags":[],"coauthors":[791],"class_list":["post-32174","post","type-post","status-publish","format-standard","has-post-thumbnail","hentry","category-actualites","category-article"],"aioseo_notices":[],"_links":{"self":[{"href":"https:\/\/industrie-culturelle.fr\/industrie-culturelle\/wp-json\/wp\/v2\/posts\/32174","targetHints":{"allow":["GET"]}}],"collection":[{"href":"https:\/\/industrie-culturelle.fr\/industrie-culturelle\/wp-json\/wp\/v2\/posts"}],"about":[{"href":"https:\/\/industrie-culturelle.fr\/industrie-culturelle\/wp-json\/wp\/v2\/types\/post"}],"author":[{"embeddable":true,"href":"https:\/\/industrie-culturelle.fr\/industrie-culturelle\/wp-json\/wp\/v2\/users\/1294"}],"replies":[{"embeddable":true,"href":"https:\/\/industrie-culturelle.fr\/industrie-culturelle\/wp-json\/wp\/v2\/comments?post=32174"}],"version-history":[{"count":0,"href":"https:\/\/industrie-culturelle.fr\/industrie-culturelle\/wp-json\/wp\/v2\/posts\/32174\/revisions"}],"wp:featuredmedia":[{"embeddable":true,"href":"https:\/\/industrie-culturelle.fr\/industrie-culturelle\/wp-json\/wp\/v2\/media\/33986"}],"wp:attachment":[{"href":"https:\/\/industrie-culturelle.fr\/industrie-culturelle\/wp-json\/wp\/v2\/media?parent=32174"}],"wp:term":[{"taxonomy":"category","embeddable":true,"href":"https:\/\/industrie-culturelle.fr\/industrie-culturelle\/wp-json\/wp\/v2\/categories?post=32174"},{"taxonomy":"post_tag","embeddable":true,"href":"https:\/\/industrie-culturelle.fr\/industrie-culturelle\/wp-json\/wp\/v2\/tags?post=32174"},{"taxonomy":"author","embeddable":true,"href":"https:\/\/industrie-culturelle.fr\/industrie-culturelle\/wp-json\/wp\/v2\/coauthors?post=32174"}],"curies":[{"name":"wp","href":"https:\/\/api.w.org\/{rel}","templated":true}]}}