
{"id":30623,"date":"2018-05-01T03:00:32","date_gmt":"2018-05-01T01:00:32","guid":{"rendered":"http:\/\/industrie-culturelle.fr\/industrie-culturelle\/?p=30623"},"modified":"2018-05-31T09:08:31","modified_gmt":"2018-05-31T07:08:31","slug":"actualites-des-industries-culturelles-et-de-communication-64-mai-2018","status":"publish","type":"post","link":"https:\/\/industrie-culturelle.fr\/industrie-culturelle\/actualites-des-industries-culturelles-et-de-communication-64-mai-2018\/","title":{"rendered":"Actualit\u00e9s des industries culturelles et de communication #64, mai 2018"},"content":{"rendered":"<div class=\"pdfprnt-buttons pdfprnt-buttons-post pdfprnt-top-right\"><a href=\"https:\/\/industrie-culturelle.fr\/industrie-culturelle\/wp-json\/wp\/v2\/posts\/30623?print=pdf\" class=\"pdfprnt-button pdfprnt-button-pdf\" target=\"_blank\" ><img decoding=\"async\" src=\"https:\/\/industrie-culturelle.fr\/industrie-culturelle\/wp-content\/plugins\/pdf-print\/images\/pdf.png\" alt=\"image_pdf\" title=\"Afficher le PDF\" \/><\/a><a href=\"https:\/\/industrie-culturelle.fr\/industrie-culturelle\/wp-json\/wp\/v2\/posts\/30623?print=print\" class=\"pdfprnt-button pdfprnt-button-print\" target=\"_blank\" ><img decoding=\"async\" src=\"https:\/\/industrie-culturelle.fr\/industrie-culturelle\/wp-content\/plugins\/pdf-print\/images\/print.png\" alt=\"image_print\" title=\"Contenu imprim\u00e9\" \/><\/a><\/div><p style=\"text-align: justify;\"><strong>La Web-revue : de la <em>Kulturindustrie<\/em> d\u2019hier aux industries culturelles, cr\u00e9atives et de communication d\u2019aujourd\u2019hui, s\u2019est ouvert un champ interdisciplinaire pour tous ceux dont les recherches interrogent la culture populaire industrialis\u00e9e et les m\u00e9dias. Cette rubrique propose de suivre les actualit\u00e9s des industries culturelles et num\u00e9riques du c\u00f4t\u00e9 des acteurs professionnels, qui sont souvent divis\u00e9s quant \u00e0 la bonne strat\u00e9gie \u00e0 adopter face \u00e0 l\u2019innovation constante, d\u2019o\u00f9 des d\u00e9bats \u00ab internes \u00bb dont doit tenir compte l\u2019approche critique de la Web-revue.<\/strong><\/p>\n<p style=\"text-align: center;\">Interdit \u00e0 la reproduction payante.<\/p>\n<h2><span style=\"font-size: 12pt;\">Les neurosciences investissent l&rsquo;industrie audiovisuelle<\/span><\/h2>\n<figure id=\"attachment_30624\" aria-describedby=\"caption-attachment-30624\" style=\"width: 150px\" class=\"wp-caption alignleft\"><img loading=\"lazy\" decoding=\"async\" class=\"size-thumbnail wp-image-30624\" src=\"http:\/\/industrie-culturelle.fr\/industrie-culturelle\/wp-content\/uploads\/2018\/04\/gaultier-150x150.jpg\" alt=\"\" width=\"150\" height=\"150\" srcset=\"https:\/\/industrie-culturelle.fr\/industrie-culturelle\/wp-content\/uploads\/2018\/04\/gaultier-150x150.jpg 150w, https:\/\/industrie-culturelle.fr\/industrie-culturelle\/wp-content\/uploads\/2018\/04\/gaultier-144x144.jpg 144w, https:\/\/industrie-culturelle.fr\/industrie-culturelle\/wp-content\/uploads\/2018\/04\/gaultier-36x36.jpg 36w, https:\/\/industrie-culturelle.fr\/industrie-culturelle\/wp-content\/uploads\/2018\/04\/gaultier-32x32.jpg 32w, https:\/\/industrie-culturelle.fr\/industrie-culturelle\/wp-content\/uploads\/2018\/04\/gaultier-50x50.jpg 50w, https:\/\/industrie-culturelle.fr\/industrie-culturelle\/wp-content\/uploads\/2018\/04\/gaultier-64x64.jpg 64w, https:\/\/industrie-culturelle.fr\/industrie-culturelle\/wp-content\/uploads\/2018\/04\/gaultier-96x96.jpg 96w, https:\/\/industrie-culturelle.fr\/industrie-culturelle\/wp-content\/uploads\/2018\/04\/gaultier-128x128.jpg 128w, https:\/\/industrie-culturelle.fr\/industrie-culturelle\/wp-content\/uploads\/2018\/04\/gaultier.jpg 200w\" sizes=\"auto, (max-width: 150px) 100vw, 150px\" \/><figcaption id=\"caption-attachment-30624\" class=\"wp-caption-text\">Anne-Marie Gaultier (1961-)<\/figcaption><\/figure>\n<p style=\"text-align: justify;\">Les professionnels de l&rsquo;audiovisuel le disent tous : un bon programme doit d\u00e9clencher des \u00e9motions. Mais ce qui restait jusqu&rsquo;ici du domaine de l&rsquo;intuition devient de plus en plus \u00ab scientifique \u00bb. Les cha\u00eenes de t\u00e9l\u00e9vision font appel d\u00e9sormais aux sp\u00e9cialistes des neurosciences pour tester leurs programmes. On analyse la microsudation, le rythme cardiaque, la temp\u00e9rature du corps et les micro-expressions du visage des t\u00e9l\u00e9spectateurs (<em>facial coding<\/em>), qui permettent de d\u00e9terminer les \u00e9motions soi-disant universelles (joie, peur, col\u00e8re, m\u00e9pris, surprise, tristesse, d\u00e9go\u00fbt) \u00e0 travers d&rsquo;expressions inconscientes qui ne durent qu&rsquo;un dixi\u00e8me de seconde, capt\u00e9es par cam\u00e9ra. La marketeuse Anne-Marie Gaultier, pr\u00e9sidente de Datakalab, une start-up sp\u00e9cialis\u00e9e dans les neurosciences, s&rsquo;explique : \u00ab <em>90 % des stimuli qui nous affectent dans la journ\u00e9e sont trait\u00e9s par l&rsquo;inconscient. Les \u00e9tudes qui reposent sur des d\u00e9clarations ne mesurent donc que partiellement le ressenti des consommateurs. [&#8230;] Plus on active diff\u00e9rentes \u00e9motions, plus le score \u00e9motionnel d&rsquo;un programme t\u00e9l\u00e9vis\u00e9 est fort. Or, les \u00e9motions permettent la m\u00e9morisation, marquent les esprits.<\/em> \u00bb Sur 20 programmes du groupe TF1 analys\u00e9s par Datakalab, <em>Quotidien <\/em>(l&rsquo;info-divertissement pr\u00e9sent\u00e9 par Yann Barthes sur TMC) et la s\u00e9rie <em>Grey&rsquo;s Anatomy<\/em> ont affich\u00e9 les plus forts scores. On anticipe que ces techniques se g\u00e9n\u00e9raliseront chez les producteurs, qui seront en mesure alors de pr\u00e9dire les \u00e9motions ressenties avant m\u00eame la diffusion d&rsquo;un programme.<\/p>\n<p style=\"text-align: justify;\"><img loading=\"lazy\" decoding=\"async\" class=\"alignright size-thumbnail wp-image-30634\" src=\"http:\/\/industrie-culturelle.fr\/industrie-culturelle\/wp-content\/uploads\/2018\/04\/datakalab-150x150.jpg\" alt=\"\" width=\"150\" height=\"150\" srcset=\"https:\/\/industrie-culturelle.fr\/industrie-culturelle\/wp-content\/uploads\/2018\/04\/datakalab-150x150.jpg 150w, https:\/\/industrie-culturelle.fr\/industrie-culturelle\/wp-content\/uploads\/2018\/04\/datakalab-144x144.jpg 144w, https:\/\/industrie-culturelle.fr\/industrie-culturelle\/wp-content\/uploads\/2018\/04\/datakalab-36x36.jpg 36w, https:\/\/industrie-culturelle.fr\/industrie-culturelle\/wp-content\/uploads\/2018\/04\/datakalab-32x32.jpg 32w, https:\/\/industrie-culturelle.fr\/industrie-culturelle\/wp-content\/uploads\/2018\/04\/datakalab-50x50.jpg 50w, https:\/\/industrie-culturelle.fr\/industrie-culturelle\/wp-content\/uploads\/2018\/04\/datakalab-64x64.jpg 64w, https:\/\/industrie-culturelle.fr\/industrie-culturelle\/wp-content\/uploads\/2018\/04\/datakalab-96x96.jpg 96w, https:\/\/industrie-culturelle.fr\/industrie-culturelle\/wp-content\/uploads\/2018\/04\/datakalab-128x128.jpg 128w, https:\/\/industrie-culturelle.fr\/industrie-culturelle\/wp-content\/uploads\/2018\/04\/datakalab.jpg 225w\" sizes=\"auto, (max-width: 150px) 100vw, 150px\" \/>Les neurosciences sont d\u00e9j\u00e0 utilis\u00e9es dans la publicit\u00e9. \u00c0 l&rsquo;automne 2017, M6 a mis en place une offre de ciblage \u00e9motionnel afin de faire associer les annonces \u00e0 des \u00e9motions pr\u00e9cises et ainsi augmenter leur m\u00e9morisation. De m\u00eame, TF1 et France T\u00e9l\u00e9visions Publicit\u00e9 ont mesur\u00e9, via Datakalab, la perception et l&rsquo;\u00ab engagement \u00bb des t\u00e9l\u00e9spectateurs. \u00ab <em>Il y a un lien entre le score \u00e9motionnel d&rsquo;un programme et l&rsquo;int\u00e9r\u00eat accord\u00e9 \u00e0 une publicit\u00e9<\/em> \u00bb, dit Anne-Marie Gaultier.<\/p>\n<p style=\"text-align: justify;\">Dans les pays anglo-saxons, l&rsquo;utilisation de telles m\u00e9thodes est plus d\u00e9velopp\u00e9e. BBC Worldwide, avec la start-up CrowdEmotion, a test\u00e9 plusieurs programmes (dont <em>Sherlock<\/em> et <em>Top Gear<\/em>) aupr\u00e8s de plusieurs centaines de personnes. \u00ab <em>Cela a permis d&rsquo;avoir une influence sur le prix de vente de certains programmes \u00e0 l&rsquo;\u00e9tranger<\/em> \u00bb, note Matthew Celuszak, directeur g\u00e9n\u00e9ral de CrowdEmotion. Aux \u00c9tats-Unis, plusieurs grands studios comme Disney font appel \u00e0 ces proc\u00e9d\u00e9s pendant la production d&rsquo;un film. Les g\u00e9ants du Web commencent \u00e0 s&rsquo;y int\u00e9resser aussi. En 2016, Apple a acquis la start-up Emotient, sp\u00e9cialis\u00e9e dans la reconnaissance faciale et \u00e0 l&rsquo;\u00e9tude des \u00e9motions.<\/p>\n<p><em>Source : \u00ab\u00a0L&rsquo;audiovisuel mise de plus en plus sur les neurosciences\u00a0\u00bb (Marina Alcaraz), <\/em>Les \u00c9chos<em>, 23 mars 2018.<\/em><\/p>\n<div class=\"su-box su-box-style-default\" id=\"\" style=\"border-color:#00998d;border-radius:3px;max-width:none\"><div class=\"su-box-title\" style=\"background-color:#00CCC0;color:#FFFFFF;border-top-left-radius:1px;border-top-right-radius:1px\">Commentaire du r\u00e9dacteur<\/div><div class=\"su-box-content su-u-clearfix su-u-trim\" style=\"border-bottom-left-radius:1px;border-bottom-right-radius:1px\">\n<h3><span style=\"font-size: 8pt;\">Le neuromarketing, ultime d\u00e9rive dans la programmation des consciences ?<br \/>\n<\/span><\/h3>\n<p style=\"text-align: justify;\">Le neuromarketing se propose comme alternative aux questionnaires et aux entretiens, jug\u00e9s moins fiables. Comme le dit Matthew Celuszak, cit\u00e9 ci-dessus : \u00ab <em>On s&rsquo;aper\u00e7oit que des t\u00e9l\u00e9spectateurs, par exemple, n&rsquo;osent pas dire qu&rsquo;ils aiment tel et tel show, mais que les \u00e9motions parlent pour eux.<\/em> \u00bb<\/p>\n<p style=\"text-align: justify;\">L&rsquo;id\u00e9e que l&rsquo;investissement \u00e9motionnel dans une \u00e9mission peut se r\u00e9percuter sur l&rsquo;attention accord\u00e9e aux spots publicitaires n&rsquo;est pas nouveau. Depuis 2006 aux \u00c9tats-Unis, Nielsen IAG mesure la qualit\u00e9 du suivi (\u00ab engagement \u00bb) des \u00e9missions, c&rsquo;est \u00e0 dire la rem\u00e9moration de d\u00e9tails narratifs. Cela explique pourquoi une s\u00e9rie \u00e9nigmatique comme <em>Lost<\/em>, class\u00e9e premi\u00e8re pour l&rsquo;engagement de son public en 2010, a pu demander des tarifs publicitaires plus importants que <em>NCIS<\/em> malgr\u00e9 l&rsquo;audience largement sup\u00e9rieure de ce dernier : 213 563 $ contre 133 304 $ pour un spot de 30 secondes (<em>Advertising Age<\/em>, 10 mai 2010).<\/p>\n<p style=\"text-align: justify;\"><img loading=\"lazy\" decoding=\"async\" class=\"alignleft size-thumbnail wp-image-30677\" src=\"http:\/\/industrie-culturelle.fr\/industrie-culturelle\/wp-content\/uploads\/2018\/04\/bandler-grinder-150x150.jpg\" alt=\"\" width=\"150\" height=\"150\" srcset=\"https:\/\/industrie-culturelle.fr\/industrie-culturelle\/wp-content\/uploads\/2018\/04\/bandler-grinder-150x150.jpg 150w, https:\/\/industrie-culturelle.fr\/industrie-culturelle\/wp-content\/uploads\/2018\/04\/bandler-grinder-144x144.jpg 144w, https:\/\/industrie-culturelle.fr\/industrie-culturelle\/wp-content\/uploads\/2018\/04\/bandler-grinder-36x36.jpg 36w, https:\/\/industrie-culturelle.fr\/industrie-culturelle\/wp-content\/uploads\/2018\/04\/bandler-grinder-32x32.jpg 32w, https:\/\/industrie-culturelle.fr\/industrie-culturelle\/wp-content\/uploads\/2018\/04\/bandler-grinder-50x50.jpg 50w, https:\/\/industrie-culturelle.fr\/industrie-culturelle\/wp-content\/uploads\/2018\/04\/bandler-grinder-64x64.jpg 64w, https:\/\/industrie-culturelle.fr\/industrie-culturelle\/wp-content\/uploads\/2018\/04\/bandler-grinder-96x96.jpg 96w, https:\/\/industrie-culturelle.fr\/industrie-culturelle\/wp-content\/uploads\/2018\/04\/bandler-grinder-128x128.jpg 128w\" sizes=\"auto, (max-width: 150px) 100vw, 150px\" \/><\/p>\n<figure id=\"attachment_30678\" aria-describedby=\"caption-attachment-30678\" style=\"width: 150px\" class=\"wp-caption alignright\"><img loading=\"lazy\" decoding=\"async\" class=\"size-thumbnail wp-image-30678\" src=\"http:\/\/industrie-culturelle.fr\/industrie-culturelle\/wp-content\/uploads\/2018\/04\/ekman-150x150.jpg\" alt=\"\" width=\"150\" height=\"150\" srcset=\"https:\/\/industrie-culturelle.fr\/industrie-culturelle\/wp-content\/uploads\/2018\/04\/ekman-150x150.jpg 150w, https:\/\/industrie-culturelle.fr\/industrie-culturelle\/wp-content\/uploads\/2018\/04\/ekman-144x144.jpg 144w, https:\/\/industrie-culturelle.fr\/industrie-culturelle\/wp-content\/uploads\/2018\/04\/ekman-36x36.jpg 36w, https:\/\/industrie-culturelle.fr\/industrie-culturelle\/wp-content\/uploads\/2018\/04\/ekman-32x32.jpg 32w, https:\/\/industrie-culturelle.fr\/industrie-culturelle\/wp-content\/uploads\/2018\/04\/ekman-50x50.jpg 50w, https:\/\/industrie-culturelle.fr\/industrie-culturelle\/wp-content\/uploads\/2018\/04\/ekman-64x64.jpg 64w, https:\/\/industrie-culturelle.fr\/industrie-culturelle\/wp-content\/uploads\/2018\/04\/ekman-96x96.jpg 96w, https:\/\/industrie-culturelle.fr\/industrie-culturelle\/wp-content\/uploads\/2018\/04\/ekman-128x128.jpg 128w\" sizes=\"auto, (max-width: 150px) 100vw, 150px\" \/><figcaption id=\"caption-attachment-30678\" class=\"wp-caption-text\">Paul Ekman (1934-)<\/figcaption><\/figure>\n<p style=\"text-align: justify;\">En fait, il s&rsquo;agit de l&rsquo;application de deux th\u00e9ories scientifiquement tr\u00e8s douteuses, car d\u00e9pendantes de l&rsquo;id\u00e9e non prouv\u00e9e de l&rsquo;existence d&rsquo;\u00e9motions universelles identifiables comme telles. Premi\u00e8rement, le <a href=\"https:\/\/fr.wikipedia.org\/wiki\/Facial_action_coding_system\"><em>Facial action coding system<\/em><\/a> (FACS), qui codifie les mouvements musculaires du visage (micro-expressions), d\u00e9velopp\u00e9 par <a href=\"https:\/\/fr.wikipedia.org\/wiki\/Paul_Ekman\">Paul Ekman<\/a> et Wallace Friesen en 1976, et popularis\u00e9 par la s\u00e9rie <em>Lie to me<\/em>. Le syst\u00e8me repose sur la description de 46 unit\u00e9s d&rsquo;action (lev\u00e9e des sourcils, serrement de la m\u00e2choire, etc.) codifi\u00e9es ensuite en degr\u00e9 d&rsquo;activation (intensit\u00e9). Deuxi\u00e8mement, la <a href=\"https:\/\/fr.wikipedia.org\/wiki\/Programmation_neuro-linguistique\">programmation neuro-linguistique<\/a> (PNL), psychoth\u00e9rapie \u00e9labor\u00e9e en\u00a0 1973 \u00e0 l&rsquo;universit\u00e9 de Santa Cruz (Californie) par l&rsquo;\u00e9tudiant en psychologie <a href=\"https:\/\/fr.wikipedia.org\/wiki\/Richard_Bandler\">Richard Bandler<\/a> (1950-) et le professeur en linguistique <a href=\"https:\/\/fr.wikipedia.org\/wiki\/John_Grinder\">John Grinder<\/a> (1940-), et popularis\u00e9e par la s\u00e9rie <em>Mentalist<\/em>. Il s&rsquo;agit de mod\u00e9liser les comportements de r\u00e9ussite des gagnants et des experts (managers, sportifs, artistes, etc.), et ensuite de reproduire\u00a0 l&rsquo;exp\u00e9rience v\u00e9cue de ceux-ci par mim\u00e9tisme comportemental. Dans une optique n\u00e9o-b\u00e9havioriste, on cherche \u00e0 associer une \u00e9motion ressentie \u00e0 un stimulus externe : c&rsquo;est la technique dite \u00ab d&rsquo;ancrage \u00bb visant \u00e0 d\u00e9clencher \u00e0 dessein un stimulus visuel, auditif, kinesth\u00e9sique, olfactif et gustatif (un peu comme la madeleine de Proust). L&rsquo;application publicitaire de cette technique est \u00e9vidente, m\u00eame s&rsquo;il faut passer de fa\u00e7on quasi mystique d&rsquo;un ancrage individuel \u00e0 un ancrage de masse. Selon le psychologue Elwis Potier : \u00ab <em>La PNL tient donc une place particuli\u00e8re dans [la] marchandisation des relations humaines, elle en est tout \u00e0 la fois le produit et l&rsquo;un des modes de production.<\/em> \u00bb<\/p>\n<h3><span style=\"font-size: 8pt;\">L&rsquo;influence de l&rsquo;\u00c9cole de Palo Alto<\/span><\/h3>\n<figure id=\"attachment_30680\" aria-describedby=\"caption-attachment-30680\" style=\"width: 150px\" class=\"wp-caption alignleft\"><img loading=\"lazy\" decoding=\"async\" class=\"size-thumbnail wp-image-30680\" src=\"http:\/\/industrie-culturelle.fr\/industrie-culturelle\/wp-content\/uploads\/2018\/04\/bateson-150x150.jpg\" alt=\"\" width=\"150\" height=\"150\" srcset=\"https:\/\/industrie-culturelle.fr\/industrie-culturelle\/wp-content\/uploads\/2018\/04\/bateson-150x150.jpg 150w, https:\/\/industrie-culturelle.fr\/industrie-culturelle\/wp-content\/uploads\/2018\/04\/bateson-144x144.jpg 144w, https:\/\/industrie-culturelle.fr\/industrie-culturelle\/wp-content\/uploads\/2018\/04\/bateson-36x36.jpg 36w, https:\/\/industrie-culturelle.fr\/industrie-culturelle\/wp-content\/uploads\/2018\/04\/bateson-32x32.jpg 32w, https:\/\/industrie-culturelle.fr\/industrie-culturelle\/wp-content\/uploads\/2018\/04\/bateson-50x50.jpg 50w, https:\/\/industrie-culturelle.fr\/industrie-culturelle\/wp-content\/uploads\/2018\/04\/bateson-64x64.jpg 64w, https:\/\/industrie-culturelle.fr\/industrie-culturelle\/wp-content\/uploads\/2018\/04\/bateson-96x96.jpg 96w, https:\/\/industrie-culturelle.fr\/industrie-culturelle\/wp-content\/uploads\/2018\/04\/bateson-128x128.jpg 128w\" sizes=\"auto, (max-width: 150px) 100vw, 150px\" \/><figcaption id=\"caption-attachment-30680\" class=\"wp-caption-text\">Gregory Bateson (1904-80)<\/figcaption><\/figure>\n<figure id=\"attachment_30681\" aria-describedby=\"caption-attachment-30681\" style=\"width: 150px\" class=\"wp-caption alignright\"><img loading=\"lazy\" decoding=\"async\" class=\"size-thumbnail wp-image-30681\" src=\"http:\/\/industrie-culturelle.fr\/industrie-culturelle\/wp-content\/uploads\/2018\/04\/birdwhistell-150x150.jpg\" alt=\"\" width=\"150\" height=\"150\" srcset=\"https:\/\/industrie-culturelle.fr\/industrie-culturelle\/wp-content\/uploads\/2018\/04\/birdwhistell-150x150.jpg 150w, https:\/\/industrie-culturelle.fr\/industrie-culturelle\/wp-content\/uploads\/2018\/04\/birdwhistell-144x144.jpg 144w, https:\/\/industrie-culturelle.fr\/industrie-culturelle\/wp-content\/uploads\/2018\/04\/birdwhistell-36x36.jpg 36w, https:\/\/industrie-culturelle.fr\/industrie-culturelle\/wp-content\/uploads\/2018\/04\/birdwhistell-32x32.jpg 32w, https:\/\/industrie-culturelle.fr\/industrie-culturelle\/wp-content\/uploads\/2018\/04\/birdwhistell-50x50.jpg 50w, https:\/\/industrie-culturelle.fr\/industrie-culturelle\/wp-content\/uploads\/2018\/04\/birdwhistell-64x64.jpg 64w, https:\/\/industrie-culturelle.fr\/industrie-culturelle\/wp-content\/uploads\/2018\/04\/birdwhistell-96x96.jpg 96w, https:\/\/industrie-culturelle.fr\/industrie-culturelle\/wp-content\/uploads\/2018\/04\/birdwhistell-128x128.jpg 128w\" sizes=\"auto, (max-width: 150px) 100vw, 150px\" \/><figcaption id=\"caption-attachment-30681\" class=\"wp-caption-text\">Ray Birdwhistell (1918-94)<\/figcaption><\/figure>\n<p style=\"text-align: justify;\">Ces applications sont les descendants d&rsquo;un courant intellectuel des ann\u00e9es 1950, influenc\u00e9 par la cybern\u00e9tique (la th\u00e9orie des syst\u00e8mes), et appel\u00e9 apr\u00e8s coup \u00ab <a href=\"https:\/\/fr.wikipedia.org\/wiki\/%C3%89cole_de_Palo_Alto\">l&rsquo;\u00c9cole de Palo Alto<\/a> \u00bb. Celle-ci est toujours enseign\u00e9 dans les universit\u00e9s et les \u00e9coles de commerce fran\u00e7aises, m\u00eame si ses d\u00e9riv\u00e9s sont largement discr\u00e9dit\u00e9s dans les domaines de la th\u00e9rapie, et du management. Ind\u00e9pendamment, des psychologues, des linguistes et des anthropologues habitant dans la r\u00e9gion autour de San Francisco cherchaient \u00e0 b\u00e2tir une grammaire de communication \u00ab non verbale \u00bb universelle, voyant en les gestes corporels autant de canaux qui \u00ab m\u00e9ta-communiquent \u00bb sur la relation inter-personnelle, au risque de parasiter celle-ci. C&rsquo;est l&rsquo;anthropologue <a href=\"https:\/\/fr.wikipedia.org\/wiki\/Gregory_Bateson\">Gregory Bateson<\/a>, figure de proue de l&rsquo;\u00c9cole de Palo Alto et inventeur du concept de la <a href=\"https:\/\/fr.wikipedia.org\/wiki\/Double_contrainte\">double contrainte<\/a> (l&rsquo;injonction paradoxale), qui a donn\u00e9 son approbation \u00e0 la PNL dans la pr\u00e9face du premier livre de Bandler et Grindler. Et c&rsquo;est l&rsquo;anthropologue <a href=\"https:\/\/fr.wikipedia.org\/wiki\/Ray_Birdwhistell\">Ray Birdwhistell<\/a> qui a cherch\u00e9 \u00e0 \u00e9tablir une grammaire gestuelle compr\u00e9hensive (la kin\u00e9sique) en recourant \u00e0 des s\u00e9quences film\u00e9es. Birdwhistell a fini par qualifier lui-m\u00eame son projet d&rsquo;illusoire, ce qui n&rsquo;a pas emp\u00each\u00e9 Bandler et Grindler de le reprendre vingt ans plus tard, l\u00e0 aussi \u00e0 partir des analyses vid\u00e9o.<\/p>\n<p style=\"text-align: justify;\">Avec le tournant \u00ab neuro \u00bb, le marketing s&rsquo;\u00e9loigne encore plus des sciences sociales. M\u00eame si le marketing a traditionnellement partag\u00e9 quelques outils m\u00e9thodologiques avec la sociologie (questionnaires, entretiens, etc.), il a depuis longtemps \u00e9labor\u00e9 ses propres concepts, plus adapt\u00e9s \u00e0 ses finalit\u00e9s instrumentales (les socio-styles, les CSP +, la g\u00e9n\u00e9ration Y, etc.). Il est \u00e0 noter, cependant, qu&rsquo;une \u00e9cole \u00ab cognitiviste \u00bb en sociologie (<a href=\"https:\/\/fr.wikipedia.org\/wiki\/G%C3%A9rald_Bronner\">G\u00e9rald Bronner<\/a>) pr\u00e9conise l&rsquo;ouverture aux neurosciences, dans le but de minimiser l&rsquo;importance des facteurs sociaux dans le comportement des individus.<\/p>\n<\/div><\/div>\n<h2><span style=\"font-size: 12pt;\">Une start-up de la Silicon Valley vend l&rsquo;immortalit\u00e9 num\u00e9rique<br \/>\n<\/span><\/h2>\n<p style=\"text-align: justify;\">Start-up fond\u00e9e en 2016 par Michael McCanna et Robert McIntyre, deux docteurs en intelligence artificielle du MIT, Nectome esp\u00e8re \u00eatre capable un jour de num\u00e9riser, puis t\u00e9l\u00e9charger sur un ordinateur le contenu d&rsquo;un cerveau humain conserv\u00e9 par ses soins. Mais ses futurs clients devront accepter d&rsquo;abord d&rsquo;\u00eatre euthanasi\u00e9s. Pour \u00e9viter des dommages trop importants, la technique mise au point par Nectome, la vitrifixation, doit \u00eatre effectu\u00e9e sur un cerveau vivant. Un liquide d&#8217;embaumement est inject\u00e9 dans les art\u00e8res du client sous anesth\u00e9sie, ce qui entra\u00eenera la mort. Nectome a d\u00e9j\u00e0 conserv\u00e9 par cette m\u00e9thode un cerveau de lapin, et un cerveau de cochon, dont les synapses peuvent \u00eatre visualis\u00e9es avec un microscope \u00e9lectronique, ce qui lui a valu deux prix scientifiques d\u00e9cern\u00e9s par The Brain Preservation Foundation. En f\u00e9vrier, il a reproduit l&rsquo;exp\u00e9rience sur une femme d\u00e9c\u00e9d\u00e9e deux heures et demie plus t\u00f4t.<\/p>\n<figure id=\"attachment_30629\" aria-describedby=\"caption-attachment-30629\" style=\"width: 299px\" class=\"wp-caption aligncenter\"><img loading=\"lazy\" decoding=\"async\" class=\"size-full wp-image-30629\" src=\"http:\/\/industrie-culturelle.fr\/industrie-culturelle\/wp-content\/uploads\/2018\/04\/cerceau-cochon.jpg\" alt=\"\" width=\"299\" height=\"168\" srcset=\"https:\/\/industrie-culturelle.fr\/industrie-culturelle\/wp-content\/uploads\/2018\/04\/cerceau-cochon.jpg 299w, https:\/\/industrie-culturelle.fr\/industrie-culturelle\/wp-content\/uploads\/2018\/04\/cerceau-cochon-195x110.jpg 195w\" sizes=\"auto, (max-width: 299px) 100vw, 299px\" \/><figcaption id=\"caption-attachment-30629\" class=\"wp-caption-text\">Couches de cellules et synapses d&rsquo;un cerveau de cochon conserv\u00e9 par Nectome<\/figcaption><\/figure>\n<p style=\"text-align: justify;\">Selon les responsables de la soci\u00e9t\u00e9, la vitrifixation permet de conserver le connectome, l&rsquo;ensemble des connexions entre les neurones d&rsquo;un cerveau. Mais beaucoup de scientifiques restent sceptiques quant \u00e0 la possibilit\u00e9 de reconstruire les souvenirs : \u00ab<em> Le connectome ne fournit pas assez d&rsquo;informations pour cr\u00e9er une stimulation d&rsquo;un cerveau humain<\/em> \u00bb, dit Michael Hendricks, professeur \u00e0 l&rsquo;universit\u00e9 McGill \u00e0 Montr\u00e9al. L&rsquo;autre obstacle sera la puissance informatique requise. Affirme Sam Gershman, professeur \u00e0 Harvard : \u00ab <em>Nous connaissons le connectome des vers <\/em>Caenorhaditis elegans<em> depuis plus de dix ans, et personne n&rsquo;a encore r\u00e9ussi \u00e0 reconstruire leurs souvenirs. Et il ne s&rsquo;agit que de 7000 synapses compar\u00e9es \u00e0 plusieurs milliers de milliards pour un cerveau humain.<\/em> \u00bb<\/p>\n<figure id=\"attachment_30627\" aria-describedby=\"caption-attachment-30627\" style=\"width: 150px\" class=\"wp-caption alignright\"><img loading=\"lazy\" decoding=\"async\" class=\"size-thumbnail wp-image-30627\" src=\"http:\/\/industrie-culturelle.fr\/industrie-culturelle\/wp-content\/uploads\/2018\/04\/mcintyre-150x150.jpg\" alt=\"\" width=\"150\" height=\"150\" srcset=\"https:\/\/industrie-culturelle.fr\/industrie-culturelle\/wp-content\/uploads\/2018\/04\/mcintyre-150x150.jpg 150w, https:\/\/industrie-culturelle.fr\/industrie-culturelle\/wp-content\/uploads\/2018\/04\/mcintyre-144x144.jpg 144w, https:\/\/industrie-culturelle.fr\/industrie-culturelle\/wp-content\/uploads\/2018\/04\/mcintyre-36x36.jpg 36w, https:\/\/industrie-culturelle.fr\/industrie-culturelle\/wp-content\/uploads\/2018\/04\/mcintyre-32x32.jpg 32w, https:\/\/industrie-culturelle.fr\/industrie-culturelle\/wp-content\/uploads\/2018\/04\/mcintyre-50x50.jpg 50w, https:\/\/industrie-culturelle.fr\/industrie-culturelle\/wp-content\/uploads\/2018\/04\/mcintyre-64x64.jpg 64w, https:\/\/industrie-culturelle.fr\/industrie-culturelle\/wp-content\/uploads\/2018\/04\/mcintyre-96x96.jpg 96w, https:\/\/industrie-culturelle.fr\/industrie-culturelle\/wp-content\/uploads\/2018\/04\/mcintyre-128x128.jpg 128w\" sizes=\"auto, (max-width: 150px) 100vw, 150px\" \/><figcaption id=\"caption-attachment-30627\" class=\"wp-caption-text\">Robert McIntyre<\/figcaption><\/figure>\n<p style=\"text-align: justify;\">Nectome estime pouvoir faire une premi\u00e8re d\u00e9monstration en 2024 sur un volontaire souffrant d&rsquo;une maladie en phase terminale, ce qui serait conforme \u00e0 la loi en Californie. La vitrifixation permet de conserver un cerveau pendant des centaines d&rsquo;ann\u00e9es. Il y a d\u00e9j\u00e0 25 clients sur sa liste d&rsquo;attente, dont Sam Altman (1985-), le patron du Y Combinator, le plus prestigieux incubateur de start-up de la Silicon Valley, qui a abrit\u00e9 Nectome pendant trois mois. Forte d&rsquo;une subvention de 1 million de dollars de la part de l&rsquo;Institut national sur les maladies mentales, la start-up esp\u00e8re lever des fonds suppl\u00e9mentaires aupr\u00e8s des investisseurs. Le prix d\u00e9finitif de la proc\u00e9dure n&rsquo;a pas encore \u00e9t\u00e9 fix\u00e9, mais selon Robert McIntyre, \u00ab <em>le potentiel commercial va \u00eatre immense<\/em> \u00bb.<\/p>\n<p>S<em>ource : \u00ab\u00a0Dans la Silicon Valley, Nectome vend l&rsquo;immortalit\u00e9 num\u00e9rique\u00a0\u00bb (J\u00e9r\u00f4me Marin), <\/em>Le Monde<em>, 27 mars 2018, suppl\u00e9ment \u00c9co &amp; Entreprise, p. 12.<\/em><\/p>\n<p><span style=\"font-size: 8pt;\">Voir sur le transhumanisme et l&rsquo;immortalit\u00e9 num\u00e9rique, <a href=\"http:\/\/industrie-culturelle.fr\/industrie-culturelle\/actualites-des-industries-culturelles-et-numeriques-28-fevrier-2015\/\">Actualit\u00e9s #28, f\u00e9vrier 2015<\/a>.<\/span><\/p>\n<div class=\"su-box su-box-style-default\" id=\"\" style=\"border-color:#00998d;border-radius:3px;max-width:none\"><div class=\"su-box-title\" style=\"background-color:#00CCC0;color:#FFFFFF;border-top-left-radius:1px;border-top-right-radius:1px\">Commentaire du r\u00e9dacteur<\/div><div class=\"su-box-content su-u-clearfix su-u-trim\" style=\"border-bottom-left-radius:1px;border-bottom-right-radius:1px\">\n<h3><span style=\"font-size: 8pt;\">Black Mirror<\/span><\/h3>\n<p style=\"text-align: justify;\">Non, ce n&rsquo;est pas le <em>pitch<\/em> d&rsquo;un futur \u00e9pisode de <em>Black Mirror<\/em>. Mais \u00e7a pourrait tr\u00e8s bien en \u00eatre un. Supposons qu&rsquo;il soit possible d&rsquo;avoir une seconde vie dans le cloud avec les capacit\u00e9s cognitives du cerveau toujours intactes. Quel statut sera accord\u00e9 \u00e0 ces \u00eatres num\u00e9ris\u00e9s par les vivants ? Voudra-t-on les int\u00e9grer dans le monde r\u00e9el comme des \u00eatres communicants, ou seront-ils condamn\u00e9s \u00e0 vivre esseul\u00e9s dans le monde virtuel comme un blogueur radotant et \u00e9gocentrique qui n&rsquo;est suivi que par lui-m\u00eame ?<\/p>\n<\/div><\/div>\n<h2><span style=\"font-size: 12pt;\">Les comportements seront not\u00e9s en Chine<\/span><\/h2>\n<p style=\"text-align: justify;\">\u00c0 partir du 1 mai, certains citoyens chinois se verront attribuer un \u00ab cr\u00e9dit social \u00bb en fonction de leur comportement quotidien, notamment les sites qu&rsquo;ils consultent sur Internet. Les mauvais sujets seront p\u00e9nalis\u00e9s par l&rsquo;impossibilit\u00e9 d&rsquo;acheter des billets de train ou d&rsquo;avion pendant un an. Le principe doit \u00eatre g\u00e9n\u00e9ralis\u00e9 et obligatoire d&rsquo;ici \u00e0 2020. \u00c0 partir de cette date, pour chaque citoyen chinois, l&rsquo;acc\u00e8s \u00e0 certains services publics, aux logements sociaux, \u00e0 divers emplois, aux possibilit\u00e9s ou de contracter un pr\u00eat bancaire sera conditionn\u00e9 par la bonne conduite. Place aux fayots, aux conformistes&#8230; Cet instrument de contr\u00f4le utilise des outils d\u00e9velopp\u00e9s par Alibaba, Tencent et Baidu, les \u00e9quivalents chinois d&rsquo;Amazon, de Google, de Facebook.<\/p>\n<p style=\"text-align: justify;\">L&rsquo;id\u00e9e d&rsquo;un cr\u00e9dit social est une extension de la liste noire des d\u00e9biteurs \u00e9tablie par le Cour populaire supr\u00eame en 2013, qui restreigne \u00e0 ceux-ci l&rsquo;acc\u00e8s aux h\u00f4tels de luxe ou aux clubs de golf. Les endett\u00e9s peuvent avoir des difficult\u00e9s de faire des achats en ligne et d&rsquo;avoir une carte de cr\u00e9dit ou encore de faire inscrire leurs enfants dans des \u00e9coles cot\u00e9es. Actuellement, sept millions de Chinois sont concern\u00e9s. D\u00e9sormais, la liste noire inclut de petites incivilit\u00e9s (fumer en public, \u00eatre ivre dans l&rsquo;avion, mal garer un v\u00e9lo, tricher dans les transports en commun, pr\u00e9senter des excuses insinc\u00e8res) et des opinions politiques (fr\u00e9quentation de \u00ab mauvais \u00bb sites en ligne).<\/p>\n<figure id=\"attachment_30759\" aria-describedby=\"caption-attachment-30759\" style=\"width: 534px\" class=\"wp-caption aligncenter\"><img loading=\"lazy\" decoding=\"async\" class=\"wp-image-30759 size-full\" src=\"http:\/\/industrie-culturelle.fr\/industrie-culturelle\/wp-content\/uploads\/2018\/04\/fichage-chine.jpg\" alt=\"\" width=\"534\" height=\"356\" srcset=\"https:\/\/industrie-culturelle.fr\/industrie-culturelle\/wp-content\/uploads\/2018\/04\/fichage-chine.jpg 534w, https:\/\/industrie-culturelle.fr\/industrie-culturelle\/wp-content\/uploads\/2018\/04\/fichage-chine-300x200.jpg 300w\" sizes=\"auto, (max-width: 534px) 100vw, 534px\" \/><figcaption id=\"caption-attachment-30759\" class=\"wp-caption-text\"><span style=\"font-size: 8pt;\">P\u00e9kin, octobre 2017. Capture d&rsquo;\u00e9cran d&rsquo;une cam\u00e9ra de surveillance qui fournit des d\u00e9tails sur les personnes film\u00e9es (Reuters).<\/span><\/figcaption><\/figure>\n<p style=\"text-align: justify;\">Le respect de la vie priv\u00e9e est fragile en Chine, o\u00f9 les droits fondamentaux ne sont pas toujours prot\u00e9g\u00e9s. En outre, l&rsquo;expression <em>yinsi <\/em>(vie priv\u00e9e) \u00e9voque plus le secret et la clandestinit\u00e9 qu&rsquo;un espace personnel sacrosaint. Alors que les atteintes \u00e0 la vie priv\u00e9e \u00e9manant d&rsquo;entreprises ou de hackers sont d\u00e9nonc\u00e9es par les utilisateurs des r\u00e9seaux sociaux, les intrusions d&rsquo;origine \u00e9tatique et s\u00e9curitaire dans la vie quotidienne sont plut\u00f4t vues comme un progr\u00e8s rassurant, les services de police \u00e9tant jusqu&rsquo;ici per\u00e7us comme incomp\u00e9tents et corrompus. Mais l&rsquo;\u00c9tat chinois semble mettre moins d&rsquo;ardeur \u00e0 traiter les d\u00e9lits de droit commun qu&rsquo;\u00e0 contr\u00f4ler les dissidents ou les r\u00e9seaux sociaux.<\/p>\n<p style=\"text-align: justify;\">L&rsquo;id\u00e9e d&rsquo;un syst\u00e8me de notation sociale se retrouve dans l&rsquo;\u00e9pisode \u00ab\u00a0Chute libre\u00a0\u00bb (3 : 01) de <em>Black Mirror<\/em>, dans lequel les citoyens se notent entre eux. Ceux qui ont de mauvaises notes finissent en parias, en marge de la soci\u00e9t\u00e9.<\/p>\n<p><iframe loading=\"lazy\" src=\"\/\/www.youtube.com\/embed\/YrpK90bHO2U\" width=\"560\" height=\"314\" allowfullscreen=\"allowfullscreen\"><\/iframe><\/p>\n<p><em>Source : d\u00e9p\u00eache de Reuters, 16 mars 2018 ; \u00ab\u00a0En Chine, le fichage high-tech des citoyens\u00a0\u00bb (Brice Pedroletti), <\/em>Le Monde<em>, 12 avril 2018, p. 2.<br \/>\n<\/em><\/p>\n<p><span style=\"font-size: 8pt;\">Voir aussi <a href=\"http:\/\/industrie-culturelle.fr\/industrie-culturelle\/actualites-des-industries-culturelles-et-numeriques-59-decembre-2017\/\">Actualit\u00e9s #59, d\u00e9c. 2017<\/a>.<\/span><\/p>\n<div class=\"su-box su-box-style-default\" id=\"\" style=\"border-color:#00998d;border-radius:3px;max-width:none\"><div class=\"su-box-title\" style=\"background-color:#00CCC0;color:#FFFFFF;border-top-left-radius:1px;border-top-right-radius:1px\">Commentaire du r\u00e9dacteur<\/div><div class=\"su-box-content su-u-clearfix su-u-trim\" style=\"border-bottom-left-radius:1px;border-bottom-right-radius:1px\">\n<h3><span style=\"font-size: 8pt;\">Tous noteurs not\u00e9s ?<\/span><\/h3>\n<p style=\"text-align: justify;\">On aurait tort de penser qu&rsquo;il s&rsquo;agit-l\u00e0 de mesures propres \u00e0 la Chine. Il se peut bien que la Chine, qui a d\u00e9velopp\u00e9 un mod\u00e8le mariant une \u00e9conomie capitaliste et un r\u00e9gime politique autoritaire, pr\u00e9figure l&rsquo;avenir de nos \u00ab d\u00e9mocraties lib\u00e9rales \u00bb en crise structurelle, o\u00f9 l&rsquo;\u00c9tat social universel est petit \u00e0 petit vu comme un luxe. Chez nous aussi, l&rsquo;id\u00e9e d&rsquo;une note sociale fait doucement son chemin.<\/p>\n<p style=\"text-align: justify;\">En 2013, un rapport cosign\u00e9 par le conseil de Westminster (Londres) et un <em>think tank<\/em> priv\u00e9 a propos\u00e9 de relier les demandes faites pour des allocations de logement municipales aux visites effectu\u00e9es au gym, en utilisant des <em>smartcards<\/em>. Les possibilit\u00e9s offertes par des technologies de d\u00e9pistage sont au c\u0153ur de l&rsquo;argument du gourou d&rsquo;Internet Tim O&rsquo;Reilly : \u00ab <em>La publicit\u00e9 s&rsquo;est av\u00e9r\u00e9e le mod\u00e8le \u00e9conomique indig\u00e8ne d&rsquo;Internet<\/em>. <em>Je pense<\/em> <em>que l&rsquo;assurance <\/em><em>va \u00eatre le mod\u00e8le \u00e9conomique de l&rsquo;Internet des choses<\/em> \u00bb.<\/p>\n<p style=\"text-align: justify;\">En juin 2014, Microsoft a sign\u00e9 un accord avec American Family Assurance, le huiti\u00e8me assureur des logements aux \u00c9tats-Unis, afin que les deux financent des start up proposant d&rsquo;installer des capteurs dans les maisons et les voitures dans une strat\u00e9gie de \u00ab <em>protection proactive<\/em> \u00bb, qui se traduira par des baisses de cotisations pour les \u00ab bons clients \u00bb. Le rapport d&rsquo;un autre<em> think t<\/em><em>ank<\/em> britannique, 2020health, en mai 2014, a propos\u00e9 des ristournes d&rsquo;imp\u00f4ts pour ceux-ci : \u00ab <em>Nous proposons<\/em> <em>un paiement par r\u00e9sultats<\/em>, <em>une r\u00e9compense financi\u00e8re pour ceux qui deviennent partenaires actifs dans leur \u00e9tat de sant\u00e9, o\u00f9 si vous<\/em> <em>maintenez<\/em> <em>vos niveaux de sucre dans le sang \u00e0 un niveau bas, si vous ne fumez pas, si vous r\u00e9ussissez \u00e0 ne pas grossir, si vous payez vous-m\u00eame des soins pr\u00e9ventifs, alors il y aura un remboursement d&rsquo;imp\u00f4ts ou une prime annuelle<\/em> \u00bb. Ce qui est pr\u00e9suppos\u00e9 ici, c&rsquo;est l&rsquo;id\u00e9e que ceux en mauvaise sant\u00e9 (\u00e9cart mesurable de la norme) constituent un fardeau pour la soci\u00e9t\u00e9, et m\u00e9ritent d&rsquo;\u00eatre tax\u00e9s davantage.<\/p>\n<h3><span style=\"font-size: 8pt;\">La r\u00e9gulation algorithmique<\/span><\/h3>\n<p style=\"text-align: justify;\">En d\u00e9pla\u00e7ant l&rsquo;enjeu de la r\u00e9gulation sociale, la \u00ab r\u00e9gulation algorithmique \u00bb propose une utopie technocratique, celle de la gouvernance rationnelle sans passer par le d\u00e9bat d&rsquo;id\u00e9es, sans passer par la politique. Dans l&rsquo;optique des id\u00e9ologues de la Silicon Valley, l&rsquo;\u00e9conomie de partage et ses algorithmes seront en mesure un jour de remplacer l&rsquo;\u00c9tat providence : si vous \u00eates travailleur et honn\u00eate, bien not\u00e9 partout, vous pourrez int\u00e9grer des r\u00e9seaux sociaux d&rsquo;entraide de plus en plus personnalis\u00e9s. Sinon, tant pis, c&rsquo;est votre faute.<\/p>\n<p><span style=\"font-size: 8pt;\">Voir <a href=\"http:\/\/industrie-culturelle.fr\/industrie-culturelle\/actualites-des-industries-culturelles-et-numeriques-23-septembre-2014\/\">Actualit\u00e9s #23, sept. 2014<\/a>.<\/span><\/p>\n<\/div><\/div>\n<h2><span style=\"font-size: 12pt;\">Facebook fait acte de contrition<\/span><\/h2>\n<figure id=\"attachment_30693\" aria-describedby=\"caption-attachment-30693\" style=\"width: 150px\" class=\"wp-caption alignleft\"><img loading=\"lazy\" decoding=\"async\" class=\"size-thumbnail wp-image-30693\" src=\"http:\/\/industrie-culturelle.fr\/industrie-culturelle\/wp-content\/uploads\/2018\/04\/schroeper1-150x150.jpg\" alt=\"\" width=\"150\" height=\"150\" srcset=\"https:\/\/industrie-culturelle.fr\/industrie-culturelle\/wp-content\/uploads\/2018\/04\/schroeper1-150x150.jpg 150w, https:\/\/industrie-culturelle.fr\/industrie-culturelle\/wp-content\/uploads\/2018\/04\/schroeper1-144x144.jpg 144w, https:\/\/industrie-culturelle.fr\/industrie-culturelle\/wp-content\/uploads\/2018\/04\/schroeper1-36x36.jpg 36w, https:\/\/industrie-culturelle.fr\/industrie-culturelle\/wp-content\/uploads\/2018\/04\/schroeper1-32x32.jpg 32w, https:\/\/industrie-culturelle.fr\/industrie-culturelle\/wp-content\/uploads\/2018\/04\/schroeper1-50x50.jpg 50w, https:\/\/industrie-culturelle.fr\/industrie-culturelle\/wp-content\/uploads\/2018\/04\/schroeper1-64x64.jpg 64w, https:\/\/industrie-culturelle.fr\/industrie-culturelle\/wp-content\/uploads\/2018\/04\/schroeper1-96x96.jpg 96w, https:\/\/industrie-culturelle.fr\/industrie-culturelle\/wp-content\/uploads\/2018\/04\/schroeper1-128x128.jpg 128w\" sizes=\"auto, (max-width: 150px) 100vw, 150px\" \/><figcaption id=\"caption-attachment-30693\" class=\"wp-caption-text\">Mike Schroeper (1975-)<\/figcaption><\/figure>\n<p style=\"text-align: justify;\">Depuis le 16 mars, la valeur boursi\u00e8re de Facebook a perdu 16 %, apr\u00e8s la r\u00e9v\u00e9lation qu&rsquo;une soci\u00e9t\u00e9 britannique de datamarketing, Cambridge Analytica, \u00e0 la solde de la campagne Trump, s&rsquo;est indument servi des donn\u00e9es des dizaines de millions d&rsquo;utilisateurs du r\u00e9seau social afin d&rsquo;influencer l&rsquo;\u00e9lection pr\u00e9sidentielle aux \u00c9tats-Unis en ciblant leurs profils. Tout a commenc\u00e9 avec la collecte de 270 000 r\u00e9ponses \u00e0 de faux tests psychologiques sur le r\u00e9seau, et l&rsquo;acc\u00e8s ult\u00e9rieur aux profils des \u00ab amis des amis \u00bb des r\u00e9pondants. Le fondateur de Facebook, Mark Zuckerberg, n&rsquo;arr\u00eate pas de faire acte de contrition, le scandale \u00e9tant plus grand qu&rsquo;attendu. Au bas d&rsquo;un post de blog (4 avril) de Mike Schroepfer, directeur technique de Facebook, a avou\u00e9 que ce sont 87 millions de comptes (et non 50 millions \u00e9voqu\u00e9s jusque-l\u00e0), dont les donn\u00e9es ont \u00e9t\u00e9 aspir\u00e9s. Dans une conf\u00e9rence de presse le m\u00eame jour, Zuckerberg a tent\u00e9 de se justifier.<\/p>\n<blockquote>\n<p style=\"text-align: justify;\">\u00ab Jusque-l\u00e0, nous ne voyions que les effets positifs de nos outils. Mais, ce n&rsquo;est pas assez de connecter les gens. Nous n&rsquo;avons pas suffisamment r\u00e9fl\u00e9chi \u00e0 la mani\u00e8re d&rsquo;\u00e9viter les abus. C&rsquo;\u00e9tait mon erreur. [&#8230;] La vie, c&rsquo;est d&rsquo;apprendre de ses erreurs. Quand on construit une entreprise comme Facebook, il y a des choses qu&rsquo;on rate, personne n&rsquo;est parfait \u00bb.<\/p>\n<\/blockquote>\n<p style=\"text-align: justify;\"><strong>Commentaire. <\/strong>Symptomatiquement, Zuckerberg semble confondre la faute de l&rsquo;entreprise avec la faute personnelle. Mais ne dit-on pas que, juridiquement, une entreprise est une \u00ab personne morale \u00bb ?<\/p>\n<p><em>Source : \u00ab\u00a0Zuckerberg poursuit l&rsquo;op\u00e9ration r\u00e9habiliter Facebook\u00a0\u00bb (Sandrine Cassini), <\/em>Le Monde<em>, 6 avril 2018, suppl\u00e9ment \u00c9co &amp; Entreprise, p. 8.<\/em><\/p>\n<p><span style=\"font-size: 8pt;\">Sur les difficult\u00e9s actuelles de Facebook, voir aussi <a href=\"http:\/\/industrie-culturelle.fr\/industrie-culturelle\/actualites-des-industries-culturelles-et-numeriques-59-decembre-2017\/\">Actualit\u00e9s #59, d\u00e9cembre 2017<\/a>.<\/span><\/p>\n<h2><span style=\"font-size: 12pt;\">La t\u00e9l\u00e9vision s&rsquo;int\u00e9resse \u00e0 la r\u00e9alit\u00e9 virtuelle<\/span><\/h2>\n<p style=\"text-align: justify;\">La r\u00e9alit\u00e9 virtuelle (VR) est apparue comme l&rsquo;une des vedettes du March\u00e9 international des programmes de t\u00e9l\u00e9vision (MIPTV), rencontre annuelle qui s&rsquo;est tenue \u00e0 Cannes le 9-12 avril. S&rsquo;est expliqu\u00e9e sa directrice Laurine Garaude : \u00ab <em>Cela fait maintenant trois ans que l&rsquo;on acc\u00e9l\u00e8re le d\u00e9veloppement autour de la VR. Il est essentiel, dans un march\u00e9 de contenus comme le MIPTV, de r\u00e9unir l&rsquo;ensemble des acteurs qui travaillent \u00e0 la recherche de nouvelles narrations.<\/em> \u00bb<\/p>\n<figure id=\"attachment_30716\" aria-describedby=\"caption-attachment-30716\" style=\"width: 150px\" class=\"wp-caption alignleft\"><img loading=\"lazy\" decoding=\"async\" class=\"size-thumbnail wp-image-30716\" src=\"http:\/\/industrie-culturelle.fr\/industrie-culturelle\/wp-content\/uploads\/2018\/04\/blockdefriberg-150x150.jpg\" alt=\"\" width=\"150\" height=\"150\" srcset=\"https:\/\/industrie-culturelle.fr\/industrie-culturelle\/wp-content\/uploads\/2018\/04\/blockdefriberg-150x150.jpg 150w, https:\/\/industrie-culturelle.fr\/industrie-culturelle\/wp-content\/uploads\/2018\/04\/blockdefriberg-144x144.jpg 144w, https:\/\/industrie-culturelle.fr\/industrie-culturelle\/wp-content\/uploads\/2018\/04\/blockdefriberg-36x36.jpg 36w, https:\/\/industrie-culturelle.fr\/industrie-culturelle\/wp-content\/uploads\/2018\/04\/blockdefriberg-32x32.jpg 32w, https:\/\/industrie-culturelle.fr\/industrie-culturelle\/wp-content\/uploads\/2018\/04\/blockdefriberg-50x50.jpg 50w, https:\/\/industrie-culturelle.fr\/industrie-culturelle\/wp-content\/uploads\/2018\/04\/blockdefriberg-64x64.jpg 64w, https:\/\/industrie-culturelle.fr\/industrie-culturelle\/wp-content\/uploads\/2018\/04\/blockdefriberg-96x96.jpg 96w, https:\/\/industrie-culturelle.fr\/industrie-culturelle\/wp-content\/uploads\/2018\/04\/blockdefriberg-128x128.jpg 128w\" sizes=\"auto, (max-width: 150px) 100vw, 150px\" \/><figcaption id=\"caption-attachment-30716\" class=\"wp-caption-text\">Pierre Block de Friberg<\/figcaption><\/figure>\n<p style=\"text-align: justify;\">Cette technologie immersive, qui offre un univers \u00e0 360\u00b0 gr\u00e2ce \u00e0 un casque sp\u00e9cial, fait r\u00e9fl\u00e9chir les diffuseurs de contenus. Loin des cr\u00e9neaux et des grilles, les cha\u00eenes cherchent \u00e0 reconqu\u00e9rir une audience plus jeune. Constate Pierre Block de Friberg, charg\u00e9 du p\u00f4le Nouvelles \u00c9critures de France T\u00e9l\u00e9visions : \u00ab <em>Les t\u00e9l\u00e9spectateurs, surtout les jeunes adultes, sont de plus en plus nombreux \u00e0 consommer des contenus vid\u00e9o hors de l&rsquo;\u00e9cran de la t\u00e9l\u00e9vision et \u00e0 d\u00e9laisser les programmes qui y sont diffus\u00e9s. Il y a une grande app\u00e9tence pour les nouvelles technologies. La r\u00e9alit\u00e9 virtuelle accompagne ces changements d&rsquo;usages. Elle permet de repenser la narration audiovisuelle, avec des histoires qui se vivent en totale immersion sans jamais sortir du cadre de l&rsquo;image.<\/em> \u00bb Quant \u00e0 lui, l&rsquo;Institut national de l&rsquo;audiovisuel (INA) organise des concours comme le \u00ab Challenge VR \u00bb afin de redonner un second souffle \u00e0 ses archives.<\/p>\n<h3><span style=\"font-size: 8pt;\">Produits d&rsquo;appel de la VR<br \/>\n<\/span><\/h3>\n<p style=\"text-align: justify;\">L&rsquo;engouement se v\u00e9rifie d&rsquo;abord \u00e0 travers le d\u00e9veloppement de produits d&rsquo;appel. Avec son application MYTV1 VR, TF1 a permis de suivre l&rsquo;int\u00e9gralit\u00e9 des auditions \u00e0 l&rsquo;aveugle de la sixi\u00e8me \u00e9dition de <em>The Voice<\/em>, et souhaite r\u00e9it\u00e9rer l&rsquo;exp\u00e9rience avec la Coupe du monde de football en juin, en proposant au spectateur une immersion en loge, avec la possibilit\u00e9 de regarder les matchs sous diff\u00e9rents angles de vue. Dans <em>The Enemy<\/em> (2017), le photojournaliste Karim Ben Khelifa r\u00e9invente en VR le traitement documentaire des zones de conflit. Le spectateur se retrouve entre deux bellig\u00e9rants ; \u00e0 lui de d\u00e9cider vers quel combattant se tourner afin d&rsquo;entendre son t\u00e9moignage. Dit Ben Khelifa, \u00ab <em>En temps normal, s&rsquo;informer est passif. Ici, on est constamment dans l&rsquo;interaction.<\/em> \u00bb<\/p>\n<p><iframe loading=\"lazy\" src=\"\/\/www.youtube.com\/embed\/SoCTWCVLdl0\" width=\"560\" height=\"314\" allowfullscreen=\"allowfullscreen\"><\/iframe><\/p>\n<p style=\"text-align: justify;\">Selon les derni\u00e8res pr\u00e9visions du cabinet d&rsquo;\u00e9tudes am\u00e9ricain Gartner, la r\u00e9alit\u00e9 virtuelle devrait se d\u00e9mocratiser d&rsquo;ici deux \u00e0 cinq ans. Mais la VR n&rsquo;est pas l&rsquo;apanage des cha\u00eenes de t\u00e9l\u00e9vision. Pr\u00e9dit Gilles Freissinier, directeur du d\u00e9veloppement num\u00e9rique d&rsquo;Arte France : \u00ab <em>La VR ne remplacera pas la t\u00e9l\u00e9vision. Elle permet seulement une compl\u00e9mentarit\u00e9 avec des narrations plus lin\u00e9aires.<\/em> \u00bb Selon Guillaume Esmiol, responsable Open Innovation de TF1 : \u00ab<em> Ce n&rsquo;est pas nous qui avons la main sur le futur de cette technologie. Nous sommes seulement un des acteurs qui peut contribuer \u00e0 sa d\u00e9mocratisation.<\/em> \u00bb C&rsquo;est l&rsquo;homme de t\u00e9l\u00e9vision Pierre Block de Freiberg qui aura le dernier mot : \u00ab <em>La VR est le nerf de la guerre \u00e0 venir pour les jeux vid\u00e9o.<\/em> \u00bb<\/p>\n<p style=\"text-align: justify;\"><em>Source : \u00ab\u00a0Le monde audiovisuel \u00e0 l&rsquo;heure de la r\u00e9alit\u00e9 virtuelle\u00a0\u00bb (Mathieu Ait Lachkar et Camille Langlade), <\/em>Le Monde<em>, 8-9 avril 2018, suppl\u00e9ment \u00c9co &amp; Entreprise, p. 8.<\/em><\/p>\n<p>&nbsp;<\/p>\n<p style=\"text-align: justify;\"><a href=\"http:\/\/industrie-culturelle.fr\/industrie-culturelle\/category\/actualites\/\" target=\"_blank\" rel=\"noopener noreferrer\">Lire les autres articles de la rubrique.<\/a><\/p>\n<p style=\"text-align: justify;\"><div class=\"su-divider su-divider-style-default\" style=\"margin:15px 0;border-width:3px;border-color:#999999\"><a href=\"#\" style=\"color:#999999\">Aller en haut<\/a><\/div>\n","protected":false},"excerpt":{"rendered":"<p>Mai 2018 Contenu : 1 Les neurosciences investissent l&rsquo;industrie audiovisuelle 1.1 Le neuromarketing, ultime d\u00e9rive dans la programmation des consciences ? 1.2 L&rsquo;influence de l&rsquo;\u00c9cole de Palo Alto 2 Une start-up de la Silicon Valley vend l&rsquo;immortalit\u00e9 num\u00e9rique 2.1 Black Mirro 3 Les comportements seront not\u00e9s en Chine3.1 Tous noteurs not\u00e9s ? 3.2 La r\u00e9gulation algorithmique 4 Facebook fait acte de contrition 5 La t\u00e9l\u00e9vision s&rsquo;int\u00e9resse \u00e0 la r\u00e9alit\u00e9 virtuelle5.1 Produits d&rsquo;appel de la VR <\/p>\n","protected":false},"author":1294,"featured_media":27280,"comment_status":"open","ping_status":"closed","sticky":false,"template":"","format":"standard","meta":{"colormag_page_container_layout":"default_layout","colormag_page_sidebar_layout":"default_layout","footnotes":""},"categories":[80,687,13,10],"tags":[28,117,990,991,537],"coauthors":[791],"class_list":["post-30623","post","type-post","status-publish","format-standard","has-post-thumbnail","hentry","category-actualites","category-facebook","category-numerique","category-television","tag-ideologie","tag-marketing","tag-neuromarketing","tag-neurosciences","tag-realite-virtuelle"],"aioseo_notices":[],"_links":{"self":[{"href":"https:\/\/industrie-culturelle.fr\/industrie-culturelle\/wp-json\/wp\/v2\/posts\/30623","targetHints":{"allow":["GET"]}}],"collection":[{"href":"https:\/\/industrie-culturelle.fr\/industrie-culturelle\/wp-json\/wp\/v2\/posts"}],"about":[{"href":"https:\/\/industrie-culturelle.fr\/industrie-culturelle\/wp-json\/wp\/v2\/types\/post"}],"author":[{"embeddable":true,"href":"https:\/\/industrie-culturelle.fr\/industrie-culturelle\/wp-json\/wp\/v2\/users\/1294"}],"replies":[{"embeddable":true,"href":"https:\/\/industrie-culturelle.fr\/industrie-culturelle\/wp-json\/wp\/v2\/comments?post=30623"}],"version-history":[{"count":0,"href":"https:\/\/industrie-culturelle.fr\/industrie-culturelle\/wp-json\/wp\/v2\/posts\/30623\/revisions"}],"wp:featuredmedia":[{"embeddable":true,"href":"https:\/\/industrie-culturelle.fr\/industrie-culturelle\/wp-json\/wp\/v2\/media\/27280"}],"wp:attachment":[{"href":"https:\/\/industrie-culturelle.fr\/industrie-culturelle\/wp-json\/wp\/v2\/media?parent=30623"}],"wp:term":[{"taxonomy":"category","embeddable":true,"href":"https:\/\/industrie-culturelle.fr\/industrie-culturelle\/wp-json\/wp\/v2\/categories?post=30623"},{"taxonomy":"post_tag","embeddable":true,"href":"https:\/\/industrie-culturelle.fr\/industrie-culturelle\/wp-json\/wp\/v2\/tags?post=30623"},{"taxonomy":"author","embeddable":true,"href":"https:\/\/industrie-culturelle.fr\/industrie-culturelle\/wp-json\/wp\/v2\/coauthors?post=30623"}],"curies":[{"name":"wp","href":"https:\/\/api.w.org\/{rel}","templated":true}]}}