
{"id":26978,"date":"2017-09-01T02:00:09","date_gmt":"2017-09-01T00:00:09","guid":{"rendered":"http:\/\/industrie-culturelle.fr\/industrie-culturelle\/?p=26978"},"modified":"2018-01-17T13:04:56","modified_gmt":"2018-01-17T12:04:56","slug":"actualites-industries-culturelles-numeriques-56-septembre-2017","status":"publish","type":"post","link":"https:\/\/industrie-culturelle.fr\/industrie-culturelle\/actualites-industries-culturelles-numeriques-56-septembre-2017\/","title":{"rendered":"Actualit\u00e9s des industries culturelles et num\u00e9riques #56, septembre 2017"},"content":{"rendered":"<div class=\"pdfprnt-buttons pdfprnt-buttons-post pdfprnt-top-right\"><a href=\"https:\/\/industrie-culturelle.fr\/industrie-culturelle\/wp-json\/wp\/v2\/posts\/26978?print=pdf\" class=\"pdfprnt-button pdfprnt-button-pdf\" target=\"_blank\" ><img decoding=\"async\" src=\"https:\/\/industrie-culturelle.fr\/industrie-culturelle\/wp-content\/plugins\/pdf-print\/images\/pdf.png\" alt=\"image_pdf\" title=\"Afficher le PDF\" \/><\/a><a href=\"https:\/\/industrie-culturelle.fr\/industrie-culturelle\/wp-json\/wp\/v2\/posts\/26978?print=print\" class=\"pdfprnt-button pdfprnt-button-print\" target=\"_blank\" ><img decoding=\"async\" src=\"https:\/\/industrie-culturelle.fr\/industrie-culturelle\/wp-content\/plugins\/pdf-print\/images\/print.png\" alt=\"image_print\" title=\"Contenu imprim\u00e9\" \/><\/a><\/div><p style=\"text-align: justify;\"><strong>La Web-revue : de la <em>Kulturindustrie<\/em> d\u2019hier aux industries culturelles, cr\u00e9atives et num\u00e9riques d\u2019aujourd\u2019hui, s\u2019est ouvert un champ interdisciplinaire pour tous ceux dont les recherches interrogent la culture populaire industrialis\u00e9e et les m\u00e9dias. Cette rubrique propose de suivre les actualit\u00e9s des industries culturelles et num\u00e9riques du c\u00f4t\u00e9 des acteurs professionnels, qui sont souvent divis\u00e9s quant \u00e0 la bonne strat\u00e9gie \u00e0 adopter face \u00e0 l\u2019innovation constante, d\u2019o\u00f9 des d\u00e9bats \u00ab internes \u00bb dont doit tenir compte l\u2019approche critique de la Web-revue.<\/strong><\/p>\n<p style=\"text-align: center;\">Interdit \u00e0 la reproduction payante.<\/p>\n<h2><span style=\"font-size: 12pt;\">George A. Romero, le p\u00e8re des zombies, est mort<\/span><\/h2>\n<figure id=\"attachment_27144\" aria-describedby=\"caption-attachment-27144\" style=\"width: 150px\" class=\"wp-caption alignright\"><img loading=\"lazy\" decoding=\"async\" class=\"size-thumbnail wp-image-27144\" src=\"http:\/\/industrie-culturelle.fr\/industrie-culturelle\/wp-content\/uploads\/2017\/07\/romero-150x150.jpg\" alt=\"\" width=\"150\" height=\"150\" srcset=\"https:\/\/industrie-culturelle.fr\/industrie-culturelle\/wp-content\/uploads\/2017\/07\/romero-150x150.jpg 150w, https:\/\/industrie-culturelle.fr\/industrie-culturelle\/wp-content\/uploads\/2017\/07\/romero-144x144.jpg 144w, https:\/\/industrie-culturelle.fr\/industrie-culturelle\/wp-content\/uploads\/2017\/07\/romero-36x36.jpg 36w, https:\/\/industrie-culturelle.fr\/industrie-culturelle\/wp-content\/uploads\/2017\/07\/romero-32x32.jpg 32w, https:\/\/industrie-culturelle.fr\/industrie-culturelle\/wp-content\/uploads\/2017\/07\/romero-50x50.jpg 50w, https:\/\/industrie-culturelle.fr\/industrie-culturelle\/wp-content\/uploads\/2017\/07\/romero-64x64.jpg 64w, https:\/\/industrie-culturelle.fr\/industrie-culturelle\/wp-content\/uploads\/2017\/07\/romero-96x96.jpg 96w, https:\/\/industrie-culturelle.fr\/industrie-culturelle\/wp-content\/uploads\/2017\/07\/romero-128x128.jpg 128w\" sizes=\"auto, (max-width: 150px) 100vw, 150px\" \/><figcaption id=\"caption-attachment-27144\" class=\"wp-caption-text\">George Romero (1940-2017)<\/figcaption><\/figure>\n<p style=\"text-align: justify;\">Le r\u00e9alisateur de la <em>Nuit des morts-vivants<\/em> (<em>The Night of the Living Dead<\/em>) en 1968, <a href=\"https:\/\/fr.wikipedia.org\/wiki\/George_A._Romero\">George Romero<\/a> est mort \u00e0 Los Angeles le 16 juillet. Tourn\u00e9 en noir et blanc avec un budget d\u00e9risoire de 114 000 dollars, ce film (qui a rapport\u00e9 30 millions de dollars) imagine qu&rsquo;une cause inconnue redonne vie aux morts, et que ceux-ci, devenus des monstres anthropophages, se mettent \u00e0 attaquer les vivants pour les d\u00e9vorer. Il d\u00e9crit les efforts d&rsquo;une poign\u00e9e de survivants, r\u00e9fugi\u00e9s dans une maison isol\u00e9e, pour repousser leurs assauts. Voil\u00e0 n\u00e9e dans l&rsquo;extr\u00eame marginalit\u00e9 l&rsquo;omnipr\u00e9sente figure moderne du zombie, et la trame entre autres du jeu vid\u00e9o <em>Resident Evil<\/em>, du film <em>28 Days Later<\/em> (Danny Boyle, 2002), et de la s\u00e9rie \u00e0 succ\u00e8s <em>The Walking Dead<\/em>, toujours en cours.<\/p>\n<p style=\"text-align: justify;\">La deuxi\u00e8me dans la s\u00e9rie, <em>Dawn of the Dead<\/em> (1978), tourn\u00e9 avec 500 000 dollars (somme \u00e0 peine moins d\u00e9risoire), a rapport\u00e9 500 millions. Il d\u00e9crit le m\u00eame combat de quelques r\u00e9fugi\u00e9s contre des morts-vivants, cette fois-ci dans un centre commercial. Entre des films moins g\u00e9n\u00e9riques, plus ou moins r\u00e9ussis, d&rsquo;autres dans la s\u00e9rie zombie suivront : <em>Le Jour des morts-vivants<\/em> (1985), <em>Le Territoire des morts<\/em> (2005), <em>Diary of the Dead<\/em> (2007) et <em>Survival of the Dead<\/em> (2008). \u00c0 partir d&rsquo;une formule simple, Romero a vari\u00e9 les param\u00e8tres d&rsquo;une critique sociale, non pas annexe, mais int\u00e9gr\u00e9e \u00e0 l&rsquo;intrigue : des consommateurs zombies (des <em>vivants morts<\/em>), des in\u00e9galit\u00e9s de classe, la militarisation de la soci\u00e9t\u00e9, l&rsquo;hypercommunicabilit\u00e9 mortif\u00e8re des r\u00e9seaux sociaux. \u00c0 sa mort, Romero a \u00e9t\u00e9 salu\u00e9 dans les milieux journalistiques comme un grand cin\u00e9aste, ce qui e\u00fbt \u00e9t\u00e9 impensable pendant la plus grande partie de sa carri\u00e8re. <em>Nuit des morts-vivants<\/em> avait d\u00e9j\u00e0 \u00e9t\u00e9 s\u00e9lectionn\u00e9 en 1999 pour pr\u00e9servation dans le bureau d&rsquo;enregistrement des films par la Library of Congress, singulier honneur pour un film d&rsquo;horreur.<\/p>\n<figure id=\"attachment_27630\" aria-describedby=\"caption-attachment-27630\" style=\"width: 150px\" class=\"wp-caption alignright\"><img loading=\"lazy\" decoding=\"async\" class=\"size-thumbnail wp-image-27630\" src=\"http:\/\/industrie-culturelle.fr\/industrie-culturelle\/wp-content\/uploads\/2017\/09\/hooper-150x150.jpg\" alt=\"\" width=\"150\" height=\"150\" srcset=\"https:\/\/industrie-culturelle.fr\/industrie-culturelle\/wp-content\/uploads\/2017\/09\/hooper-150x150.jpg 150w, https:\/\/industrie-culturelle.fr\/industrie-culturelle\/wp-content\/uploads\/2017\/09\/hooper-144x144.jpg 144w, https:\/\/industrie-culturelle.fr\/industrie-culturelle\/wp-content\/uploads\/2017\/09\/hooper-36x36.jpg 36w, https:\/\/industrie-culturelle.fr\/industrie-culturelle\/wp-content\/uploads\/2017\/09\/hooper-32x32.jpg 32w, https:\/\/industrie-culturelle.fr\/industrie-culturelle\/wp-content\/uploads\/2017\/09\/hooper-50x50.jpg 50w, https:\/\/industrie-culturelle.fr\/industrie-culturelle\/wp-content\/uploads\/2017\/09\/hooper-64x64.jpg 64w, https:\/\/industrie-culturelle.fr\/industrie-culturelle\/wp-content\/uploads\/2017\/09\/hooper-96x96.jpg 96w, https:\/\/industrie-culturelle.fr\/industrie-culturelle\/wp-content\/uploads\/2017\/09\/hooper-128x128.jpg 128w\" sizes=\"auto, (max-width: 150px) 100vw, 150px\" \/><figcaption id=\"caption-attachment-27630\" class=\"wp-caption-text\">Tobe Hooper (1943-2017)<\/figcaption><\/figure>\n<p style=\"text-align: justify;\">(On doit aussi parler de la mort le 28 ao\u00fbt \u00e0 Los Angeles de Tobe Hooper, auteur du cultissime <em>Massacre \u00e0 la tron\u00e7onneuse (The Texas chain saw massacre)<\/em> en 1974, apr\u00e8s \u00eatre pass\u00e9 par l&rsquo;enseignement universitaire et par le film amateur. Longtemps m\u00e9pris\u00e9 par la critique, mais de plus en plus salu\u00e9 apr\u00e8s 2000, Hooper fut acclam\u00e9 \u00e0 la Quinzaine de r\u00e9alisateurs de Cannes en 2014, lors de la sortie d&rsquo;une version restaur\u00e9e de son chef d&rsquo;\u0153uvre, class\u00e9 X et pratiquement interdit en France jusqu&rsquo;\u00e0 1981. Tourn\u00e9 pour 300 000 dollars, il en a rapport\u00e9 30 millions. Pr\u00e9curseur du genre <em>slasher<\/em>, le film a connu cinq suites, dont <em>Massacre \u00e0 la tron\u00e7onneuse 2<\/em>, tourn\u00e9 par Hooper en 1986).<\/p>\n<p style=\"text-align: justify;\"><em>Source : \u00ab\u00a0George A. Romero s&rsquo;efface derri\u00e8re ses zombies\u00a0\u00bb (Jean-Fran\u00e7ois Rauger), <\/em>Le Monde<em>, 18 juillet 2017, p. 18 ;<a href=\"https:\/\/en.wikipedia.org\/wiki\/Night_of_the_Living_Dead\"> https:\/\/en.wikipedia.org\/wiki\/Night_of_the_Living_Dead<\/a><\/em><\/p>\n<p style=\"text-align: justify;\"><a href=\"https:\/\/en.wikipedia.org\/wiki\/The_Texas_Chain_Saw_Massacre\"><em>https:\/\/en.wikipedia.org\/wiki\/The_Texas_Chain_Saw_Massacre<\/em><\/a><\/p>\n<p style=\"text-align: justify;\"><div class=\"su-box su-box-style-default\" id=\"\" style=\"border-color:#00998d;border-radius:3px;max-width:none\"><div class=\"su-box-title\" style=\"background-color:#00CCC0;color:#FFFFFF;border-top-left-radius:1px;border-top-right-radius:1px\">Commentaire du r\u00e9dacteur<\/div><div class=\"su-box-content su-u-clearfix su-u-trim\" style=\"border-bottom-left-radius:1px;border-bottom-right-radius:1px\">\n<p style=\"text-align: justify;\"><img loading=\"lazy\" decoding=\"async\" class=\"alignleft size-full wp-image-27191\" src=\"http:\/\/industrie-culturelle.fr\/industrie-culturelle\/wp-content\/uploads\/2017\/07\/eccomics.jpg\" alt=\"\" width=\"181\" height=\"278\" \/>Contrairement \u00e0 la d\u00e9politisation dans le passage \u00e0 l&rsquo;\u00e9cran que constate Jason Read (voir <a href=\"http:\/\/industrie-culturelle.fr\/industrie-culturelle\/?p=27270&amp;preview_id=27270&amp;preview_nonce=cf09dea378&amp;_thumbnail_id=27305&amp;preview=true\">son article<\/a> dans la <em>Web-revue<\/em>) dans le cas des personnages Marvel, les adaptations de l&rsquo;univers des <a href=\"https:\/\/fr.wikipedia.org\/wiki\/EC_Comics\"><em>comics<\/em> EC<\/a> des ann\u00e9es 1950 de Romero furent impr\u00e9gn\u00e9es d&rsquo;une ind\u00e9niable force critique. Les <em>comics<\/em> (surtout ceux de la marque EC) furent <a href=\"https:\/\/en.wikipedia.org\/wiki\/Seduction_of_the_Innocent\">s\u00e9v\u00e8rement critiqu\u00e9s \u00e0 l&rsquo;\u00e9poque<\/a> par des psychologues et des p\u00e9dagogues bien-pensants. Apr\u00e8s \u00eatre pass\u00e9, comme tant d&rsquo;autres artistes, par le monde de la publicit\u00e9, Romero s&rsquo;inscrit bien dans la contre-culture des ann\u00e9es 1960 dans son d\u00e9sir de \u00ab <em>faire un film tr\u00e8s choquant, de pousser le bouchon un peu plus loin<\/em> \u00bb. Pour ce faire, il a d\u00e9plac\u00e9 la figure du zombie, jusque-l\u00e0 confin\u00e9e \u00e0 Ha\u00efti ou \u00e0 d&rsquo;autres contr\u00e9es exotiques, au c\u0153ur des \u00c9tats-Unis, o\u00f9 elle incarne le retour du refoul\u00e9 de la soci\u00e9t\u00e9 de consommation.<\/p>\n<p style=\"text-align: justify;\">La m\u00eame dimension politique est pr\u00e9sente dans la s\u00e9rie <em>The Walking Dead<\/em>, mais latente et ambigu\u00eb ; Romero lui-m\u00eame a rejet\u00e9 cette derni\u00e8re comme \u00ab <em>un soap avec un zombie de temps en temps<\/em> \u00bb. La figure du zombie (ou du vampire, son cousin chic), pos\u00e9e en termes pseudo-scientifiques, est la figure all\u00e9gorique et masochiste d&rsquo;une apocalypse venue ou \u00e0 venir. Figure qui s&rsquo;est av\u00e9r\u00e9e finalement tr\u00e8s populaire et tr\u00e8s rentable. Le contexte historique ici, c&rsquo;est le d\u00e9ferlement de la mondialisation n\u00e9olib\u00e9rale depuis les ann\u00e9es 1980, tout aussi anthropophage \u00e0 sa fa\u00e7on (des vies, des classes sociales, des r\u00e9gions, des pays entiers).<\/p>\n<figure id=\"attachment_27190\" aria-describedby=\"caption-attachment-27190\" style=\"width: 150px\" class=\"wp-caption alignright\"><img loading=\"lazy\" decoding=\"async\" class=\"size-thumbnail wp-image-27190\" src=\"http:\/\/industrie-culturelle.fr\/industrie-culturelle\/wp-content\/uploads\/2017\/07\/kurz-150x150.jpg\" alt=\"\" width=\"150\" height=\"150\" srcset=\"https:\/\/industrie-culturelle.fr\/industrie-culturelle\/wp-content\/uploads\/2017\/07\/kurz-150x150.jpg 150w, https:\/\/industrie-culturelle.fr\/industrie-culturelle\/wp-content\/uploads\/2017\/07\/kurz-144x144.jpg 144w, https:\/\/industrie-culturelle.fr\/industrie-culturelle\/wp-content\/uploads\/2017\/07\/kurz-36x36.jpg 36w, https:\/\/industrie-culturelle.fr\/industrie-culturelle\/wp-content\/uploads\/2017\/07\/kurz-32x32.jpg 32w, https:\/\/industrie-culturelle.fr\/industrie-culturelle\/wp-content\/uploads\/2017\/07\/kurz-50x50.jpg 50w, https:\/\/industrie-culturelle.fr\/industrie-culturelle\/wp-content\/uploads\/2017\/07\/kurz-64x64.jpg 64w, https:\/\/industrie-culturelle.fr\/industrie-culturelle\/wp-content\/uploads\/2017\/07\/kurz-96x96.jpg 96w, https:\/\/industrie-culturelle.fr\/industrie-culturelle\/wp-content\/uploads\/2017\/07\/kurz-128x128.jpg 128w\" sizes=\"auto, (max-width: 150px) 100vw, 150px\" \/><figcaption id=\"caption-attachment-27190\" class=\"wp-caption-text\">Robert Kurz (1943-2012)<\/figcaption><\/figure>\n<p style=\"text-align: justify;\">Quant aux cons\u00e9quences th\u00e9oriques g\u00e9n\u00e9rales \u00e0 tirer de cette cons\u00e9cration tardive (et m\u00e9rit\u00e9e) de Romero, je donne la parole au th\u00e9oricien allemand <a href=\"https:\/\/fr.wikipedia.org\/wiki\/Robert_Kurz\">Robert Kurz<\/a>, fondateur de l&rsquo;\u00e9cole dite\u00a0\u00ab la critique de la valeur \u00bb : <em>\u00ab [L]es mouvements contestataires ou subcultures \u00ab\u00a0non commerciaux\u00a0\u00bb furent transform\u00e9s \u00e0 terme en ressource de l&rsquo;industrie culturelle. Ce qui avait d\u00e9but\u00e9 comme subversion culturelle et contre-culture constituait, en v\u00e9rit\u00e9, une sorte de r\u00e9serve naturelle pour le capital de l&rsquo;industrie, qu&rsquo;il fallait p\u00e9riodiquement brouter ou exploiter, au m\u00eame titre que la vieille haute culture bourgeoise qui restait, en quelque sorte, encore ext\u00e9rieure. Apr\u00e8s la Seconde Guerre mondiale, ces deux ressources allaient perdre leur autonomie relative ; tandis que la haute culture bourgeoise d\u00e9p\u00e9rit tout simplement, et ne pouvait plus \u00eatre utilis\u00e9e que comme du bois mort, les subcultures, elles, se r\u00e9duisirent de plus en plus \u00e0 l&rsquo;\u00e9tat de p\u00e9pini\u00e8res capitalistes\u00a0\u00bb*.<\/em><\/p>\n<figure id=\"attachment_27182\" aria-describedby=\"caption-attachment-27182\" style=\"width: 150px\" class=\"wp-caption alignleft\"><img loading=\"lazy\" decoding=\"async\" class=\"size-thumbnail wp-image-27182\" src=\"http:\/\/industrie-culturelle.fr\/industrie-culturelle\/wp-content\/uploads\/2017\/07\/jagger-150x150.jpg\" alt=\"\" width=\"150\" height=\"150\" srcset=\"https:\/\/industrie-culturelle.fr\/industrie-culturelle\/wp-content\/uploads\/2017\/07\/jagger-150x150.jpg 150w, https:\/\/industrie-culturelle.fr\/industrie-culturelle\/wp-content\/uploads\/2017\/07\/jagger-144x144.jpg 144w, https:\/\/industrie-culturelle.fr\/industrie-culturelle\/wp-content\/uploads\/2017\/07\/jagger-36x36.jpg 36w, https:\/\/industrie-culturelle.fr\/industrie-culturelle\/wp-content\/uploads\/2017\/07\/jagger-32x32.jpg 32w, https:\/\/industrie-culturelle.fr\/industrie-culturelle\/wp-content\/uploads\/2017\/07\/jagger-50x50.jpg 50w, https:\/\/industrie-culturelle.fr\/industrie-culturelle\/wp-content\/uploads\/2017\/07\/jagger-64x64.jpg 64w, https:\/\/industrie-culturelle.fr\/industrie-culturelle\/wp-content\/uploads\/2017\/07\/jagger-96x96.jpg 96w, https:\/\/industrie-culturelle.fr\/industrie-culturelle\/wp-content\/uploads\/2017\/07\/jagger-128x128.jpg 128w\" sizes=\"auto, (max-width: 150px) 100vw, 150px\" \/><figcaption id=\"caption-attachment-27182\" class=\"wp-caption-text\">Sir Michael Philip (Mick) Jagger (1943-)<\/figcaption><\/figure>\n<p style=\"text-align: justify;\">Comme l&rsquo;affirme Kurz, la question des subcultures populaires restait en dehors de l&rsquo;horizon d&rsquo;Adorno et de Horkheimer, plus concern\u00e9s par le r\u00f4le jou\u00e9 par l&rsquo;industrie culturelle dans le d\u00e9clin de la haute culture, \u00e0 une \u00e9poque o\u00f9 la radio commerciale am\u00e9ricaine continuait \u00e0 diffuser de la musique classique. Selon Olivier Voirol, Adorno a quelque peu nuanc\u00e9 ses arguments dans les ann\u00e9es 1960 (r\u00e9f\u00e9rence ci-dessous). Depuis les ann\u00e9es 1940, le jazz, tant stigmatis\u00e9 par Adorno, a \u00e9t\u00e9 largement reconnu comme une musique savante, et de patrimoine, tout comme sa descendance encore plus barbare, le rock, qu&rsquo;il e\u00fbt d\u00e9test\u00e9 encore plus. Bob Dylan a re\u00e7u le prix Nobel de litt\u00e9rature en 2016, et Mick Jagger, harcel\u00e9 par la police dans les ann\u00e9es 1960, a fini par \u00eatre anobli en 2003 sur proposition du Premier ministre de l&rsquo;\u00e9poque, Tony Blair. Comme Paul McCartney en 1997. Autrefois marginalis\u00e9s, les grands noms du rock ne comptent plus leurs admirateurs parmi l&rsquo;establishment n\u00e9olib\u00e9ral.<\/p>\n<p style=\"text-align: justify;\">Il s&rsquo;ensuit un \u00e9tat d&rsquo;urgence de la valeur d&rsquo;usage, et la menace d&rsquo;un lent d\u00e9clin, selon Kurz. <em>\u00ab &#8230; [L]e r\u00e9approvisionnement en termes de contenu ne se fait plus. Apr\u00e8s le d\u00e9p\u00e9rissement de la vieille haute culture bourgeoise, la subculture subit le m\u00eame sort. Il n&rsquo;existe plus que de pseudo-contre-cultures, elles-m\u00eames d\u00e9j\u00e0 fa\u00e7onn\u00e9es en fonction des besoins de l&rsquo;industrie culturelle \u00bb**<\/em>. En l&rsquo;absence du sang neuf apport\u00e9 par des contre-cultures \u00ab authentiques \u00bb, r\u00e9sistantes \u00e0 la r\u00e9cup\u00e9ration imm\u00e9diate, l&rsquo;industrie culturelle est condamn\u00e9e \u00e0 ressasser, \u00e0 remixer, et \u00e0 resucer les cr\u00e9ations du pass\u00e9, sans rapport au v\u00e9cu.<\/p>\n<p style=\"text-align: justify;\">On peut toujours discuter des m\u00e9rites de telle ou telle cr\u00e9ation populaire, sans c\u00e9der \u00e0 des jugements prescripteurs. Il est plus important dans le contexte actuel de r\u00e9affirmer que l&rsquo;industrie culturelle est <em>\u00ab<\/em> <em>l&rsquo;instrument le plus sensible du contr\u00f4le social \u00bb <\/em>(Adorno et Horkheimer), argument plus politique qu&rsquo;esth\u00e9tiquement normatif. Il n&rsquo;est plus de forme culturelle qu&rsquo;on ne peut d\u00e9tourner \u00e0 des fins publicitaires ou commerciales. Ce qu&rsquo;Adorno et Horkheimer d\u00e9crivent, parfois malgr\u00e9 eux (l&rsquo;incompr\u00e9hension d&rsquo;Adorno \u00e0 propos du jazz fait \u00e9cran \u00e0 l&rsquo;argument), c&rsquo;est la relation vampirique entre l&rsquo;industrie culturelle et la culture, que cette derni\u00e8re soit populaire ou savante. Par-dessus tout, ils pr\u00e9sagent le moment actuel o\u00f9, mondialisation et privatisation obligent, toute distinction entre \u00e9conomie et culture s&rsquo;est effondr\u00e9e. Place aux zombies et aux psychopathes&#8230;<\/p>\n<p style=\"text-align: justify;\"><span style=\"font-size: 8pt;\">* Robert Kurz, \u00ab\u00a0L&rsquo;industrie culturelle au XXI si\u00e8cle\u00a0\u00bb, <em>Illusio, <\/em>12\/13, 2014<em>. Th\u00e9orie critique de la crise<\/em>, Les Bords de l&rsquo;eau, Bordeaux, p. 56. Pour une tr\u00e8s bonne introduction \u00e0 Kurz, <a href=\"http:\/\/sd-1.archive-host.com\/membres\/up\/4519779941507678\/Robert_Kurz_Voyage_au_coeur_des_tenebres_du_capitalisme_Anselm_Jappe.pdfhttp:\/\/sd-1.archive-host.com\/membres\/up\/4519779941507678\/Robert_Kurz_Voyage_au_coeur_des_tenebres_du_capitalisme_Anselm_Jappe.pdf\">voir l&rsquo;article d&rsquo;Anselm Jappe ici<\/a>. <\/span><\/p>\n<p style=\"text-align: justify;\"><span style=\"font-size: 8pt;\">**<em> idem<\/em>, p. 57 .\u00a0 Le texte d&rsquo;Adorno et Horkheimer en question : <em>Kulturindustrie<\/em>, \u00c9ditions Allia, 2012, ou \u00ab\u00a0La production industrielle des biens industriels\u00a0\u00bb dans <em>La Dialectique de la raison<\/em>, Gallimard, 1974 (traduction par \u00c9liane Kaufholz, publication originale en 1947). Sur l&rsquo;actualisation politique du concept \u00ab\u00a0industrie culturelle\u00a0\u00bb, lire Enzo Traverso, \u00ab\u00a0<a href=\"https:\/\/www.cairn.info\/revue-communications-2012-2-page-51.htm\">Adorno et les antimonies de l&rsquo;industrie culturelle<\/a>\u00ab\u00a0, <em>Communications<\/em>, 91, 2012\/2 ; Olivier Voirol, \u00ab\u00a0<a href=\"https:\/\/www.cairn.info\/revue-reseaux-2011-2-page-125.htm\">Retour sur l&rsquo;industrie culturelle<\/a>\u00ab\u00a0, <em>R\u00e9seaux<\/em>, 166, 2012, pp. 125-57.<\/span><\/p>\n<p style=\"text-align: justify;\"><span style=\"font-size: 8pt;\">Voir dans la<em> Web-revue<\/em> <a href=\"http:\/\/industrie-culturelle.fr\/industrie-culturelle\/the-walking-dead-anne-lise-melquiond\/\">\u00ab\u00a0\u00a0\u00bbThe Walking Dead\u00a0\u00bb : survivre en milieu apocalytique<\/a>\u00a0\u00bb d&rsquo;Anne-Lise Melquiond. Voir aussi l&rsquo;entr\u00e9e sur\u00a0<em>The Walking Dead<\/em>, <a href=\"http:\/\/industrie-culturelle.fr\/industrie-culturelle\/actualites-industries-culturelles-numeriques-26-decembre-2014\/\">Actualit\u00e9s #26<\/a>, d\u00e9cembre 2014.\u00a0 Lire <a href=\"http:\/\/www.unemployednegativity.com\/search?q=george+romero+zombies\">le post<\/a> int\u00e9ressant du philosophe marxiste Jason Read sur les films de zombies (en anglais). Pour une appr\u00e9ciation politique de Romero venant de l&rsquo;extr\u00eame gauche, voir le texte (en anglais) du blogeur Louis Proyect, <a href=\"https:\/\/louisproyect.org\/2017\/07\/17\/george-romero-1940-2017-zombie-politics\/\">https:\/\/louisproyect.org\/2017\/07\/17\/george-romero-1940-2017-zombie-politics\/<\/a><\/span><\/p>\n<p><iframe loading=\"lazy\" src=\"\/\/www.youtube.com\/embed\/0TAGtIQvebs\" width=\"560\" height=\"314\" allowfullscreen=\"allowfullscreen\" data-mce-fragment=\"1\"><\/iframe><\/p>\n<\/div><\/div>\n<h2><span style=\"font-size: 12pt;\">Les algorithmes et la crise financi\u00e8re \u00e0 venir<\/span><\/h2>\n<p style=\"text-align: justify;\"><img loading=\"lazy\" decoding=\"async\" class=\"aligncenter size-medium wp-image-26984\" src=\"http:\/\/industrie-culturelle.fr\/industrie-culturelle\/wp-content\/uploads\/2017\/07\/algorithmes-finance-300x168.jpg\" alt=\"\" width=\"300\" height=\"168\" srcset=\"https:\/\/industrie-culturelle.fr\/industrie-culturelle\/wp-content\/uploads\/2017\/07\/algorithmes-finance.jpg 300w, https:\/\/industrie-culturelle.fr\/industrie-culturelle\/wp-content\/uploads\/2017\/07\/algorithmes-finance-195x110.jpg 195w\" sizes=\"auto, (max-width: 300px) 100vw, 300px\" \/><\/p>\n<p style=\"text-align: justify;\">Dix ans apr\u00e8s l&rsquo;\u00e9clatement de la crise financi\u00e8re de 2007 (dite de \u00ab subprimes \u00bb, ou de pr\u00eats \u00e0 haut risque), de nouvelles menaces pointent \u00e0 l&rsquo;horizon. La dette du monde entier, publique et priv\u00e9e, est pass\u00e9e de 190 %\u00a0 \u00e0 230 % de l&rsquo;ensemble des PIB (produit int\u00e9rieur brut) entre 2001 et 2017. M\u00eame si la mouture d\u00e9finitive d&rsquo;une nouvelle loi n&rsquo;a pas encore \u00e9t\u00e9 vot\u00e9e, l&rsquo;administration Trump a n\u00e9anmoins sign\u00e9 un d\u00e9cret le 3 f\u00e9vrier supprimant la loi Dodd-Frank de 2010, accus\u00e9e d&rsquo;avoir trop brid\u00e9e les banques, en restreignant le cr\u00e9dit immobilier.<\/p>\n<p style=\"text-align: justify;\">M\u00eame si les r\u00e9gulateurs ont appris de la crise de 2007, notamment en limitant l&rsquo;effet de levier (o\u00f9 une entreprise rach\u00e8te une autre, plus grande, avec des cr\u00e9dits d\u00e9passant largement sa propre valeur), le capital-investissement n&rsquo;est pas un monde homog\u00e8ne. Le danger principal vient des algorithmes, qui pourraient rendre une prochaine bulle extr\u00eamement impr\u00e9visible, en raison des \u00ab <em>flash crashs<\/em> \u00bb, d\u00e9sormais un ph\u00e9nom\u00e8ne r\u00e9current sur les march\u00e9s financiers. Le 21 juin 2017, sur le march\u00e9 de l&rsquo;\u00e9ther, une monnaie virtuelle comme bitcoin, une baisse de presque 5% s&rsquo;est produite en 450 millisecondes. Le 26 juin, le prix de l&rsquo;once d&rsquo;or a soudain chut\u00e9 de 1,6% avec des volumes d&rsquo;\u00e9change qui ont d\u00e9cupl\u00e9 pendant une minute (1,8 million d&rsquo;onces \u00e9chang\u00e9es, plus que l&rsquo;ensemble des r\u00e9serves d&rsquo;or de la Finlande). Le<em> flash crash<\/em> le plus c\u00e9l\u00e8bre a vu l&rsquo;indice Dow Jones (New York) plonger de 5% en vingt minutes le 6 mai 2010, avant de rebondir.<\/p>\n<p style=\"text-align: justify;\"><img loading=\"lazy\" decoding=\"async\" class=\"alignright size-full wp-image-26989\" src=\"http:\/\/industrie-culturelle.fr\/industrie-culturelle\/wp-content\/uploads\/2017\/07\/structures.png\" alt=\"\" width=\"269\" height=\"188\" \/>Tous ces incidents, sans cons\u00e9quence durable pour l&rsquo;instant, sont dus aux algorithmes qui programment des ordres d&rsquo;achat et de vente automatiquement, jouant sur les mini-irr\u00e9gularit\u00e9s des cours pendant des nanosecondes pour d\u00e9gager un microb\u00e9n\u00e9fice d\u00e9multipli\u00e9. D\u00e9j\u00e0 sur le <em>flash crash <\/em>de 2010, une enqu\u00eate de la<em> Securities and Exchange Commission<\/em>, avait point\u00e9 du doigt la responsabilit\u00e9 du courtage informatique, qui accentue des erreurs humaines.<\/p>\n<p style=\"text-align: justify;\">Un prochain crash sous l&rsquo;effet de l&rsquo;intelligence artificielle appliqu\u00e9e &#8211; car c&rsquo;est de cela qu\u2019on parle &#8211; ne manquera pas d&rsquo;influer, directement ou indirectement, sur les contenus de l&rsquo;industrie culturelle, en prolongeant par exemple les th\u00e8mes des films comme <em>Terminator<\/em>, et en inventant d&rsquo;autres. Quoi qu&rsquo;il en soit, les diverses figures d\u00e9clinant l&rsquo;apocalypse pressentie (la fin du capitalisme = la fin du monde) ont de beaux jours devant elles, en l&rsquo;absence de projets politiques r\u00e9ellement alternatifs, et d\u00e9sirables.<\/p>\n<p style=\"text-align: justify;\"><em>Sources : \u00ab\u00a0Les germes de la prochaine temp\u00eate financi\u00e8re\u00a0\u00bb (\u00c9ric Albert, Isabelle Chaperon, St\u00e9phane Lauer), <\/em>Le Monde<em>, 9-10 juillet 2017, suppl\u00e9ment \u00c9co &amp; Entreprise, pp. 2-3 ; \u00ab\u00a0Dans l&rsquo;attente du prochain choc \u00e9conomique\u00a0\u00bb (\u00e9ditorial), <\/em>ibid<em>, p. 26.<br \/>\n<\/em><\/p>\n<div class=\"su-box su-box-style-default\" id=\"\" style=\"border-color:#00998d;border-radius:3px;max-width:none\"><div class=\"su-box-title\" style=\"background-color:#00CCC0;color:#FFFFFF;border-top-left-radius:1px;border-top-right-radius:1px\">Commentaire du r\u00e9dacteur<\/div><div class=\"su-box-content su-u-clearfix su-u-trim\" style=\"border-bottom-left-radius:1px;border-bottom-right-radius:1px\">\n<p style=\"text-align: justify;\">Les traders automates pr\u00e9figurent la notion transhumaniste de <a href=\"https:\/\/fr.wikipedia.org\/wiki\/Singularit%C3%A9_technologique\">la Singularit\u00e9<\/a>, le point de non-retour o\u00f9 les machines intelligentes se lib\u00e8reraient des contraintes impos\u00e9es par leurs cr\u00e9ateurs humains, et se programmeraient elles-m\u00eames. Dans l&rsquo;id\u00e9ologie (d\u00e9lirante) de la Silicon Valley, incarn\u00e9e par le proph\u00e8te futuriste <a href=\"https:\/\/fr.wikipedia.org\/wiki\/Raymond_Kurzweil\">Ray Kurzweil<\/a>, directeur d&rsquo;ing\u00e9nierie chez Google, cela passe par le d\u00e9sir assum\u00e9 d&rsquo;un march\u00e9 enti\u00e8rement rationalis\u00e9 par la machine, sans \u00c9tat, sans irr\u00e9gularit\u00e9s, sans crises. Un capitalisme cybern\u00e9tique, virtuel et \u00e9ternel. Certes, la plupart des sp\u00e9cialistes en intelligence artificielle ne partagent ni la vision de Kurzweil, ni son optimisme, mais l&rsquo;id\u00e9e d&rsquo;un d\u00e9passement de l&rsquo;intelligence humaine est inscrite dans la logique m\u00eame de la recherche dans ce domaine.<\/p>\n<p style=\"text-align: justify;\">Dans <em>Le<\/em> <em>Capital<\/em>, Marx avait d\u00e9j\u00e0 parl\u00e9 de la valeur comme un \u00ab sujet automate \u00bb* (<em>automatisches Subjekt<\/em>) dans sa transformation cyclique et continue de capital-argent en capital-marchandise, et de nouveau en capital-argent (A-M-A&rsquo;). La domination d&rsquo;un agent social n&rsquo;est que la traduction politique et juridique de ce m\u00e9canisme. De nos jours, la dette elle-m\u00eame est une marchandise fongible sur les march\u00e9s financiers, soit le cycle A-A&rsquo;, sans passer par la production mat\u00e9rielle. Une exp\u00e9rience dans la pens\u00e9e se sugg\u00e8re : celle des \u00e9changes de valeurs fictives \u00e0 l&rsquo;infini, sans intervention humaine \u00e0 aucun niveau, o\u00f9 la distinction entre capital-argent et capital-marchandise n&rsquo;a plus cours. On est, bien s\u00fbr, dans la science-fiction&#8230;<\/p>\n<p style=\"text-align: justify;\">Pour le critique am\u00e9ricain <a href=\"https:\/\/fr.wikipedia.org\/wiki\/Fredric_Jameson\">Fredric Jameson<\/a>, tout cela fait partie de la logique ultime du capital financier, qui tend vers une autonomie absolue par rapport au r\u00e9el, d&rsquo;o\u00f9 le d\u00e9passement du projet moderniste dans un monde \u00ab postmoderne \u00bb, qui voit la culture (voire la vie !) totalement colonis\u00e9e par le rapport marchand. Au point o\u00f9 il n&rsquo;y aurait plus de\u00a0\u00ab dehors\u00a0\u00bb ; c&rsquo;est la d\u00e9finition m\u00eame de la <a href=\"https:\/\/www.facebook.com\/permalink.php?id=392532460858771&amp;story_fbid=601529043292444\">subsomption r\u00e9elle<\/a> au capital**. Comme l&rsquo;\u00e9crit Jameson : <em>\u00ab C&rsquo;est ce que le capital financier am\u00e8ne \u00e0<\/em> <em>l&rsquo;existence<\/em><em> : un jeu d&rsquo;entit\u00e9s mon\u00e9taires qui n&rsquo;ont besoin ni de la production (comme le capital) ni de la consommation (comme l&rsquo;argent), qui peuvent supr\u00eamement, comme dans le cyberespace, vivre de leurs m\u00e9tabolismes internes, et circuler sans la moindre r\u00e9f\u00e9rence \u00e0 l&rsquo;id\u00e9e de contenu dans l&rsquo;ancien sens \u00bb***.<\/em><\/p>\n<p style=\"text-align: justify;\"><span style=\"font-size: 8pt;\">* <em>Le<\/em> <em>Capital<\/em> <em>1<\/em>, chapitre IV, PUF, 1983 (traduction Lefebvre), p. 173. Le membre de phrase contenant ce terme ne figure pas dans la premi\u00e8re traduction de Roy (1872). <\/span><\/p>\n<p style=\"text-align: justify;\"><span style=\"font-size: 8pt;\">**\u00a0 Jason Read, <em>The Micro-Politics of Capital. Marx and the Prehistory of the Present<\/em>, State University of New York Press, 2003, p. 133 (et chapitre 3 dans l&rsquo;ensemble).<br \/>\n<\/span><\/p>\n<p style=\"text-align: justify;\"><span style=\"font-size: 8pt;\">*** Fredric Jameson, \u00ab\u00a0Culture and Finance Capital\u00a0\u00bb, <em>Critical Inquiry<\/em>, 24 : 1, automne 1997, p. 265 (je traduis), repris dans <em>The Cultural Turn : Selected Writings on the Postmodern, 1983-1997<\/em>, Verso (London, New York), 1998, 2009. Texte important dont la premi\u00e8re version se trouve d\u00e9sormais en ligne :<a href=\"http:\/\/sydney.edu.au\/arts\/slam\/downloads\/documents\/novel_studies\/sem1_2017\/2_May_Reading1.pdf\"> http:\/\/sydney.edu.au\/arts\/slam\/downloads\/documents\/novel_studies\/sem1_2017\/2_May_Reading1.pdf<\/a>. Lire aussi dans la <em>Web-revue<\/em>, <a href=\"http:\/\/industrie-culturelle.fr\/industrie-culturelle\/presentation-de-fredic-jameson-thierry-labica\/\">la pr\u00e9sentation de Jameson<\/a> par Thierry Labica.<br \/>\n<\/span><\/p>\n<p style=\"text-align: justify;\"><span style=\"font-size: 8pt;\">Sur le transhumanisme, voir <a href=\"http:\/\/industrie-culturelle.fr\/industrie-culturelle\/actualites-des-industries-culturelles-et-numeriques-28-fevrier-2015\/\">Actualit\u00e9s #28<\/a>, f\u00e9vrier 2015. Sur l&rsquo;intelligence artificielle, <a href=\"http:\/\/industrie-culturelle.fr\/industrie-culturelle\/actualites-industries-culturelles-numeriques-53-mai-2017\/\">Actualit\u00e9s #53<\/a>, mai 2017 ;\u00a0<a href=\"http:\/\/industrie-culturelle.fr\/industrie-culturelle\/actualites-des-industries-culturelles-et-numeriques-40-mars-2016\/\">Actualit\u00e9s #40<\/a>, mars 2016 ; <a href=\"http:\/\/industrie-culturelle.fr\/industrie-culturelle\/actualites-des-industries-culturelles-et-numeriques-33-juillet-aout-2015\/\">Actualit\u00e9s #33<\/a>, juillet-ao\u00fbt 2015. Sur la dette et le capital fictif, <a href=\"http:\/\/industrie-culturelle.fr\/industrie-culturelle\/actualites-des-industries-culturelles-et-numeriques-32-juin-2015\/\">Actualit\u00e9s #32<\/a>, juin 2015. Sur les inqui\u00e9tudes \u00e0 propos de l&rsquo;apprentissage automatique, <a href=\"http:\/\/industrie-culturelle.fr\/industrie-culturelle\/actualites-industries-culturelles-numeriques-37-decembre-2015\/\">Actualit\u00e9s #37<\/a>, d\u00e9cembre 2015.<br \/>\n<\/span><\/p>\n<\/div><\/div>\n<h2><span style=\"font-size: 12pt;\">Facebook : vers un monde meilleur ?<br \/>\n<\/span><\/h2>\n<p style=\"text-align: justify;\">Un habitant de la Terre sur quatre est d\u00e9sormais abonn\u00e9 \u00e0 Facebook : le 27 juin, celui-ci a pass\u00e9 le cap des deux milliards d&rsquo;utilisateurs. Jamais aucune entreprise de m\u00e9dia ou de t\u00e9l\u00e9communications n&rsquo;a rassembl\u00e9 autant d&rsquo;individus. Le premier journal anglophone au monde, le <em>Times of India <\/em>a 20 millions de lecteurs payants, et l&rsquo;ensemble des op\u00e9rateurs de c\u00e2ble et de t\u00e9l\u00e9phone aux \u00c9tats-Unis ne d\u00e9passe pas les 100 millions d&rsquo;abonn\u00e9s. Pour le fondateur de Facebook, Mark Zuckerberg, il s&rsquo;agit non seulement de connecter le monde, mais aussi de \u00ab <em>donner le pouvoir aux gens de construire des communaut\u00e9s pour un monde plus proche<\/em> \u00bb. Autrement dit, un projet id\u00e9ologique qui ne dit pas son nom, qui fait \u00e9cho lointain du \u00ab <em>village plan\u00e9taire<\/em> \u00bb de <a href=\"https:\/\/fr.wikipedia.org\/wiki\/Marshall_McLuhan\">McLuhan<\/a> : une organisation sociale encadr\u00e9e par Facebook, et emball\u00e9e dans une vision ouverte, humaniste et bienveillante.<\/p>\n<p style=\"text-align: justify;\">Facebook n&rsquo;est plus un simple r\u00e9seau, un transporteur d&rsquo;information, mais est devenu un m\u00e9dia qui produit de l&rsquo;information, la trie, la met en sc\u00e8ne, et la censure ; de plus en plus, il propose (et impose) un regard sur le monde. 4500 personnes sont employ\u00e9es pour supprimer plus de 60 000 messages par mois, jug\u00e9s inappropri\u00e9s ou choquants, par Facebook de son propre chef, ou suite \u00e0 la demande des autorit\u00e9s dans un pays.<\/p>\n<figure id=\"attachment_27016\" aria-describedby=\"caption-attachment-27016\" style=\"width: 275px\" class=\"wp-caption aligncenter\"><img loading=\"lazy\" decoding=\"async\" class=\"wp-image-27016 size-full\" src=\"http:\/\/industrie-culturelle.fr\/industrie-culturelle\/wp-content\/uploads\/2017\/07\/facebook-censure.png\" alt=\"\" width=\"275\" height=\"183\" \/><figcaption id=\"caption-attachment-27016\" class=\"wp-caption-text\"><span style=\"font-size: 8pt;\">Nombre de contenus bloqu\u00e9s par Facebook en 2015 par pays (suite \u00e0 des requ\u00eates gouvernementales). Source : Facebook. Pourquoi la France est-elle largement en t\u00eate ?<br \/><\/span><\/figcaption><\/figure>\n<p>&nbsp;<\/p>\n<p style=\"text-align: justify;\">Facebook vient de se lancer dans l&rsquo;achat et la production de contenus (droits sportifs, s\u00e9ries t\u00e9l\u00e9vis\u00e9es, films) visant les jeunes de 17 \u00e0 30 ans. Le discours humaniste de Zuckerberg accompagne donc une strat\u00e9gie plus terre \u00e0 terre : siphonner de la manne publicitaire aux cha\u00eenes de t\u00e9l\u00e9vision. Google et Facebook captent d\u00e9j\u00e0 \u00e0 eux seuls plus de la moiti\u00e9 du march\u00e9 publicitaire am\u00e9ricain (et plus encore en Europe). Au deuxi\u00e8me trimestre 2017, les b\u00e9n\u00e9fices de Facebook sont mont\u00e9s \u00e0 3,89 milliards de dollars (3 milliards au premier trimestre) pour un chiffre d&rsquo;affaires de 9,32 milliards (8 milliards au premier trimestre).<\/p>\n<p style=\"text-align: justify;\">Devenus eux aussi des quasi-m\u00e9dias, et donc de futurs rivaux, Google, Apple, Netflix et Amazon investissent \u00e9galement dans le contenu, d&rsquo;abord dans le divertissement, et peut-\u00eatre un jour dans l&rsquo;information.<\/p>\n<p style=\"text-align: justify;\"><em>Sources : \u00ab\u00a0D&rsquo;un monde connect\u00e9 \u00e0 un monde meilleur\u00a0\u00bb (Philippe Escande), <\/em>Le Monde<em>, 29 juin 2017, suppl\u00e9ment \u00c9co &amp; Entreprise, p. 1 ;<\/em><\/p>\n<p style=\"text-align: justify;\"><em> <a href=\"https:\/\/francais.rt.com\/international\/31007-regles-secretes-censure-facebook\">https:\/\/francais.rt.com\/international\/31007-regles-secretes-censure-facebook<\/a> ;\u00a0<a href=\"https:\/\/www.blogdumoderateur.com\/facebook-q2-2017\/\">https:\/\/www.blogdumoderateur.com\/facebook-q2-2017\/<\/a><\/em><\/p>\n<p style=\"text-align: justify;\"><span style=\"font-size: 8pt;\">Sur la fondation caritative de Zuckerberg, voir <a href=\"http:\/\/industrie-culturelle.fr\/industrie-culturelle\/actualites-des-industries-culturelles-et-numeriques-38-janvier-2016\/\">Actualit\u00e9s #38<\/a>, janv. 2016. Sur les relations entre Facebook et la presse d&rsquo;information, <a href=\"http:\/\/industrie-culturelle.fr\/industrie-culturelle\/actualites-industries-culturelles-numeriques-54-juin-2017\/\">Actualit\u00e9s #54<\/a>, juin 2017.<br \/>\n<\/span><\/p>\n<h2><span style=\"font-size: 12pt;\">Le jeu vid\u00e9o sous surveillance en Chine<\/span><\/h2>\n<p><img loading=\"lazy\" decoding=\"async\" class=\"aligncenter size-full wp-image-27008\" src=\"http:\/\/industrie-culturelle.fr\/industrie-culturelle\/wp-content\/uploads\/2017\/07\/tencent.jpg\" alt=\"\" width=\"300\" height=\"168\" srcset=\"https:\/\/industrie-culturelle.fr\/industrie-culturelle\/wp-content\/uploads\/2017\/07\/tencent.jpg 300w, https:\/\/industrie-culturelle.fr\/industrie-culturelle\/wp-content\/uploads\/2017\/07\/tencent-195x110.jpg 195w\" sizes=\"auto, (max-width: 300px) 100vw, 300px\" \/><\/p>\n<p style=\"text-align: justify;\">Le groupe <a href=\"https:\/\/fr.wikipedia.org\/wiki\/Tencent_Holdings\">Tencent<\/a>, connu notamment pour son r\u00e9seau social Wechat (800 millions d&rsquo;abonn\u00e9s), vient d&rsquo;annoncer qu&rsquo;il allait limiter le temps de jeu pour les mineurs de son jeu phare <em>L&rsquo;Honneur des<\/em> <em>rois<\/em> (<em>Wangzhe rongyai<\/em>, voir vid\u00e9o ci-dessous). Avec 200 millions d&rsquo;inscrits, dont plus de 50 millions de joueurs qui s&rsquo;y adonnent quotidiennement, ce jeu vid\u00e9o <em>heroic fantasy<\/em> sur mobile est le plus populaire au monde actuellement. Depuis le 4 juillet, les enfants de moins de 12 ans sont limit\u00e9s \u00e0 une heure de jeu par jour, et les moins de 18 ans, deux heures.<\/p>\n<p style=\"text-align: justify;\">La d\u00e9cision intervient apr\u00e8s des critiques parues dans la presse, qui accusaient les jeux de Tencent, jug\u00e9s trop addictifs, de pervertir la jeunesse. <em>Le Quotidien du peuple<\/em>, porte-parole officieuse du Parti communiste chinois, a publi\u00e9 des articles accusant Tencent de manquer de responsabilit\u00e9. En mai, le minist\u00e8re de la Culture avait mis en place des r\u00e8gles imposant aux \u00e9diteurs de limiter la dur\u00e9e de jeu pour les mineurs.<\/p>\n<p style=\"text-align: justify;\">Si Tencent a d\u00fb s&rsquo;incliner devant le pouvoir politique, ses investisseurs ont peu appr\u00e9ci\u00e9 le geste, et le jour de l&rsquo;annonce, le titre a perdu 5 % en Bourse. <em>L&rsquo;Honneur des rois<\/em> repr\u00e9sente \u00e0 lui seul pr\u00e8s de la moiti\u00e9 du chiffre d&rsquo;affaires g\u00e9n\u00e9r\u00e9 par le groupe dans les jeux en ligne, soit plus de 10 % de ses revenus. Cette panique morale est symptomatique d&rsquo;un r\u00e9gime mariant parti unique, \u00e9conomie de commande, et \u00e9conomie de march\u00e9 dans une synth\u00e8se instable, o\u00f9 le pouvoir politique doit p\u00e9riodiquement faire des exemples du secteur priv\u00e9 pour r\u00e9affirmer son autorit\u00e9.<\/p>\n<p><iframe loading=\"lazy\" src=\"\/\/www.youtube.com\/embed\/PuTUcdRxwe0\" width=\"560\" height=\"314\" allowfullscreen=\"allowfullscreen\"><\/iframe><\/p>\n<p style=\"text-align: justify;\"><em>Sources : \u00ab\u00a0Le Chinois Tencent victime du succ\u00e8s de ses jeux vid\u00e9o\u00a0\u00bb (Simon Lepl\u00e2tr), <\/em>Le Monde<em>, 7 juillet 2017, suppl\u00e9ment \u00c9co &amp; Entreprise, p. 8 ; <a href=\"http:\/\/www.lemonde.fr\/pixels\/article\/2017\/01\/07\/l-honneur-des-rois-le-jeu-sur-mobile-aux-50-millions-d-adeptes_5059217_4408996.html\">http:\/\/www.lemonde.fr\/pixels\/article\/2017\/01\/07\/l-honneur-des-rois-le-jeu-sur-mobile-aux-50-millions-d-adeptes_5059217_4408996.html<\/a><\/em><\/p>\n<p><span style=\"font-size: 8pt;\">Sur la censure en Chine, <a href=\"http:\/\/industrie-culturelle.fr\/industrie-culturelle\/actualites-des-industries-culturelles-et-numeriques-27-janvier-2015\/\">Actualit\u00e9s #27<\/a>, janv. 2015. Article dans la web-revue sur le march\u00e9 de la vid\u00e9o en ligne en Chine <a href=\"http:\/\/industrie-culturelle.fr\/industrie-culturelle\/concentration-marche-plateformes-streaming-videos-chine-chen\/\">ici.<\/a><\/span><\/p>\n<h2><span style=\"font-size: 12pt;\">L&rsquo;avant-derni\u00e8re saison de \u00ab\u00a0Game of Thrones\u00a0\u00bb<\/span><\/h2>\n<figure id=\"attachment_27321\" aria-describedby=\"caption-attachment-27321\" style=\"width: 150px\" class=\"wp-caption alignright\"><img loading=\"lazy\" decoding=\"async\" class=\"size-thumbnail wp-image-27321\" src=\"http:\/\/industrie-culturelle.fr\/industrie-culturelle\/wp-content\/uploads\/2017\/09\/benioffweiss-150x150.jpg\" alt=\"\" width=\"150\" height=\"150\" srcset=\"https:\/\/industrie-culturelle.fr\/industrie-culturelle\/wp-content\/uploads\/2017\/09\/benioffweiss-150x150.jpg 150w, https:\/\/industrie-culturelle.fr\/industrie-culturelle\/wp-content\/uploads\/2017\/09\/benioffweiss-144x144.jpg 144w, https:\/\/industrie-culturelle.fr\/industrie-culturelle\/wp-content\/uploads\/2017\/09\/benioffweiss-36x36.jpg 36w, https:\/\/industrie-culturelle.fr\/industrie-culturelle\/wp-content\/uploads\/2017\/09\/benioffweiss-32x32.jpg 32w, https:\/\/industrie-culturelle.fr\/industrie-culturelle\/wp-content\/uploads\/2017\/09\/benioffweiss-50x50.jpg 50w, https:\/\/industrie-culturelle.fr\/industrie-culturelle\/wp-content\/uploads\/2017\/09\/benioffweiss-64x64.jpg 64w, https:\/\/industrie-culturelle.fr\/industrie-culturelle\/wp-content\/uploads\/2017\/09\/benioffweiss-96x96.jpg 96w, https:\/\/industrie-culturelle.fr\/industrie-culturelle\/wp-content\/uploads\/2017\/09\/benioffweiss-128x128.jpg 128w\" sizes=\"auto, (max-width: 150px) 100vw, 150px\" \/><figcaption id=\"caption-attachment-27321\" class=\"wp-caption-text\">D. B. Weiss (1971-) et David Benioff (1970-)<\/figcaption><\/figure>\n<p style=\"text-align: justify;\">Forte de sept \u00e9pisodes, la saison 7, diffus\u00e9e en juillet-ao\u00fbt, est l&rsquo;avant-derni\u00e8re de la saga. Les deux <em>showrunners<\/em>, D. B. Weiss\u00a0 et David Benioff, travaillent sur cinq s\u00e9ries d\u00e9riv\u00e9es en pr\u00e9paration, ce qui explique le retard pris sur la saison 7, et en toute probabilit\u00e9 sur la saison 8, qui pourrait n&rsquo;\u00eatre diffus\u00e9e qu&rsquo;en 2019. Selon le directeur de la programmation de HBO, Casey Bloys, \u00ab <em>la p\u00e9riode de diffusion sera donn\u00e9e quand l&rsquo;avanc\u00e9e de l&rsquo;\u00e9criture sera suffisante<\/em> \u00bb.<\/p>\n<p style=\"text-align: justify;\">Le budget de la saison 7 a \u00e9t\u00e9 plus important que celui des saisons pr\u00e9c\u00e9dentes. Les chiffres sont confidentiels, mais on pr\u00e9tend de bonne source qu&rsquo;il a augment\u00e9 de 40 %, alors que le prix d&rsquo;un \u00e9pisode \u00e9tait d\u00e9j\u00e0 de 10 millions de dollars, ce qui le ram\u00e8ne d\u00e9sormais \u00e0 14 millions. <em>\u00ab Cette inflation de moyens se verra \u00e0 l&rsquo;\u00e9cran<\/em>, dit Robert McLachlan, directeur de la photographie. <em>Avant , nous avions une ou deux s\u00e9quences vraiment folles par saison, un ou deux \u00e9pisodes majeurs. Cette ann\u00e9e, environ la moiti\u00e9 d&rsquo;entre eux sont \u00e9normes \u00bb<\/em>. On en jugera&#8230;<\/p>\n<p style=\"text-align: justify;\">L&rsquo;augmentation du budget s&rsquo;explique aussi par une ren\u00e9gociation du salaire des stars pour les saisons 7 et 8, habituelle vers la fin d&rsquo;une s\u00e9rie quand l&rsquo;engagement des acteurs principaux devient primordial (le contre-exemple \u00e0 cet \u00e9gard, c&rsquo;est la fin lamentable des <em>X-Files<\/em> en l&rsquo;absence de David Duchovny (Fox Mulder) apr\u00e8s une dispute \u00e0 propos du montant de son salaire). Ainsi, les salaires des acteurs \u00ab principaux \u00bb de <em>Game of Thrones<\/em> sont pass\u00e9s de 300 000 dollars par \u00e9pisode \u00e0 environ 500 000 (plus ou moins selon les contrats). Or dans <em>Game of Thrones<\/em>, ceux-ci sont nombreux. \u00c0 titre de comparaison, les deux acteurs principaux de <em>The Walking Dead<\/em> viennent de ren\u00e9gocier leur contrat pour les saisons 6, 7, et 8, passant \u00e0 650 000 dollars l&rsquo;\u00e9pisode.<\/p>\n<p style=\"text-align: justify;\">Cela veut dire que ceux-ci seront d\u00e9sormais plus pr\u00e9sents \u00e0 l&rsquo;\u00e9cran, aux d\u00e9pens des personnages secondaires pl\u00e9thoriques qui font partie de l&rsquo;ADN de la s\u00e9rie. <em>\u00ab Les sc\u00e9narios se concentrent sur eux<\/em>, explique Kit Harington (Jon Snow), <em>et il y a moins de nouveaux personnages. Par ailleurs, et c&rsquo;est ce que les fans attendaient depuis longtemps, ils vont se croiser davantage \u00bb<\/em>. Les derni\u00e8res saisons feront jurisprudence quant \u00e0 une fin satisfaisante d&rsquo;une s\u00e9rie \u00e0 personnages multiples, apr\u00e8s le ratage partiel (aux yeux des fans) de <em>The Sopranos<\/em>, et total de <em>Lost<\/em>.<\/p>\n<p><img loading=\"lazy\" decoding=\"async\" class=\"aligncenter size-full wp-image-27194\" src=\"http:\/\/industrie-culturelle.fr\/industrie-culturelle\/wp-content\/uploads\/2017\/07\/gotseason7.jpg\" alt=\"\" width=\"314\" height=\"160\" srcset=\"https:\/\/industrie-culturelle.fr\/industrie-culturelle\/wp-content\/uploads\/2017\/07\/gotseason7.jpg 314w, https:\/\/industrie-culturelle.fr\/industrie-culturelle\/wp-content\/uploads\/2017\/07\/gotseason7-300x153.jpg 300w\" sizes=\"auto, (max-width: 314px) 100vw, 314px\" \/><\/p>\n<p><em>Source : \u00ab\u00a0\u00a0\u00bbGame of Thrones\u00a0\u00bb, la fin approche\u00a0\u00bb (C\u00e9dric Melon), <\/em>T\u00e9l\u00e9c\u00e2blesat Hebdo,<em> #1419, 10 juillet 2017, pp. 8-9.<\/em><\/p>\n<p style=\"text-align: justify;\"><a href=\"http:\/\/industrie-culturelle.fr\/industrie-culturelle\/category\/actualites\/\" target=\"_blank\" rel=\"noopener noreferrer\">Lire les autres articles de la rubrique.<\/a><\/p>\n<p style=\"text-align: justify;\"><div class=\"su-divider su-divider-style-default\" style=\"margin:15px 0;border-width:3px;border-color:#999999\"><a href=\"#\" style=\"color:#999999\">Aller en haut<\/a><\/div>\n","protected":false},"excerpt":{"rendered":"<p>Septembre 2017 Contenu :     1 George A. Romero, le p\u00e8re des zombies, est mort 2 Les algorithmes et la crise financi\u00e8re \u00e0 venir 3 Facebook : vers un monde meilleur ? 4 Le jeu vid\u00e9o sous surveillance en Chine 5 L&rsquo;avant-derni\u00e8re saison de \u00ab\u00a0Game of Thrones\u00a0\u00bb<\/p>\n","protected":false},"author":1294,"featured_media":27280,"comment_status":"open","ping_status":"closed","sticky":false,"template":"","format":"standard","meta":{"colormag_page_container_layout":"default_layout","colormag_page_sidebar_layout":"default_layout","footnotes":""},"categories":[80,11,668,687,3,688,14],"tags":[87,96,694,28,89,825],"coauthors":[791],"class_list":["post-26978","post","type-post","status-publish","format-standard","has-post-thumbnail","hentry","category-actualites","category-cinema","category-culturepop","category-facebook","category-industries-culturelles","category-jeuvideo","category-serie-tv","tag-capitalisme-tardif","tag-contre-culture","tag-forme-esthetique","tag-ideologie","tag-marxisme","tag-serialite"],"aioseo_notices":[],"_links":{"self":[{"href":"https:\/\/industrie-culturelle.fr\/industrie-culturelle\/wp-json\/wp\/v2\/posts\/26978","targetHints":{"allow":["GET"]}}],"collection":[{"href":"https:\/\/industrie-culturelle.fr\/industrie-culturelle\/wp-json\/wp\/v2\/posts"}],"about":[{"href":"https:\/\/industrie-culturelle.fr\/industrie-culturelle\/wp-json\/wp\/v2\/types\/post"}],"author":[{"embeddable":true,"href":"https:\/\/industrie-culturelle.fr\/industrie-culturelle\/wp-json\/wp\/v2\/users\/1294"}],"replies":[{"embeddable":true,"href":"https:\/\/industrie-culturelle.fr\/industrie-culturelle\/wp-json\/wp\/v2\/comments?post=26978"}],"version-history":[{"count":0,"href":"https:\/\/industrie-culturelle.fr\/industrie-culturelle\/wp-json\/wp\/v2\/posts\/26978\/revisions"}],"wp:featuredmedia":[{"embeddable":true,"href":"https:\/\/industrie-culturelle.fr\/industrie-culturelle\/wp-json\/wp\/v2\/media\/27280"}],"wp:attachment":[{"href":"https:\/\/industrie-culturelle.fr\/industrie-culturelle\/wp-json\/wp\/v2\/media?parent=26978"}],"wp:term":[{"taxonomy":"category","embeddable":true,"href":"https:\/\/industrie-culturelle.fr\/industrie-culturelle\/wp-json\/wp\/v2\/categories?post=26978"},{"taxonomy":"post_tag","embeddable":true,"href":"https:\/\/industrie-culturelle.fr\/industrie-culturelle\/wp-json\/wp\/v2\/tags?post=26978"},{"taxonomy":"author","embeddable":true,"href":"https:\/\/industrie-culturelle.fr\/industrie-culturelle\/wp-json\/wp\/v2\/coauthors?post=26978"}],"curies":[{"name":"wp","href":"https:\/\/api.w.org\/{rel}","templated":true}]}}