
{"id":26114,"date":"2017-05-01T01:00:40","date_gmt":"2017-04-30T23:00:40","guid":{"rendered":"http:\/\/industrie-culturelle.fr\/industrie-culturelle\/?p=26114"},"modified":"2019-03-18T09:28:59","modified_gmt":"2019-03-18T08:28:59","slug":"fabuleux-destin-amelie-poulain-reconcilier-art-industrie","status":"publish","type":"post","link":"https:\/\/industrie-culturelle.fr\/industrie-culturelle\/fabuleux-destin-amelie-poulain-reconcilier-art-industrie\/","title":{"rendered":"\u00ab\u00a0Le Fabuleux Destin d&rsquo;Am\u00e9lie Poulain\u00a0\u00bb : r\u00e9concilier art et industrie &#8211; Marc HIVER"},"content":{"rendered":"<div class=\"pdfprnt-buttons pdfprnt-buttons-post pdfprnt-top-right\"><a href=\"https:\/\/industrie-culturelle.fr\/industrie-culturelle\/wp-json\/wp\/v2\/posts\/26114?print=pdf\" class=\"pdfprnt-button pdfprnt-button-pdf\" target=\"_blank\" ><img decoding=\"async\" src=\"https:\/\/industrie-culturelle.fr\/industrie-culturelle\/wp-content\/plugins\/pdf-print\/images\/pdf.png\" alt=\"image_pdf\" title=\"Afficher le PDF\" \/><\/a><a href=\"https:\/\/industrie-culturelle.fr\/industrie-culturelle\/wp-json\/wp\/v2\/posts\/26114?print=print\" class=\"pdfprnt-button pdfprnt-button-print\" target=\"_blank\" ><img decoding=\"async\" src=\"https:\/\/industrie-culturelle.fr\/industrie-culturelle\/wp-content\/plugins\/pdf-print\/images\/print.png\" alt=\"image_print\" title=\"Contenu imprim\u00e9\" \/><\/a><\/div><div class=\"su-note\"  style=\"border-color:#b7b9c2;border-radius:3px;-moz-border-radius:3px;-webkit-border-radius:3px;\"><div class=\"su-note-inner su-u-clearfix su-u-trim\" style=\"background-color:#d1d3dc;border-color:#ffffff;color:#000000;border-radius:3px;-moz-border-radius:3px;-webkit-border-radius:3px;\"><img loading=\"lazy\" decoding=\"async\" class=\"alignright wp-image-26164\" src=\"http:\/\/industrie-culturelle.fr\/industrie-culturelle\/wp-content\/uploads\/2017\/04\/ameliepoulainaffiche-220x300.jpg\" alt=\"Am\u00e9lie Poulain\" width=\"163\" height=\"222\" srcset=\"https:\/\/industrie-culturelle.fr\/industrie-culturelle\/wp-content\/uploads\/2017\/04\/ameliepoulainaffiche-220x300.jpg 220w, https:\/\/industrie-culturelle.fr\/industrie-culturelle\/wp-content\/uploads\/2017\/04\/ameliepoulainaffiche-600x819.jpg 600w, https:\/\/industrie-culturelle.fr\/industrie-culturelle\/wp-content\/uploads\/2017\/04\/ameliepoulainaffiche.jpg 749w\" sizes=\"auto, (max-width: 163px) 100vw, 163px\" \/><strong>LE FABULEUX DESTIN D\u2019AM\u00c9LIE POULAIN<\/strong><\/p>\n<p style=\"text-align: justify;\">R\u00e9alisation : Jean-Pierre Jeunet.<\/p>\n<p style=\"text-align: justify;\">Origine : France, sortie le 25 avril 2001 dans 432 salles.<\/p>\n<p style=\"text-align: justify;\">Production : Victoires productions &#8211; Tapioca films &#8211; France 3 cin\u00e9ma.<\/p>\n<p style=\"text-align: justify;\">Effets sp\u00e9ciaux : Dubo\u00ef.<\/p>\n<p style=\"text-align: justify;\">Sc\u00e9nario : Guillaume Laurant et Jean-Pierre Jeunet.<\/p>\n<p style=\"text-align: justify;\">Musique : Yann Tiersen.<\/p>\n<p style=\"text-align: justify;\">Dur\u00e9e cin\u00e9ma : 120 minutes.<\/p>\n<p style=\"text-align: justify;\">Interpr\u00e8tes : Audrey Tautou (Am\u00e9lie Poulain), Mathieu Kassovitz (Nino Quincampoix), Jamel Debbouze (Lucien), Rufus (Rapha\u00ebl Poulain, p\u00e8re d\u2019Am\u00e9lie), Claire Maurier (Suzanne), Isabelle Nanty (Georgette), Yolande Moreau (Madeleine Wallace, concierge), Urbain Cancelier (Collignon, \u00e9picier), Dominique Pinon (Joseph), Andr\u00e9 Dussolier (voix off). Sujet : Am\u00e9lie Poulain, jeune fille timide, fantasque et d\u00e9termin\u00e9e, d\u00e9cide de r\u00e9parer \u00ab les cafouillages \u00bb de la vie des autres. Elle-m\u00eame rencontrera l\u2019amour en la personne de Nino Quincampoix, caissier \u00e0 mi-temps au \u00ab palace vid\u00e9o, roi du porno \u00bb et r\u00e9parateur de photomatons.<\/p>\n<\/div><\/div>\n<h2><span style=\"font-size: 12pt;\">Avant-propos<\/span><\/h2>\n<p style=\"text-align: justify;\">Cette \u00e9tude cin\u00e9matographique sur <em>Le Fabuleux Destin d&rsquo;Am\u00e9lie Poulain<\/em> exp\u00e9rimente la th\u00e8se esth\u00e9tique centrale dans la th\u00e9orie critique des industries culturelles, pr\u00e9sente dans plusieurs articles de la <em>Web-revue<\/em> : <a href=\"http:\/\/industrie-culturelle.fr\/industrie-culturelle\/marc-hiver-forme-esthetique-contenu-social-sedimente\/\" target=\"_blank\" rel=\"noopener noreferrer\"><em>la forme esth\u00e9tique est du contenu [social] s\u00e9diment\u00e9<\/em><\/a>. Cette th\u00e8se est centrale, non seulement parce qu\u2019elle r\u00e9cuse la distinction fond\/forme, mais surtout parce qu\u2019elle jette un pont entre la dimension esth\u00e9tique et la dimension sciences sociales.<\/p>\n<p style=\"text-align: justify;\">Il s&rsquo;agit aussi d&rsquo;exp\u00e9rimenter la pr\u00e9sence de tensions esth\u00e9tiques, de batailles artistiques (souvenons-nous de \u00ab la Bataille d&rsquo;Hernani \u00bb au XIX<sup>e<\/sup> si\u00e8cle) qui renvoient, par un jeu de m\u00e9diations propres, \u00e0 l&rsquo;articulation entre la sph\u00e8re esth\u00e9tique et la sph\u00e8re id\u00e9ologique et politique.<\/p>\n<p>&nbsp;<\/p>\n<div class=\"su-note\"  style=\"border-color:#b7b9c2;border-radius:3px;-moz-border-radius:3px;-webkit-border-radius:3px;\"><div class=\"su-note-inner su-u-clearfix su-u-trim\" style=\"background-color:#d1d3dc;border-color:#ffffff;color:#000000;border-radius:3px;-moz-border-radius:3px;-webkit-border-radius:3px;\">\n<p>&nbsp;<\/p>\n<p style=\"text-align: center;\">Rappel historique<\/p>\n<p style=\"text-align: justify;\">La bataille d&rsquo;Hernani est le nom donn\u00e9 \u00e0 la pol\u00e9mique et aux chahuts qui entour\u00e8rent en 1830 les repr\u00e9sentations de la pi\u00e8ce <em>Hernani<\/em>, drame romantique de Victor Hugo. H\u00e9riti\u00e8re d&rsquo;une longue s\u00e9rie de conflits autour de l&rsquo;esth\u00e9tique th\u00e9\u00e2trale, la bataille d&rsquo;Hernani, aux motivations politiques au moins autant qu&rsquo;esth\u00e9tiques, est rest\u00e9e c\u00e9l\u00e8bre pour avoir \u00e9t\u00e9 le terrain d&rsquo;affrontement entre les \u00ab classiques \u00bb, partisans d&rsquo;une hi\u00e9rarchisation stricte des genres th\u00e9\u00e2traux, et la nouvelle g\u00e9n\u00e9ration des \u00ab romantiques \u00bb aspirant \u00e0 une r\u00e9volution de l&rsquo;art dramatique et regroup\u00e9e autour de Victor Hugo.<\/p>\n<p style=\"text-align: justify;\">Dans ce conflit, d\u00e9j\u00e0, les positions des uns et des autres \u00e9taient surd\u00e9termin\u00e9es par leurs convictions politiques. Ch\u00e9nier \u00e9tait conscient lui-m\u00eame de la port\u00e9e id\u00e9ologique du conflit et de la place strat\u00e9gique du th\u00e9\u00e2tre, lui qui \u00e9crivait dans \u00ab l&rsquo;\u00e9p\u00eetre d\u00e9dicatoire \u00bb de sa pi\u00e8ce que, \u00ab <em>si les m\u0153urs d&rsquo;une nation forment d&rsquo;abord l&rsquo;esprit de ses ouvrages dramatiques, bient\u00f4t ses ouvrages dramatiques forment son esprit. <\/em>\u00bb<\/p>\n<p><span style=\"font-size: 8pt;\">(Source : <a href=\"https:\/\/fr.wikipedia.org\/wiki\/Bataille_d%27Hernani\" target=\"_blank\" rel=\"noopener noreferrer\">article Wikip\u00e9dia<\/a>)<\/span><\/p>\n<\/div><\/div>\n<p style=\"text-align: justify;\">Notre hypoth\u00e8se : pointer la pr\u00e9sence d&rsquo;un r\u00e9visionnisme anti nouvelle vague, d&rsquo;une opposition r\u00e9activ\u00e9e entre <a href=\"http:\/\/www.larousse.fr\/encyclopedie\/divers\/nouvelle_vague\/148007\" target=\"_blank\" rel=\"noopener noreferrer\">nouvelle vague<\/a> et r<a href=\"https:\/\/www.youtube.com\/watch?v=e5TdOn1-reg\" target=\"_blank\" rel=\"noopener noreferrer\">\u00e9alisme politique<\/a> (un r\u00e9alisme po\u00e9tique revisit\u00e9 par les nouvelles images de synth\u00e8se) ; bref, pointer une querelle qu&rsquo;on pensait dat\u00e9e, voire d\u00e9pass\u00e9e dans l&rsquo;histoire du cin\u00e9ma et qui resurgit aujourd&rsquo;hui au travers de la valeur sc\u00e9nario dans les \u00e9coles de cin\u00e9ma qui lorgnent de plus en plus vers les s\u00e9ries t\u00e9l\u00e9vis\u00e9es et leur <em>esth\u00e9tisme<\/em> publicitaire d&rsquo;effets et de filtre de type <em>Photoshop.\u00a0<\/em> Cet <em>esth\u00e9tisme<\/em> ou <em>mani\u00e9risme<\/em> ne se confondant pas avec l&rsquo;<em>esth\u00e9tique<\/em>, comme travail critique de la forme sur le mat\u00e9riau cin\u00e9matographique qui lui pr\u00e9existe.<\/p>\n<p>&nbsp;<\/p>\n<figure id=\"attachment_26174\" aria-describedby=\"caption-attachment-26174\" style=\"width: 177px\" class=\"wp-caption aligncenter\"><img loading=\"lazy\" decoding=\"async\" class=\"wp-image-26174\" src=\"http:\/\/industrie-culturelle.fr\/industrie-culturelle\/wp-content\/uploads\/2017\/04\/gif_versus.gif\" alt=\"Am\u00e9lie Poulain\" width=\"177\" height=\"257\" \/><figcaption id=\"caption-attachment-26174\" class=\"wp-caption-text\"><span style=\"font-size: 8pt;\">Nouvelle vague vs r\u00e9alisme po\u00e9tique<\/span><\/figcaption><\/figure>\n<p style=\"text-align: justify;\">Que n&rsquo;a-t-on pas dit sur la Tour Eiffel (l&rsquo;av\u00e8nement d&rsquo;un nouveau mat\u00e9riau : le fer, moins \u00ab noble \u00bb ?), le Mus\u00e9e d&rsquo;art moderne George Pompidou (\u00ab la raffinerie \u00bb et l&rsquo;art contemporain), les Colonnes de Buren (la colonne comme symbole du pouvoir religieux ou politique, qui devrait dominer le regard du commun des mortels ?) et la Grande Pyramide du Louvre (l&rsquo;ancien, le moderne) lors de leur surgissement dans l&rsquo;espace public qu&rsquo;un conservatisme voudrait figer \u00e0 une \u00e9poque, mais laquelle, grande question des historiens et des arch\u00e9ologues ? Et pourtant personne ne proteste contre les monuments comme Notre Dame de Paris revisit\u00e9e par Violet le Duc, ou le red\u00e9coupage de Paris par le baron Haussmann ! Que dire aussi de Rams\u00e8s 2 qui se r\u00e9appropriait une partie du patrimoine des anciens pharaons en y apposant son cartouche et les symboles de sa gloire ?<\/p>\n<p>&nbsp;<\/p>\n<figure id=\"attachment_26172\" aria-describedby=\"caption-attachment-26172\" style=\"width: 241px\" class=\"wp-caption aligncenter\"><img loading=\"lazy\" decoding=\"async\" class=\"wp-image-26172 size-full\" src=\"http:\/\/industrie-culturelle.fr\/industrie-culturelle\/wp-content\/uploads\/2017\/04\/eiffel_buren_beaubourg_louv.gif\" alt=\"\" width=\"241\" height=\"181\" \/><figcaption id=\"caption-attachment-26172\" class=\"wp-caption-text\"><span style=\"font-size: 8pt;\">Des batailles architecturales<\/span><\/figcaption><\/figure>\n<p style=\"text-align: right;\"><a id=\"image7\"><\/a> <img loading=\"lazy\" decoding=\"async\" src=\"http:\/\/industrie-culturelle.fr\/industrie-culturelle\/wp-content\/plugins\/fully-background-manager\/assets\/images\/image7.jpg\" alt=\"\" width=\"40\" height=\"40\" \/><\/p>\n<p style=\"text-align: justify;\"><em>Le Fabuleux Destin d\u2019Am\u00e9lie Poulain<\/em> me semble un bon exemple de produit culturel parapublicitaire \u00e0 <em>pr\u00e9tention artistique<\/em> (la dimension esth\u00e9tique \u00e9tant pr\u00e9sente dans la cr\u00e9ativit\u00e9 de type publicitaire comme dans la cr\u00e9ation artistique), m\u00eame s&rsquo;il est dat\u00e9, ce qui permet un recul. Par ailleurs, j\u2019ai choisi ce film mais j\u2019aurais pu en prendre un autre sur le m\u00eame cr\u00e9neau pr\u00e9tendument \u00ab artistique \u00bb : <em>Diva<\/em> (1981) ou <em>37\u00b02 le matin<\/em> (1991) de Jean-Jacques Beineix, <em>Le Grand Bleu<\/em> (1988) de Luc Besson ou <em>Les Choristes<\/em> (2004) de Christophe Barratier. Dans le champ des industries culturelles, nous nous int\u00e9ressons souvent \u00e0 des objets qui, sans \u00eatre des chefs-d\u2019\u0153uvre imp\u00e9rissables, constituent, \u00e0 un moment donn\u00e9, des \u00ab ph\u00e9nom\u00e8nes de soci\u00e9t\u00e9 \u00bb. <em>Le Fabuleux Destin d\u2019Am\u00e9lie Poulain<\/em> fait partie de ces films qui semblent trancher par leur \u00ab originalit\u00e9 \u00bb avec les routines du mat\u00e9riau cin\u00e9matographique du jour et pr\u00e9tendent, tout en assurant les recettes, acc\u00e9der au statut artistique.<\/p>\n<p style=\"text-align: justify;\"><div class='content-column one_half'><p style=\"text-align: justify;\"><iframe loading=\"lazy\" src=\"\/\/www.youtube.com\/embed\/RMbFcxbLMrY\" width=\"350\" height=\"200\" allowfullscreen=\"allowfullscreen\"><\/iframe><\/p>\n<p style=\"text-align: justify;\"><\/div> <div class='content-column one_half last_column'><p style=\"text-align: justify;\"><iframe loading=\"lazy\" src=\"\/\/www.youtube.com\/embed\/NeZ-tPYzTKk\" width=\"350\" height=\"200\" allowfullscreen=\"allowfullscreen\"><\/iframe><\/p>\n<p style=\"text-align: justify;\"><\/div><div class='clear_column'><\/div>\n<p style=\"text-align: justify;\"><div class='content-column one_half'><p style=\"text-align: justify;\"><iframe loading=\"lazy\" src=\"\/\/www.youtube.com\/embed\/xGmVAPwWwSM\" width=\"350\" height=\"200\" allowfullscreen=\"allowfullscreen\"><\/iframe><\/p>\n<p style=\"text-align: justify;\"><\/div> <div class='content-column one_half last_column'><p style=\"text-align: justify;\"><\/div><div class='clear_column'><\/div>\n<p style=\"text-align: justify;\">Bref, cet exemple permet d\u2019\u00e9tayer une d\u00e9monstration autour de cette th\u00e8se et d\u2019affirmer l\u2019importance de la <em>coupure esth\u00e9tique<\/em> entre art et culture tout en\u00a0 rappelant une de mes propres hypoth\u00e8ses : cette <em>coupure<\/em> ne doit pas servir \u00e0 s\u00e9parer le bon grain artistique de l\u2019ivraie industrielle, mais, en ent\u00e9rinant la s\u00e9paration entre cr\u00e9ation artistique et cr\u00e9ativit\u00e9 communicationnelle \u00e0 message de type publicitaire, \u00e0 d\u00e9gager les logiques propres des industries culturelles et multim\u00e9dias.<\/p>\n<p style=\"text-align: justify;\">J\u2019essaie de montrer dans cet article que <em>la forme esth\u00e9tique, comme contenu social s\u00e9diment\u00e9<\/em>, est \u00e0 pointer dans les enjeux, conflits et tensions qui trament le rapport de la <em>forme<\/em> et de la <em>technique<\/em> au <em>mat\u00e9riau<\/em> de d\u00e9part.<\/p>\n<p style=\"text-align: justify;\">Concr\u00e8tement, je pense avoir d\u00e9gag\u00e9 un ensemble d\u2019oppositions pertinentes qui traversent la strat\u00e9gie esth\u00e9tique du film de Jean-Pierre Jeunet :<\/p>\n<h3 style=\"text-align: justify;\"><span style=\"font-size: 12pt;\">Premi\u00e8re opposition : nouvelle vague\/r\u00e9alisme po\u00e9tique<\/span><\/h3>\n<p style=\"text-align: justify;\">Je pointe une tension entre deux \u00e9coles cin\u00e9matographiques, la nouvelle vague et le r\u00e9alisme po\u00e9tique. Cette opposition est clairement \u00e0 l\u2019\u0153uvre dans le film de Jean-Pierre Jeunet. Dans un premier temps, elle est retravaill\u00e9e dans le sens d\u2019une <em>r\u00e9conciliation<\/em>, les audaces \u00ab formelles \u00bb de la nouvelle vague s\u2019alliant \u00e0 l\u2019univers po\u00e9tique populaire du r\u00e9alisme po\u00e9tique.<\/p>\n<h3 style=\"text-align: justify;\"><span style=\"font-size: 12pt;\">Deuxi\u00e8me opposition : Marcel Carn\u00e9\/Jean Renoir<\/span><\/h3>\n<p style=\"text-align: justify;\">Il existerait dans <em>Le Fabuleux Destin d\u2019Am\u00e9lie Poulain<\/em> une trace (comme un sympt\u00f4me psychanalytique) du conflit entre Jean Renoir et Marcel Carn\u00e9. Une r\u00e9f\u00e9rence implicite du film de Jean-Pierre Jeunet est <em>H\u00f4tel du Nord<\/em> de Marcel Carn\u00e9. Or Jean Renoir, un des inspirateurs de la nouvelle vague \u00e9tait farouchement oppos\u00e9 au r\u00e9alisme po\u00e9tique et \u00e0 son populisme de gauche : <em>Le Quai des brumes<\/em> (qu\u2019il nommait \u00ab\u00a0Le Cul des br\u00e8mes\u00a0\u00bb) versus <em>La B\u00eate humaine<\/em>, par exemple. Il y a chez Jean Renoir le refus d\u2019un esth\u00e9tisme qui cherche \u00e0 donner des lettres de noblesses artistiques, une sorte de beaut\u00e9, \u00e0 la mis\u00e8re psychologique et sociale.<\/p>\n<p style=\"text-align: justify;\"><div class='content-column one_half'><p style=\"text-align: justify;\"><iframe loading=\"lazy\" src=\"\/\/www.youtube.com\/embed\/dDCo1k7tUDg\" width=\"350\" height=\"200\" allowfullscreen=\"allowfullscreen\"><\/iframe><\/p>\n<p style=\"text-align: justify;\"><\/div> <div class='content-column one_half last_column'><p style=\"text-align: justify;\"><iframe loading=\"lazy\" src=\"\/\/www.youtube.com\/embed\/_qL1r5uct3w\" width=\"350\" height=\"200\" allowfullscreen=\"allowfullscreen\"><\/iframe><\/p>\n<p style=\"text-align: justify;\"><\/div><div class='clear_column'><\/div>\n<p>&nbsp;<\/p>\n<p style=\"text-align: center;\"><iframe loading=\"lazy\" src=\"\/\/www.youtube.com\/embed\/CkyFIdpZe0s\" width=\"350\" height=\"200\" allowfullscreen=\"allowfullscreen\"><\/iframe><\/p>\n<h3>\u00a0<\/h3>\n<h3 style=\"text-align: justify;\"><span style=\"font-size: 12pt;\">Troisi\u00e8me opposition Jean-Luc Godard\/Bertrand Tavernier :<\/span><\/h3>\n<p style=\"text-align: justify;\">Il existe aussi aujourd\u2019hui un deuxi\u00e8me courant qui, sans s\u2019inscrire dans un <em>esth\u00e9tisme<\/em>, participe au renouveau d\u2019une forme de r\u00e9alisme psychologisant et sociologisant. Ce courant se retrouve autour de la r\u00e9habilitation de la valeur sc\u00e9nario \u00ab fa\u00e7on qualit\u00e9 fran\u00e7aise \u00bb pr\u00e9tendument bafou\u00e9e par la nouvelle vague. En faisant du sc\u00e9nariste Jean Aurenche l\u2019une des deux figures principales de son film <em>Laissez-passer<\/em> (2003), en rendant hommage ainsi au duo de sc\u00e9naristes Jean Aurenche et Pierre Bost (<em>Douce<\/em> (1943) et <em>La Travers\u00e9e de Paris<\/em> (1956) de Claude Autant-Lara, <em>Jeux interdits<\/em> (1952) de Ren\u00e9 Cl\u00e9ment et <em>L\u2019Horloger de Saint-Paul<\/em>, son premier long-m\u00e9trage en 1973), Bertrand Tavernier prend position r\u00e9trospectivement contre Fran\u00e7ois Truffaut, qui les avait vilipend\u00e9s. Le jeune Turc des <em>Cahiers du cin\u00e9ma<\/em> refusait, au nom du cin\u00e9ma d\u2019auteurs, ce \u00ab cin\u00e9ma de sc\u00e9naristes \u00bb, o\u00f9 le metteur en sc\u00e8ne se contenterait de mettre des cadrages et des mouvements d\u2019appareil sur les mots d\u00e9finitifs des \u00ab \u00e9crivains de cin\u00e9ma \u00bb. La place d\u2019Agn\u00e8s Jaoui et Jean-Pierre Bacri dans le paysage cin\u00e9matographique fran\u00e7ais (<em>Le Go\u00fbt des autres<\/em>, 2000) et l\u2019\u00e9mergence d\u2019une nouvelle revue comme <em>Synopsis<\/em> s\u2019inscrivent dans ce courant o\u00f9 le cin\u00e9ma renvoie <em>in fine<\/em> \u00e0 la notion de langage cin\u00e9matographique. Un projet devrait passer par les filtres \u00ab litt\u00e9raires \u00bb successifs du synopsis, du sc\u00e9nario original ou d\u2019une adaptation (sp\u00e9cialit\u00e9 d\u2019Aurenche et Bost), puis \u00eatre fix\u00e9 dans un d\u00e9coupage technique, voire un story-board complet qui ne laisse plus grand place, au moins dans son principe, \u00e0 l\u2019irruption de l\u2019acte manqu\u00e9, de l\u2019humain.<\/p>\n<p style=\"text-align: justify;\">Je pr\u00e9cise que mon objectif n\u2019est pas de statufier la nouvelle vague, mais de rappeler ses apports, qui ne sont pas sans liens avec ceux du cin\u00e9ma ethnographique d\u2019exploration. A la fin des ann\u00e9es 1950, les cam\u00e9ras l\u00e9g\u00e8res \u00e9lectriques, et la possibilit\u00e9 de les synchroniser avec un magn\u00e9tophone vont dans les deux cas, et \u00e0 moindre frais, aider les cin\u00e9astes dans la voie d\u00e9j\u00e0 rouverte en France par Jean Renoir dans <em>La R\u00e8gle du jeu (<\/em>1939). La figure de Jean Rouch, un pilier du cin\u00e9ma ethnographique fran\u00e7ais, a fr\u00e9quent\u00e9 un temps la nouvelle vague : souvenons-nous de son sketch \u00ab <em>Gare du Nord<\/em> \u00bb dans <em>Paris vu par&#8230;<\/em> (1965) aux c\u00f4t\u00e9s de Jean-Luc Godard, Claude Chabrol, et \u00c9ric Rohmer.<\/p>\n<p style=\"text-align: justify;\">Le plan-s\u00e9quence devient le r\u00e9v\u00e9lateur dans la dur\u00e9e du proc\u00e8s film\u00e9, qu\u2019il soit documentaire ou fictionnel ; les courtes focales permettent, toujours dans la dur\u00e9e, le traitement simultan\u00e9 de deux processus film\u00e9s en premier et en arri\u00e8re plan. Dans leurs strat\u00e9gies, certains cin\u00e9astes de la nouvelle vague proposent ainsi de ne pas sombrer dans le pseudo-r\u00e9alisme psychologique ou sociologique en mettant en \u0153uvre l\u2019id\u00e9e que la cam\u00e9ra peut capter quelque chose <em>de<\/em> la r\u00e9alit\u00e9 si on lui laisse ainsi qu\u2019au spectateur le temps de regarder et pas seulement de voir.<\/p>\n<p>&nbsp;<\/p>\n<p style=\"text-align: center;\"><iframe loading=\"lazy\" src=\"\/\/www.youtube.com\/embed\/Er206-cGHAo\" width=\"560\" height=\"314\" allowfullscreen=\"allowfullscreen\"><\/iframe><br \/>\n<span style=\"font-size: 8pt;\">Extrait du plan s\u00e9quence de <em>Week-end<\/em>, 1967, Jean-Luc Godard<\/span><\/p>\n<p style=\"text-align: justify;\">Cette d\u00e9marche exploratoire va \u00e0 l\u2019encontre de la communication audiovisuelle publicitaire ou parapublicitaire et de son timing. Par parenth\u00e8ses, la t\u00e9l\u00e9vision (les journaux t\u00e9l\u00e9vis\u00e9s et les magazines dans leur id\u00e9ologie de la transparence) aurait toujours beaucoup \u00e0 apprendre de cette double \u00e9cole d\u2019observation filmique.<\/p>\n<p style=\"text-align: justify;\">Je propose donc d\u2019interpr\u00e9ter la th\u00e8se de la <em>forme esth\u00e9tique comme contenu social s\u00e9diment\u00e9<\/em> sur la base des pol\u00e9miques explicites, mais le plus souvent implicites, qui sont cristallis\u00e9es dans les choix formels et techniques de retraitement du <em>mat\u00e9riau<\/em>.<\/p>\n<p style=\"text-align: justify;\">Par ailleurs, <em>Le Fabuleux Destin d\u2019Am\u00e9lie Poulain<\/em> int\u00e8gre des \u00ab nouvelles images \u00bb qui brouillent un peu les pistes en \u00ab relookant \u00bb de tr\u00e8s anciennes r\u00e9f\u00e9rences culturelles.<\/p>\n<p style=\"text-align: justify;\">La th\u00e9orie critique des industries culturelles d\u00e9nonce <em>l\u2019h\u00e9g\u00e9monie des industries culturelles<\/em>, qui se r\u00e9clament d\u2019un art d\u00e9mocratis\u00e9 et populaire, aujourd\u2019hui segment\u00e9 et cibl\u00e9, pour tenter d\u2019occuper tout l\u2019espace artistique. Cette d\u00e9nonciation justifie en partie sa <em>coupure esth\u00e9tique<\/em>, trouvant \u00e0 mon avis une bonne application dans la strat\u00e9gie marketing du film de Jean-Pierre Jeunet.<\/p>\n<h2 style=\"text-align: justify;\"><span style=\"font-size: 12pt;\">Le plan de communication du <em>Fabuleux Destin d&rsquo;Am\u00e9lie Poulain<\/em><\/span><\/h2>\n<p style=\"text-align: justify;\">La campagne de promotion du <em>Fabuleux Destin d\u2019Am\u00e9lie Poulain<\/em> n\u2019a dur\u00e9 qu\u2019un mois, \u00e9vitant le matraquage trop \u00e0 l\u2019avance d\u2019un blockbuster. Elle a jou\u00e9 le jeu de la s\u00e9duction vis-\u00e0-vis des relais m\u00e9diatiques : vous allez \u00eatre les d\u00e9couvreurs d\u2019un film vraiment nouveau et diff\u00e9rent ; et surtout elle a mis\u00e9 sur le cr\u00e9neau de l\u2019\u0153uvre d\u2019art contre le produit de simple divertissement. La strat\u00e9gie g\u00e9n\u00e9rale de communication et le plan m\u00e9dia qui en ont d\u00e9coul\u00e9 illustrent ce que souligne Laurent Creton dans <em>Cin\u00e9ma et march\u00e9<\/em> :<\/p>\n<blockquote>\n<p style=\"text-align: justify;\"><span style=\"background-color: #ffffff; color: #000000;\">Tous les objets artistiques qui s\u2019inscrivent dans la s\u00e9rie industrielle ont en commun de mettre en question le statut traditionnel de l\u2019\u0153uvre d\u2019art. La fonction d\u2019un marchand d\u2019art est de parvenir \u00e0 cr\u00e9er une valeur commerciale \u00e0 partir d\u2019un objet investi de valeur esth\u00e9tique par une communaut\u00e9 sp\u00e9cialis\u00e9e. Le commerce du cin\u00e9ma rel\u00e8ve d\u2019une logique qui place l\u2019art non pas comme origine mais comme accessoire de la vente des objets culturels industrialis\u00e9s. En fonction de cet objectif, on examine dans quelle mesure et comment la variable artistique pourrait \u00eatre \u00e9ventuellement utilis\u00e9e. Dans certains cas, l\u2019art est un argument de vente. Dans d\u2019autres, c\u2019est l\u2019inverse : longtemps la Palme d\u2019or de Cannes a \u00e9t\u00e9 r\u00e9put\u00e9e avoir un impact n\u00e9gatif sur les entr\u00e9es, en particulier des films destin\u00e9s \u00e0 un large march\u00e9. (Creton, 1997, p. 47)<\/span><\/p>\n<\/blockquote>\n<p style=\"text-align: justify;\">Une de mes \u00e9tudiantes, Ana Margarita Chan Navarrete, qui a travaill\u00e9 sur le succ\u00e8s de la strat\u00e9gie de communication du <em>Fabuleux Destin d\u2019Am\u00e9lie Poulain<\/em> a pu, dans un long entretien avec Jean-Michel David, responsable de la campagne de promotion du film, montrer comment la variable artistique a \u00e9t\u00e9 sciemment utilis\u00e9e.\u00a0 <em>Le Fabuleux Destin d\u2019Am\u00e9lie Poulain<\/em>, sorti en France le 25 avril 2001, a conquis un vaste public de spectateurs et de professionnels : huit millions de spectateurs sont all\u00e9s voir le film. Pour la campagne de promotion, le budget \u00e9tait de 12,7 MF, un budget cons\u00e9quent mais pas exorbitant.<\/p>\n<p style=\"text-align: justify;\">Pour m\u00e9moire, je rappelle aussi que Jean-Pierre Jeunet, le r\u00e9alisateur, a r\u00e9alis\u00e9 en complicit\u00e9 avec Marc Caro quelques films \u00ab d\u00e9cal\u00e9s \u00bb comme on aime \u00e0 le dire aujourd\u2019hui. Cet argument de vente culturel et surtout <em>esth\u00e9tisant<\/em> rappelle par bien des aspects le travail de publicitaires innervant leurs premiers films : <em>Delicatessen<\/em> (1991), <em>La Cit\u00e9 des enfants perdus<\/em> (1995). Mais juste avant <em>Le Fabuleux Destin d\u2019Am\u00e9lie Poulain<\/em>, Jean-Pierre Jeunet a \u00e9t\u00e9 coopt\u00e9 seul pour r\u00e9aliser aux \u00c9tats-Unis le quatri\u00e8me volet de la saga <em>Alien<\/em> : <em>Alien, la r\u00e9surrection<\/em> (1997).<\/p>\n<p style=\"text-align: justify;\">Apr\u00e8s cette cons\u00e9cration par l\u2019industrie am\u00e9ricaine (20th Century Fox), le r\u00e9alisateur sacrifiant au mythe du balancier entre art et industrie, d\u00e9clare donc dans son interview :<\/p>\n<blockquote>\n<p style=\"text-align: justify;\"><span style=\"color: #000000;\">Quand je suis revenu des \u00c9tats-Unis, j\u2019avais envie de faire un petit film fran\u00e7ais tr\u00e8s personnel, un petit truc un peu cheap, c\u2019\u00e9tait le film que j\u2019avais envie de faire depuis toujours, que j\u2019avais dans la t\u00eate, mais pour moi c\u2019\u00e9tait un petit film tr\u00e8s risqu\u00e9, en aucun cas je ne risquais de faire un malheur avec ce film-l\u00e0, c\u2019\u00e9tait clair dans ma t\u00eate. Je me souviens pendant les premi\u00e8res interviews d\u2019avoir dit : quel bonheur ce doit \u00eatre de faire un film qui atteint le grand succ\u00e8s populaire, dont tout le monde s\u2019empare mais moi \u00e7a ne m\u2019arrivera jamais parce que j\u2019\u00e9tais conscient de ne pas faire de film comme par exemple : <em>La V\u00e9rit\u00e9 si je mens !<\/em> [Thomas Gilou, 1997] et jamais je n\u2019aurais pu imaginer qu\u2019on serait au point de les rattraper aujourd\u2019hui, de faire le score de ce film-l\u00e0, et \u00e7a a \u00e9t\u00e9 un immense cadeau d\u2019atteindre avec ce film-l\u00e0 un succ\u00e8s populaire. \u00c7a a \u00e9t\u00e9 un immense cadeau. (Jean-Pierre Jeunet, bonus du DVD du <em>Fabuleux Destin d\u2019Am\u00e9lie Poulain<\/em>)<\/span><\/p>\n<\/blockquote>\n<p style=\"text-align: justify;\">Jean-Pierre Jeunet, dans cet extrait d\u2019interview, utilise en aval (sortie DVD) une strat\u00e9gie de communication coh\u00e9rente avec la campagne de promotion en amont (sortie en salle) du film, ce que Laurent Creton appelle (Creton, 1997, p. 47) <em>la variable artistique des produits culturels \u00e0 pr\u00e9tention culturelle se distinguant des produits de simple divertissement<\/em>.<\/p>\n<h2 style=\"text-align: justify;\"><span style=\"font-size: 12pt;\">Les termes d&rsquo;un d\u00e9bat franco-am\u00e9ricain<\/span><\/h2>\n<p style=\"text-align: justify;\">Je rappelle les termes du d\u00e9bat franco-am\u00e9ricain, n\u00e9 de l&rsquo;accord commercial GATT (<em>General Agreement on Tariffs and Trade<\/em>), sur l\u2019exception culturelle. Si les producteurs de l\u2019industrie culturelle cin\u00e9matographique am\u00e9ricaine distinguent <em>de facto<\/em> entre beaux-arts et <a href=\"http:\/\/industrie-culturelle.fr\/industrie-culturelle\/marc-hiver-entertainment-reception\/\" target=\"_blank\" rel=\"noopener noreferrer\">industrie de l\u2019<em>entertainment<\/em><\/a>, une tradition europ\u00e9enne et surtout fran\u00e7aise au travers de ses r\u00e9alisations, ses critiques et th\u00e9oriciens, a tr\u00e8s vite d\u00e9fendu, dans l\u2019histoire du cin\u00e9ma, \u00e0 c\u00f4t\u00e9 des \u00ab beaux-arts \u00bb, l\u2019existence d\u2019un art du spectacle populaire.<\/p>\n<p style=\"text-align: justify;\"><div class=\"su-note\"  style=\"border-color:#b7b9c2;border-radius:3px;-moz-border-radius:3px;-webkit-border-radius:3px;\"><div class=\"su-note-inner su-u-clearfix su-u-trim\" style=\"background-color:#d1d3dc;border-color:#ffffff;color:#000000;border-radius:3px;-moz-border-radius:3px;-webkit-border-radius:3px;\">\n<p style=\"text-align: center;\"><span style=\"color: #000000;\">Rappel :<em> Comment sommes-nous tous devenus am\u00e9ricains<\/em> (1\/4 \u00e0 4\/4), documentaire, Arte<\/span><\/p>\n<p style=\"text-align: justify;\"><div class='content-column one_half'><p style=\"text-align: justify;\"><iframe loading=\"lazy\" src=\"\/\/www.youtube.com\/embed\/c_IlAOAIdAI\" width=\"350\" height=\"200\" allowfullscreen=\"allowfullscreen\"><\/iframe><\/p>\n<p style=\"text-align: justify;\"><\/div> <div class='content-column one_half last_column'><p style=\"text-align: justify;\"><iframe loading=\"lazy\" src=\"\/\/www.youtube.com\/embed\/f-d-XUFXPrc\" width=\"350\" height=\"200\" allowfullscreen=\"allowfullscreen\"><\/iframe><\/p>\n<p style=\"text-align: justify;\"><\/div><div class='clear_column'><\/div> <div class='content-column one_half'><p style=\"text-align: justify;\"><iframe loading=\"lazy\" src=\"\/\/www.youtube.com\/embed\/9UTyZTtB_NM\" width=\"350\" height=\"200\" allowfullscreen=\"allowfullscreen\"><\/iframe><\/p>\n<p style=\"text-align: justify;\"><\/div> <div class='content-column one_half last_column'><p style=\"text-align: justify;\"><iframe loading=\"lazy\" src=\"\/\/www.youtube.com\/embed\/tjhKNLS1LNM\" width=\"350\" height=\"200\" allowfullscreen=\"allowfullscreen\"><\/iframe><\/p>\n<p style=\"text-align: justify;\"><\/div><div class='clear_column'><\/div>\n<p style=\"text-align: justify;\"><\/div><\/div>\n<p style=\"text-align: justify;\">Ainsi, L\u00e9on Moussinac, un des fondateurs de la critique cin\u00e9matographique, un des introducteurs du cin\u00e9ma sovi\u00e9tique en France, ami de Louis Delluc, ami personnel d\u2019Eisenstein, rappelle-t-il les combats li\u00e9s \u00e0 la tradition des cin\u00e9-clubs, des films d\u2019art et d\u2019essai, des associations comme <a href=\"http:\/\/www.urfol-ra.org\/spip.php?article31\">l\u2019Ufoleis<\/a> (F\u00e9d\u00e9ration des cin\u00e9-clubs de la Ligue fran\u00e7aise de l&rsquo;enseignement et de l&rsquo;\u00e9ducation permanente).<\/p>\n<blockquote>\n<p style=\"text-align: justify;\"><span style=\"color: #000000;\">Le Cin\u00e9-Club de France prolongeait, en ce temps-l\u00e0 [1925], le combat commenc\u00e9 avec le C.A.S.A. [Club des Amis du Septi\u00e8me Art] de Canudo, le Cin\u00e9-Club de Louis Delluc, et le Club fran\u00e7ais du Cin\u00e9ma. Nous organisions des s\u00e9ances priv\u00e9es o\u00f9 nous nous efforcions, \u00e0 quelques-uns, de pr\u00e9senter \u00e0 la discussion critique des films choisis, parmi les plus repr\u00e9sentatifs, parfois les plus m\u00e9connus, fran\u00e7ais et \u00e9trangers, susceptibles d\u2019amener au cin\u00e9ma, encore m\u00e9pris\u00e9 par les intellectuels, le plus grand nombre de partisans. La critique ind\u00e9pendante \u00e9tait faible et souvent d\u00e9bord\u00e9e par la publicit\u00e9 commerciale. Le public populaire allait au cin\u00e9ma, chaque semaine, dans la salle de son quartier, sans conna\u00eetre d\u2019avance, souvent, le programme projet\u00e9, malgr\u00e9 le slogan que nous \u00e9tions quelques-uns \u00e0 r\u00e9pandre : \u00ab N\u2019allez pas au cin\u00e9ma chaque semaine par habitude, mais pour applaudir ou siffler un film. \u00bb (Moussinac, 1964, p. 20).<\/span><\/p>\n<\/blockquote>\n<p style=\"text-align: justify;\">Dans <em>Naissance du cin\u00e9ma<\/em>, d\u00e9j\u00e0, L\u00e9on Moussinac d\u00e9finissait l\u2019enjeu culturel du cin\u00e9matographe :<\/p>\n<blockquote>\n<p style=\"text-align: justify;\"><span style=\"color: #000000;\">\u2026c\u2019est le merveilleux caract\u00e8re du cin\u00e9ma que de poss\u00e9der tous les \u00e9l\u00e9ments capables de le faire participer activement \u00e0 la grande gestation du monde moderne. Lui seul, ajoutai-je, a la voix assez puissante pour dire tout ce qu\u2019il y a \u00e0 dire et \u00e0 la m\u00eame heure sur tous les points de la terre, lui seul est capable d\u2019\u00eatre compris de toutes les foules assembl\u00e9es\u2026 (Moussinac, 1964, p. 19).<\/span><\/p>\n<\/blockquote>\n<p style=\"text-align: justify;\">Cette revendication d\u2019un art populaire \u00ab universel \u00bb, soutenu par un mouvement d\u2019\u00e9ducation populaire, fait partie de l\u2019histoire de la position culturelle fran\u00e7aise sur le cin\u00e9ma. Le tandem Carn\u00e9-Pr\u00e9vert, dans un registre moins militant, en sera un exemple frappant.<\/p>\n<p style=\"text-align: justify;\">Comme l\u2019\u00e9crit Laurent Creton (Creton, 1997, p. 47), l\u2019industrie va int\u00e9rioriser la variable \u00ab qualit\u00e9 culturelle \u00bb pour des produits de divertissement \u00e0 pr\u00e9tention artistique. Et le mythe du grand film populaire (en terme de succ\u00e8s en salle) qui soit en m\u00eame temps une grande \u0153uvre artistique, une \u0153uvre de <em>r\u00e9conciliation<\/em> de tous les publics, est n\u00e9. Faire sauter le verrou entre art d\u2019\u00e9lite et art de masse.<\/p>\n<p style=\"text-align: justify;\">Dans le cadre de ce d\u00e9bat culturel \u00ab franco-am\u00e9ricain \u00bb, <em>Le Fabuleux Destin d\u2019Am\u00e9lie Poulain<\/em> appara\u00eet comme un avatar de cet oiseau rare, ce \u00ab merle blanc \u00bb artistique qui, tout en semblant r\u00e9pondre au cahier des charges de l\u2019\u0153uvre d\u2019art (versus produit culturel parapublicitaire), rencontre le plus large public, et est m\u00eame \u00ab nomin\u00e9 \u00bb aux <em>Oscars<\/em> du film \u00e9tranger, double <em>r\u00e9conciliation<\/em>.<\/p>\n<h2 style=\"text-align: justify;\"><span style=\"font-size: 12pt;\">La forme esth\u00e9tique est du contenu [social] s\u00e9diment\u00e9 : enjeux, conflits et tensions<\/span><\/h2>\n<p style=\"text-align: justify;\">Le mouvement de rejet d\u2019une partie de la culture hors de la sph\u00e8re de l\u2019art peut aussi s\u2019envisager, pour celui qui \u00e9tudie les industries culturelles, comme une relative \u00e9mancipation de son objet par rapport \u00e0 l\u2019histoire de l\u2019art. La <em>coupure esth\u00e9tique<\/em> est, il est vrai, un moyen provocateur pour s\u00e9parer cr\u00e9ation artistique et cr\u00e9ativit\u00e9 parapublicitaire. Cependant, on peut y voir aussi une fa\u00e7on d\u2019autonomiser des objets culturels en leur reconnaissant une dimension esth\u00e9tique ayant sa propre logique m\u00e9diatique.<\/p>\n<p style=\"text-align: justify;\">Le postulat de <em>la forme esth\u00e9tique comme contenu social s\u00e9diment\u00e9<\/em> permet de poser la tension intra-esth\u00e9tique mais aussi la tension entre la sph\u00e8re esth\u00e9tique et la sph\u00e8re sociale sans r\u00e9ductionnisme politique. Il y a un <em>moment esth\u00e9tique autonome<\/em> comme il y a un moment th\u00e9orique autonome. La tension est d\u2019abord th\u00e9orique, musicale ou cin\u00e9matographique. Le raccord au social ou au politique existe par un jeu de m\u00e9diations d\u2019une sph\u00e8re \u00e0 l\u2019autre dans leurs historicit\u00e9s. Et c\u2019est ce que je vais exp\u00e9rimenter sur l\u2019exemple de ce film, <em>Le Fabuleux Destin d\u2019Am\u00e9lie Poulain<\/em>.<\/p>\n<h2 style=\"text-align: justify;\"><span style=\"font-size: 12pt;\">Deux questions<\/span><\/h2>\n<p style=\"text-align: justify;\"><strong>La question 1 :<\/strong><\/p>\n<p style=\"text-align: justify;\">La distinction critique entre \u0153uvre d\u2019art et produit culturel (en amont, car en aval tout objet esth\u00e9tique s&rsquo;int\u00e8gre via le marketing dans un march\u00e9 sp\u00e9cifique) nous permet d\u2019interroger la volont\u00e9 h\u00e9g\u00e9monique des industries culturelles d\u2019occuper tout l\u2019espace de la culture, ce qui remet en cause un pr\u00e9tendu \u00ab \u00e9litisme \u00bb.<\/p>\n<p style=\"text-align: justify;\">Mais implicitement, cette distinction, en autonomisant le produit culturel, ne nous permet-elle pas de d\u00e9gager les logiques d\u2019un produit culturel \u00ab \u00e0 pr\u00e9tention artistique \u00bb ?<\/p>\n<p style=\"text-align: justify;\"><strong>La question 2 :<\/strong><\/p>\n<p style=\"text-align: justify;\">Pour se d\u00e9marquer d\u2019une \u00ab <a href=\"http:\/\/www.persee.fr\/doc\/reso_0751-7971_2000_num_18_99_2195\" target=\"_blank\" rel=\"noopener noreferrer\">\u00e9tude immanentiste<\/a> \u00bb de l\u2019\u0153uvre, et sans pour autant recourir \u00e0 la <a href=\"http:\/\/www.persee.fr\/doc\/reso_0751-7971_2000_num_18_99_2195\" target=\"_blank\" rel=\"noopener noreferrer\">s\u00e9mio-pragmatique<\/a>, le postulat sur la <em>forme esth\u00e9tique comme contenu social s\u00e9diment\u00e9<\/em> ne nous permet-il pas justement, tout en posant leur compl\u00e9mentarit\u00e9, de distinguer l\u2019approche esth\u00e9tique de l\u2019approche \u00ab sciences sociales \u00bb des produits culturels ?<\/p>\n<h2 style=\"text-align: justify;\"><span style=\"font-size: 12pt;\">Les concepts mobilis\u00e9s<\/span><\/h2>\n<p style=\"text-align: justify;\">Les concepts fondateurs de la th\u00e9orie critique des industries culturelles mobilis\u00e9s pour cette exp\u00e9rimentation sont :<\/p>\n<p style=\"text-align: justify;\"><strong>Le mat\u00e9riau<\/strong> : le mat\u00e9riau, c\u2019est ce dont disposent les artistes quand ils naissent \u00e0 l\u2019art dans un ici et maintenant et, bien entendu, le type de rapport -critique ou non- qu\u2019ils entretiendront avec lui.<\/p>\n<p style=\"text-align: justify;\"><strong>La technique<\/strong> : le terme esth\u00e9tique qui d\u00e9signe la domination du mat\u00e9riau est la technique.<\/p>\n<p style=\"text-align: justify;\"><strong>La forme<\/strong> <strong>esth\u00e9tique<\/strong> : \u00ab \u2026la campagne dirig\u00e9e contre le formalisme ignore que la forme qui est donn\u00e9e au contenu est elle-m\u00eame un contenu s\u00e9diment\u00e9 \u00bb (Th\u00e9orie esth\u00e9tique, p. 194). Il faut donc refuser \u00ab la division p\u00e9dante de l\u2019art en forme et contenu \u00bb (Ibidem, p. 198).<\/p>\n<p style=\"text-align: justify;\"><strong>Les industries culturelles<\/strong> : la <em>coupure esth\u00e9tique<\/em> entre \u0153uvre d\u2019art et produit culturel parapublicitaire est aussi une invitation critique \u00e0 autonomiser l\u2019analyse des logiques propres de ces industries culturelles.<\/p>\n<h3 style=\"text-align: justify;\"><span style=\"font-size: 12pt;\">Le concept de mat\u00e9riau<\/span><\/h3>\n<p style=\"text-align: justify;\"><strong>1)\u00a0 le pr\u00e9-g\u00e9n\u00e9rique :<\/strong><\/p>\n<p style=\"text-align: justify;\">Voici la transcription de la premi\u00e8re intervention de la voix off du narrateur (Andr\u00e9 Dussolier) qui introduit de fa\u00e7on <a href=\"http:\/\/www.persee.fr\/doc\/mots_0243-6450_1998_num_54_1_2326\" target=\"_blank\" rel=\"noopener noreferrer\">simultan\u00e9iste<\/a> l\u2019histoire d\u2019<em>Am\u00e9lie Poulain<\/em> :<\/p>\n<div class=\"su-note\"  style=\"border-color:#b7b9c2;border-radius:3px;-moz-border-radius:3px;-webkit-border-radius:3px;\"><div class=\"su-note-inner su-u-clearfix su-u-trim\" style=\"background-color:#d1d3dc;border-color:#ffffff;color:#000000;border-radius:3px;-moz-border-radius:3px;-webkit-border-radius:3px;\">\n<p>&nbsp;<\/p>\n<p style=\"text-align: center;\">Rappel litt\u00e9raire sur le simultan\u00e9isme<\/p>\n<p style=\"text-align: justify;\">\u00ab Il sortit en courant, rentra dans sa chambre et ferma la porte \u00e0 double tour. le train roulait, le bateau montait et descendait, Hitler dormait, Ivich dormait, Chamberlain dormait, Philippe se jeta sur son lit et se mit \u00e0 pleurer, Gros-Louis titubait, des maisons et encore des maisons, son cr\u00e2ne \u00e9tait en feu mais il ne pouvait pas s&rsquo;arr\u00eater, il fallait qu&rsquo;il march\u00e2t dans la nuit aux aguets, dans la terrible nuit chuchotante, Philippe pleurait, il \u00e9tait sans forces, il pleurait, il entendait leurs chuchotements \u00e0 travers le mur, il n&rsquo;arrivait m\u00eame pas \u00e0 les d\u00e9tester, il pleurait, exil\u00e9, dans la nuit froide et minable, dans la nuit grise des carrefours, Mathieu s&rsquo;\u00e9tait r\u00e9veill\u00e9, il se leva et se mit \u00e0 la fen\u00eatre, il entendait le chuchotement de la mer, il sourit \u00e0 la belle nuit de lait. \u00bb<\/p>\n<p style=\"text-align: justify;\"><span style=\"font-size: 8pt;\">Exemple de phrase \u00ab\u00a0simultan\u00e9iste\u00a0\u00bb, <em>Le Sursis<\/em>, <em>in<\/em> <em>Les chemins de la libert\u00e9<\/em>, premi\u00e8re parution en 1945, t\u00e9tralogie de Jean-Paul Sartre, Paris, Gallimard.<\/span><\/p>\n<\/div><\/div>\n<blockquote>\n<p style=\"text-align: justify;\"><span style=\"color: #000000;\">Le 3 septembre 1973 \u00e0 18 heures 28 minutes et 32 secondes, une mouche bleue de la famille des calliphorid\u00e9es, capable de produire 14.670 battements d\u2019ailes \u00e0 la minute, se posait rue Saint-Vincent \u00e0 Montmartre.<\/span><\/p>\n<p style=\"text-align: justify;\"><span style=\"color: #000000;\">\u00c0 la m\u00eame seconde, \u00e0 la terrasse d\u2019un restaurant, \u00e0 deux pas du Moulin de la Galette, le vent s\u2019engouffrait comme par magie sous la nappe faisant danser les verres sans que personne ne s\u2019en aper\u00e7oive.<\/span><\/p>\n<p style=\"text-align: justify;\"><span style=\"color: #000000;\">Au m\u00eame instant, au 5\u00e8me \u00e9tage du 28 de la rue Trudaine dans le 9\u00e8me arrondissement, Eug\u00e8ne Col\u00e8re de retour de l\u2019enterrement de son meilleur ami, \u00c9mile Maginot, en effa\u00e7ait le nom de son carnet d\u2019adresses.<\/span><\/p>\n<p style=\"text-align: justify;\"><span style=\"color: #000000;\">Toujours \u00e0 la m\u00eame seconde, un spermatozo\u00efde pourvu d\u2019un chromosome X appartenant \u00e0 Monsieur Rapha\u00ebl Poulain se d\u00e9tachait du peloton pour atteindre un ovule appartenant \u00e0 madame Poulain n\u00e9e Amandine Fou\u00e9.<\/span><\/p>\n<p style=\"text-align: justify;\"><span style=\"color: #000000;\">Neuf mois plus tard naissait Am\u00e9lie Poulain.<\/span><\/p>\n<\/blockquote>\n<p style=\"text-align: justify;\"><strong>2) Le g\u00e9n\u00e9rique du film :<\/strong><\/p>\n<p style=\"text-align: justify;\">Apr\u00e8s une r\u00e9f\u00e9rence dans le pr\u00e9-g\u00e9n\u00e9rique \u00e0 la \u00ab haute culture \u00bb, le simultan\u00e9isme, le balancier communicationnel sacrifie, entre autres, au dogme m\u00e9diatique et replace le r\u00e9cepteur du film au c\u0153ur de la communication. Ce \u00ab petit film fran\u00e7ais \u00bb, suivant l\u2019expression de son r\u00e9alisateur, serait \u00e0 la port\u00e9e du premier amateur \u00e9clair\u00e9. Un peu de cr\u00e9ativit\u00e9, un ordinateur multim\u00e9dia et le tour serait jou\u00e9.<\/p>\n<p>&nbsp;<\/p>\n<p style=\"text-align: center;\"><iframe loading=\"lazy\" src=\"\/\/www.youtube.com\/embed\/cbbXBkNctws\" width=\"560\" height=\"314\" allowfullscreen=\"allowfullscreen\"><\/iframe><\/p>\n<p>&nbsp;<\/p>\n<p style=\"text-align: justify;\"><strong>3) Rh\u00e9torique de la premi\u00e8re s\u00e9quence :<\/strong><\/p>\n<p style=\"text-align: justify;\">Le balancier m\u00e9diatique impose aussi qu\u2019\u00e0 une rh\u00e9torique artistique, plus \u00ab noble \u00bb, succ\u00e8de quelque bon trope journalistique propre aux magazines grand public et cette dichotomie \u00e9prouv\u00e9e dans <em>Elle<\/em>, <em>Marie-Claire<\/em>, <em>Biba<\/em>, etc. du \u00ab <em>on aime\/on n\u2019aime pas<\/em> \u00bb. Aujourd\u2019hui, cela est devenu aussi une rengaine des articles sur la consommation culturelle.<\/p>\n<blockquote>\n<p style=\"text-align: justify;\"><span style=\"color: #000000;\">Le p\u00e8re d\u2019Am\u00e9lie, ancien m\u00e9decin militaire, travaille aux \u00e9tablissements thermaux d\u2019Enghien-Les-Bains.<\/span><\/p>\n<p style=\"text-align: justify;\"><span style=\"color: #000000;\">Rapha\u00ebl Poulain n\u2019aime pas :<\/span><\/p>\n<ul>\n<li style=\"text-align: justify;\"><span style=\"color: #000000;\">pisser \u00e0 c\u00f4t\u00e9 de quelqu\u2019un<\/span><\/li>\n<li style=\"text-align: justify;\"><span style=\"color: #000000;\">surprendre sur ses sandales un regard de d\u00e9dain,<br \/>\n<\/span><\/li>\n<li style=\"text-align: justify;\"><span style=\"color: #000000;\"> sortir de l\u2019eau et sentir coller son maillot de bain,<\/span><\/li>\n<\/ul>\n<p style=\"text-align: justify;\"><span style=\"color: #000000;\">Rapha\u00ebl Poulain aime :<\/span><\/p>\n<ul>\n<li style=\"text-align: justify;\"><span style=\"color: #000000;\">arracher de grands morceaux de papiers peints,<\/span><\/li>\n<li style=\"text-align: justify;\"><span style=\"color: #000000;\"> aligner toutes ses chaussures et les cirer avec soin,<\/span><\/li>\n<li style=\"text-align: justify;\"><span style=\"color: #000000;\"> vider sa bo\u00eete \u00e0 outils et la nettoyer et tout ranger, enfin.<\/span><\/li>\n<\/ul>\n<p style=\"text-align: justify;\"><span style=\"color: #000000;\">La m\u00e8re d\u2019Am\u00e9lie, Amandine Fou\u00e9, institutrice originaire de Gueugnon, a toujours \u00e9t\u00e9 d\u2019une nature instable et nerveuse.<\/span><\/p>\n<p style=\"text-align: justify;\"><span style=\"color: #000000;\">Amandine Fou\u00e9 n\u2019aime pas :<\/span><\/p>\n<ul>\n<li style=\"text-align: justify;\"><span style=\"color: #000000;\">avoir les doigts pliss\u00e9s par l\u2019eau chaude du bain,<\/span><\/li>\n<li style=\"text-align: justify;\"><span style=\"color: #000000;\">\u00eatre, par quelqu\u2019un qu\u2019elle n\u2019aime pas, effleur\u00e9e de la main,<\/span><\/li>\n<li style=\"text-align: justify;\"><span style=\"color: #000000;\"> avoir les plis des draps imprim\u00e9s sur la joue le matin.<\/span><\/li>\n<\/ul>\n<p style=\"text-align: justify;\"><span style=\"color: #000000;\">Amandine Fou\u00e9 aime :<\/span><\/p>\n<ul>\n<li style=\"text-align: justify;\"><span style=\"color: #000000;\">Les costumes des patineurs artistiques sur TF1,<\/span><\/li>\n<li><span style=\"color: #000000;\"> faire briller le parquet avec des patins,<\/span><\/li>\n<li><span style=\"color: #000000;\"> vider son sac \u00e0 main, bien le nettoyer et tout ranger, enfin.<br \/>\n<\/span><\/li>\n<\/ul>\n<\/blockquote>\n<p style=\"text-align: justify;\"><strong>4) Les r\u00e9f\u00e9rences \u00e0 l\u2019air du temps :<\/strong><\/p>\n<p style=\"text-align: justify;\">D\u00e9file un chapelet de r\u00e9f\u00e9rences \u00e0 l\u2019air du temps m\u00e9diatique ou \u00e0 pr\u00e9tention plus culturelle, comme le livre de Philippe Delerm <em>La Premi\u00e8re Gorg\u00e9e de bi\u00e8re et autres plaisirs minuscules<\/em> auquel il est fait r\u00e9f\u00e9rence, notamment dans l\u2019exaltation des petits plaisirs de la vie :<\/p>\n<blockquote>\n<p style=\"text-align: justify;\"><span style=\"color: #000000;\">En revanche, elle [Am\u00e9lie] cultive un go\u00fbt particulier pour les tout petits plaisirs :<\/span><\/p>\n<ul>\n<li style=\"text-align: justify;\"><span style=\"color: #000000;\">plonger la main au plus profond d\u2019un sac de grains,<\/span><\/li>\n<li style=\"text-align: justify;\"><span style=\"color: #000000;\"> briser la cro\u00fbte d\u2019une cr\u00e8me br\u00fbl\u00e9e avec la petite cuill\u00e8re,<\/span><\/li>\n<li style=\"text-align: justify;\"><span style=\"color: #000000;\">faire des ricochets sur le Canal Saint-Martin.<\/span><\/li>\n<\/ul>\n<\/blockquote>\n<p style=\"text-align: justify;\">Pour m\u00e9moire, le Canal Saint-Martin est le d\u00e9cor principal d\u2019<em>H\u00f4tel du Nord<\/em> de Marcel Carn\u00e9.<\/p>\n<p style=\"text-align: justify;\"><strong>5) Le casting :<\/strong><\/p>\n<p style=\"text-align: justify;\">Dans le casting m\u00eame, le choix renvoie non seulement aux \u00ab valeurs \u00bb port\u00e9es par les com\u00e9diens, mais ici \u00e0 un suppl\u00e9ment strat\u00e9gique \u00e9vident : r\u00e9cup\u00e9rer l\u2019<em>aura<\/em> qui s\u2019attache aux metteurs en sc\u00e8ne avec qui ils ont tourn\u00e9 (modernit\u00e9 artistique) ou des \u00e9missions cultes (nouveaut\u00e9 m\u00e9diatique) :<\/p>\n<ul>\n<li style=\"text-align: justify;\">Andr\u00e9 Dussolier : a tourn\u00e9 avec les r\u00e9alisateurs de la nouvelle Vague : Truffaut, Rohmer, Rivette et Chabrol. Depuis 1993 acteur f\u00e9tiche d\u2019Alain Resnais.<\/li>\n<li style=\"text-align: justify;\">Rufus : com\u00e9dien de th\u00e9\u00e2tre et acteur de cin\u00e9ma, personnage aust\u00e8re, lunaire et pince-sans-rire. A d\u00e9j\u00e0 tourn\u00e9 dans <em>Delicatessen<\/em> et <em>La Cit\u00e9 des Enfants perdus<\/em> de Jean-Pierre Jeunet et Marc Caro.<\/li>\n<li style=\"text-align: justify;\">Mathieu Kassovitz, r\u00e9alisateur de <em>La Haine<\/em>, film \u00ab \u00e0 th\u00e8se \u00bb.<\/li>\n<li style=\"text-align: justify;\">Djamel Debbouze, comique fran\u00e7ais num\u00e9ro un.<\/li>\n<\/ul>\n<p style=\"text-align: justify;\"><strong>6) Le Paris d\u2019Am\u00e9lie Poulain :<\/strong><\/p>\n<p style=\"text-align: justify;\">Ce film propose une image de Paris tr\u00e8s folklorique, \u00e0 la fois tr\u00e8s \u00ab bourgeoise-boh\u00e8me \u00bb (bobo) et tr\u00e8s \u00ab am\u00e9ricaine \u00bb qui n\u2019est pas sans rappeler le d\u00e9cor d\u2019<em>Un Am\u00e9ricain \u00e0 Paris<\/em>. Apr\u00e8s sa strat\u00e9gie de conqu\u00eate de la France et sur la base de son c\u00f4t\u00e9 folklorique, <em>Le Fabuleux Destin d\u2019Am\u00e9lie Poulain<\/em> a tent\u00e9 une strat\u00e9gie de conqu\u00eate U.S., notamment en postulant pour l\u2019Oscar du meilleur film \u00e9tranger qu\u2019elle ne d\u00e9crochera pas, tout en s\u2019assurant outre-Atlantique un succ\u00e8s d\u2019estime.<\/p>\n<p style=\"text-align: justify;\"><strong>7) Le r\u00e9alisme po\u00e9tique :<\/strong><\/p>\n<p style=\"text-align: justify;\">Mais la r\u00e9f\u00e9rence massive est celle faite aux films du r\u00e9alisme po\u00e9tique d\u2019avant-guerre. Or une telle r\u00e9f\u00e9rence peut \u00eatre un simple hommage en passant ou, \u00e0 la mani\u00e8re d\u2019un Tavernier, une r\u00e9habilitation artistique de cette qualit\u00e9 fran\u00e7aise attaqu\u00e9e par les <em>Cahiers du cin\u00e9ma<\/em> ou la Nouvelle Vague. Et l\u00e0, il peut y avoir ce que je d\u00e9velopperai, un enjeu, des conflits, des tensions qui nous mettent en prise avec notre exp\u00e9rimentation sur la forme esth\u00e9tique comme contenu social s\u00e9diment\u00e9. Mais dans un premier moment, Jean-Pierre Jeunet, en rassembleur, ne semble pas trancher ou prendre parti. Dans le petit monde d\u2019Am\u00e9lie Poulain il y a de la place pour tous les plaisirs de la vie ou les plaisirs cin\u00e9philiques\u2026<\/p>\n<p style=\"text-align: justify;\">Dans <em>Le Fabuleux Destin d\u2019Am\u00e9lie Poulain<\/em> :<\/p>\n<p style=\"text-align: justify;\">Suzanne (Claire Maurier), la patronne du caf\u00e9 :<\/p>\n<blockquote>\n<p style=\"text-align: justify;\"><span style=\"color: #000000;\">Mais vous avez fini de les \u00e9touffer comme \u00e7a ? Une femme, <\/span><span style=\"color: #000000;\">il faut que \u00e7a respire.<\/span><\/p>\n<\/blockquote>\n<p style=\"text-align: justify;\"><span style=\"color: #000000;\">Joseph (Dominique Pinon), habitu\u00e9 du caf\u00e9 et jaloux maladif :<\/span><\/p>\n<blockquote>\n<p style=\"text-align: justify;\"><span style=\"color: #000000;\">On commence par vouloir respirer et apr\u00e8s on veut changer <\/span><span style=\"color: #000000;\">d\u2019air.<\/span><\/p>\n<p>&nbsp;<\/p>\n<\/blockquote>\n<p style=\"text-align: justify;\">Dans <em>H\u00f4tel du Nord<\/em>, Monsieur Edmond (Louis Jouvet) :<\/p>\n<blockquote>\n<p style=\"text-align: justify;\"><span style=\"color: #000000;\">Alors rien tu saisis je m\u2019asphyxie (\u2026) J\u2019ai besoin de changer <\/span><span style=\"color: #000000;\">d\u2019atmosph\u00e8re et mon atmosph\u00e8re c\u2019est toi.<\/span><\/p>\n<\/blockquote>\n<p style=\"text-align: justify;\">Raymonde (Arletty) :<\/p>\n<blockquote>\n<p style=\"text-align: justify;\"><span style=\"color: #000000;\">C\u2019est la premi\u00e8re fois qu\u2019on me traite d\u2019atmosph\u00e8re. Si j\u2019suis une atmosph\u00e8re, t\u2019es un dr\u00f4le de bled. (\u2026) Atmosph\u00e8re ! <\/span><span style=\"color: #000000;\">atmosph\u00e8re ! Est-ce que j\u2019ai une gueule d\u2019atmosph\u00e8re ?<\/span><\/p>\n<\/blockquote>\n<p style=\"text-align: justify;\"><strong>8) R\u00e9f\u00e9rence au film <em>H\u00f4tel du Nord<\/em> :<\/strong><\/p>\n<p style=\"text-align: justify;\">\u00c9couter et revoir <em>H\u00f4tel du Nord<\/em> de Marcel Carn\u00e9 dont les sc\u00e9naristes sont Henri Jeanson et Jean Aurenche :<\/p>\n<h3 style=\"text-align: justify;\"><span style=\"font-size: 12pt;\">La technique artistique<\/span><\/h3>\n<p style=\"text-align: justify;\"><strong>9 Le \u00ab\u00a0visuel\u00a0\u00bb :<\/strong><\/p>\n<p style=\"text-align: justify;\">La technique chez Jean-Pierre Jeunet est d\u2019abord \u00e0 pointer dans les \u00ab visuels \u00bb qui nous renvoient \u00e0 la nomenclature publicitaire, au moment \u00ab cr\u00e9atif \u00bb. On se souvient aussi de l\u2019analyse critique de cette notion de \u00ab visuel \u00bb par Serge Daney et de sa distinction entre \u00ab visuel \u00bb (la t\u00e9l\u00e9vision, la publicit\u00e9, par exemple) et \u00ab image \u00bb (le cin\u00e9matographe).<\/p>\n<p style=\"text-align: justify;\"><div class='content-column one_half'><p style=\"text-align: justify;\"><iframe loading=\"lazy\" src=\"\/\/www.youtube.com\/embed\/NELNmYJ7OYQ\" width=\"350\" height=\"200\" allowfullscreen=\"allowfullscreen\"><\/iframe><\/p>\n<p style=\"text-align: justify;\"><\/div> <div class='content-column one_half last_column'><p style=\"text-align: justify;\"><iframe loading=\"lazy\" src=\"\/\/www.youtube.com\/embed\/BwqpHyYz7gU\" width=\"350\" height=\"200\" allowfullscreen=\"allowfullscreen\"><\/iframe><\/p>\n<p style=\"text-align: justify;\"><\/div><div class='clear_column'><\/div>\n<p style=\"text-align: justify;\"><strong>10) La place de l\u2019acteur de cin\u00e9ma :<\/strong><\/p>\n<p style=\"text-align: justify;\">Si un personnage comme Am\u00e9lie est d\u2019abord le fruit d\u2019un casting, il est aussi une <em>construction<\/em> en termes de maquillage, de \u00ab filmage \u00bb, de \u00ab sonorisation \u00bb et de tout un travail de postproduction. Inf\u00e9od\u00e9 aux techniques des <em>sound designers<\/em> d\u2019aujourd\u2019hui, Jean-Pierre Jeunet sonorise les travellings avant qui recadrent en gros plan Am\u00e9lie avec des bruits, et plus seulement avec des musiques, selon l\u2019antique tradition hollywoodienne. Devant la signature de tels leitmotive audio-visuels, on peut se poser la question de l\u2019acteur dans ce type de visualisation et de sonorisation, un acteur pris en otage dans un dispositif audiovisuel qui ne lui laisse aucune marge de libert\u00e9.<\/p>\n<p style=\"text-align: justify;\">Un rappel historique sur Jean Renoir, \u00ab le patron \u00bb de la nouvelle vague, s\u2019impose quand on \u00e9voque un autre type de rapport aux acteurs. Jean Renoir s\u2019\u00e9tait oppos\u00e9 \u00e0 la qualit\u00e9 fran\u00e7aise du r\u00e9alisme po\u00e9tique de Marcel Carn\u00e9. Cette opposition Renoir\/Carn\u00e9 nous transporte au c\u0153ur d\u2019un conflit esth\u00e9tique et la <em>r\u00e9conciliation<\/em> propos\u00e9e par Jean-Pierre Jeunet, non seulement n\u2019a pas de sens, mais, qui plus est, achoppe sur cette question de l\u2019acteur.\u00a0 La saveur de ses propos de Jean Renoir invite \u00e0 l\u2019entendre d\u00e9fendre une facette de sa m\u00e9thode de travail.<\/p>\n<p style=\"text-align: justify;\">Voici une transcription d\u2019un extrait d&rsquo;un num\u00e9ro de l&rsquo;\u00e9mission <em>Cin\u00e9astes de notre temps<\/em> consacr\u00e9 \u00e0 Renoir dans ce portrait par Jacques Rivette.<\/p>\n<p>&nbsp;<\/p>\n<p style=\"text-align: center;\"><iframe loading=\"lazy\" src=\"\/\/www.youtube.com\/embed\/EZ3R5l4neXE\" width=\"560\" height=\"314\" allowfullscreen=\"allowfullscreen\"><\/iframe><\/p>\n<p>&nbsp;<\/p>\n<p style=\"text-align: justify;\">Jean Renoir :<\/p>\n<blockquote>\n<p style=\"text-align: justify;\"><span style=\"color: #000000;\">Maintenant, ce qui est tragique, c\u2019est que, surtout \u00e0 cette \u00e9poque-l\u00e0, on ne consid\u00e9rait pas l\u2019acteur du tout, comme vient de le dire Michel [Simon]. Il \u00e9tait entendu que l\u2019acteur devait d\u00e9biter son texte\u2026 (A Rivette qui l\u2019interrompt) Tu permets\u2026<br \/>\n<\/span><\/p>\n<\/blockquote>\n<p style=\"text-align: justify;\">Jacques Rivette :<\/p>\n<blockquote>\n<p style=\"text-align: justify;\"><span style=\"color: #000000;\">Je t\u2019ai vu donner des coups de pieds dans le derri\u00e8re \u00e0 un op\u00e9rateur, \u00e0 l\u2019assistant, parce qu\u2019il avait pris un m\u00e8tre pour mesurer la distance entre l\u2019objectif et l\u2019acteur. Il y avait [chez toi] un tel respect de l\u2019acteur (\u2026) Tu as mis \u00e0 la porte un op\u00e9rateur parce qu\u2019il avait tir\u00e9 son m\u00e8tre.<br \/>\n<\/span><\/p>\n<\/blockquote>\n<p style=\"text-align: justify;\">Jean Renoir :<\/p>\n<blockquote>\n<p style=\"text-align: justify;\"><span style=\"color: #000000;\">Oui, oui\u2026<br \/>\n<\/span><\/p>\n<\/blockquote>\n<p style=\"text-align: justify;\">Jacques Rivette :<\/p>\n<blockquote>\n<p style=\"text-align: justify;\"><span style=\"color: #000000;\">Le myst\u00e8re avait \u00e9t\u00e9\u2026<br \/>\n<\/span><\/p>\n<\/blockquote>\n<p style=\"text-align: justify;\">Jean Renoir :<\/p>\n<blockquote>\n<p style=\"text-align: justify;\"><span style=\"color: #000000;\">Le myst\u00e8re tombait. Comment voulez-vous qu\u2019un monsieur qui est vraiment pr\u00eat \u00e0 jouer, et c\u2019est un myst\u00e8re de jouer, en r\u00e9alit\u00e9 \u00e7a ne peut m\u00eame pas s\u2019expliquer, c\u2019est monstrueux, c\u2019est une sorte de miracle (\u2026) Alors ce monsieur, cet acteur, est pr\u00eat \u00e0 jouer, arrive un autre monsieur qui lui colle un m\u00e8tre, qui lui chatouille le nez avec un m\u00e8tre\u2026<br \/>\n<\/span><\/p>\n<\/blockquote>\n<p style=\"text-align: justify;\">Michel Simon :<\/p>\n<blockquote>\n<p style=\"text-align: justify;\"><span style=\"color: #000000;\">Et le clap, ce machin sous le nez !<br \/>\n<\/span><\/p>\n<\/blockquote>\n<p style=\"text-align: justify;\">Jean Renoir :<\/p>\n<blockquote>\n<p style=\"text-align: justify;\"><span style=\"color: #000000;\">C\u2019est pas pensable.\u00a0\u00c0 cette \u00e9poque-l\u00e0, j\u2019\u00e9tais plus jeune et j\u2019avais l\u2019\u00e9nergie d\u2019interdire ces choses-l\u00e0 et de me f\u00e2cher\u2026<br \/>\n<\/span><\/p>\n<\/blockquote>\n<p style=\"text-align: justify;\">Dans cet extrait, le vocabulaire de Renoir est \u00e9loquent : m\u00eame sur un tournage de fiction, le cin\u00e9aste devrait respecter une certaine distance avec la personne film\u00e9e, lui laisser une relative autonomie. On ne fait pas certaines choses entre \u00eatres humains sauf dans un contexte d\u2019industrialisation qui se g\u00e9n\u00e9ralise.<\/p>\n<p style=\"text-align: justify;\">On le devine, c\u2019est plus qu\u2019un m\u00e8tre sous le nez ou un clap qu\u2019a d\u00fb supporter Audrey Tautou dans <em>Le Fabuleux Destin d\u2019Am\u00e9lie Poulain<\/em>. Les r\u00e9alisateurs sont aujourd\u2019hui des techniciens qui doivent contr\u00f4ler des effets sp\u00e9ciaux au cordeau, les acteurs travaillant sur fond bleu sans d\u00e9cor. Et les r\u00e9alisateurs sont aussi nourris d\u2019une culture, quand ce n\u2019est pas d\u2019une pratique de publicitaire, qui pr\u00e9tend contr\u00f4ler les codes, une s\u00e9miologie maniaque d\u00e9tourn\u00e9e, revendiquant une toute puissance communicationnelle.<\/p>\n<p style=\"text-align: justify;\">Bien entendu, on trouve dans l\u2019entretien avec Jean Renoir les principes de la nouvelle vague, et notamment, du moins au d\u00e9but, le refus de tout ce qui fait le folklore technique d\u2019un plateau de cin\u00e9ma : le rituel du m\u00e8tre et le rituel du clap. En effet, si la cam\u00e9ra n\u2019enregistre pas la r\u00e9alit\u00e9, <em>elle peut capter quelque chose de cette r\u00e9alit\u00e9<\/em> si le temps et l\u2019espace du tournage comme copr\u00e9sence du sujet filmant et du sujet film\u00e9 ne sont pas d\u00e9j\u00e0 <em>forclos<\/em>.<\/p>\n<p style=\"text-align: justify;\"><strong>11) Les raccords plan sur plan (<em>jump cuts<\/em> autrefois appel\u00e9s \u00ab faux-raccords \u00bb) :<\/strong><\/p>\n<div class=\"su-note\"  style=\"border-color:#b7b9c2;border-radius:3px;-moz-border-radius:3px;-webkit-border-radius:3px;\"><div class=\"su-note-inner su-u-clearfix su-u-trim\" style=\"background-color:#d1d3dc;border-color:#ffffff;color:#000000;border-radius:3px;-moz-border-radius:3px;-webkit-border-radius:3px;\">\n<p style=\"text-align: center;\">Rappel historique<\/p>\n<p style=\"text-align: justify;\">Le raccord en plan sur plan est apparu comme effet de style avec Jean-Luc Godard dans <em>\u00c0 bout de souffle<\/em> o\u00f9 le r\u00e9alisateur \u00ab reprend la probl\u00e9matique des actions parall\u00e8les, qui est la base de la construction dramatique au cin\u00e9ma, c\u2019est-\u00e0-dire quand la r\u00e9alit\u00e9 est morcel\u00e9e dans son espace tout en gardant son unit\u00e9 narrative temporelle. Il veut prouver qu\u2019il existe une probl\u00e9matique compl\u00e9mentaire, une fa\u00e7on de construire qui morc\u00e8le la r\u00e9alit\u00e9 dans sa dur\u00e9e tout en lui gardant son unit\u00e9 narrative spatiale. Autrement dit, il d\u00e9montre, par l\u2019utilisation du plan sur plan, que l\u2019ellipse spatiale est bien distincte de l\u2019ellipse temporelle. \u00bb<\/p>\n<p>&nbsp;<\/p>\n<figure id=\"attachment_26268\" aria-describedby=\"caption-attachment-26268\" style=\"width: 320px\" class=\"wp-caption aligncenter\"><img loading=\"lazy\" decoding=\"async\" class=\"wp-image-26268 size-full\" src=\"http:\/\/industrie-culturelle.fr\/industrie-culturelle\/wp-content\/uploads\/2017\/04\/A_bout_de_souffle_faux_raccord_gif.gif\" alt=\"\" width=\"320\" height=\"240\" \/><figcaption id=\"caption-attachment-26268\" class=\"wp-caption-text\"><span style=\"font-size: 8pt;\">Faux raccord :\u00a0<em> A bout de souffle<\/em>, Godard, 1960<\/span><\/figcaption><\/figure>\n<p>&nbsp;<\/p>\n<p style=\"text-align: justify;\">En brisant le tabou qui faisait du plan sur plan une erreur de raccord, Godard a ouvert de nouvelles perspectives aux cin\u00e9astes des d\u00e9cennies suivantes. C\u2019est ainsi que dans les plans-s\u00e9quence, qui, en dilatant l\u2019espace, apportent aussi un surplus de temps qui n\u2019est pas toujours souhaitable pour la qualit\u00e9 de rythme du film, les monteurs taillent sans \u00e9tats d\u2019\u00e2me. \u00ab <em>Suivi au steadicam, un personnage s\u2019avance dans la pi\u00e8ce, on raccourcit le travelling, le personnage semble faire un bond, on reprend le plan, on le raccourcit plus loin s\u2019il le faut. Cela fait saut de puce, mais c\u2019est efficace et on ne s\u2019ennuie plus \u00e0 traverser des espaces inutiles. Cette coupure dans le plan, sans arr\u00eat de cam\u00e9ra mais par un effet de suppression spatiale au montage, qui n\u2019agit que sur le temps, est tout un art, et n\u00e9cessite un grand savoir-faire qui est en train de s\u2019affirmer, quelques d\u00e9cennies apr\u00e8s <\/em>\u00c0 bout de souffle ! \u00bb<\/p>\n<p><span style=\"font-size: 8pt;\">source <em><a href=\"https:\/\/fr.wikipedia.org\/wiki\/Raccord_(cin%C3%A9ma)\" target=\"_blank\" rel=\"noopener noreferrer\">Wikip\u00e9dia<\/a><\/em><\/span><\/p>\n<\/div><\/div>\n<p style=\"text-align: justify;\">Le rapport \u00e0 la technique reprend chez Jean-Pierre Jeunet des audaces qui datent des ann\u00e9es 1960, notamment certains regards-cam\u00e9ra chers \u00e0 Jean-Luc Godard, dont le c\u00e9l\u00e8bre regard qui accompagne la tirade d\u2019<em>\u00c0 bout de souffle<\/em> : \u00ab <em>Si vous n\u2019aimez pas la ville, si vous n\u2019aimez pas la campagne, allez vous faire foutre<\/em> \u00bb. Avec Jean-Pierre Jeunet, la reprise d\u2019une audace vieille de quarante ans correspond au tempo g\u00e9n\u00e9ral de digestion par la publicit\u00e9 des formes artistiques, \u00e9dulcoration en plus.<\/p>\n<p style=\"text-align: justify;\">Il en va de m\u00eame des anciens faux raccords de Jean-Luc Godard et de John Cassavetes, int\u00e9gr\u00e9s aujourd\u2019hui \u00e0 la <em>pulsation rythmique<\/em> des blockbusters.<\/p>\n<p style=\"text-align: justify;\"><strong>12) \u00ab Les nouvelles images \u00bb du <em>Fabuleux Destin d\u2019Am\u00e9lie Poulain<\/em> :<\/strong><\/p>\n<p style=\"text-align: justify;\">Enfin, dans ce rapport \u00e0 la technique, la recette m\u00eame du film oscille entre une num\u00e9risation des images et des sons appliqu\u00e9e \u00e0 une volont\u00e9 po\u00e9tisante, \u00e0 cette fonction po\u00e9tique qui ne garantit pas d\u2019ailleurs une pr\u00e9sence po\u00e9tique.<\/p>\n<p style=\"text-align: justify;\">Si la <em>distinction pol\u00e9mique entre \u0153uvre d\u2019art et produit culturel<\/em> <em>parapublicitaire<\/em> trouve sa place et sa fonction, c\u2019est bien dans ce rapport technologique entre dimension po\u00e9tique et effet esth\u00e9tique. Il ne suffit pas d\u2019utiliser les filtres \u00ab esth\u00e9tiques \u00bb ou \u00ab artistiques \u00bb du logiciel de publication d\u2019images <em>Photoshop<\/em> pour s\u2019inscrire dans un processus de recherche artistique.<\/p>\n<p style=\"text-align: justify;\"><em>A contrario<\/em>, ces \u00ab filtres \u00bb, revisit\u00e9s \u00e0 bonne distance critique compte tenu de leur appellation m\u00eame d\u2019\u00ab esth\u00e9tique \u00bb ou d\u2019\u00ab artistique \u00bb, ne sont pas condamn\u00e9s au nom d\u2019un <em>anti-d\u00e9terminisme technologique<\/em> mal compris. L\u2019esth\u00e9tisme publicitaire renvoie \u00e0 la critique d\u2019une <em>esth\u00e9tique de l\u2019effet d&rsquo;inspiration publicitaire<\/em>. La technologie peut se mettre au service de l\u2019art \u00ab contemporain \u00bb mais une d\u00e9marche cr\u00e9ative qui ne reposerait que sur des effets ne saurait \u00eatre assimil\u00e9e \u00e0 une cr\u00e9ation artistique.<\/p>\n<p style=\"text-align: justify;\"><strong>13) La fantaisie po\u00e9tique :<\/strong><\/p>\n<p style=\"text-align: justify;\">Se fondant sur le constat de la fin des utopies, Jean-Pierre Jeunet tente de <em>r\u00e9enchanter le monde par la magie de la technique<\/em>. Mais le b\u00e2t blesse quand la fantaisie du film lorgne toujours du c\u00f4t\u00e9 d\u2019une po\u00e9sie pass\u00e9iste<em>, <\/em>se laissant enfermer comme dans une nostalgie qui est finalement le fonds de commerce de bien des industries culturelles notamment celle de l\u2019industrie du disque et de la vari\u00e9t\u00e9 ou, paradoxalement, celle des blockbusters cin\u00e9matographiques de science-fiction.<\/p>\n<h3 style=\"text-align: justify;\"><span style=\"font-size: 12pt;\">La forme esth\u00e9tique<\/span><\/h3>\n<p style=\"text-align: justify;\">C\u2019est dans cette troisi\u00e8me partie, par les choix formels du <em>Fabuleux destin d\u2019Am\u00e9lie Poulain<\/em>, que s\u2019exp\u00e9rimente le postulat de la<em> forme esth\u00e9tique comme contenu social s\u00e9diment\u00e9<\/em> :<\/p>\n<p style=\"text-align: justify;\"><strong>14) L\u2019enjeu esth\u00e9tique du film :<\/strong><\/p>\n<p style=\"text-align: justify;\">\u00c0\u00a0la distinction entre cr\u00e9ation et cr\u00e9ativit\u00e9 fait \u00e9cho la <em>distinction entre esth\u00e9tique et esth\u00e9tisme<\/em>, et d\u2019abord un esth\u00e9tisme publicitaire et para-publicitaire :<\/p>\n<p style=\"text-align: justify;\"><strong>15) L\u2019esth\u00e9tisme para-publicitaire :<\/strong><\/p>\n<ul>\n<li style=\"text-align: justify;\">Quelques effets syst\u00e9matiques de grand angle<\/li>\n<li style=\"text-align: justify;\">Quelques plong\u00e9es et contre-plong\u00e9es qui se \u00ab font sentir \u00bb<\/li>\n<\/ul>\n<p style=\"text-align: center;\"><iframe loading=\"lazy\" src=\"\/\/www.youtube.com\/embed\/Edp3KTC2-JQ\" width=\"560\" height=\"314\" allowfullscreen=\"allowfullscreen\"><\/iframe><br \/>\n<span style=\"font-size: 8pt;\">Jean-Pierre Jeunet confond esth\u00e9tique et esth\u00e9tisme<\/span><\/p>\n<p>&nbsp;<\/p>\n<p style=\"text-align: justify;\"><strong>16) O\u00f9 se joue <em>la forme esth\u00e9tique comme contenu social s\u00e9diment\u00e9<\/em> :<\/strong><\/p>\n<p style=\"text-align: justify;\">Le postulat sur la <em>forme esth\u00e9tique comme contenu social s\u00e9diment\u00e9<\/em> renvoie donc aux conflits, aux tensions qui peuvent \u00eatre masqu\u00e9s au fil du temps comme les sympt\u00f4mes en psychanalyse sont les marques d\u2019anciens conflits int\u00e9rieurs qui se sont d\u00e9plac\u00e9s et s\u00e9diment\u00e9s.<\/p>\n<p style=\"text-align: justify;\">Les guerres esth\u00e9tiques souvent tr\u00e8s virulentes, bataille d\u2019Hernani, r\u00e9ception des impressionnistes dans les salons, etc., ne sont pas des guerres picrocholines. Par le jeu des m\u00e9diations qui les relient aux autres sph\u00e8res des activit\u00e9s et des rapports humains, elles int\u00e8grent, \u00e0 leur fa\u00e7on, une <em>dimension politique<\/em>. Les pol\u00e9miques esth\u00e9tiques sont donc \u00e0 prendre tr\u00e8s au s\u00e9rieux.<\/p>\n<p style=\"text-align: justify;\">Dans des perspectives tr\u00e8s diff\u00e9rentes, Pier Paolo Pasolini et Jean-Luc Godard se sont essay\u00e9 \u00e0 un <em>cin\u00e9ma de po\u00e9sie<\/em>, dans un nouveau rapport entre le son et l\u2019image. Jean Rouch, qui a d\u00e9but\u00e9 comme Jean-Luc Godard dans le contexte de la nouvelle vague, a montr\u00e9 qu\u2019une cam\u00e9ra et un micro pouvait non pas repr\u00e9senter la r\u00e9alit\u00e9 mais capter quelque-chose <em>de<\/em> cette r\u00e9alit\u00e9 dans une relation assum\u00e9e entre le regard\u00e9 et le regardeur.<\/p>\n<p style=\"text-align: justify;\">Un retour \u00e0 la valeur sc\u00e9nario comme primat d\u2019un langage cin\u00e9matographique exprimant des images, des sons et des id\u00e9es pr\u00e9con\u00e7ues, ne laisse aucune place \u00e0 une quelconque <em>alt\u00e9rit\u00e9<\/em> qui n\u2019\u00e9tait pas pr\u00e9vue dans le sc\u00e9nario, le d\u00e9coupage technique, le plan de travail et retombe dans les m\u00eames travers parapublicitaires d\u2019un cin\u00e9ma de communication (e<em>ntertainment <\/em>= divertissement+communication). Les \u0153uvres \u00e0 message refusent, du moins dans leur <em>projet id\u00e9ologique<\/em>, tout caract\u00e8re <em>\u00e9nigmatique<\/em> au profit, dans le meilleur des cas, d\u2019un simple plan de connotation dont justement la publicit\u00e9 fait son miel.<\/p>\n<p style=\"text-align: justify;\"><strong>17) La sublimation :<\/strong><\/p>\n<p style=\"text-align: justify;\">La question sur le <em>r\u00e9gime de sublimation<\/em> et le rapport au plaisir dans les industries culturelles ont d\u00e9j\u00e0 fait l\u2019objet, de ma part, dans un <a href=\"http:\/\/industrie-culturelle.fr\/industrie-culturelle\/imaginaire-reve-plaisir-marc-hiver\/\" target=\"_blank\" rel=\"noopener noreferrer\">autre article de Web-revue<\/a>.<\/p>\n<p style=\"text-align: justify;\"><strong>18) Un compromis esth\u00e9tique :<\/strong><\/p>\n<p style=\"text-align: justify;\">M\u00eame le<em> r\u00e9alisme po\u00e9tique<\/em> est \u00e9dulcor\u00e9 car la culture parapublicitaire ne peut se satisfaire d\u2019une vision trop noire (les films de Carn\u00e9, par exemple) des valeurs qu\u2019elle d\u00e9fend.<\/p>\n<p style=\"text-align: justify;\"><strong>19) Le caract\u00e8re \u00e9nigmatique de l\u2019\u0153uvre d\u2019art <em>versus<\/em> la psychologisation des produits culturels :<\/strong><\/p>\n<p style=\"text-align: justify;\">Am\u00e9lie Poulain rencontre la question du <em>caract\u00e8re \u00e9nigmatique de l\u2019\u0153uvre d\u2019art<\/em>. Un des personnages exotiques du film, \u00ab\u00a0le peintre aux os de verre\u00a0\u00bb qui passe son temps \u00e0 recopier des tableaux, s\u2019interroge sur le caract\u00e8re <em>\u00e9nigmatique<\/em> du tableau d\u2019Auguste Renoir : <em>Le D\u00e9jeuner des canotiers<\/em> et notamment sur un personnage en arri\u00e8re plan du tableau : \u00ab\u00a0la fille qui boit un verre d\u2019eau\u00a0\u00bb.<\/p>\n<p>&nbsp;<\/p>\n<figure id=\"attachment_26237\" aria-describedby=\"caption-attachment-26237\" style=\"width: 320px\" class=\"wp-caption aligncenter\"><img loading=\"lazy\" decoding=\"async\" class=\"wp-image-26237 size-full\" src=\"http:\/\/industrie-culturelle.fr\/industrie-culturelle\/wp-content\/uploads\/2017\/04\/fille_au_verre_d_eau.mp4.gif\" alt=\"\" width=\"320\" height=\"176\" \/><figcaption id=\"caption-attachment-26237\" class=\"wp-caption-text\"><span style=\"font-size: 8pt;\">Le D\u00e9jeuner des canotiers, Auguste Renoir<\/span><\/figcaption><\/figure>\n<p style=\"text-align: center;\"><span style=\"font-size: 8pt;\">\u00a0<\/span><\/p>\n<p style=\"text-align: justify;\">Un dialogue se d\u00e9veloppe au cours du film entre Am\u00e9lie et le peintre autour de ce tableau. Mais l\u00e0, tr\u00e8s vite, la r\u00e9flexion d\u00e9rape de l\u2019esth\u00e9tique vers le psychologisme. Le tableau devient une sorte de <em>test de Rorschach<\/em> sur la vie affective d\u2019Am\u00e9lie, et le peintre se fait psychologue. Le film flirte donc toujours avec sa pr\u00e9tention artistique, avec ses jeux de r\u00e9f\u00e9rences mais tr\u00e8s vite le naturel revient au galop comme le montre cet extrait du dialogue autour du tableau :<\/p>\n<p style=\"text-align: justify;\">Le peintre \u00e0 la maladie des os de verre :<\/p>\n<blockquote>\n<p style=\"text-align: justify;\"><span style=\"color: #000000;\">Eh bien ! Apr\u00e8s toutes ces ann\u00e9es, le seul personnage que j\u2019ai encore du mal \u00e0 cerner, c\u2019est la fille au verre d\u2019eau. Elle est au centre et pourtant elle est en dehors.<br \/>\n<\/span><\/p>\n<\/blockquote>\n<p style=\"text-align: justify;\">Le D\u00e9jeuner des canotiers, d\u00e9tail sur la \u00ab\u00a0fille au verre d\u2019eau\u00a0\u00bb<\/p>\n<p style=\"text-align: justify;\">Am\u00e9lie :<\/p>\n<blockquote>\n<p style=\"text-align: justify;\"><span style=\"color: #000000;\">Elle est peut-\u00eatre seulement diff\u00e9rente des autres ?<\/span><\/p>\n<p style=\"text-align: justify;\"><span style=\"color: #000000;\">Ah ! Et en quoi ?<\/span><\/p>\n<p style=\"text-align: justify;\"><span style=\"color: #000000;\">Je sais pas.<\/span><\/p>\n<p style=\"text-align: justify;\"><span style=\"color: #000000;\">Quand elle \u00e9tait petite, elle devait pas jouer souvent avec les <\/span><span style=\"color: #000000;\">autres enfants. Peut-\u00eatre m\u00eame jamais.<br \/>\n<\/span><\/p>\n<\/blockquote>\n<p style=\"text-align: justify;\">(\u2026)<\/p>\n<p style=\"text-align: justify;\">Am\u00e9lie :<\/p>\n<blockquote>\n<p style=\"text-align: justify;\"><em><span style=\"color: #000000;\">Vous savez, la fille au verre d\u2019eau, si elle a l\u2019air un peu \u00e0 c\u00f4t\u00e9, c\u2019est peut-\u00eatre qu\u2019elle est en train de penser \u00e0 quelqu\u2019un.<\/span><br \/>\n<\/em><\/p>\n<\/blockquote>\n<p style=\"text-align: justify;\">Le peintre :<\/p>\n<blockquote>\n<p style=\"text-align: justify;\"><span style=\"color: #000000;\">Quelqu\u2019un du tableau ?<\/span><\/p>\n<p style=\"text-align: justify;\"><span style=\"color: #000000;\">Non, plut\u00f4t un gar\u00e7on qu\u2019elle a crois\u00e9 ailleurs mais elle a l\u2019impression qu\u2019ils sont un peu pareils, elle et lui.<\/span><\/p>\n<p style=\"text-align: justify;\"><span style=\"color: #000000;\">Autrement dit, elle pr\u00e9f\u00e8re s\u2019imaginer une relation avec quelqu\u2019un d\u2019absent que de cr\u00e9er des liens avec ceux qui sont<\/span><br \/>\n<span style=\"color: #000000;\"> pr\u00e9sents ?<\/span><\/p>\n<p style=\"text-align: justify;\"><span style=\"color: #000000;\">Hum\u2026 Peut-\u00eatre m\u00eame qu\u2019au contraire, elle se met en quatre pour arranger les cafouillages de la vie des autres.<\/span><\/p>\n<p style=\"text-align: justify;\"><span style=\"color: #000000;\">Mais elle, les cafouillages de la sienne, de vie, qui va s\u2019en occuper ?<\/span><\/p>\n<p style=\"text-align: justify;\"><span style=\"color: #000000;\">Ben\u2026 En attendant, il vaut mieux se consacrer aux autres qu\u2019aux nains de jardin.<\/span><\/p>\n<p style=\"text-align: justify;\"><span style=\"color: #000000;\">Elle est amoureuse de lui ?<\/span><\/p>\n<p style=\"text-align: justify;\"><span style=\"color: #000000;\">Oui.<\/span><\/p>\n<p style=\"text-align: justify;\"><span style=\"color: #000000;\">Eh bien ! Je crois que le moment est venu pour elle de prendre un vrai risque.<\/span><\/p>\n<p style=\"text-align: justify;\"><span style=\"color: #000000;\">Justement, elle y pense. Elle est en train de r\u00e9fl\u00e9chir \u00e0 un stratag\u00e8me.<\/span><\/p>\n<p style=\"text-align: justify;\"><span style=\"color: #000000;\">Ah ! Elle aime bien \u00e7a, les stratag\u00e8mes.<\/span><\/p>\n<p style=\"text-align: justify;\"><span style=\"color: #000000;\">Oui.<\/span><\/p>\n<p style=\"text-align: justify;\"><span style=\"color: #000000;\">En fait, elle est un peu l\u00e2che. Je crois que c\u2019est \u00e7a que j\u2019ai du mal \u00e0 saisir dans son regard. \u00bb<\/span><\/p>\n<\/blockquote>\n<h2 style=\"text-align: justify;\"><span style=\"font-size: 12pt;\">Conclusion : la raison du plus fort<\/span><\/h2>\n<p style=\"text-align: justify;\">La question pos\u00e9e par ce film \u00ab cr\u00e9atif \u00bb, au <em>paradigme publicitaire,<\/em> c\u2019est moins son existence en tant que produit culturel que sa pr\u00e9tention \u00e0 singer, par un d\u00e9tournement \u00ab positif \u00bb, la <em>notion d&rsquo;\u0153uvre d&rsquo;art (versus produit culturel au paradigme parapublicitaire)<\/em>. Finalement, \u00e0 leur mani\u00e8re, les industries culturelles ent\u00e9rinent l\u2019existence de ce qui sera pour elles des \u00ab produits culturels haut de gamme \u00bb, en tout cas des produits qu\u2019on vendra sur ce cr\u00e9neau, comme l\u2019explique Laurent Creton. La logique psychologisante ou sociologisante de tels produits est, apr\u00e8s tout, une des approches de tout produit culturel qui ne se r\u00e9duit pas \u00e0 un simple divertissement : traiter en tant que m\u00e9dia les \u00ab grands probl\u00e8mes de soci\u00e9t\u00e9 \u00bb sur le mode de la fiction, comme les magazines de la presse \u00e9crite les traitent sur le mode r\u00e9dactionnel. Mais qu\u2019un film comme <em>Le Fabuleux Destin d\u2019Am\u00e9lie Poulain<\/em> veuille occuper et occulter un espace de r\u00e9sistance critique qui n\u2019est pas le sien en mimant la recherche artistique, en multipliant les r\u00e9f\u00e9rences culturelles \u00e0 la fa\u00e7on des publicitaires, alors on comprend mieux la scission interne \u00e0 la culture et l\u2019opposition critique introduite &#8211; <em>la coupure esth\u00e9tique <\/em>&#8211; entre production culturelle parapublicitaire et recherche artistique.<\/p>\n<p style=\"text-align: justify;\">Un ensemble composite, une premi\u00e8re tentative de <em>r\u00e9conciliation<\/em> entre la nouvelle vague, pour les \u00ab audaces formelles \u00bb et le r\u00e9alisme po\u00e9tique \u00ab pour l\u2019univers po\u00e9tique populaire \u00bb, la promotion d\u2019un univers de r\u00eave et de nostalgie \u00ab laisser en place le <em>statu quo<\/em> \u00bb, tout ce dispositif audiovisuel se met d\u2019abord au service d\u2019une po\u00e9sie \u00ab gentille \u00bb, domestique, loin \u00e9videmment d\u2019un \u00ab cin\u00e9ma de po\u00e9sie \u00bb.<\/p>\n<p style=\"text-align: justify;\">L\u2019attitude formelle objective de Jean-Pierre Jeunet consiste d\u2019abord en un <em>\u00e9vitement politique<\/em> des antagonismes, fussent-ils \u00ab artistiques \u00bb au nom d\u2019une <em>pseudo-r\u00e9conciliation<\/em>. Le <em>caract\u00e8re \u00e9nigmatique<\/em> de l\u2019\u0153uvre d\u2019art y est toujours r\u00e9duit \u00e0 un traitement psychologisant ou sociologisant. Enfin, le refuge dans une cr\u00e9ativit\u00e9 individuelle lib\u00e9ratrice se substitue \u00e0 la r\u00e9sistance de la m\u00e9diation artistique par son retour critique de la forme sur le mat\u00e9riau.<\/p>\n<p style=\"text-align: justify;\">Il y a aussi confusion entre technique artistique et nouvelles technologies, une forme de <em>d\u00e9terminisme technologique<\/em> dans l\u2019art parce qu\u2019il s\u2019agit de r\u00e9cup\u00e9rer une neutralit\u00e9 suppos\u00e9e de l\u2019outil sans r\u00e9flexion sur sa place et sa fonction dans la dimension esth\u00e9tique de l\u2019\u0153uvre d\u2019art.<\/p>\n<p style=\"text-align: justify;\">La publicit\u00e9, elle, ne s\u2019embarrasse pas de telles questions esth\u00e9tiques. Quand ce nouveau Goliath culturel, cette <em>culture pub<\/em>, au nom de sa pseudo-modernit\u00e9 vite d\u00e9valu\u00e9e, pr\u00e9tend devenir un paradigme artistique, les futurs David de la cr\u00e9ation artistique ne font pas beaucoup le poids. Et pourtant ces m\u00e9chants David \u00ab \u00e9litistes \u00bb sont somm\u00e9s de se taire et de laisser \u00ab s\u2019exprimer \u00bb une pure repr\u00e9sentation du pouvoir social et \u00e9conomique !<\/p>\n<p style=\"text-align: justify;\">Qui pr\u00e9tendrait avoir la force de d\u00e9truire la culture populaire industrialis\u00e9e, une culture n\u2019ayant, comme je l\u2019ai d\u00e9j\u00e0 soulign\u00e9 par ailleurs dans la <em>Web-revue,<\/em> plus rien \u00e0 voir avec les arts et traditions populaires ? L\u2019art populaire n\u2019est plus cette tradition souvent orale s\u00e9diment\u00e9e au cours des si\u00e8cles, mais il est devenu aujourd\u2019hui un ensemble de produits manufactur\u00e9s \u00e0 destination d\u2019un public populaire. Et cette production industrialis\u00e9e est li\u00e9e \u00e0 une instrumentalisation de la r\u00e9ception fortement d\u00e9magogique. R\u00e9sister aux logiques m\u00e9diatiques signifie donc d\u2019abord se battre pour conserver un droit bien restreint au plaisir de la pens\u00e9e sous toutes ses formes, philosophiques, scientifiques et artistiques face \u00e0 la g\u00e9n\u00e9ralisation du plaisir imm\u00e9diat de l\u2019oubli de soi dans les industries de l&rsquo;<em>entertainment<\/em> ou de<em> l&rsquo;infotainment<\/em>. La cr\u00e9ation artistique, dans son rapport \u00e0 la philosophie et aux sciences, participe au mouvement de la pens\u00e9e pour r\u00e9sister \u00e0 la <a href=\"http:\/\/industrie-culturelle.fr\/industrie-culturelle\/marc-hiver-kulturindustrie-raison\/\" target=\"_blank\" rel=\"noopener noreferrer\">raison id\u00e9ologique du plus fort<\/a>.<\/p>\n<blockquote>\n<p style=\"text-align: justify;\"><span style=\"color: #000000;\">C\u2019est pourquoi la loi formelle la plus profonde de l\u2019essai est l\u2019h\u00e9r\u00e9sie. On voit ainsi appara\u00eetre dans la chose, dans la d\u00e9sob\u00e9issance aux r\u00e8gles orthodoxes de la pens\u00e9e ce qu\u2019elles ont en secret pour finalit\u00e9 objective de tenir cach\u00e9 aux regards.<\/span><\/p>\n<p style=\"text-align: justify;\"><span style=\"font-size: 8pt; color: #000000;\"> T. W. ADORNO, \u00ab Parataxe \u00bb in <em>Notes sur la litt\u00e9rature<\/em>, Paris, Flammarion, \u00ab Champs \u00bb (traduction fran\u00e7aise Sibylle Muller), 1984, p. 29.<\/span><\/p>\n<p>&nbsp;<\/p>\n<\/blockquote>\n<figure id=\"attachment_26239\" aria-describedby=\"caption-attachment-26239\" style=\"width: 300px\" class=\"wp-caption aligncenter\"><img loading=\"lazy\" decoding=\"async\" class=\"wp-image-26239 size-medium\" src=\"http:\/\/industrie-culturelle.fr\/industrie-culturelle\/wp-content\/uploads\/2017\/04\/H\u00e9r\u00e9tiques-au-bucher-d\u00e9but-XIIIe-d-apr\u00e8s-miniature-XVe-300x239.jpg\" alt=\"\" width=\"300\" height=\"239\" srcset=\"https:\/\/industrie-culturelle.fr\/industrie-culturelle\/wp-content\/uploads\/2017\/04\/H\u00e9r\u00e9tiques-au-bucher-d\u00e9but-XIIIe-d-apr\u00e8s-miniature-XVe-300x239.jpg 300w, https:\/\/industrie-culturelle.fr\/industrie-culturelle\/wp-content\/uploads\/2017\/04\/H\u00e9r\u00e9tiques-au-bucher-d\u00e9but-XIIIe-d-apr\u00e8s-miniature-XVe-768x611.jpg 768w, https:\/\/industrie-culturelle.fr\/industrie-culturelle\/wp-content\/uploads\/2017\/04\/H\u00e9r\u00e9tiques-au-bucher-d\u00e9but-XIIIe-d-apr\u00e8s-miniature-XVe-600x477.jpg 600w, https:\/\/industrie-culturelle.fr\/industrie-culturelle\/wp-content\/uploads\/2017\/04\/H\u00e9r\u00e9tiques-au-bucher-d\u00e9but-XIIIe-d-apr\u00e8s-miniature-XVe.jpg 952w\" sizes=\"auto, (max-width: 300px) 100vw, 300px\" \/><figcaption id=\"caption-attachment-26239\" class=\"wp-caption-text\"><span style=\"font-size: 8pt;\">H\u00e9r\u00e9tiques au b\u00fbcher &#8211; d\u00e9but XIII &#8211; d&rsquo;apr\u00e8s miniature<\/span><\/figcaption><\/figure>\n<p align=\"center\">\u00a0<\/p>\n<p align=\"center\"><span style=\"font-family: times new roman,times;\"><strong><span style=\"color: #000000;\">R\u00c9F\u00c9RENCES<\/span><\/strong><\/span><\/p>\n<p>Adorno, T. W., (1982) : <em>Th\u00e9orie esth\u00e9tique<\/em>, Paris, Klincksieck (traduction fran\u00e7aise, Marc Jimenez).<\/p>\n<p>Adorno, T. W., Horkheimer, M., (1974) : \u00ab La Production industrielle de biens culturels \u00bb in <em>La Dialectique de la raison<\/em>, Paris, Tel Gallimard, (traduction fran\u00e7aise, Eliane Kaufholz).<\/p>\n<p>Adorno, T. W., (1984) : \u00ab Parataxe \u00bb in <em>Notes sur la litt\u00e9rature<\/em>, Paris, Flammarion, \u00ab Champs \u00bb (traduction fran\u00e7aise, Sibylle Muller).<\/p>\n<p>Creton, Laurent, (1997) : <em>Cin\u00e9ma et march\u00e9<\/em>, Paris, Armand Colin.<\/p>\n<p>Daney, Serge, (1997) : <em>Devant la recrudescence des vols de sacs \u00e0 main<\/em>, Lyon, Al\u00e9as Editeur.<\/p>\n<p>Hiver, Marc (2011) : <em>Adorno et les industries culturelles &#8211; communication, musique et cin\u00e9ma<\/em>, Paris, L&rsquo;Harmattan, collection Communication et civilisation.<\/p>\n<p>Hiver, Marc, \u00ab Forme esth\u00e9tique et contenu [social] s\u00e9diment\u00e9 \u00bb, <em>Web-revue des industries culturelles et num\u00e9riques<\/em>, 2013, mis en ligne le 1er octobre 2013. URL : <a href=\"http:\/\/industrie-culturelle.fr\/industrie-culturelle\/forme-esthetique-contenu-social-sedimente-marc-hiver\/\" target=\"_blank\" rel=\"noopener noreferrer\">http:\/\/industrie-culturelle.fr\/industrie-culturelle\/forme-esthetique-contenu-social-sedimente-marc-hiver\/<\/a><\/p>\n<p>Hiver, Marc, \u00ab Kulturindustrie et crise de la rationalit\u00e9 \u00bb, <em>Web-revue des industries culturelles et num\u00e9riques<\/em>, 2015, mis en ligne le 1er f\u00e9vrier 2015. URL : <a href=\"http:\/\/industrie-culturelle.fr\/industrie-culturelle\/marc-hiver-kulturindustrie-raison\/\" target=\"_blank\" rel=\"noopener noreferrer\">http:\/\/industrie-culturelle.fr\/industrie-culturelle\/kulturindustrie-raison-marc-hiver<\/a><\/p>\n<p>Hiver Marc, \u00ab Imaginaire, r\u00eave et plaisir &#8211; Marc HIVER \u00bb, <em>Web-revue des industries culturelles et num\u00e9riques<\/em>, 2013, mis en ligne le 1er juillet 2013. URL : <a href=\"http:\/\/industrie-culturelle.fr\/industrie-culturelle\/imaginaire-reve-plaisir-marc-hiver\/\" target=\"_blank\" rel=\"noopener noreferrer\">http:\/\/industrie-culturelle.fr\/industrie-culturelle\/imaginaire-reve-plaisir-marc-hiver\/<\/a><\/p>\n<p style=\"text-align: justify;\"><a href=\"http:\/\/industrie-culturelle.fr\/industrie-culturelle\/author\/mariv\/\" target=\"_blank\" rel=\"noopener noreferrer\">Lire les articles de Marc Hiver<\/a><\/p>\n<p>&nbsp;<\/p>\n<p style=\"text-align: justify;\"><a href=\"http:\/\/industrie-culturelle.fr\/industrie-culturelle\/wp-content\/uploads\/2013\/10\/bouton-citer.jpg\"><img loading=\"lazy\" decoding=\"async\" class=\"alignleft size-full wp-image-7069\" src=\"http:\/\/industrie-culturelle.fr\/industrie-culturelle\/wp-content\/uploads\/2013\/10\/bouton-citer.jpg\" alt=\"bouton citer\" width=\"150\" height=\"93\" \/><\/a>HIVER Marc, \u00ab \u00ab\u00a0Le Fabuleux Destin d&rsquo;Am\u00e9lie Poulain\u00a0\u00bb : r\u00e9concilier art et industrie ? &#8211; Marc HIVER \u00bb, <em>Articles<\/em> [En ligne], Web-revue des industries culturelles et num\u00e9riques, 2017, mis en ligne le 1er mai 2017. URL : http:\/\/industrie-culturelle.fr\/industrie-culturelle\/fabuleux-destin-amelie-poulain-reconcilier-art-industrie\/<\/p>\n<p style=\"text-align: justify;\"><div class=\"su-divider su-divider-style-default\" style=\"margin:15px 0;border-width:3px;border-color:#999999\"><a href=\"#\" style=\"color:#999999\">Aller en haut<\/a><\/div>\n","protected":false},"excerpt":{"rendered":"<p>Cette \u00e9tude cin\u00e9matographique sur <em>Le Fabuleux Destin d&rsquo;Am\u00e9lie Poulain<\/em> exp\u00e9rimente la th\u00e8se esth\u00e9tique centrale dans la th\u00e9orie critique des industries culturelles : <a href=\"http:\/\/industrie-culturelle.fr\/industrie-culturelle\/marc-hiver-forme-esthetique-contenu-social-sedimente\/\" target=\"_blank\" rel=\"noopener noreferrer\"><em>la forme esth\u00e9tique est du contenu [social] s\u00e9diment\u00e9<\/em><\/a>. <\/p>\n","protected":false},"author":5,"featured_media":26162,"comment_status":"open","ping_status":"closed","sticky":false,"template":"","format":"standard","meta":{"colormag_page_container_layout":"default_layout","colormag_page_sidebar_layout":"default_layout","footnotes":""},"categories":[1018,11,3,81],"tags":[],"coauthors":[928],"class_list":["post-26114","post","type-post","status-publish","format-standard","has-post-thumbnail","hentry","category-article","category-cinema","category-industries-culturelles","category-reperes-theoriques"],"aioseo_notices":[],"_links":{"self":[{"href":"https:\/\/industrie-culturelle.fr\/industrie-culturelle\/wp-json\/wp\/v2\/posts\/26114","targetHints":{"allow":["GET"]}}],"collection":[{"href":"https:\/\/industrie-culturelle.fr\/industrie-culturelle\/wp-json\/wp\/v2\/posts"}],"about":[{"href":"https:\/\/industrie-culturelle.fr\/industrie-culturelle\/wp-json\/wp\/v2\/types\/post"}],"author":[{"embeddable":true,"href":"https:\/\/industrie-culturelle.fr\/industrie-culturelle\/wp-json\/wp\/v2\/users\/5"}],"replies":[{"embeddable":true,"href":"https:\/\/industrie-culturelle.fr\/industrie-culturelle\/wp-json\/wp\/v2\/comments?post=26114"}],"version-history":[{"count":0,"href":"https:\/\/industrie-culturelle.fr\/industrie-culturelle\/wp-json\/wp\/v2\/posts\/26114\/revisions"}],"wp:featuredmedia":[{"embeddable":true,"href":"https:\/\/industrie-culturelle.fr\/industrie-culturelle\/wp-json\/wp\/v2\/media\/26162"}],"wp:attachment":[{"href":"https:\/\/industrie-culturelle.fr\/industrie-culturelle\/wp-json\/wp\/v2\/media?parent=26114"}],"wp:term":[{"taxonomy":"category","embeddable":true,"href":"https:\/\/industrie-culturelle.fr\/industrie-culturelle\/wp-json\/wp\/v2\/categories?post=26114"},{"taxonomy":"post_tag","embeddable":true,"href":"https:\/\/industrie-culturelle.fr\/industrie-culturelle\/wp-json\/wp\/v2\/tags?post=26114"},{"taxonomy":"author","embeddable":true,"href":"https:\/\/industrie-culturelle.fr\/industrie-culturelle\/wp-json\/wp\/v2\/coauthors?post=26114"}],"curies":[{"name":"wp","href":"https:\/\/api.w.org\/{rel}","templated":true}]}}