
{"id":24955,"date":"2017-02-01T02:00:01","date_gmt":"2017-02-01T01:00:01","guid":{"rendered":"http:\/\/industrie-culturelle.fr\/industrie-culturelle\/?p=24955"},"modified":"2025-09-01T17:50:57","modified_gmt":"2025-09-01T15:50:57","slug":"actualites-industries-culturelles-numeriques-50-fevrier-2017","status":"publish","type":"post","link":"https:\/\/industrie-culturelle.fr\/industrie-culturelle\/actualites-industries-culturelles-numeriques-50-fevrier-2017\/","title":{"rendered":"Actualit\u00e9s des industries culturelles et num\u00e9riques #50, f\u00e9vrier 2017"},"content":{"rendered":"<div class=\"pdfprnt-buttons pdfprnt-buttons-post pdfprnt-top-right\"><a href=\"https:\/\/industrie-culturelle.fr\/industrie-culturelle\/wp-json\/wp\/v2\/posts\/24955?print=pdf\" class=\"pdfprnt-button pdfprnt-button-pdf\" target=\"_blank\" ><img decoding=\"async\" src=\"https:\/\/industrie-culturelle.fr\/industrie-culturelle\/wp-content\/plugins\/pdf-print\/images\/pdf.png\" alt=\"image_pdf\" title=\"Afficher le PDF\" \/><\/a><a href=\"https:\/\/industrie-culturelle.fr\/industrie-culturelle\/wp-json\/wp\/v2\/posts\/24955?print=print\" class=\"pdfprnt-button pdfprnt-button-print\" target=\"_blank\" ><img decoding=\"async\" src=\"https:\/\/industrie-culturelle.fr\/industrie-culturelle\/wp-content\/plugins\/pdf-print\/images\/print.png\" alt=\"image_print\" title=\"Contenu imprim\u00e9\" \/><\/a><\/div><p style=\"text-align: justify;\"><strong>La Web-revue : de la <em>Kulturindustrie<\/em> d\u2019hier aux industries culturelles, cr\u00e9atives et num\u00e9riques d\u2019aujourd\u2019hui, s\u2019est ouvert un champ interdisciplinaire pour tous ceux dont les recherches interrogent la culture populaire industrialis\u00e9e et les m\u00e9dias. Cette rubrique propose de suivre les actualit\u00e9s des industries culturelles et num\u00e9riques du c\u00f4t\u00e9 des acteurs professionnels, qui sont souvent divis\u00e9s quant \u00e0 la bonne strat\u00e9gie \u00e0 adopter face \u00e0 l\u2019innovation constante, d\u2019o\u00f9 des d\u00e9bats \u00ab internes \u00bb dont doit tenir compte l\u2019approche critique de la Web-revue.<\/strong><\/p>\n<p style=\"text-align: center;\">Interdit \u00e0 la reproduction payante.<\/p>\n<p style=\"text-align: justify;\">Vous \u00eates entre 80 et 90 (parfois un peu plus, parfois un peu moins) \u00e0 lire les <em>Actualit\u00e9s<\/em> tous les mois, chiffre modeste, mais appr\u00e9ciable, m\u00eame si &#8211; et c&rsquo;est frustrant &#8211; je ne sais pas qui vous \u00eates (\u00e9tudiant, professionnel, coll\u00e8gue), quelles \u00e9tudes vous faites ou avez faites. Est-ce suffisant pour justifier l&rsquo;effort consenti chaque mois pour alimenter une rubrique qui ne compte pas dans les bilans de recherche universitaire ? \u00c9crivez-moi donc (<a href=\"mailto:drbuxton@yahoo.com\">drbuxton@yahoo.com)<\/a> pour donner votre avis sur ses insuffisances, ou pour me rassurer quant \u00e0 ses aspects utiles ou, encore mieux, me proposer une id\u00e9e d&rsquo;article, \u00e9ventuellement tir\u00e9e d&rsquo;un m\u00e9moire ou d&rsquo;une th\u00e8se. De mon c\u00f4t\u00e9, le but a toujours \u00e9t\u00e9 de r\u00e9sumer l&rsquo;actualit\u00e9 des industries culturelles (y compris l&rsquo;Internet et les r\u00e9seaux sociaux, \u00ab industries num\u00e9riques \u00bb) sous la forme d&rsquo;articles courts, rationalis\u00e9s par rapport \u00e0 la source, qui privil\u00e9gient d&rsquo;une part, les donn\u00e9es factuelles d&rsquo;un secteur en \u00e9volution (autant que faire se peut en chiffres), et d&rsquo;autre part, les points de vue parfois contradictoires des acteurs sociaux, qu&rsquo;ils soient \u00e9conomiques ou politiques. Autrement dit, un bouillon de culture en la mati\u00e8re.<\/p>\n<p style=\"text-align: justify;\">Je tiens \u00e0 suivre l&rsquo;\u00e9volution des industries culturelles sans id\u00e9es pr\u00e9con\u00e7ues, en dehors de l&rsquo;approche critique au sens large de l&rsquo;\u00c9cole du Francfort. La <em>Web-revue<\/em> voudrait actualiser celle-ci, et la remettre \u00e0 l&rsquo;\u00e9preuve d&rsquo;un capitalisme (tr\u00e8s) \u00ab tardif \u00bb, dans un premier temps par un travail empirique. La partie document\u00e9e des articles de la rubrique s&rsquo;appuie en grande partie sur la lecture des pages \u00e9conomiques du <em>Monde<\/em>, et des <em>\u00c9chos<\/em>, bien faites si on fait abstraction du n\u00e9olib\u00e9ralisme bien tremp\u00e9 des \u00e9ditorialistes. Dans le cas des <em>\u00c9chos<\/em>, je b\u00e9n\u00e9ficie de l&rsquo;assistance de mon ami Adrian Ponze, enseignant-chercheur en lettres \u00e0 l&rsquo;universit\u00e9 de Trelew (Argentine), qui m&rsquo;envoie r\u00e9guli\u00e8rement des liens aux articles mis en ligne, organis\u00e9s en cat\u00e9gories. De fa\u00e7on r\u00e9guli\u00e8re, je r\u00e9sume des articles publi\u00e9s dans des revues professionnelles am\u00e9ricaines comme <em>Advertising Age<\/em>. Autant que possible, j&rsquo;essaie d&rsquo;apporter une plus-value informationnelle, en rajoutant des d\u00e9tails \u00e9conomiques ou sociologiques trouv\u00e9s dans d&rsquo;autres sources.<\/p>\n<p style=\"text-align: justify;\">D\u00e9tach\u00e9s par un cadrage, les commentaires critiques, qui n&rsquo;engagent que moi, et qui ne sont pas syst\u00e9matiques, se veulent aussi \u00eatre une plus-value apport\u00e9e \u00e0 l&rsquo;information de base, une mise en lumi\u00e8re de la dimension sociale et politique de celle-ci. Bref, il s&rsquo;agit de donner un point de vue universitaire, qui n&rsquo;est pas neutre (loin de l\u00e0 !), mais qui a la possibilit\u00e9 de prendre de la distance. Le but implicite est de transformer un compte-rendu factuel en d\u00e9bat d&rsquo;id\u00e9es. Pour marquer son 50e num\u00e9ro, cette rubrique, inaugur\u00e9e en novembre 2012, prendra exceptionnellement une forme diff\u00e9rente : une s\u00e9lection (<em>best of<\/em>) des commentaires critiques anciens, traitant des sujets vari\u00e9s, que je remets en jeu*.<\/p>\n<p style=\"text-align: justify;\"><span style=\"font-size: 8pt;\">*Les mots plac\u00e9s entre parenth\u00e8ses carr\u00e9es repr\u00e9sentent des petites corrections par rapport \u00e0 l&rsquo;original. J&rsquo;ai aussi rajout\u00e9 des liens pour les noms propres.<br \/>\n<\/span><\/p>\n<h2 style=\"text-align: justify;\"><span style=\"font-size: 12pt;\">Le cin\u00e9ma des blockbusters (mai 2013), <a href=\"http:\/\/industrie-culturelle.fr\/industrie-culturelle\/actualites-9-mai-2013\/\">Actualit\u00e9s #9<\/a><\/span><\/h2>\n<p style=\"text-align: justify;\"><span style=\"font-size: 10pt; font-family: times new roman,times;\">La r\u00e9f\u00e9rence en termes de rentabilit\u00e9 (recettes de 1,5 milliard $ pour un co\u00fbt de 220 millions $) pour les blockbusters <em style=\"mso-bidi-font-style: normal;\">action hero <\/em>reste <em style=\"mso-bidi-font-style: normal;\">The Avengers <\/em>(2012), qui a \u00e9galement fait figurer les h\u00e9ros des <em style=\"mso-bidi-font-style: normal;\">comic books<\/em> Marvel. Le budget initial d\u2019<em style=\"mso-bidi-font-style: normal;\">Iron Man 3<\/em> (140 millions $) a \u00e9t\u00e9 port\u00e9 \u00e0 200 millions $ dans l\u2019espoir de capitaliser sur ce succ\u00e8s (en fait les recettes mondiales du film ont atteint 1 milliard $ vers mi-mai). [Suit un tableau d\u00e9taill\u00e9 des recettes des blockbusters historiques sur la page originale].<br \/>\n<\/span><\/p>\n<p style=\"text-align: justify;\"><span style=\"font-family: times new roman,times; font-size: 10pt;\">Le co\u00fbt de production moyen pour ce genre de film se situe d\u00e9sormais \u2013 augmentation sensible depuis l\u00e9 d\u00e9but de la d\u00e9cennie 2000 \u2013 dans une fourchette de 150 \u00e0 200 millions $, ce qui ne garantit pas son succ\u00e8s. Celui-ci tient \u00e0 un facteur ind\u00e9finissable : non seulement faut-il atteindre une masse critique de recettes aux \u00c9tats-Unis (au moins deux fois les co\u00fbts initiaux), mais doubler ensuite ce chiffre sur le march\u00e9 \u00ab\u00a0international\u00a0\u00bb, avec des variantes de partage. Bref, \u00e0 partir d\u2019une mise de 200 millions $, le but est d\u2019atteindre des recettes globales d\u2019un milliard $. (Remarquons en passant le remarquable tir group\u00e9 de la saga <em style=\"mso-bidi-font-style: normal;\">Seigneur des Anneaux <\/em>entre 2001 et 2003, doublant presque ce rapport \u00ab\u00a0magique\u00a0\u00bb de 1:5). Peu de films atteignent ce jackpot, mais m\u00eame en de\u00e7\u00e0 le blockbuster est un produit assez rentable (malgr\u00e9 un \u00ab\u00a0navet authentique\u00a0\u00bb dans le lot, <em style=\"mso-bidi-font-style: normal;\">Green Lantern<\/em> (2011)) ; en plus des recettes provenant des entr\u00e9es en salle, il y a les march\u00e9s de t\u00e9l\u00e9vision, de DVD, et de produits d\u00e9riv\u00e9s. Contre cela, il faut compter les frais de promotion, qui peuvent monter jusqu\u2019\u00e0 la moiti\u00e9 des frais initiaux. Le probl\u00e8me pour les producteurs peut se r\u00e9sumer ainsi\u00a0: comment faire un produit qui pla\u00eet d\u2019abord (massivement) \u00e0 un public am\u00e9ricain, mais encore plus \u00e0 un public non am\u00e9ricain, \u00e9tant donn\u00e9 que le premier public n\u2019est plus de taille suffisante pour en assurer (vraiment) la rentabilit\u00e9\u00a0?<\/span><\/p>\n<p style=\"text-align: justify;\"><span style=\"font-size: 10pt; font-family: 'Times New Roman','serif';\"><img loading=\"lazy\" decoding=\"async\" class=\"alignleft size-full wp-image-25167\" src=\"http:\/\/industrie-culturelle.fr\/industrie-culturelle\/wp-content\/uploads\/2017\/01\/marvell.jpg\" alt=\"\" width=\"299\" height=\"168\" srcset=\"https:\/\/industrie-culturelle.fr\/industrie-culturelle\/wp-content\/uploads\/2017\/01\/marvell.jpg 299w, https:\/\/industrie-culturelle.fr\/industrie-culturelle\/wp-content\/uploads\/2017\/01\/marvell-195x110.jpg 195w\" sizes=\"auto, (max-width: 299px) 100vw, 299px\" \/>La conqu\u00eate du march\u00e9 international est pass\u00e9e par une \u00ab\u00a0d\u00e9-psychologisation\u00a0\u00bb ou \u00ab\u00a0<em style=\"mso-bidi-font-style: normal;\">avatarisation<\/em>\u00a0\u00bb des personnages, allant jusqu&rsquo;\u00e0 la neutralisation des origines, \u00e0 m\u00eame de franchir plus facilement les fronti\u00e8res s\u00e9parant des cultures diff\u00e9rentes. C\u2019est la th\u00e8se que j\u2019ai avanc\u00e9e dans mon livre sur les s\u00e9ries t\u00e9l\u00e9vis\u00e9es dont un article-r\u00e9sum\u00e9 se trouve <a href=\"http:\/\/industrie-culturelle.fr\/industrie-culturelle\/leconomie-politique-des-series-americaines\/\">ici sur le site<\/a>. Une des caract\u00e9ristiques du cin\u00e9ma commercial depuis les ann\u00e9es 1960 (en commen\u00e7ant par la s\u00e9rie des James Bond qui continue \u00e0 ce jour contre toute attente) est l\u2019importance des moyens consacr\u00e9s aux genres (aventures, science-fiction, fantastique) d\u00e9riv\u00e9s des feuilletons de cin\u00e9ma et des <em style=\"mso-bidi-font-style: normal;\">comics <\/em>des ann\u00e9es 1930 et 1940 (<em style=\"mso-bidi-font-style: normal;\">Flash Gordon<\/em>, <em style=\"mso-bidi-font-style: normal;\">Superman<\/em>, <em style=\"mso-bidi-font-style: normal;\">Batman<\/em>). La saga de <em style=\"mso-bidi-font-style: normal;\">La Guerre des Etoiles<\/em> continue cette tradition dans laquelle une forme culturelle m\u00e9pris\u00e9e devient un support id\u00e9al pour les technologies num\u00e9riques qui, plus que les sc\u00e9narios, propulsent ce genre de film, et qui le font vieillir assez rapidement (ce qui pose probl\u00e8me pour la critique : voir <a href=\"http:\/\/industrie-culturelle.fr\/industrie-culturelle\/misere-de-la-critique-dans-lere-postmoderne-cedric-donnat\/\">l&rsquo;article de C\u00e9dric Donnat ce mois-c<\/a>i). L\u2019actualisation des <em style=\"mso-bidi-font-style: normal;\">action heroes <\/em>issus des <em style=\"mso-bidi-font-style: normal;\">comics <\/em>Marvel des ann\u00e9es 1960 s\u2019inscrit dans cette strat\u00e9gie depuis le d\u00e9but des ann\u00e9es 2000, avec des budgets de plus en plus importants pour un retour plut\u00f4t d\u00e9clinant. Un parall\u00e8le se trouve dans la musique rock qui a conquis le monde en adaptant aux nouvelles techniques d\u2019enregistrement (bandes multi-pistes) une forme populaire d\u00e9riv\u00e9e d&rsquo;une autre forme am\u00e9ricaine \u00ab\u00a0pauvre\u00a0\u00bb, le blues\u00a0; c\u2019est l\u2019\u00e9puisement formel et esth\u00e9tique de ce filon qui a \u00e9t\u00e9 l\u2019un des facteurs dans le d\u00e9clin de l\u2019industrie du disque. Le cin\u00e9ma des <em style=\"mso-bidi-font-style: normal;\">blockbusters<\/em> inspir\u00e9 par les h\u00e9ros des <em style=\"mso-bidi-font-style: normal;\">comics<\/em> risque le m\u00eame ass\u00e8chement. Au-del\u00e0 de ses probl\u00e8mes anecdotiques avec la censure, la production de ce type de film doit d\u00e9sormais tenir en compte les go\u00fbts du public chinois. En effet, la croissance du march\u00e9 chinois est essentielle pour l\u2019avenir du genre. <\/span><\/p>\n<p><span style=\"font-size: 10pt; font-family: 'Times New Roman','serif';\">Finalement, il faut noter que l&rsquo;expansion \u00ab horizontale\u00a0 \u00bb du<em> blockbuster<\/em> (dans les march\u00e9s internationaux) se fait au prix d&rsquo;une p\u00e9n\u00e9tration \u00ab verticale \u00bb relativement \u00e9troite : le c\u0153ur de cible est le jeune m\u00e2le de vingt ans.<\/span><\/p>\n<h2><span style=\"font-size: 12pt;\">Tagger des marques et des personnalit\u00e9s sur Instagram (Facebook), juin 2013, <a href=\"http:\/\/industrie-culturelle.fr\/industrie-culturelle\/actualites-des-industries-culturelles-et-creatives-10-juin-2013\/\">Actualit\u00e9s #10<\/a><\/span><\/h2>\n<p style=\"text-align: justify;\">Le <em>business model <\/em>d&rsquo;Instagram commence \u00e0 prendre forme, et d\u00e9pendra massivement de l&rsquo;utilisation de c\u00e9l\u00e9brit\u00e9s sous contrat \u00e0 des marques. Le lien entre les industries culturelles et l&rsquo;industrie publicitaire est de plus en plus \u00e9troit. Les industries culturelles (auxquelles il faut ajouter celle du sport professionnel) deviennent un filon illimit\u00e9 d&rsquo;o\u00f9 l&rsquo;on peut puiser de futurs supports publicitaires incarn\u00e9s ; autrement dit, les industries culturelles tendent \u00e0 devenir un simple tremplin qui permet aux stars d&rsquo;exploiter dans le march\u00e9 plus lucratif de la publicit\u00e9 des marques une c\u00e9l\u00e9brit\u00e9 d\u00e9j\u00e0 acquise en tant que com\u00e9dien ou chanteur. Pour Yves Citton, professeur de litt\u00e9rature \u00e0 l&rsquo;universit\u00e9 de Grenoble-3, <em>\u00ab<\/em> <em>Toute \u0153uvre d&rsquo;art d\u00e9pend en effet pour sa circulation d&rsquo;une \u00e9conomie d&rsquo;attention, qu&rsquo;elle contribue \u00e0 reconditionner en retour. Si l&rsquo;\u00e9conomie \u00ab\u00a0classique\u00a0\u00bb\u00a0 (celle qui optimise les choix en fonction de la raret\u00e9 des marchandises mat\u00e9rielles et de la production de services) a toujours r\u00e9gi le destin des \u0153uvres, celles-ci ont de tout temps invent\u00e9 des fa\u00e7ons innovantes de traiter cette raret\u00e9 qu&rsquo;est l&rsquo;attention &#8211; raret\u00e9 <\/em>perp\u00e9tuelle<em> de l&rsquo;attention, puisque la vie humaine a toujours \u00e9t\u00e9 trop courte, mais raret\u00e9 <\/em>nouvelle<em> dans la mesure o\u00f9 la multiplication des ressources culturelles disponibles gr\u00e2ce aux r\u00e9seaux num\u00e9riques accro\u00eet de fa\u00e7on exponentielle le \u00ab\u00a0co\u00fbt d&rsquo;opportunit\u00e9\u00a0\u00bb de tout choix attentionnel<\/em> <em>\u00bb<\/em> (\u00ab L&rsquo;\u00c9conomie de l&rsquo;Attention \u00bb,<em> La Revue des Livres<\/em>, 11, mai-juin 2013, p. 74, <a href=\"http:\/\/www.revuedeslivres.fr\/\" target=\"_blank\" rel=\"noopener\">site ici<\/a>). La c\u00e9l\u00e9brit\u00e9, d\u00e9sormais fabriqu\u00e9e industriellement et \u00e0 de multiples \u00e9chelles, devient un moyen non seulement de structurer l&rsquo;intervention publicitaire sur les r\u00e9seaux sociaux, mais aussi d&rsquo;optimiser cette raret\u00e9 qu&rsquo;est \u00ab le choix attentionnel \u00bb du consommateur, sollicit\u00e9 maintenant en permanence. La mesure marchande d&rsquo;une c\u00e9l\u00e9brit\u00e9, dor\u00e9navant, c&rsquo;est le nombre de <em>followers<\/em>, et non les ventes ou les entr\u00e9es.<\/p>\n<figure id=\"attachment_4453\" aria-describedby=\"caption-attachment-4453\" style=\"width: 150px\" class=\"wp-caption alignleft\"><a href=\"http:\/\/industrie-culturelle.fr\/industrie-culturelle\/wp-content\/uploads\/2013\/05\/nabila2.jpg\"><img loading=\"lazy\" decoding=\"async\" class=\"size-thumbnail wp-image-4453\" title=\"nabila\" src=\"http:\/\/industrie-culturelle.fr\/industrie-culturelle\/wp-content\/uploads\/2013\/05\/nabila2-150x150.jpg\" alt=\"\" width=\"150\" height=\"150\" srcset=\"https:\/\/industrie-culturelle.fr\/industrie-culturelle\/wp-content\/uploads\/2013\/05\/nabila2-150x150.jpg 150w, https:\/\/industrie-culturelle.fr\/industrie-culturelle\/wp-content\/uploads\/2013\/05\/nabila2-36x36.jpg 36w, https:\/\/industrie-culturelle.fr\/industrie-culturelle\/wp-content\/uploads\/2013\/05\/nabila2-115x115.jpg 115w\" sizes=\"auto, (max-width: 150px) 100vw, 150px\" \/><\/a><figcaption id=\"caption-attachment-4453\" class=\"wp-caption-text\">Nabilla Benatti<\/figcaption><\/figure>\n<p style=\"text-align: justify;\">\u00c0\u00a0ce propos, il faudrait parler de Kim Kardashian [14,2 millions de<em> followers<\/em>, 7\u00e8me au monde derri\u00e8re Lady Gaga, 21,3 millions] ; nulle part au monde peut-on y \u00e9chapper, m\u00eame si l&rsquo;on ne lit pas la presse <em>people<\/em>. Toutes proportions en silicone respect\u00e9es, l&rsquo;\u00e9quivalent fran\u00e7ais serait quelqu&rsquo;un comme Nabilla (<em>Les Anges de la t\u00e9l\u00e9r\u00e9alit\u00e9<\/em> sur NRJ12), dont la carri\u00e8re, semble-t-il, soit d\u00e9j\u00e0 grill\u00e9e apr\u00e8s des r\u00e9v\u00e9lations sur son pass\u00e9 (300 000\u00a0<em>followers\u00a0<\/em>actuellement, loin derri\u00e8re le champion fran\u00e7ais, le DJ David Guetta avec 8,4 millions). En attendant une \u00e9ventuelle suite, une s\u00e9quence culte, d\u00e9tourn\u00e9e par Ikea, Oasis et Dia dans des spots publicitaires, mais elle-m\u00eame le simple calque d&rsquo;un idiome am\u00e9ricain usuel depuis au moins dix ans (ce qui n&rsquo;a pas emp\u00each\u00e9 mademoiselle de le d\u00e9poser \u00e0 l&rsquo;Institut national de la propri\u00e9t\u00e9 industrielle le 11 mars), a d\u00e9j\u00e0 \u00e9t\u00e9 vue par 2,1 millions d&rsquo;internautes. Son p\u00e8re, Alg\u00e9rien, qui l&rsquo;a reni\u00e9e et vice versa, est fonctionnaire de l&rsquo;ONU \u00e0 Gen\u00e8ve. Kim Kardashian (n\u00e9e en 1980), fille de l&rsquo;avocat Robert Kardashian qui a d\u00e9fendu avec succ\u00e8s le footballeur et acteur O.J. Simpson, accus\u00e9 du meurtre de sa femme et de l&rsquo;amant de celle-ci, appara\u00eet depuis 2007 dans un <em>reality show, Keeping Up with the Kardashians<\/em>, o\u00f9 les membres de la famille \u00e9largie jouent leurs propres r\u00f4les [de <em>shoppers<\/em> acharn\u00e9s], sur la cha\u00eene c\u00e2bl\u00e9e E!, renouvel\u00e9 en 2012 pour 40 millions $. Elle a eu des relations avec le producteur de musique Damon Thomas (2000-04), le rappeur Ray J. (2006) avec qui elle r\u00e9alise une <em>sex video<\/em>, et le footballeur Reggie Bush, 2007-10. Son mariage avec le basketteur Kris Humphries en 2011, hyst\u00e9riquement couvert par tous les m\u00e9dias am\u00e9ricains, n&rsquo;a dur\u00e9 que 72 jours (les mauvaises langues affirment qu&rsquo;il s&rsquo;agissait d&rsquo;un coup de publicit\u00e9) ; en 2012, elle annonce qu&rsquo;elle est enceinte du rappeur Kanye West. Nouvelle hyst\u00e9rie m\u00e9diatique.<\/p>\n<figure id=\"attachment_4454\" aria-describedby=\"caption-attachment-4454\" style=\"width: 150px\" class=\"wp-caption alignright\"><a href=\"http:\/\/industrie-culturelle.fr\/industrie-culturelle\/wp-content\/uploads\/2013\/05\/kim-kardashian3.jpg\"><img loading=\"lazy\" decoding=\"async\" class=\"size-thumbnail wp-image-4454\" title=\"kim kardashian\" src=\"http:\/\/industrie-culturelle.fr\/industrie-culturelle\/wp-content\/uploads\/2013\/05\/kim-kardashian3-150x150.jpg\" alt=\"\" width=\"150\" height=\"150\" srcset=\"https:\/\/industrie-culturelle.fr\/industrie-culturelle\/wp-content\/uploads\/2013\/05\/kim-kardashian3-150x150.jpg 150w, https:\/\/industrie-culturelle.fr\/industrie-culturelle\/wp-content\/uploads\/2013\/05\/kim-kardashian3-36x36.jpg 36w, https:\/\/industrie-culturelle.fr\/industrie-culturelle\/wp-content\/uploads\/2013\/05\/kim-kardashian3-115x115.jpg 115w\" sizes=\"auto, (max-width: 150px) 100vw, 150px\" \/><\/a><figcaption id=\"caption-attachment-4454\" class=\"wp-caption-text\">Kim Kardashian<\/figcaption><\/figure>\n<p style=\"text-align: justify;\">Entre-temps, elle a lanc\u00e9 avec ses deux s\u0153urs la Kardashian Kollection, une marque de v\u00eatements pour la grande soci\u00e9t\u00e9 de distribution Sears, ainsi que cinq parfums et une ligne de cosm\u00e9tiques. Ses atouts ? Une physique avantageuse, un \u00e9gocentrisme hors du commun, et un parcours bien calcul\u00e9. Force est de reconna\u00eetre que le ph\u00e9nom\u00e8ne Kim Kardashian pose probl\u00e8me pour l&rsquo;analyse critique, qui aurait tendance \u00e0 n&rsquo;y voir que de la d\u00e9cadence, du vide existentiel du capitalisme tardif et de ses images du r\u00eave am\u00e9ricain faisand\u00e9es. Remarquons simplement qu&rsquo;elle repr\u00e9sente le prototype de c\u00e9l\u00e9brit\u00e9 qui a r\u00e9ussi \u00e0 s&rsquo;imposer dans le commerce des marques personnelles, sans avoir eu \u00e0 faire des preuves artistiques r\u00e9clam\u00e9es, du moins en principe, par les industries culturelles (voir aussi\u00a0<a href=\"http:\/\/industrie-culturelle.fr\/industrie-culturelle\/actualites-des-industries-culturelles-et-numeriques-2-oct-25-2012\/\">Actualit\u00e9s #2<\/a>\u00bb). Il est vrai que de r\u00e9elles comp\u00e9tences cr\u00e9atives demandent un investissement en temps d\u00e9mesur\u00e9, sans le moindre garanti de retour. D\u00e9j\u00e0, le talent r\u00e9ellement artistique de c\u00e9l\u00e9brit\u00e9s musicales \u00ab fabriqu\u00e9es \u00bb sur mesure comme Lady Gaga, Justin Bieber, Britney Spears ou, dans un autre registre, David Guetta est extr\u00eamement discutable, pour ne pas en dire plus.<\/p>\n<figure id=\"attachment_4555\" aria-describedby=\"caption-attachment-4555\" style=\"width: 150px\" class=\"wp-caption alignleft\"><a href=\"http:\/\/industrie-culturelle.fr\/industrie-culturelle\/wp-content\/uploads\/2013\/05\/dominique-pasquier-2.jpg\"><img loading=\"lazy\" decoding=\"async\" class=\"size-thumbnail wp-image-4555\" title=\"dominique pasquier 2\" src=\"http:\/\/industrie-culturelle.fr\/industrie-culturelle\/wp-content\/uploads\/2013\/05\/dominique-pasquier-2-150x128.jpg\" alt=\"\" width=\"150\" height=\"128\" \/><\/a><figcaption id=\"caption-attachment-4555\" class=\"wp-caption-text\">Dominique Pasquier<\/figcaption><\/figure>\n<p style=\"text-align: justify;\">L&rsquo;incarnation \u00e0 l&rsquo;exc\u00e8s d&rsquo;une vie enti\u00e8rement consacr\u00e9e au narcissisme consum\u00e9riste (mais avec un sens aigu des affaires) fait que Kim Kardashian et d&rsquo;autres revendiquant avec fiert\u00e9 leur inculture totale soient souvent plus en phase avec le consommateur ordinaire qu&rsquo;un \u00ab vrai\u00a0\u00bb chanteur ou acteur (voir la r\u00e9ception mitig\u00e9e de la vid\u00e9o de Nicole Richie, fille du grand chanteur des vari\u00e9t\u00e9s des ann\u00e9es 1970, Lionel Richie). Il faudrait faire une \u00e9tude dans plusieurs pays de l&rsquo;origine sociale de ce genre de c\u00e9l\u00e9brit\u00e9, qui joue un r\u00f4le important dans la reproduction id\u00e9ologique (et m\u00eame \u00e9conomique) du capitalisme tardif. On pourrait avancer l&rsquo;hypoth\u00e8se (\u00e0 confirmer, \u00e0 infl\u00e9chir ou \u00e0 infirmer) que le\u00a0\u00ab personnage-marque\u00a0\u00bb soit le prolongement de l&rsquo;animateur de t\u00e9l\u00e9vision analys\u00e9 par Sabine Chalvon-Demersay et Dominique Pasquier dans leur livre classique, <em>Dr\u00f4les de stars, la t\u00e9l\u00e9vision des animateurs <\/em>(Aubier, 1990), qui fait le constat d&rsquo;un grand \u00e9cart chez cette cat\u00e9gorie entre les origines sociales relativement ais\u00e9es (voire bourgeoises) et le niveau d&rsquo;\u00e9tudes (tr\u00e8s) m\u00e9diocre, le prototype fran\u00e7ais \u00e9tant Michel Drucker.<\/p>\n<h2 style=\"text-align: justify;\"><span style=\"font-size: 12pt;\">D\u00e9bat entre producteurs, [sc\u00e9naristes] et cha\u00eenes de t\u00e9l\u00e9vision (janvier 2014), <a href=\"http:\/\/industrie-culturelle.fr\/industrie-culturelle\/actualites-des-industries-culturelles-et-numeriques-16-janvier-2014\/\">Actualit\u00e9s #16<\/a><\/span><\/h2>\n<figure id=\"attachment_25245\" aria-describedby=\"caption-attachment-25245\" style=\"width: 150px\" class=\"wp-caption alignright\"><img loading=\"lazy\" decoding=\"async\" class=\"size-thumbnail wp-image-25245\" src=\"http:\/\/industrie-culturelle.fr\/industrie-culturelle\/wp-content\/uploads\/2017\/01\/belmer2-150x150.jpg\" alt=\"\" width=\"150\" height=\"150\" srcset=\"https:\/\/industrie-culturelle.fr\/industrie-culturelle\/wp-content\/uploads\/2017\/01\/belmer2-150x150.jpg 150w, https:\/\/industrie-culturelle.fr\/industrie-culturelle\/wp-content\/uploads\/2017\/01\/belmer2-144x144.jpg 144w, https:\/\/industrie-culturelle.fr\/industrie-culturelle\/wp-content\/uploads\/2017\/01\/belmer2-36x36.jpg 36w, https:\/\/industrie-culturelle.fr\/industrie-culturelle\/wp-content\/uploads\/2017\/01\/belmer2-32x32.jpg 32w, https:\/\/industrie-culturelle.fr\/industrie-culturelle\/wp-content\/uploads\/2017\/01\/belmer2-50x50.jpg 50w, https:\/\/industrie-culturelle.fr\/industrie-culturelle\/wp-content\/uploads\/2017\/01\/belmer2-64x64.jpg 64w, https:\/\/industrie-culturelle.fr\/industrie-culturelle\/wp-content\/uploads\/2017\/01\/belmer2-96x96.jpg 96w, https:\/\/industrie-culturelle.fr\/industrie-culturelle\/wp-content\/uploads\/2017\/01\/belmer2-128x128.jpg 128w, https:\/\/industrie-culturelle.fr\/industrie-culturelle\/wp-content\/uploads\/2017\/01\/belmer2.jpg 225w\" sizes=\"auto, (max-width: 150px) 100vw, 150px\" \/><figcaption id=\"caption-attachment-25245\" class=\"wp-caption-text\">Rodolphe Belmer (1969-)<\/figcaption><\/figure>\n<p style=\"text-align: justify;\">L&rsquo;incapacit\u00e9 suppos\u00e9e des Fran\u00e7ais \u00e0 faire aussi bien que les Am\u00e9ricains (ou les Britanniques) en mati\u00e8re de t\u00e9l\u00e9vision est un vieux serpent de mer. Il est int\u00e9ressant de noter que Canal+ et la Guilde des sc\u00e9naristes s&rsquo;accordent pour louer le mod\u00e8le am\u00e9ricain, qui manifestement n&rsquo;a pas le m\u00eame sens pour tout le monde. Ce qui est nouveau, c&rsquo;est la charge explicite contre les sc\u00e9naristes, accus\u00e9s de d\u00e9ficit d&rsquo;esprit collectif, ce qui est fort de caf\u00e9 venant d&rsquo;un dipl\u00f4m\u00e9 d&rsquo;HEC. [Le discours] de <a href=\"https:\/\/fr.wikipedia.org\/wiki\/Rodolphe_Belmer\">Rodolphe Belmer<\/a> [\u00e0 l&rsquo;\u00e9poque, directeur-g\u00e9n\u00e9ral du groupe Canal+, avant d&rsquo;\u00eatre vir\u00e9 en janvier 2015], qui brasse des clich\u00e9s, rejoint les attaques historiques des \u00e9lites contre le pr\u00e9tendu pass\u00e9isme des Fran\u00e7ais, critique \u00ab culturaliste\u00a0\u00bb (\u00ab <em>les Fran\u00e7ais sont ainsi \u00bb<\/em>) qui pr\u00e9tend pointer l&rsquo;origine sociale et historique des tares, souvent contradictoires, de la mentalit\u00e9 fran\u00e7aise (tant\u00f4t trop attach\u00e9e \u00e0 l&rsquo;\u00c9tat, tant\u00f4t trop individualiste).\u00a0\u00c0 vrai dire, ce type de discours moraliste [&#8230;] a une vis\u00e9e purement strat\u00e9gique ; il s&rsquo;agit de mettre sur le d\u00e9fensif les sc\u00e9naristes afin d&rsquo;affaiblir le statut dont ils b\u00e9n\u00e9ficient actuellement. Un des arguments de Belmer est d\u00e9loyal : personne ne songerait \u00e0 demander \u00e0 un seul sc\u00e9nariste d&rsquo;\u00e9crire une saison enti\u00e8re. La r\u00e9action de la Guilde pointe un autre probl\u00e8me, plus s\u00e9rieux : l&rsquo;absence de coop\u00e9ration en France entre sc\u00e9naristes, r\u00e9alisateurs et producteurs.<\/p>\n<figure id=\"attachment_8426\" aria-describedby=\"caption-attachment-8426\" style=\"width: 150px\" class=\"wp-caption alignleft\"><a href=\"http:\/\/industrie-culturelle.fr\/industrie-culturelle\/wp-content\/uploads\/2013\/12\/john-t.-caldwell.jpg\"><img loading=\"lazy\" decoding=\"async\" class=\"size-thumbnail wp-image-8426\" title=\"john t. caldwell\" src=\"http:\/\/industrie-culturelle.fr\/industrie-culturelle\/wp-content\/uploads\/2013\/12\/john-t.-caldwell-150x150.jpg\" alt=\"\" width=\"150\" height=\"150\" srcset=\"https:\/\/industrie-culturelle.fr\/industrie-culturelle\/wp-content\/uploads\/2013\/12\/john-t.-caldwell-150x150.jpg 150w, https:\/\/industrie-culturelle.fr\/industrie-culturelle\/wp-content\/uploads\/2013\/12\/john-t.-caldwell-36x36.jpg 36w, https:\/\/industrie-culturelle.fr\/industrie-culturelle\/wp-content\/uploads\/2013\/12\/john-t.-caldwell-115x115.jpg 115w, https:\/\/industrie-culturelle.fr\/industrie-culturelle\/wp-content\/uploads\/2013\/12\/john-t.-caldwell-32x32.jpg 32w, https:\/\/industrie-culturelle.fr\/industrie-culturelle\/wp-content\/uploads\/2013\/12\/john-t.-caldwell-64x64.jpg 64w, https:\/\/industrie-culturelle.fr\/industrie-culturelle\/wp-content\/uploads\/2013\/12\/john-t.-caldwell-96x96.jpg 96w, https:\/\/industrie-culturelle.fr\/industrie-culturelle\/wp-content\/uploads\/2013\/12\/john-t.-caldwell-128x128.jpg 128w\" sizes=\"auto, (max-width: 150px) 100vw, 150px\" \/><\/a><figcaption id=\"caption-attachment-8426\" class=\"wp-caption-text\">John T. Caldwell (UCLA)<\/figcaption><\/figure>\n<p style=\"text-align: justify;\">Le travail en \u00e9quipe \u00e0 l&rsquo;am\u00e9ricaine, tant vant\u00e9 par Belmer, est une collaboration hi\u00e9rarchis\u00e9e o\u00f9 les membres de l&rsquo;\u00e9quipe ont des statuts diff\u00e9renci\u00e9s : certains jouissent des droits d&rsquo;auteur, d&rsquo;autres sont pigistes et corv\u00e9ables \u00e0 merci (voir le livre tr\u00e8s riche de l&rsquo;ethnologue et ancien professionnel de la t\u00e9l\u00e9vision <a href=\"http:\/\/www.asc.upenn.edu\/Faculty\/Faculty-Bio.aspx?id=308\" target=\"_blank\" rel=\"noopener\">John T. Caldwell<\/a>, <em>Production Culture<\/em>, Duke University Press, 2008). Les sc\u00e9naristes \u00ab\u00a0font \u00e9quipe\u00a0\u00bb aux \u00c9tats-Unis comme les managers et les ouvriers \u00ab\u00a0font \u00e9quipe\u00a0\u00bb dans une usine en France ; en ce sens, la charge de Belmer vise plut\u00f4t \u00e0 faire soumettre davantage un corps de m\u00e9tier \u00e0 la discipline hi\u00e9rarchique et aux imp\u00e9ratifs \u00e9conomiques. Cela dit, il y a beaucoup \u00e0 dire sur les faiblesses objectives de la production t\u00e9l\u00e9visuelle fran\u00e7aise. Selon Jean Bianchi, d\u00e9j\u00e0 en 2000 (<em>CinemAction, <\/em>57, p. 100), \u00ab\u00a0c<em>e qui saute aux yeux, ou plut\u00f4t aux oreilles,<a href=\"http:\/\/industrie-culturelle.fr\/industrie-culturelle\/wp-content\/uploads\/2013\/12\/dominique-pasquier1.jpg\"><img loading=\"lazy\" decoding=\"async\" class=\"alignright size-full wp-image-8436\" title=\"dominique pasquier\" src=\"http:\/\/industrie-culturelle.fr\/industrie-culturelle\/wp-content\/uploads\/2013\/12\/dominique-pasquier1.jpg\" alt=\"\" width=\"96\" height=\"128\" \/><\/a> quand on compare la tradition fran\u00e7aise du feuilleton t\u00e9l\u00e9vis\u00e9 \u00e0 d&rsquo;autres traditions nationales, c&rsquo;est la centralit\u00e9 du dialogue dans la mise en sc\u00e8n<\/em>e\u00a0\u00bb, ce qui s&rsquo;explique en partie par la faiblesse des budgets. Jean-Pierre J\u00e9z\u00e9quel\u00a0 (<em>ibid.<\/em>, p. 36) met l&rsquo;accent sur le syst\u00e8me de r\u00e9mun\u00e9ration des auteurs en France qui renvoie \u00e0 une conception juridique tr\u00e8s litt\u00e9raire du sc\u00e9nariste ; en cas de travail collectif, le forfait pr\u00e9vu par la loi est divis\u00e9 en autant de contributeurs. Dans une \u00e9tude classique du monde des sc\u00e9naristes de l&rsquo;audiovisuel, <a href=\"http:\/\/fr.wikipedia.org\/wiki\/Dominique_Pasquier\" target=\"_blank\" rel=\"noopener\">Dominique Pasquier<\/a> (\u00e0 droite) dresse le portrait d&rsquo;un \u00ab\u00a0<em>groupe<\/em> <em>qui traverse des crises end\u00e9miques<\/em>\u00a0\u00bb dans un syst\u00e8me de production qui engendre des contradictions \u00e0 tous les niveaux, et o\u00f9 il n&rsquo;existe pas d&rsquo;entente entre corps de m\u00e9tiers (<em>Les sc\u00e9naristes et la t\u00e9l\u00e9vision : approche sociologique<\/em>, INA\/Nathan, 1995). La situation a-t-elle \u00e9volu\u00e9 depuis ? Ce qui s&rsquo;impose, afin d&rsquo;infl\u00e9chir un d\u00e9bat qui tourne en rond, c&rsquo;est une nouvelle enqu\u00eate sociologique, qui reprendrait le travail pionnier de Pasquier.<\/p>\n<h2 style=\"text-align: justify;\"><span style=\"font-size: 12pt;\">Le streaming, c&rsquo;est la radio du XXIe si\u00e8cle, mars 2014, <a href=\"http:\/\/industrie-culturelle.fr\/industrie-culturelle\/actualites-des-industries-culturelles-et-numeriques-18-mars-2014\/\">Actualit\u00e9s #18<\/a><\/span><\/h2>\n<p style=\"text-align: justify;\">Sommes-nous condamn\u00e9s \u00e0 la musique \u00ab\u00a0au kilom\u00e8tre\u00a0\u00bb, sans valeur ? Il y a beaucoup \u00e0 dire sur la lente agonie de l&rsquo;industrie musicale. Comment valoriser la production musicale dans l&rsquo;\u00e8re de la technologie num\u00e9rique qui d\u00e9mat\u00e9rialise les anciens supports, et rend tout son patrimoine accessible en ligne, l\u00e9galement ou non ? L&rsquo;industrie n&rsquo;a pas \u00e0 ce jour trouv\u00e9 de r\u00e9ponse. Jean-Michel Jarre va jusqu&rsquo;\u00e0 ent\u00e9riner l&rsquo;id\u00e9e que l&rsquo;acc\u00e8s \u00e0 la musique en ligne sera gratuit, et qu&rsquo;il faut en chercher d&rsquo;autres formes de valorisation. Si le consommateur ne veut plus payer pour pouvoir \u00e9couter tel morceau de musique choisi, force est de conclure que sa valeur (en termes mon\u00e9taires) est devenue faible ou nulle. M\u00eame si l&rsquo;on ne cherche plus \u00e0 imputer les difficult\u00e9s de l&rsquo;industrie aux seules nouvelles technologies, la recherche de solutions reste confin\u00e9e \u00e0 une approche purement \u00e9conomique. Dans le constat de l&rsquo;effondrement de la valeur de la musique enregistr\u00e9e, on n&rsquo;\u00e9vitera pas la question d&rsquo;une perte de \u00ab\u00a0qualit\u00e9\u00a0\u00bb, terme qui semble <em>a priori <\/em>condamn\u00e9 \u00e0 l&rsquo;affirmation subjective. On peut, cependant, objectiver cette perte, en comprenant la valeur d&rsquo;usage de la marchandise culturelle comme un facteur variable (voir \u00ab\u00a0<a href=\"http:\/\/industrie-culturelle.fr\/industrie-culturelle\/le-rock-montee-star-system-musique-populaire\/\" target=\"_blank\" rel=\"noopener\">Le rock, chapitre 1<\/a>\u00a0\u00bb dans la web-revue).<\/p>\n<figure id=\"attachment_9117\" aria-describedby=\"caption-attachment-9117\" style=\"width: 150px\" class=\"wp-caption alignleft\"><a href=\"http:\/\/industrie-culturelle.fr\/industrie-culturelle\/wp-content\/uploads\/2014\/02\/neil-young.jpg\"><img loading=\"lazy\" decoding=\"async\" class=\"size-thumbnail wp-image-9117\" title=\"neil young\" src=\"http:\/\/industrie-culturelle.fr\/industrie-culturelle\/wp-content\/uploads\/2014\/02\/neil-young-150x150.jpg\" alt=\"\" width=\"150\" height=\"150\" srcset=\"https:\/\/industrie-culturelle.fr\/industrie-culturelle\/wp-content\/uploads\/2014\/02\/neil-young-150x150.jpg 150w, https:\/\/industrie-culturelle.fr\/industrie-culturelle\/wp-content\/uploads\/2014\/02\/neil-young-36x36.jpg 36w, https:\/\/industrie-culturelle.fr\/industrie-culturelle\/wp-content\/uploads\/2014\/02\/neil-young-115x115.jpg 115w, https:\/\/industrie-culturelle.fr\/industrie-culturelle\/wp-content\/uploads\/2014\/02\/neil-young-32x32.jpg 32w, https:\/\/industrie-culturelle.fr\/industrie-culturelle\/wp-content\/uploads\/2014\/02\/neil-young-64x64.jpg 64w, https:\/\/industrie-culturelle.fr\/industrie-culturelle\/wp-content\/uploads\/2014\/02\/neil-young-96x96.jpg 96w, https:\/\/industrie-culturelle.fr\/industrie-culturelle\/wp-content\/uploads\/2014\/02\/neil-young-128x128.jpg 128w\" sizes=\"auto, (max-width: 150px) 100vw, 150px\" \/><\/a><figcaption id=\"caption-attachment-9117\" class=\"wp-caption-text\">Neil Young<\/figcaption><\/figure>\n<p style=\"text-align: justify;\">Le d\u00e9clin dans la valeur d&rsquo;usage du support musical se manifeste formellement par l&rsquo;\u00e9puisement de la musique rock et ses d\u00e9riv\u00e9s, comme peuvent en t\u00e9moigner des analyses musicologiques qui mettent en \u00e9vidence son adh\u00e9rence continue \u00e0 une tonalit\u00e9 classique et pauvre, son absence de liens cr\u00e9atifs avec une avant-garde, elle-m\u00eame exsangue ; sociologiquement par le d\u00e9clin parall\u00e8le de la presse sp\u00e9cialis\u00e9e, et des \u00ab\u00a0contre-cultures\u00a0\u00bb organis\u00e9es autour d&rsquo;une forme musicale ; et techniquement par le remplacement du CD par le format MP3, fortement compress\u00e9 et manquant de dynamique (typiquement, une diff\u00e9rence de 6 d\u00e9cibels entre les sons les plus forts et les plus faibles, par rapport \u00e0 17 d\u00e9cibels dans le cas (test\u00e9 devant moi par le compositeur Jean-Baptiste Favory) de l&rsquo;album vinyle <em>Harvest <\/em>(1972) de <a href=\"http:\/\/fr.wikipedia.org\/wiki\/Neil_Young\" target=\"_blank\" rel=\"noopener\">Neil Young<\/a>, qui milite aujourd&rsquo;hui pour <a href=\"http:\/\/news.cnet.com\/8301-1023_3-57601215-93\/neil-youngs-high-def-music-format-pono-due-next-year\/\" target=\"_blank\" rel=\"noopener\">une nouvelle norme num\u00e9rique<\/a>). Le niveau de compression actuelle flatte les oreilles dans un premier temps, mais rend monotone et lassant l&rsquo;\u00e9coute d&rsquo;un album en entier (voir <a href=\"http:\/\/industrie-culturelle.fr\/industrie-culturelle\/la-musique-enregistree-a-lheure-du-numerique-florent-aupetit\/\" target=\"_blank\" rel=\"noopener\">l&rsquo;article de Florent Aupetit<\/a> dans la web-revue). On pourrait ajouter aussi dans cette perte de valeur l&rsquo;importance prise du \u00ab\u00a0capital mort\u00a0\u00bb, repr\u00e9sent\u00e9 par des programmes d&rsquo;assemblage de sons (<em>pre-sets<\/em>) et par des \u00e9chantillonnages, qui remplacent <a href=\"http:\/\/industrie-culturelle.fr\/industrie-culturelle\/wp-content\/uploads\/2014\/02\/eric-clapton1.jpg\"><img loading=\"lazy\" decoding=\"async\" class=\"alignright size-thumbnail wp-image-9121\" title=\"eric clapton\" src=\"http:\/\/industrie-culturelle.fr\/industrie-culturelle\/wp-content\/uploads\/2014\/02\/eric-clapton1-150x150.jpg\" alt=\"\" width=\"150\" height=\"150\" srcset=\"https:\/\/industrie-culturelle.fr\/industrie-culturelle\/wp-content\/uploads\/2014\/02\/eric-clapton1-150x150.jpg 150w, https:\/\/industrie-culturelle.fr\/industrie-culturelle\/wp-content\/uploads\/2014\/02\/eric-clapton1-36x36.jpg 36w, https:\/\/industrie-culturelle.fr\/industrie-culturelle\/wp-content\/uploads\/2014\/02\/eric-clapton1-115x115.jpg 115w, https:\/\/industrie-culturelle.fr\/industrie-culturelle\/wp-content\/uploads\/2014\/02\/eric-clapton1-32x32.jpg 32w, https:\/\/industrie-culturelle.fr\/industrie-culturelle\/wp-content\/uploads\/2014\/02\/eric-clapton1-64x64.jpg 64w, https:\/\/industrie-culturelle.fr\/industrie-culturelle\/wp-content\/uploads\/2014\/02\/eric-clapton1-96x96.jpg 96w, https:\/\/industrie-culturelle.fr\/industrie-culturelle\/wp-content\/uploads\/2014\/02\/eric-clapton1-128x128.jpg 128w\" sizes=\"auto, (max-width: 150px) 100vw, 150px\" \/><\/a>le jeu d&rsquo;ensemble et la prouesse instrumentale, acquise au prix de milliers d&rsquo;heures de r\u00e9p\u00e9tition dans sa chambre, les doigts ensanglant\u00e9s (lire, par exemple, l&rsquo;autobiographie \u00e9ponyme d&rsquo;<a href=\"http:\/\/fr.wikipedia.org\/wiki\/Eric_Clapton\" target=\"_blank\" rel=\"noopener\">Eric Clapton<\/a> (\u00e0 droite) chez Arrow Books, 2007). Je pense aussi aux conditions sociales favorisant l&rsquo;existence d&rsquo;un vivier de musiciens, sans quoi le jazz et le rock n&rsquo;auraient jamais pu exister, vivier d\u00e9pendant de la possibilit\u00e9 d&rsquo;une vie boh\u00e8me auto-impos\u00e9e, essentiellement consacr\u00e9e \u00e0 l&rsquo;apprentissage du jeu collectif (lire l&rsquo;autobiographie de <a href=\"http:\/\/fr.wikipedia.org\/wiki\/Keith_Richards\" target=\"_blank\" rel=\"noopener\">Keith Richards<\/a>, <em>Life. Ma vie avec les Stones<\/em>, Robert Laffont, 2010). Ce serait un comportement risqu\u00e9, voire suicidaire de nos jours, o\u00f9 l&rsquo;exclusion sociale d\u00e9finitive guette toute marginalit\u00e9. En d&rsquo;autres termes, c&rsquo;\u00e9tait la capacit\u00e9 \u00e0 cristalliser et \u00e0 articuler les id\u00e9es d&rsquo;une contre-culture qui a historiquement donn\u00e9 au rock une valeur d&rsquo;usage accrue.<\/p>\n<p style=\"text-align: justify;\">Sch\u00e9matiquement, on voit deux \u00ab\u00a0solutions\u00a0\u00bb propos\u00e9es au sein de l&rsquo;industrie. D&rsquo;abord, la mise en place de plateformes de streaming payantes plus \u00e9quitables dans l&rsquo;espoir qu&rsquo;on changera radicalement son comportement vis \u00e0 vis de la musique en ligne. Mais m\u00eame dans un sc\u00e9nario optimiste, les sommes qui en seraient issues, monopolis\u00e9es comme \u00e0 pr\u00e9sent par quelques artistes, risquent de rester n\u00e9gligeables pour la plupart des titres, malgr\u00e9 l&rsquo;\u00e9galit\u00e9 d&rsquo;acc\u00e8s promise. La solution pr\u00e9conis\u00e9e par <a href=\"https:\/\/fr.wikipedia.org\/wiki\/Jean-Michel_Jarre\">Jean-Michel Jarre<\/a>, plus ambitieuse, revendique une part de la valeur boursi\u00e8re des plateformes et des technologies num\u00e9riques. Mais la centralit\u00e9 de la musique populaire de nos jours dans le succ\u00e8s de celles-ci est tr\u00e8s contestable ; est-ce vrai qu&rsquo;un smartphone ne vaudrait que 100 euros sans acc\u00e8s aux plateformes musicales ? Le second probl\u00e8me, plus grave, est que cette valeur boursi\u00e8re, compl\u00e8tement d\u00e9tach\u00e9e du chiffre d&rsquo;affaires dans l&rsquo;\u00e9conomie r\u00e9elle, est \u00ab\u00a0virtuelle\u00a0\u00bb, et ne sera en toute probabilit\u00e9 jamais r\u00e9alis\u00e9e (voir \u00ab\u00a0<a href=\"http:\/\/industrie-culturelle.fr\/industrie-culturelle\/actualites-des-industries-culturelles-et-creatives-15-decembre-2013\/\" target=\"_blank\" rel=\"noopener\">Actualit\u00e9s #15<\/a> \u00bb).<\/p>\n<p style=\"text-align: justify;\"><span style=\"font-size: 8pt;\">A lire : Fabien Granjon, Cl\u00e9ment Combes, \u00ab\u00a0<a href=\"http:\/\/www.cairn.info\/resume.php?ID_ARTICLE=RES_145_0291\" target=\"_blank\" rel=\"noopener\">La <em>num\u00e9rimorphose<\/em> des pratiques de consommation musicale<\/a> \u00bb, <em>R\u00e9seaux<\/em>, no. 145-46, 2007.<\/span><\/p>\n<h2 style=\"text-align: justify;\"><span style=\"font-size: 12pt;\">L&rsquo;overdose des super-h\u00e9ros, juin 2014, <a href=\"http:\/\/industrie-culturelle.fr\/industrie-culturelle\/actualites-des-industries-culturelles-et-numeriques-21-juin-2014\/\">Actualit\u00e9s #21<\/a><\/span><\/h2>\n<figure id=\"attachment_25176\" aria-describedby=\"caption-attachment-25176\" style=\"width: 150px\" class=\"wp-caption alignleft\"><img loading=\"lazy\" decoding=\"async\" class=\"wp-image-25176 size-thumbnail\" src=\"http:\/\/industrie-culturelle.fr\/industrie-culturelle\/wp-content\/uploads\/2017\/01\/wonder-woman-150x150.jpg\" width=\"150\" height=\"150\" srcset=\"https:\/\/industrie-culturelle.fr\/industrie-culturelle\/wp-content\/uploads\/2017\/01\/wonder-woman-150x150.jpg 150w, https:\/\/industrie-culturelle.fr\/industrie-culturelle\/wp-content\/uploads\/2017\/01\/wonder-woman-144x144.jpg 144w, https:\/\/industrie-culturelle.fr\/industrie-culturelle\/wp-content\/uploads\/2017\/01\/wonder-woman-36x36.jpg 36w, https:\/\/industrie-culturelle.fr\/industrie-culturelle\/wp-content\/uploads\/2017\/01\/wonder-woman-32x32.jpg 32w, https:\/\/industrie-culturelle.fr\/industrie-culturelle\/wp-content\/uploads\/2017\/01\/wonder-woman-50x50.jpg 50w, https:\/\/industrie-culturelle.fr\/industrie-culturelle\/wp-content\/uploads\/2017\/01\/wonder-woman-64x64.jpg 64w, https:\/\/industrie-culturelle.fr\/industrie-culturelle\/wp-content\/uploads\/2017\/01\/wonder-woman-96x96.jpg 96w, https:\/\/industrie-culturelle.fr\/industrie-culturelle\/wp-content\/uploads\/2017\/01\/wonder-woman-128x128.jpg 128w\" sizes=\"auto, (max-width: 150px) 100vw, 150px\" \/><figcaption id=\"caption-attachment-25176\" class=\"wp-caption-text\">Wonder Woman<\/figcaption><\/figure> <figure id=\"attachment_25191\" aria-describedby=\"caption-attachment-25191\" style=\"width: 393px\" class=\"wp-caption alignright\"><img loading=\"lazy\" decoding=\"async\" class=\"wp-image-25191 size-full\" src=\"http:\/\/industrie-culturelle.fr\/industrie-culturelle\/wp-content\/uploads\/2017\/01\/triumph.jpg\" width=\"393\" height=\"128\" srcset=\"https:\/\/industrie-culturelle.fr\/industrie-culturelle\/wp-content\/uploads\/2017\/01\/triumph.jpg 393w, https:\/\/industrie-culturelle.fr\/industrie-culturelle\/wp-content\/uploads\/2017\/01\/triumph-300x98.jpg 300w\" sizes=\"auto, (max-width: 393px) 100vw, 393px\" \/><figcaption id=\"caption-attachment-25191\" class=\"wp-caption-text\">\u00ab\u00a0Le triomphe de la volont\u00e9\u00a0\u00bb (1935) \u00a0 \u00ab\u00a0La Guerre des Etoiles\u00a0\u00bb (1977)<\/figcaption><\/figure>\n<p style=\"text-align: justify;\">Au cours d&rsquo;une interview sur Canal+ le mois dernier, <a href=\"https:\/\/fr.wikipedia.org\/wiki\/Michel_Gondry\">Michel Gondry<\/a>, qui a tout de m\u00eame r\u00e9alis\u00e9 <em>Le Frelon<\/em> <em>vert<\/em>, a qualifi\u00e9 le film de super-h\u00e9ros de fasciste. <em>La<\/em> <em>Lanterne vert<\/em><em>e <\/em>pourrait bien m\u00e9riter ce qualificatif avec ses r\u00e9f\u00e9rences visuelles aux rallyes de Nuremberg (voir ci-dessous), immortalis\u00e9s par la cin\u00e9aste nazie <a href=\"https:\/\/fr.wikipedia.org\/wiki\/Leni_Riefenstahl\">Leni Riefenstahl<\/a> dans son ignoble mais brillant <em> Le <\/em><em>Triomphe de la volont\u00e9<\/em>, dont l&rsquo;esth\u00e9tique fournit toujours la tonalit\u00e9 en la mati\u00e8re. Mais m\u00eame-l\u00e0, ce serait oublier \u00e0 quel point ces films, d\u00e9j\u00e0 (r\u00e9-) interpr\u00e9t\u00e9s d&rsquo;avance dans un sens parodique, [s&rsquo;arrangent pour ne pas \u00eatre pris] au premier degr\u00e9. Gondry va discutablement un peu trop vite en besogne, m\u00eame si on peut admettre que les films de justicier (genre auquel appartiennent les super-h\u00e9ros) ont un aspect <em>a priori<\/em> r\u00e9gressif. Mais d&rsquo;un point de vue id\u00e9ologique, les produits culturels de masse, d&rsquo;autant plus qu&rsquo;ils soient internationaux, sont complexes, ambigus et ouverts \u00e0 plusieurs lectures. Dans le cas des films de super-h\u00e9ros, cette complexit\u00e9 vient d&rsquo;abord du fait qu&rsquo;il s&rsquo;agit de personnages de\u00a0<em>comic books <\/em>datant de l&rsquo;\u00e9poque 1938-70 (avec une deuxi\u00e8me g\u00e9n\u00e9ration plut\u00f4t d\u00e9cal\u00e9e), transpos\u00e9s dans les ann\u00e9es 2000 dans un contexte diff\u00e9rent, mais o\u00f9 les valeurs victorieuses de la Guerre de 1939-45 sont conserv\u00e9es. Certains d&rsquo;entre eux comme Captain America et Wonder Woman sont n\u00e9s dans un d\u00e9cor explicitement antinazi, qui a \u00e9t\u00e9 reproduit dans les adaptations ult\u00e9rieures.\u00a0 Objet d&rsquo;une s\u00e9rie t\u00e9l\u00e9vis\u00e9e kitschissime des ann\u00e9es 1970, Wonder Woman est m\u00eame devenue, contre toute attente, une ic\u00f4ne gay. Autant dire qu&rsquo;une analyse du ph\u00e9nom\u00e8ne des super-h\u00e9ros n&rsquo;est pas si facile \u00e0 faire que cela, et que ce serait tomber dans la facilit\u00e9 de les voir comme un simple reflet des ann\u00e9es 2000.<\/p>\n<figure id=\"attachment_25196\" aria-describedby=\"caption-attachment-25196\" style=\"width: 299px\" class=\"wp-caption alignright\"><img loading=\"lazy\" decoding=\"async\" class=\"size-full wp-image-25196\" src=\"http:\/\/industrie-culturelle.fr\/industrie-culturelle\/wp-content\/uploads\/2017\/01\/green-lantern.jpg\" alt=\"\" width=\"299\" height=\"168\" srcset=\"https:\/\/industrie-culturelle.fr\/industrie-culturelle\/wp-content\/uploads\/2017\/01\/green-lantern.jpg 299w, https:\/\/industrie-culturelle.fr\/industrie-culturelle\/wp-content\/uploads\/2017\/01\/green-lantern-195x110.jpg 195w\" sizes=\"auto, (max-width: 299px) 100vw, 299px\" \/><figcaption id=\"caption-attachment-25196\" class=\"wp-caption-text\">\u00ab\u00a0La Lanterne verte\u00a0\u00bb, graphique (2011)<\/figcaption><\/figure>\n<p style=\"text-align: justify;\">On ne peut analyser la charge id\u00e9ologique de ce genre de film sans prendre en compte sa dimension formelle, qui pour Adorno rel\u00e8ve du <strong><em>contenu s\u00e9diment\u00e9<\/em><\/strong> (<a href=\"http:\/\/industrie-culturelle.fr\/industrie-culturelle\/adorno-2-forme-esthetique-contenu-social-sedimente\/\" target=\"_blank\" rel=\"noopener\">voir l&rsquo;article dans la Web-revue de Marc Hiver<\/a>), autrement dit de l&rsquo;id\u00e9ologie fig\u00e9e. Le recours massif aux images de synth\u00e8se dans le film <em>blockbuster <\/em>est aussi une contrainte en termes de d\u00e9veloppement th\u00e9matique (il faut que \u00e7a p\u00e8te et que \u00e7a bastonne), et aussi d&rsquo;approfondissement psychologique (g\u00e9n\u00e9ralement exclu, en dehors de sc\u00e8nes assez navrantes d\u00e9di\u00e9es \u00e0 cet effet) ; le mariage entre super-h\u00e9ros et images de synth\u00e8se semble donc tout indiqu\u00e9 pour accommoder la faiblesse narrative qui en d\u00e9coule. Sans pr\u00e9tendre faire une vraie analyse de ce genre de film, faute d&rsquo;avoir effectu\u00e9 des recherches approfondies, je vois au moins deux pistes \u00e0 suivre (en int\u00e9grant les discours m\u00e9diatiques qui s&rsquo;y attachent comme des coquillages \u00e0 un rocher, et qui font donc partie de l&rsquo;objet d&rsquo;\u00e9tude).<\/p>\n<figure id=\"attachment_10517\" aria-describedby=\"caption-attachment-10517\" style=\"width: 296px\" class=\"wp-caption alignleft\"><a href=\"http:\/\/industrie-culturelle.fr\/industrie-culturelle\/wp-content\/uploads\/2014\/05\/atlas2.jpg\"><img loading=\"lazy\" decoding=\"async\" class=\"size-full wp-image-10517\" title=\"atlas2\" src=\"http:\/\/industrie-culturelle.fr\/industrie-culturelle\/wp-content\/uploads\/2014\/05\/atlas2.jpg\" alt=\"\" width=\"296\" height=\"170\" \/><\/a><figcaption id=\"caption-attachment-10517\" class=\"wp-caption-text\">publicit\u00e9 (Charles Atlas) pour des cours de musculation, ann\u00e9es 1950<\/figcaption><\/figure>\n<p style=\"text-align: justify;\">a) les ressorts psychologiques de ce genre de personnage sont <em>a priori<\/em> simples : dans le sch\u00e9ma de base, un homme ch\u00e9tif (et dot\u00e9 probablement d&rsquo;un micro-p\u00e9nis) se transforme en \u00eatre sur-muscl\u00e9 (Captain America). Dans des variantes, il s&rsquo;agit de timidit\u00e9 maladive (Superman), d&rsquo;exp\u00e9riences scientifiques avec des cons\u00e9quences malheureuses ou inattendues (Spiderman, Hulk), de traumatismes d&rsquo;enfance (Batman), ou de sur-reconstructions artificielles de grands bless\u00e9s (Iron Man). On est bien dans un fantasme primitif d&rsquo;impuissance et de sur-puissance d\u00e9plac\u00e9 sur un terrain non sexuel, la pr\u00e9sence des femmes confinant logiquement \u00e0 la mi\u00e8vrerie. Mais \u00e0 la diff\u00e9rence de la science-fiction classique, et m\u00eame des sagas comme <em>Le Seigneur des anneaux<\/em>, o\u00f9 la dimension fantasmatique est davantage sublim\u00e9, celle-ci est d\u00e9sormais \u00e0 nu, \u00e0 peine habill\u00e9e. Quelle est la signification de la r\u00e9-inscription de ce genre de fantasme \u00e0 ciel ouvert dans le contexte socio-politique d&rsquo;aujourd&rsquo;hui, o\u00f9 la pr\u00e9tention d&rsquo;un super-h\u00e9ros d&rsquo;adresser par la force physique les probl\u00e8mes que doit affronter l&rsquo;humanit\u00e9 (le r\u00e9chauffement de la plan\u00e8te par exemple) est d\u00e9risoire ?<\/p>\n<p style=\"text-align: justify;\">b) ces films sont populaires non seulement chez les adolescents aux \u00c9tats-Unis, mais aussi chez les Chinois, jeunes et moins jeunes. On peut voir en les super-h\u00e9ros du cin\u00e9ma une \u00e9tape de plus dans <em>l&rsquo;avatarisation<\/em> \u00e0 l&rsquo;\u00e9chelle internationale des personnages. Qu&rsquo;y voit le public chinois ? S\u00fbrement pas la preuve de la sup\u00e9riorit\u00e9 de la culture am\u00e9ricaine. Autrement dit, le <em>soft power<\/em> (l&rsquo;influence g\u00e9opolitique acquise par la s\u00e9duction culturelle et non par la force ou la menace implicite), si important dans les cas du cin\u00e9ma hollywoodien, du jazz et du rock, s&rsquo;op\u00e8rerait moins qu&rsquo;avant. L&rsquo;industrie de cin\u00e9ma am\u00e9ricaine ne risque-elle pas de devenir l&rsquo;amuseur attitr\u00e9 d&rsquo;une plan\u00e8te en perdition, voire son bouffon ? Ne faut-il pas voir dans le manque de dimension psychologique dans ces films d\u00e9sormais internationaux, la traduction effective de la tendance dans le capitalisme tardif \u00e0 la marchandisation de tous les rapports sociaux ?<\/p>\n<p style=\"text-align: justify;\"><a href=\"http:\/\/industrie-culturelle.fr\/industrie-culturelle\/wp-content\/uploads\/2014\/05\/batman-in-china.jpg\"><img loading=\"lazy\" decoding=\"async\" class=\"aligncenter size-full wp-image-10687\" title=\"batman in china\" src=\"http:\/\/industrie-culturelle.fr\/industrie-culturelle\/wp-content\/uploads\/2014\/05\/batman-in-china.jpg\" alt=\"\" width=\"273\" height=\"185\" \/><\/a><\/p>\n<p style=\"text-align: justify;\"><span style=\"font-size: 8pt;\">Je parle du ph\u00e9nom\u00e8ne des\u00a0<em>blockbusters<\/em> en g\u00e9n\u00e9ral (avec r\u00e9sultats au <em>box office<\/em>) dans \u00ab\u00a0<a href=\"http:\/\/industrie-culturelle.fr\/industrie-culturelle\/actualites-9-mai-2013\/\" target=\"_blank\" rel=\"noopener\">Actualit\u00e9s #9<\/a> \u00bb. \u00c0 lire pour le fondement th\u00e9orique de ce commentaire (chercheurs confirm\u00e9s et doctorants) : Fredric Jameson, \u00ab\u00a0M\u00e9ta-commentaire\u00a0\u00bb (1971) dans <em>L&rsquo;inconscient politique<\/em>, Questions th\u00e9oriques, 2012 (publication originale 1981). Voir <a href=\"http:\/\/www.contretemps.eu\/culture\/fredric-jameson-mode-demploi-0\" target=\"_blank\" rel=\"noopener\">http:\/\/www.contretemps.eu\/culture\/fredric-jameson-mode-demploi-0<\/a>, et l&rsquo;article de Thierry Labica <a href=\"http:\/\/industrie-culturelle.fr\/industrie-culturelle\/presentation-de-fredic-jameson-thierry-labica\/\" target=\"_blank\" rel=\"noopener\">ici dans la web-revue<\/a>.<\/span><\/p>\n<h2 style=\"text-align: justify;\"><span style=\"font-size: 12pt;\">La mont\u00e9e en puissance des bases de donn\u00e9es, et la mort de la politique, sept. 2014, <a href=\"http:\/\/industrie-culturelle.fr\/industrie-culturelle\/actualites-des-industries-culturelles-et-numeriques-23-septembre-2014\/\">Actualit\u00e9s #23<\/a><\/span><\/h2>\n<figure id=\"attachment_24980\" aria-describedby=\"caption-attachment-24980\" style=\"width: 150px\" class=\"wp-caption alignleft\"><img loading=\"lazy\" decoding=\"async\" class=\"size-thumbnail wp-image-24980\" src=\"http:\/\/industrie-culturelle.fr\/industrie-culturelle\/wp-content\/uploads\/2017\/01\/morozov-150x150.jpg\" alt=\"\" width=\"150\" height=\"150\" srcset=\"https:\/\/industrie-culturelle.fr\/industrie-culturelle\/wp-content\/uploads\/2017\/01\/morozov-150x150.jpg 150w, https:\/\/industrie-culturelle.fr\/industrie-culturelle\/wp-content\/uploads\/2017\/01\/morozov-144x144.jpg 144w, https:\/\/industrie-culturelle.fr\/industrie-culturelle\/wp-content\/uploads\/2017\/01\/morozov-36x36.jpg 36w, https:\/\/industrie-culturelle.fr\/industrie-culturelle\/wp-content\/uploads\/2017\/01\/morozov-32x32.jpg 32w, https:\/\/industrie-culturelle.fr\/industrie-culturelle\/wp-content\/uploads\/2017\/01\/morozov-50x50.jpg 50w, https:\/\/industrie-culturelle.fr\/industrie-culturelle\/wp-content\/uploads\/2017\/01\/morozov-64x64.jpg 64w, https:\/\/industrie-culturelle.fr\/industrie-culturelle\/wp-content\/uploads\/2017\/01\/morozov-96x96.jpg 96w, https:\/\/industrie-culturelle.fr\/industrie-culturelle\/wp-content\/uploads\/2017\/01\/morozov-128x128.jpg 128w, https:\/\/industrie-culturelle.fr\/industrie-culturelle\/wp-content\/uploads\/2017\/01\/morozov.jpg 225w\" sizes=\"auto, (max-width: 150px) 100vw, 150px\" \/><figcaption id=\"caption-attachment-24980\" class=\"wp-caption-text\">Evgeny Morozov (1984-)<\/figcaption><\/figure>\n<p style=\"text-align: justify;\">La dystopie dont parle <a href=\"https:\/\/fr.wikipedia.org\/wiki\/Evgeny_Morozov\">Evgeny Morozov<\/a> n&rsquo;est pas pour l&rsquo;avenir, elle frappe d\u00e9j\u00e0 \u00e0 la porte. \u00c0 l&rsquo;universit\u00e9, qui existe de moins en moins comme lieu de d\u00e9bat et de critique sociale, on vit d\u00e9j\u00e0 l&rsquo;alignement au march\u00e9 \u00e0 travers la g\u00e9n\u00e9ralisation de la recherche par projets fl\u00e9ch\u00e9s (qui rel\u00e8vent de l&rsquo;expertise positiviste), la r\u00e9organisation en \u00ab machins \u00bb pour am\u00e9liorer la \u00ab performance \u00bb dans d&rsquo;absurdes classements internationaux (o\u00f9 ce sont toujours les Am\u00e9ricains qui gagnent), et le financement conditionn\u00e9 par des indicateurs chiffr\u00e9s (partenariats avec le secteur priv\u00e9, insertion professionnelle, cours num\u00e9riques disponibles en ligne, etc.). Bref, la gouvernance par la mesure, d\u00e9j\u00e0 ali\u00e9nante, et qui n&rsquo;est qu&rsquo;\u00e0 ses d\u00e9buts.<\/p>\n<p style=\"text-align: justify;\">Reste une question qui resurgit chaque fois que je lis Morozov. La force de sa critique ne fait aucun doute, mais d&rsquo;o\u00f9 parle-t-il ? La cible n&rsquo;est pas convenue &#8211; les partisans de l&rsquo;<em>open data<\/em> &#8211; et il faut savoir gr\u00e9 \u00e0 lui pour cela ; le danger pour la d\u00e9mocratie viendrait des capitalistes <em>new age<\/em> dans la tradition californienne, o\u00f9 le n\u00e9olib\u00e9ralisme, marqu\u00e9 par la pens\u00e9e libertaire, a historiquement assimil\u00e9 la contre-culture des ann\u00e9es 1960. [Le gourou du monde d&rsquo;informatique] <a href=\"https:\/\/en.wikipedia.org\/wiki\/Tim_O'Reilly\">Tim O&rsquo;Reilly<\/a> [fondateur d&rsquo;O&rsquo;Reilly Media], qui a grandi \u00e0 San Francisco, n&rsquo;est pas une exception ;\u00a0 manifestement influenc\u00e9 par <a title=\"http:\/\/fr.wikipedia.org\/wiki\/Marshall_McLuhan\" href=\"http:\/\/fr.wikipedia.org\/wiki\/Marshall_McLuhan\" target=\"_blank\" rel=\"noopener\">McLuhan<\/a> et par le mystique catholique <a title=\"http:\/\/fr.wikipedia.org\/wiki\/Pierre_Teilhard_de_Chardin\" href=\"http:\/\/fr.wikipedia.org\/wiki\/Pierre_Teilhard_de_Chardin\" target=\"_blank\" rel=\"noopener\">Teilhard de Chardin<\/a>, il croit que l&rsquo;Internet deviendra une esp\u00e8ce de \u00ab\u00a0cerveau mondial\u00a0\u00bb, le syst\u00e8me nerveux de la Terre.<\/p>\n<figure id=\"attachment_12122\" aria-describedby=\"caption-attachment-12122\" style=\"width: 150px\" class=\"wp-caption alignright\"><a href=\"http:\/\/industrie-culturelle.fr\/industrie-culturelle\/wp-content\/uploads\/2014\/08\/foucault2.jpg\"><img loading=\"lazy\" decoding=\"async\" class=\"size-thumbnail wp-image-12122\" title=\"foucault2\" src=\"http:\/\/industrie-culturelle.fr\/industrie-culturelle\/wp-content\/uploads\/2014\/08\/foucault2-150x150.jpg\" alt=\"\" width=\"150\" height=\"150\" srcset=\"https:\/\/industrie-culturelle.fr\/industrie-culturelle\/wp-content\/uploads\/2014\/08\/foucault2-150x150.jpg 150w, https:\/\/industrie-culturelle.fr\/industrie-culturelle\/wp-content\/uploads\/2014\/08\/foucault2-36x36.jpg 36w, https:\/\/industrie-culturelle.fr\/industrie-culturelle\/wp-content\/uploads\/2014\/08\/foucault2-115x115.jpg 115w, https:\/\/industrie-culturelle.fr\/industrie-culturelle\/wp-content\/uploads\/2014\/08\/foucault2-32x32.jpg 32w, https:\/\/industrie-culturelle.fr\/industrie-culturelle\/wp-content\/uploads\/2014\/08\/foucault2-64x64.jpg 64w, https:\/\/industrie-culturelle.fr\/industrie-culturelle\/wp-content\/uploads\/2014\/08\/foucault2-96x96.jpg 96w, https:\/\/industrie-culturelle.fr\/industrie-culturelle\/wp-content\/uploads\/2014\/08\/foucault2-128x128.jpg 128w, https:\/\/industrie-culturelle.fr\/industrie-culturelle\/wp-content\/uploads\/2014\/08\/foucault2.jpg 225w\" sizes=\"auto, (max-width: 150px) 100vw, 150px\" \/><\/a><figcaption id=\"caption-attachment-12122\" class=\"wp-caption-text\">Michel Foucault (1926-84)<\/figcaption><\/figure>\n<p style=\"text-align: justify;\">\u00c0 un moment, en passant, Morozov fait r\u00e9f\u00e9rence aux <em>\u00ab<\/em> <em>critiques de gauche de l&rsquo;\u00c9tat providence &#8211; notamment Michel Foucault &#8211; [qui] avaient raison de mettre en question ses tendances disciplinaires \u00bb<\/em>. Ailleurs, il reconna\u00eet que <em>\u00ab<\/em> <em>m\u00eame les gouvernements de gauche n&rsquo;ont qu&rsquo;un espace limit\u00e9 pour des man\u0153uvres fiscaux, car les d\u00e9penses discr\u00e9tionnaires requises pour moderniser l&rsquo;\u00c9tat providence ne seraient jamais approuv\u00e9es par des march\u00e9s financiers globaux.<\/em> <em>Et c&rsquo;est les agences de notations et les march\u00e9s d&rsquo;obligations &#8211; pas les \u00e9lecteurs &#8211; qui d\u00e9cident de nos jours<\/em> <em>\u00bb<\/em>. La r\u00e9f\u00e9rence favorable \u00e0 <a href=\"http:\/\/fr.wikipedia.org\/wiki\/Michel_Foucault\" target=\"_blank\" rel=\"noopener\">Michel Foucault<\/a> semble situer Morozov dans le courant des \u00ab <em>critiques de gauche de l&rsquo;\u00c9tat providence<\/em> \u00bb. Mais \u00e0 quoi pourrait ressembler une critique de gauche de l&rsquo;\u00c9tat providence lui-m\u00eame (et non simplement la bureaucratisation de celui-ci) ? Comme Foucault, Morozov est hostile au socialisme traditionnel (il a grandi dans la Bi\u00e9lorussie, pays autoritaire qui a gard\u00e9 beaucoup de traits de l&rsquo;\u00e9conomie sovi\u00e9tique, m\u00eame apr\u00e8s la chute de cette derni\u00e8re), et dans son livre <em>To save<\/em> <em>everything, click here<\/em> [1], il assimile les r\u00e9gimes communistes au \u00ab solutionnisme \u00bb technologique. Mais le c\u00f4t\u00e9 \u00ab\u00a0totalisant\u00a0\u00bb de son discours (qui constate la domination \u00e9crasante des march\u00e9s sur les processus d\u00e9mocratiques), et le ton implacable rel\u00e8vent bien d&rsquo;une critique classique du n\u00e9olib\u00e9ralisme. Pour cette raison, un intellectuel affili\u00e9 \u00e0 la tradition lib\u00e9rale \u00ab\u00a0r\u00e9gulationniste\u00a0\u00bb comme Tim Wu a trait\u00e9 Morozov de \u00ab <em>r\u00e9actionnaire<\/em> \u00bb.<\/p>\n<figure id=\"attachment_11824\" aria-describedby=\"caption-attachment-11824\" style=\"width: 150px\" class=\"wp-caption alignleft\"><a href=\"http:\/\/industrie-culturelle.fr\/industrie-culturelle\/wp-content\/uploads\/2014\/08\/garo.jpg\"><img loading=\"lazy\" decoding=\"async\" class=\"size-thumbnail wp-image-11824\" title=\"garo\" src=\"http:\/\/industrie-culturelle.fr\/industrie-culturelle\/wp-content\/uploads\/2014\/08\/garo-150x120.jpg\" alt=\"\" width=\"150\" height=\"120\" \/><\/a><figcaption id=\"caption-attachment-11824\" class=\"wp-caption-text\">Isabelle Garo (1963-)<\/figcaption><\/figure>\n<p style=\"text-align: justify;\">L&rsquo;analyse par Foucault de l&rsquo;\u00c9tat providence dans le s\u00e9minaire <em>Naissance de la biopolitique<\/em> <em>(1978-79<\/em>), publi\u00e9 en 2004, est de toute \u00e9vidence controvers\u00e9e. L&rsquo;expos\u00e9 du n\u00e9olib\u00e9ralisme, pr\u00e9sent\u00e9 comme une pens\u00e9e qui accompagne une \u00e9tape de capitalisme qualitativement diff\u00e9rent, est d&rsquo;une acuit\u00e9 remarquable, mais nulle part s&rsquo;agit-il d&rsquo;une critique de celui-ci. Au contraire, ce qui constitue l&rsquo;objet de la critique, c&rsquo;est plut\u00f4t le socialisme (m\u00eame d\u00e9mocratique), qui est somm\u00e9 \u00e0 choisir entre gouvernementalit\u00e9 lib\u00e9rale et r\u00e9gime hyper administratif. Si on peut parler ici d&rsquo;une critique de gauche, c&rsquo;est par pur nominalisme. Comme le d\u00e9montre <a href=\"http:\/\/fr.wikipedia.org\/wiki\/Isabelle_Garo\" target=\"_blank\" rel=\"noopener\">Isabelle Garo<\/a> (<em>Foucault, Deleuze, Althusser &amp; Marx<\/em>, Demopolis, 2011, pp. 150-79), le contexte politique du s\u00e9minaire de Foucault, c&rsquo;est son rapprochement avec Michel Rocard et la CFDT (la deuxi\u00e8me gauche), et le constat des \u00ab <em>effets pervers \u00bb<\/em> de la S\u00e9curit\u00e9 sociale, institution qui \u00ab <em>augmente la d\u00e9pendance<\/em> \u00bb, et qui est de toute fa\u00e7on en \u00ab <em>d\u00e9clin <\/em>\u00bb. L&rsquo;analyse est prolong\u00e9e par l&rsquo;ouvrage classique de son assistant et disciple Fran\u00e7ois \u00c9wald, <em>L&rsquo;\u00c9tat providence<\/em> (Grasset, 1986), qui a th\u00e9oris\u00e9 la soci\u00e9t\u00e9 assurantialiste d\u00e9crite ci-dessus, et dont l&rsquo;orientation n\u00e9olib\u00e9rale ne fait pas de doute. Il s&rsquo;agit d&rsquo;une critique qui pr\u00e9pare en somme le tournant socio-lib\u00e9ral des partis socialistes europ\u00e9ens qui, au nom du r\u00e9alisme \u00e9conomique, ont pratiquement capitul\u00e9 aux forces du march\u00e9.<\/p>\n<figure id=\"attachment_11825\" aria-describedby=\"caption-attachment-11825\" style=\"width: 150px\" class=\"wp-caption alignright\"><a href=\"http:\/\/industrie-culturelle.fr\/industrie-culturelle\/wp-content\/uploads\/2014\/08\/lagasnerie.jpg\"><img loading=\"lazy\" decoding=\"async\" class=\"size-thumbnail wp-image-11825\" title=\"lagasnerie\" src=\"http:\/\/industrie-culturelle.fr\/industrie-culturelle\/wp-content\/uploads\/2014\/08\/lagasnerie-150x150.jpg\" alt=\"\" width=\"150\" height=\"150\" srcset=\"https:\/\/industrie-culturelle.fr\/industrie-culturelle\/wp-content\/uploads\/2014\/08\/lagasnerie-150x150.jpg 150w, https:\/\/industrie-culturelle.fr\/industrie-culturelle\/wp-content\/uploads\/2014\/08\/lagasnerie-36x36.jpg 36w, https:\/\/industrie-culturelle.fr\/industrie-culturelle\/wp-content\/uploads\/2014\/08\/lagasnerie-115x115.jpg 115w, https:\/\/industrie-culturelle.fr\/industrie-culturelle\/wp-content\/uploads\/2014\/08\/lagasnerie-32x32.jpg 32w, https:\/\/industrie-culturelle.fr\/industrie-culturelle\/wp-content\/uploads\/2014\/08\/lagasnerie-64x64.jpg 64w, https:\/\/industrie-culturelle.fr\/industrie-culturelle\/wp-content\/uploads\/2014\/08\/lagasnerie-96x96.jpg 96w, https:\/\/industrie-culturelle.fr\/industrie-culturelle\/wp-content\/uploads\/2014\/08\/lagasnerie-128x128.jpg 128w\" sizes=\"auto, (max-width: 150px) 100vw, 150px\" \/><\/a><figcaption id=\"caption-attachment-11825\" class=\"wp-caption-text\">Geoffroy de Lagasnerie<\/figcaption><\/figure>\n<p style=\"text-align: justify;\">Contre tout cela, <a href=\"http:\/\/fr.wikipedia.org\/wiki\/Geoffroy_de_Lagasnerie\" target=\"_blank\" rel=\"noopener\">Geoffroy de Lagasnerie<\/a>, venant de la gauche libertaire, propose une d\u00e9fense subtile et stimulante de Foucault (<em>La derni\u00e8re le\u00e7on de Michel Foucault<\/em>, Fayard, 2012) dans laquelle il nous invite \u00e0 lire l&rsquo;analyse de Foucault comme une exp\u00e9rience dans la pens\u00e9e ouvrant \u00e0 d&rsquo;autres perspectives pour une approche radicale qu&rsquo;\u00e0 celle de la d\u00e9ploration impuissante pratiqu\u00e9e par les critiques du n\u00e9olib\u00e9ralisme, prisonniers eux aussi de l&rsquo;\u00e9conomisme qu&rsquo;ils d\u00e9crient. Mais une analyse des rapports de force \u00e9conomiques propres au capitalisme financier brille par son absence dans l&rsquo;argumentaire de de Lagasnerie. La r\u00e9f\u00e9rence de Morozov &#8211; qui semble penser plut\u00f4t \u00e0 <em>Surveillir et Punir &#8211;<\/em> \u00e0 Foucault fonctionne comme un point de tension touchant \u00e0 la pens\u00e9e libertaire elle-m\u00eame, qui se pr\u00e9sente comme une force d&rsquo;\u00e9mancipation et d&rsquo;oppression en m\u00eame temps ; le n\u00e9olib\u00e9ralisme de la Silicon Valley, qui n&rsquo;a que faire des entraves sociales et morales \u00e0 la libre entreprise, s&rsquo;annonce libertaire (anti-raciste, anti-sexiste, anti-homophobe, favorable \u00e0 l&rsquo;immigration libre et \u00e0 la l\u00e9galisation du cannabis, et &#8230; pro-<em>open data<\/em>). Alors est-ce que la sortie du capitalisme passe par la voie des rapports sociaux ou des rapports \u00e9conomiques ? Par la r\u00e9forme ou par la r\u00e9volution ? Par une critique de l&rsquo;\u00c9tat ou du capital ? Par l&rsquo;analyse d&rsquo;un syst\u00e8me, ou des micro-pouvoirs partiels ?<\/p>\n<p style=\"text-align: justify;\">Les deux \u00e9videmment, dans une synth\u00e8se qui sera difficile \u00e0 faire dans la conjoncture actuelle ; toute pens\u00e9e qui jouerait syst\u00e9matiquement un p\u00f4le contre l&rsquo;autre serait non dialectique, et ne pourrait saisir la complexit\u00e9 d&rsquo;un objet d&rsquo;\u00e9tude en sciences sociales. Car, en parlant de totalit\u00e9, il ne s&rsquo;agit pas de cerner un syst\u00e8me en bloc, mais de comprendre une logique (du capital) \u00e0 l&rsquo;\u0153uvre partout, de mani\u00e8re contradictoire et avec des intensit\u00e9s diff\u00e9rentes, non seulement dans une soci\u00e9t\u00e9 donn\u00e9e, mais dans un syst\u00e8me-monde. Quelques phrases de Morozov dans un article publi\u00e9 dans <em>Le Monde diplomatique<\/em> (ao\u00fbt 2014) semblent passer outre le faux choix entre changement partiel et total : <em>\u00ab<\/em> <em>Pour concevoir l&rsquo;information autrement, il faudrait commencer par l&rsquo;extraire de la sph\u00e8re \u00e9conomique. Peut-\u00eatr<\/em><em>e<\/em> <em>en la consid\u00e9rant comme un \u00ab\u00a0commun\u00a0\u00bb, notion ch\u00e8re \u00e0 une certaine gauche radicale. Mais il serait auparavant fort utile de se demander pourquoi l&rsquo;on accepte comme une \u00e9vidence la marchandisation de l&rsquo;information \u00bb<\/em>.<\/p>\n<p style=\"text-align: justify;\">L&rsquo;article de Morozov vise explicitement un certain type de discours \u00ab\u00a0critique\u00a0\u00bb qui r\u00e9alise l&rsquo;alliance indue de culturalisme et de cognitivisme :<\/p>\n<blockquote>\n<p style=\"text-align: justify;\"><em style=\"text-align: justify;\">Critiquer la Silicon Valley revient \u00e0 passer pour un technophobe, un ben\u00eat nostalgique<\/em><em> du bon vieux temps<\/em><em> d&rsquo;avant l&rsquo;iPhone. De m\u00eame, <\/em><em>toute critique politique et \u00e9conomique formul\u00e9e \u00e0 l&rsquo;encontre du secteur des technologies<\/em> <em>de l&rsquo;information et de ses liens avec l&rsquo;id\u00e9ologie est instantan\u00e9ment galvaud\u00e9 en critique culturelle de la modernit\u00e9. [&#8230;] A cet \u00e9gard, les lamentations incessantes de la culture engendr\u00e9e par Twitter et les livres \u00e9lectroniques sont calamiteux. Au d\u00e9but du XX\u00e8 si\u00e8cle, le philosophe Walter Benjamin et le sociologue Siegfried Kracauer consid\u00e9raient les probl\u00e8mes pos\u00e9s par les nouveaux m\u00e9dias \u00e0 travers un prisme socio-\u00e9conomique. Aujourd&rsquo;hui, il faut se contenter des r\u00e9flexions d&rsquo;un Nicolas Carr, obs\u00e9d\u00e9 par les neurosciences, ou d&rsquo;un Douglas Rushkoff, avec la critique biophysiologique de l&rsquo;acc\u00e9l\u00e9ration. Quelle que soit la pertinence de leur contribution, leur mode d&rsquo;analyse finit par d\u00e9coupler la technologie de l&rsquo;\u00e9conomie<\/em>.<\/p>\n<\/blockquote>\n<p style=\"text-align: justify;\"><span style=\"font-size: 8pt;\">[1] Traduction fran\u00e7aise qui vient de para\u00eetre : <a title=\"http:\/\/www.fypeditions.com\/resoudre-laberration-du-solutionnisme-technologique-evgeny-morozov\/\" href=\"http:\/\/www.fypeditions.com\/resoudre-laberration-du-solutionnisme-technologique-evgeny-morozov\/\" target=\"_blank\" rel=\"noopener\"><em>Pour tout r\u00e9soudre, cliquez ici. L&rsquo;aberration du solutionnisme technologique<\/em>, \u00e9ditions FYP, Limoges.<\/a><\/span><\/p>\n<h2 style=\"text-align: justify;\"><span style=\"font-size: 12pt;\">De la r\u00e9alit\u00e9 virtuelle ou le paradis des geeks, oct. 2014, <a href=\"http:\/\/industrie-culturelle.fr\/industrie-culturelle\/actualites-industries-culturelles-numeriques-24-octobre-2014\/\">Actualit\u00e9s #24<\/a><\/span><\/h2>\n<p style=\"text-align: justify;\">\u00c9cartons d&#8217;embl\u00e9e la pol\u00e9mique naissante concernant les effets sur la sant\u00e9 de la r\u00e9alit\u00e9 virtuelle ; sauf \u00e9pid\u00e9mie de crises cardiaques, celle-ci ne fera pas long feu, et au pire sera r\u00e9solue par un avertissement, comme sur les paquets de cigarettes. Plus int\u00e9ressant est le d\u00e9bat sur la question de l&#8217;empathie sociale ou du manque de celle-ci, car les deux camps sont ici repr\u00e9sent\u00e9s par la m\u00eame g\u00e9n\u00e9ration. Ce genre de discussion, qui postule, pour le meilleur ou pour le pire, une transformation de la condition humaine, a toujours accompagn\u00e9 l&rsquo;\u00e9mergence d&rsquo;une nouvelle technologie de masse dans le domaine culturel. La d\u00e9mocratisation de la t\u00e9l\u00e9vision aux \u00c9tats-Unis pendant les ann\u00e9es 1950 suscita chez l&rsquo;\u00e9lite des pr\u00e9visions hyst\u00e9riques sur la baisse du niveau scolaire, la mont\u00e9e de la d\u00e9linquance et de la d\u00e9cadence morale, et d&rsquo;autres effets n\u00e9fastes comme l&rsquo;\u00e9vasion de la r\u00e9alit\u00e9 ! Contre cela, dans la d\u00e9cennie suivante, Marshall McLuhan tordit le b\u00e2ton radicalement dans l&rsquo;autre sens en pr\u00e9tendant que la t\u00e9l\u00e9vision serait, par ses propri\u00e9t\u00e9s formelles ind\u00e9pendamment des contenus, une force progressiste qui \u0153uvrait dans le sens d&rsquo;une culture mondiale commune. On retombe sur les m\u00eame d\u00e9bats, \u00e0 quelques nuances pr\u00e8s, dans le cas de la musique rock, et une g\u00e9n\u00e9ration plus tard, dans le cas de l&rsquo;Internet, \u00e0 propos duquel se sont exprim\u00e9s des enthousiasmes d\u00e9brid\u00e9s et des paniques morales comparables.<\/p>\n<p style=\"text-align: justify;\">Si l&rsquo;on peut avoir l&rsquo;impression que ce genre de d\u00e9bat tourne en rond, et que les deux c\u00f4t\u00e9s ont tort, c&rsquo;est parce qu&rsquo;il s&rsquo;agit d&rsquo;une erreur \u00e9pist\u00e9mologique fondamentale : le d\u00e9terminisme technologique, o\u00f9 l&rsquo;on r\u00e9duit l&rsquo;explication des ph\u00e9nom\u00e8nes sociaux \u00e0 des facteurs purement techniques, dans un sens positif ou n\u00e9gatif. Plus g\u00e9n\u00e9ralement se pose le probl\u00e8me de la causalit\u00e9 en sciences sociales ; pour aller vite, la difficult\u00e9 de celles-ci, c&rsquo;est que toute analyse s\u00e9rieuse a l&rsquo;obligation d&rsquo;\u00eatre multi-causale, int\u00e9grant des facteurs sociaux, \u00e9conomiques, techniques, culturels et psychologiques \u00e0 des pond\u00e9rations diff\u00e9rentes (d&rsquo;o\u00f9 d\u00e9bat l\u00e9gitime). Une chose est s\u00fbre, cependant. On ne pourra pas \u00ab\u00a0perdre son temps\u00a0\u00bb dans la r\u00e9alit\u00e9 virtuelle, qui fera partie int\u00e9grante d&rsquo;une \u00e9conomie hyper capitaliste. Pas plus qu&rsquo;on \u00e9chappait autrefois \u00e0 Coca Cola devant son t\u00e9l\u00e9viseur.<\/p>\n<figure id=\"attachment_12539\" aria-describedby=\"caption-attachment-12539\" style=\"width: 160px\" class=\"wp-caption alignleft\"><a href=\"http:\/\/industrie-culturelle.fr\/industrie-culturelle\/wp-content\/uploads\/2014\/09\/melman2.jpg\"><img loading=\"lazy\" decoding=\"async\" class=\"size-full wp-image-12539\" src=\"http:\/\/industrie-culturelle.fr\/industrie-culturelle\/wp-content\/uploads\/2014\/09\/melman2.jpg\" alt=\"Charles Melman (1931-)\" width=\"160\" height=\"240\" \/><\/a><figcaption id=\"caption-attachment-12539\" class=\"wp-caption-text\">Charles Melman (1931-)<\/figcaption><\/figure>\n<p style=\"text-align: justify;\">Dans ce recadrage, la question d&rsquo;une perte d&#8217;empathie sociale ne doit pas \u00eatre \u00e9cart\u00e9e, \u00e0 condition de ne pas la r\u00e9duire \u00e0 la simple \u00e9mergence de nouvelles technologies num\u00e9riques ou virtuelles. Car cette question s&rsquo;est d\u00e9j\u00e0 pos\u00e9e dans deux ouvrages importants de psychanalyse appliqu\u00e9e extrapolant l&rsquo;exp\u00e9rience clinique \u00e0 l&rsquo;analyse sociale ; il s&rsquo;agit de <em>L&rsquo;Homme sans gravit\u00e9 <\/em>(Deno\u00ebl, 2002) et de\u00a0<em>La<\/em> <em>Nouvelle \u00e9conomie psychique <\/em>(Er\u00e8s, 2009) de <a title=\"http:\/\/www.nds.k12.tr\/Charles-Melman-psychanalyste\" href=\"http:\/\/www.nds.k12.tr\/Charles-Melman-psychanalyste\" target=\"_blank\" rel=\"noopener\">Charles Melman<\/a> (dans les deux livres, en conversation avec Jean-Pierre Lebrun). Selon Melman, ce qui est nouveau par rapport aux analyses historiques de Freud, c&rsquo;est qu&rsquo;il n&rsquo;y a plus tellement d&rsquo;interdits, ce qui nous expose \u00e0 la dictature de la jouissance norm\u00e9e, \u00e0 la consommation \u00ab\u00a0consomptive\u00a0\u00bb et f\u00e9tichiste des objets, et donc \u00e0 des formes de n\u00e9vrose originales. Cette \u00ab\u00a0nouvelle \u00e9conomie psychique\u00a0\u00bb est li\u00e9e non pas au progr\u00e8s technologique, mais \u00e0 l&rsquo;\u00e9volution du capitalisme lui-m\u00eame ; il faudrait envisager ce changement comme une forme \u00ab\u00a0d&rsquo;adaptation existentielle\u00a0\u00bb \u00e0 un syst\u00e8me caract\u00e9ris\u00e9 par l&rsquo;alignement de pratiquement tous les domaines d&rsquo;existence aux valeurs marchandes. Celles-ci finissent par p\u00e9n\u00e9trer les relations sociales les plus intimes, sujettes \u00e0 la m\u00eame logique de calcul par rapport \u00e0 l&rsquo;investissement fait. Pour survivre dans un monde pareil, chacun est oblig\u00e9 de devenir vendeur de lui-m\u00eame avec l&#8217;empathie feinte n\u00e9cessaire. Il faut, bien entendu, avancer avec pr\u00e9caution ici, car le lien entre la clinique individuelle et les traits anthropologiques ne va pas de soi sur les plans \u00e9pist\u00e9mologique et m\u00e9thodologique, y compris chez Freud. Posons cependant le principe qu&rsquo;un engouement social pour les technologies de r\u00e9alit\u00e9 virtuelle sera plut\u00f4t le sympt\u00f4me r\u00e9v\u00e9lateur d&rsquo;un nouveau rapport au monde des personnes et des objets, et non la cause de celui-ci.<\/p>\n<figure id=\"attachment_12545\" aria-describedby=\"caption-attachment-12545\" style=\"width: 150px\" class=\"wp-caption alignright\"><a href=\"http:\/\/industrie-culturelle.fr\/industrie-culturelle\/wp-content\/uploads\/2014\/09\/baudrillard.jpg\"><img loading=\"lazy\" decoding=\"async\" class=\"size-thumbnail wp-image-12545\" src=\"http:\/\/industrie-culturelle.fr\/industrie-culturelle\/wp-content\/uploads\/2014\/09\/baudrillard-150x150.jpg\" alt=\"Jean Baudrillard (1929-2007)\" width=\"150\" height=\"150\" srcset=\"https:\/\/industrie-culturelle.fr\/industrie-culturelle\/wp-content\/uploads\/2014\/09\/baudrillard-150x150.jpg 150w, https:\/\/industrie-culturelle.fr\/industrie-culturelle\/wp-content\/uploads\/2014\/09\/baudrillard-144x144.jpg 144w, https:\/\/industrie-culturelle.fr\/industrie-culturelle\/wp-content\/uploads\/2014\/09\/baudrillard-36x36.jpg 36w, https:\/\/industrie-culturelle.fr\/industrie-culturelle\/wp-content\/uploads\/2014\/09\/baudrillard-115x115.jpg 115w, https:\/\/industrie-culturelle.fr\/industrie-culturelle\/wp-content\/uploads\/2014\/09\/baudrillard-32x32.jpg 32w, https:\/\/industrie-culturelle.fr\/industrie-culturelle\/wp-content\/uploads\/2014\/09\/baudrillard-64x64.jpg 64w, https:\/\/industrie-culturelle.fr\/industrie-culturelle\/wp-content\/uploads\/2014\/09\/baudrillard-96x96.jpg 96w, https:\/\/industrie-culturelle.fr\/industrie-culturelle\/wp-content\/uploads\/2014\/09\/baudrillard-128x128.jpg 128w\" sizes=\"auto, (max-width: 150px) 100vw, 150px\" \/><\/a><figcaption id=\"caption-attachment-12545\" class=\"wp-caption-text\">Jean Baudrillard (1929-2007)<\/figcaption><\/figure>\n<p style=\"text-align: justify;\">Deuxi\u00e8me piste \u00e0 explorer vis \u00e0 vis du monde virtuel qui s&rsquo;annonce : <em>Simulacres et simulation <\/em>du philosophe iconoclaste <a title=\"http:\/\/fr.wikipedia.org\/wiki\/Jean_Baudrillard\" href=\"http:\/\/fr.wikipedia.org\/wiki\/Jean_Baudrillard\" target=\"_blank\" rel=\"noopener\">Jean Baudrillard<\/a> (Galil\u00e9e, 1981). Pour lui, il y a trois ordres de simulacres (apparence qui ne renvoie \u00e0 aucune r\u00e9alit\u00e9 sous-jacente) : <strong>naturels<\/strong>, fond\u00e9s sur l&rsquo;image (imaginaire de l&rsquo;utopie) ; <strong>productifs<\/strong>, fond\u00e9s sur l&rsquo;\u00e9nergie, sa mat\u00e9rialisation par la machine (imaginaire de la science-fiction) ; <strong>de simulation<\/strong>, fond\u00e9s sur l&rsquo;information, le mod\u00e8le, le jeu cybern\u00e9tique (sans imaginaire). M\u00eame si le terme \u00ab\u00a0r\u00e9alit\u00e9 virtuelle\u00a0\u00bb n&rsquo;est pas utilis\u00e9 par Baudrillard (en 1981, on parle d&rsquo;hologrammes, et de \u00ab\u00a0hyperr\u00e9alit\u00e9\u00a0\u00bb), c&rsquo;est \u00e0 elle que le \u00ab\u00a0simulacre de simulation\u00a0\u00bb correspond. Ce qui caract\u00e9rise celui-ci, c&rsquo;est la r\u00e9sorption totale de la distance entre imaginaire et r\u00e9el ; les mod\u00e8les ne constituent plus un imaginaire par rapport au r\u00e9el, \u00ab\u00a0<em>et ne laissent aucune sorte d&rsquo;anticipation fictionnelle &#8211; ils sont immanents, et ne laissent donc place \u00e0 aucune transcendance imaginaire<\/em>\u00ab\u00a0. Autrement dit, en termes un peu moins abstraits :<\/p>\n<blockquote>\n<p style=\"text-align: justify;\">Peut-\u00eatre la science-fiction de l&rsquo;\u00e8re cybern\u00e9tique et hyperr\u00e9elle ne peut-elle que s&rsquo;\u00e9puiser dans la r\u00e9surrection \u00ab\u00a0artificielle\u00a0\u00bb de mondes \u00ab\u00a0historiques\u00a0\u00bb, essayer de reconstituer in vitro, jusque dans les moindres d\u00e9tails, les p\u00e9rip\u00e9ties d&rsquo;un monde ant\u00e9rieur, les \u00e9v\u00e9nements, les personnages, les id\u00e9ologies r\u00e9volues, vid\u00e9es de leur sens, de leur processus originel, mais hallucinants de v\u00e9rit\u00e9 r\u00e9trospectif. [1]\n<\/blockquote>\n<p style=\"text-align: justify;\">Baudrillard cite le roman <em>Simulacres<\/em> de Philip K. Dick, o\u00f9 la Guerre civile am\u00e9ricaine est rejou\u00e9e dans un gigantesque hologramme en trois dimensions. Vingt ans apr\u00e8s, il aurait s\u00fbrement pris comme exemple le film <em>Matrix,\u00a0<\/em>o\u00f9 les mondes \u00ab\u00a0r\u00e9el\u00a0\u00bb (apparemment) et virtuel se confondent, comme la carte si d\u00e9taill\u00e9e qu&rsquo;elle couvre tout le territoire dans la courte fable (1935) de Jorge Luis Borges (\u00ab\u00a0De la rigueur de la science\u00a0\u00bb in <em>L&rsquo;histoire universelle de l&rsquo;infamie<\/em>, 10\/18, 1951, 1994). (Pour la petite histoire, l&rsquo;expression \u00ab\u00a0<em>le<\/em> <em>d\u00e9sert du r\u00e9el\u00a0<\/em>\u00bb dans le film vient de Baudrillard, reprenant Borges). L\u00e0 o\u00f9 les simulacres sont condamn\u00e9s \u00e0 reprendre les couleurs du r\u00e9el, pr\u00e9sent ou pass\u00e9, ils sont \u00ab\u00a0<em>vid\u00e9es de leur sens <\/em>\u00bb. Car justement, quel est le sens \u00ab\u00a0culturel\u00a0\u00bb (et id\u00e9ologique) d&rsquo;un jeu en VR o\u00f9 on plonge dans un bassin de requins (image ci-dessus), ou dans un monde m\u00e9di\u00e9val piment\u00e9 du fantastique, genre\u00a0<em>Game of Thrones<\/em> ? Quel est la \u00ab\u00a0valeur\u00a0\u00bb autre que marchande d&rsquo;un rapport sexuel en VR ? Et quelle disposition psychique faudra-t-il pour \u00e9voluer dans un tel monde ?<\/p>\n<p style=\"text-align: justify;\"><span style=\"font-size: 8pt;\">[1] <em>Simulacres et simulation, <\/em>Galil\u00e9e, 1981, pp. 181-2. Pour une autre discussion de <em>Matrix<\/em>, voir <a title=\"http:\/\/industrie-culturelle.fr\/industrie-culturelle\/neuromancien-matrix-particularites-esthetique-cybernetique\/\" href=\"http:\/\/industrie-culturelle.fr\/industrie-culturelle\/neuromancien-matrix-particularites-esthetique-cybernetique\/\" target=\"_blank\" rel=\"noopener\">l&rsquo;article d&rsquo;Imane Sefiane dans la web-revue<\/a>.<\/span><\/p>\n<p style=\"text-align: justify;\"><iframe loading=\"lazy\" src=\"\/\/www.youtube.com\/embed\/tgBViHeiSKM\" width=\"425\" height=\"350\"><\/iframe><\/p>\n<h2 style=\"text-align: justify;\"><span style=\"font-size: 12pt;\">Les zombies postapocalytiques \u00ab mangent \u00bb la t\u00e9l\u00e9vision, d\u00e9c. 2014, <a href=\"http:\/\/industrie-culturelle.fr\/industrie-culturelle\/actualites-industries-culturelles-numeriques-26-decembre-2014\/\">Actualit\u00e9s #26<\/a><\/span><\/h2>\n<p style=\"text-align: justify;\">De quoi les zombies sont-ils le nom ? Poser cette question, c&rsquo;est d\u00e9j\u00e0 pointer les limites d&rsquo;une approche des produits culturels uniquement en termes d&rsquo;\u00e9conomie politique. [Mais] si les contenus ne peuvent pas \u00eatre directement reli\u00e9s \u00e0 la logique du capital, ils ne sont pas compl\u00e8tement arbitraires par rapport \u00e0 l&rsquo;\u00e9volution de celle-ci. Pr\u00e9cisons d&#8217;embl\u00e9e que la question est difficile, d&rsquo;autant qu&rsquo;une analyse vraiment satisfaisante des ressorts id\u00e9ologiques du fantastique devrait tenir compte des mont\u00e9es et des reflux de ses figures diverses : les fant\u00f4mes, les extraterrestres, les loups-garous, les vampires, et les zombies, figures pour la plupart fort anciennes et pr\u00e9scientifiques, dont la signification est loin d&rsquo;\u00eatre fixe. Mais avant d&rsquo;entrer dans de telles nuances, une analyse convaincante doit aussi expliquer ce que ces figures du fantastique ont <em>en commun<\/em>. Pendant les vingt derni\u00e8res ann\u00e9es, les extraterrestres, les vampires et les morts-vivants se sont succ\u00e9d\u00e9 sur les \u00e9crans am\u00e9ricains ; de fa\u00e7on d\u00e9cisive, les nouvelles s\u00e9ries fantastiques font coexister (et m\u00eame collaborer !) vivants, morts-vivants et fant\u00f4mes dans le m\u00eame assemblage.<\/p>\n<p style=\"text-align: justify;\"><a href=\"http:\/\/industrie-culturelle.fr\/industrie-culturelle\/wp-content\/uploads\/2014\/10\/captain-china.jpg\"><img loading=\"lazy\" decoding=\"async\" class=\"alignleft size-full wp-image-13574\" src=\"http:\/\/industrie-culturelle.fr\/industrie-culturelle\/wp-content\/uploads\/2014\/10\/captain-china.jpg\" alt=\"captain china\" width=\"196\" height=\"257\" \/><\/a>La c\u00e9l\u00e9bration actuelle des zombies r\u00e9sulte \u00e0 un niveau tr\u00e8s g\u00e9n\u00e9ral de la rencontre de plusieurs tendances historiques. D&rsquo;abord, l&rsquo;influence de la <em>pop culture<\/em> des ann\u00e9es 1960 (mariage d&rsquo;une culture issue des classes populaires avec une nouvelle culture commerciale) a eu pour effet la progressive revalorisation de formes jadis m\u00e9pris\u00e9es en avant-garde d&rsquo;une modernit\u00e9 essentiellement organis\u00e9e autour de la consommation de masse. Ce mouvement, qui a vu des figures mal vues, aux marges de la culture populaire devenir de plus en plus <em>mainstream<\/em>, n&rsquo;a pas cess\u00e9 de gagner en force depuis. La deuxi\u00e8me influence vient \u00e0 ce que j&rsquo;ai appel\u00e9 <em>l&rsquo;avatarisation<\/em> des personnages (le gommage de toute profondeur psychologique) qui accompagne l&rsquo;ouverture des fictions audiovisuelles au march\u00e9 international \u00e0 partir des ann\u00e9es 1960 [1]. Un des aboutissements de ce processus, c&rsquo;est l&rsquo;engouement du public chinois pour les super-h\u00e9ros issus de la bande dessin\u00e9e am\u00e9ricaine des ann\u00e9es 1960.\u00a0 La troisi\u00e8me influence, qui remonte aux d\u00e9buts de la crise dans les ann\u00e9es 1970, et les premi\u00e8res attaques contre les acquis sociaux, touche \u00e0 ce que j&rsquo;ai caract\u00e9ris\u00e9 comme la quasi-impossibilit\u00e9 pour les protagonistes d&rsquo;incarner un projet social <em>positif\u00a0<\/em> [2], d&rsquo;o\u00f9 une <em>passivit\u00e9 <\/em>de fait, une posture essentiellement <em>d\u00e9fensive<\/em> vis \u00e0 vis un monde hostile dans lequel la m\u00e9fiance extr\u00eame devient la seule mani\u00e8re sens\u00e9e de se comporter avec les autres, y compris ses amis. \u00ab\u00a0<em>Ne faites confiance \u00e0 personne\u00a0\u00bb<\/em>, disait Fox Mulder (<em>The X-Files<\/em>) d\u00e9j\u00e0 dans les ann\u00e9es 1990. Sous l&rsquo;effet d&rsquo;une crise structurelle profonde et chronique, c&rsquo;est le lien social qui se fragilise. Or, aucune soci\u00e9t\u00e9 (et aucun \u00e9change marchand) ne peut fonctionner sans un minimum de confiance.<\/p>\n<figure id=\"attachment_13611\" aria-describedby=\"caption-attachment-13611\" style=\"width: 150px\" class=\"wp-caption alignright\"><a href=\"http:\/\/industrie-culturelle.fr\/industrie-culturelle\/wp-content\/uploads\/2014\/10\/slavoj-zizek.jpg\"><img loading=\"lazy\" decoding=\"async\" class=\"size-thumbnail wp-image-13611\" src=\"http:\/\/industrie-culturelle.fr\/industrie-culturelle\/wp-content\/uploads\/2014\/10\/slavoj-zizek-150x150.jpg\" alt=\"Slavoj Zizek (1949-)\" width=\"150\" height=\"150\" srcset=\"https:\/\/industrie-culturelle.fr\/industrie-culturelle\/wp-content\/uploads\/2014\/10\/slavoj-zizek-150x150.jpg 150w, https:\/\/industrie-culturelle.fr\/industrie-culturelle\/wp-content\/uploads\/2014\/10\/slavoj-zizek-144x144.jpg 144w, https:\/\/industrie-culturelle.fr\/industrie-culturelle\/wp-content\/uploads\/2014\/10\/slavoj-zizek-36x36.jpg 36w, https:\/\/industrie-culturelle.fr\/industrie-culturelle\/wp-content\/uploads\/2014\/10\/slavoj-zizek-115x115.jpg 115w, https:\/\/industrie-culturelle.fr\/industrie-culturelle\/wp-content\/uploads\/2014\/10\/slavoj-zizek-32x32.jpg 32w, https:\/\/industrie-culturelle.fr\/industrie-culturelle\/wp-content\/uploads\/2014\/10\/slavoj-zizek-64x64.jpg 64w, https:\/\/industrie-culturelle.fr\/industrie-culturelle\/wp-content\/uploads\/2014\/10\/slavoj-zizek-96x96.jpg 96w, https:\/\/industrie-culturelle.fr\/industrie-culturelle\/wp-content\/uploads\/2014\/10\/slavoj-zizek-128x128.jpg 128w\" sizes=\"auto, (max-width: 150px) 100vw, 150px\" \/><\/a><figcaption id=\"caption-attachment-13611\" class=\"wp-caption-text\">Slavoj Zizek (1949-)<\/figcaption><\/figure>\n<p style=\"text-align: justify;\">Qu&rsquo;il s&rsquo;agisse d&rsquo;un monde pr\u00e9apocalyptique (<em>The X-Files<\/em> dans les ann\u00e9es 1990), ou postapocalyptique (<em>The Walking Dead<\/em>), les ressorts sont similaires : le <em>plus-de-jouir <\/em>(concept du psychanalyste Jacques Lacan calqu\u00e9 sur celui de la plus-value chez Marx) apport\u00e9 par l&rsquo;id\u00e9e m\u00eame d&rsquo;apocalypse, le d\u00e9sir de celle-ci. \u00ab\u00a0<em>La mani\u00e8re la plus facile de d\u00e9gager le plus-de-jouir id\u00e9ologique dans une formation id\u00e9ologique<\/em>, \u00e9crit le philosophe slov\u00e8ne <a title=\"http:\/\/fr.wikipedia.org\/wiki\/Slavoj_%C5%BDi%C5%BEek\" href=\"http:\/\/fr.wikipedia.org\/wiki\/Slavoj_%C5%BDi%C5%BEek\" target=\"_blank\" rel=\"noopener\">Slavoj Zizek<\/a>, <em>c&rsquo;est de lire celle-ci comme un r\u00eave afin d&rsquo;analyser le d\u00e9placement qui y travaille<\/em> \u00bb [3]. Zizek en cite deux exemples : un patient de Freud qui, dans un r\u00eave, rencontre avec bonheur une ancienne amante \u00e0 l&rsquo;enterrement de son p\u00e8re ; un film de science-fiction des ann\u00e9es 1950, similaire aux s\u00e9ries trait\u00e9es ici, dans lequel un virus \u00e0 fait dispara\u00eetre la population de la Californie, ce qui offre la possibilit\u00e9 aux quelques survivants de red\u00e9couvrir le bonheur d&rsquo;une vie simple fond\u00e9e sur la solidarit\u00e9 organique. Dans les deux cas, la mort ou la catastrophe, c&rsquo;est le prix \u00e0 payer pour la r\u00e9alisation d&rsquo;un d\u00e9sir qui est en m\u00eame temps sadique (survivant) et masochiste (victime).<\/p>\n<p style=\"text-align: justify;\"><a href=\"http:\/\/industrie-culturelle.fr\/industrie-culturelle\/wp-content\/uploads\/2014\/10\/marx-vampire.jpg\"><img loading=\"lazy\" decoding=\"async\" class=\"alignleft size-full wp-image-13613\" src=\"http:\/\/industrie-culturelle.fr\/industrie-culturelle\/wp-content\/uploads\/2014\/10\/marx-vampire.jpg\" alt=\"marx vampire\" width=\"327\" height=\"154\" srcset=\"https:\/\/industrie-culturelle.fr\/industrie-culturelle\/wp-content\/uploads\/2014\/10\/marx-vampire.jpg 327w, https:\/\/industrie-culturelle.fr\/industrie-culturelle\/wp-content\/uploads\/2014\/10\/marx-vampire-300x141.jpg 300w\" sizes=\"auto, (max-width: 327px) 100vw, 327px\" \/><\/a>La figure du vampire ou du mort-vivant dans ces s\u00e9ries est donc surd\u00e9termin\u00e9e : m\u00e9taphore du capitalisme, et expression d&rsquo;un au-del\u00e0 de celui-ci, certes sous une forme \u00ab\u00a0survivaliste\u00a0\u00bb, et profond\u00e9ment pessimiste. Plus encore que le fant\u00f4me ou le vampire, le zombie repr\u00e9sente le degr\u00e9 z\u00e9ro du lien social, le point limite du rapport avec l&rsquo;autre dans une soci\u00e9t\u00e9 qui se d\u00e9vore. Nul \u00e9change possible avec lui ! <em>Le Capital <\/em>contient plusieurs passages m\u00e9morables o\u00f9 Marx fait r\u00e9f\u00e9rence aux vampires pour caract\u00e9riser les capitalistes, et le processus du capitalisme lui-m\u00eame [4]. Pour le critique litt\u00e9raire italien <a title=\"http:\/\/en.wikipedia.org\/wiki\/Franco_Moretti\" href=\"http:\/\/en.wikipedia.org\/wiki\/Franco_Moretti\" target=\"_blank\" rel=\"noopener\">Franco Moretti<\/a>, le d\u00e9sir du sang de Dracula est une m\u00e9taphore pour le d\u00e9sir d&rsquo;accumulation du capital, d\u00e9sir qui n&rsquo;a pas honte de lui-m\u00eame : \u00ab\u00a0<em>comme le capital, Dracula est pouss\u00e9 vers une croissance perp\u00e9tuelle, une expansion illimit\u00e9e de son domaine ; l&rsquo;accumulation est inh\u00e9rente dans sa nature<\/em>\u00a0\u00bb [5]. La figure du vampire se renforce singuli\u00e8rement aujourd&rsquo;hui, qui voit la domination outranci\u00e8re du capitalisme financier, du \u00ab\u00a0<em>capital mort<\/em>\u00a0\u00bb qui ne cesse de demander son tribut sacrificiel aux vivants.<\/p>\n<p style=\"text-align: justify;\"><a href=\"http:\/\/industrie-culturelle.fr\/industrie-culturelle\/wp-content\/uploads\/2014\/10\/zombie-walk.jpg\"><img loading=\"lazy\" decoding=\"async\" class=\"alignright size-full wp-image-13614\" src=\"http:\/\/industrie-culturelle.fr\/industrie-culturelle\/wp-content\/uploads\/2014\/10\/zombie-walk.jpg\" alt=\"zombie walk\" width=\"259\" height=\"194\" \/><\/a>Faisant preuve de perspicacit\u00e9, le journaliste Brian Steinberg se demande si \u00ab\u00a0les morts qui marchent\u00a0\u00bb sont les morts-vivants, ou les pauvres survivants qui doivent coexister avec eux [6]. Il est possible de lire la figure du zombie dans ce sens comme une m\u00e9taphore &#8211; mi-parodique, mi-protestataire &#8211; de la vie elle-m\u00eame sous le capitalisme tardif. On a vu ces derni\u00e8res ann\u00e9es des marches des zombies (<em>zombie<\/em> <em>walks<\/em>) partout dans le monde, y compris en France. Le responsable des effets sp\u00e9ciaux de <em>The Walking Dead<\/em>, Greg Nicotero, a donn\u00e9 des conseils pour bien se ressembler \u00e0 un zombie [7] : marcher comme un ivrogne, ne pas cligner les yeux, manger comme un animal, ce qui reste largement dans les cordes de n&rsquo;importe quel adolescent.<\/p>\n<p><span style=\"font-size: 8pt;\">[1] David Buxton, <em>Les s\u00e9ries t\u00e9l\u00e9vis\u00e9es : forme, id\u00e9ologie et mode de production<\/em>, L&rsquo;Harmattan, 2010, pp. 67-8.<\/span><\/p>\n<p><span style=\"font-size: 8pt;\">[2] <em>ibid.<\/em>, pp. 5, 90-2, 96, 145-9.<\/span><\/p>\n<p><span style=\"font-size: 8pt;\">[3] Slavoj Zizek, \u00ab\u00a0<a title=\"https:\/\/www.marxists.org\/reference\/subject\/philosophy\/works\/ot\/zizek1.htm\" href=\"https:\/\/www.marxists.org\/reference\/subject\/philosophy\/works\/ot\/zizek1.htm\" target=\"_blank\" rel=\"noopener\">Repeating Lenin<\/a> \u00bb [1997], pp. 11-12 (je traduis). Jacques Lacan, \u00ab\u00a0<a title=\"http:\/\/www.cairn.info\/revue-cites-2003-4-page-129.htm\" href=\"http:\/\/www.cairn.info\/revue-cites-2003-4-page-129.htm\" target=\"_blank\" rel=\"noopener\">De la plus-value au plus-de-jouir \u00bb<\/a>, s\u00e9minaire du 13 nov. 1968, in <em>Cit\u00e9s<\/em>, 16, 2003, pp. 129-44.<\/span><\/p>\n<p><span style=\"font-size: 8pt;\">[4] Marx, <em>Le Capital<\/em>, tome 1,\u00a0<em>passim<\/em> [1867]. Voir l&rsquo;article de Mark Neocleous, \u00ab\u00a0<a title=\"http:\/\/gretl.ecn.wfu.edu\/~cottrell\/OPE\/archive\/0604\/att-0138\/01-PoliticalEconOfTheDead.pdf\" href=\"http:\/\/gretl.ecn.wfu.edu\/~cottrell\/OPE\/archive\/0604\/att-0138\/01-PoliticalEconOfTheDead.pdf\" target=\"_blank\" rel=\"noopener\">The Political Economy of the Dead : Marx&rsquo;s vampires<\/a> \u00bb, 2003.<\/span><\/p>\n<p><span style=\"font-size: 8pt;\">[5] Franco Moretti, <em>Signs taken for wonders : essays in the sociology of literary forms<\/em>, Verso (London), 1983, p. 91.<\/span><\/p>\n<p><span style=\"font-size: 8pt;\">[6] Brian Steinberg, \u00ab\u00a0Have AMC&rsquo;s zombies already eaten TV ?\u00a0\u00bb, <em>Advertising Age<\/em>, oct 11, 2014 (lien ci-dessus).<\/span><\/p>\n<p><span style=\"font-size: 8pt;\">[7] Anne-Christine Diaz, \u00ab\u00a0<a title=\"http:\/\/adage.com\/article\/creativity-news\/zombie-secrets-walking-dead-s-greg-nicotero\/245058\/\" href=\"http:\/\/adage.com\/article\/creativity-news\/zombie-secrets-walking-dead-s-greg-nicotero\/245058\/\" target=\"_blank\" rel=\"noopener\">6 Tips for being a good zombie \u00bb<\/a>, <em>Advertising Age<\/em>, oct. 11, 2013.<\/span><\/p>\n<h2><span style=\"font-size: 12pt;\">L&rsquo;humanit\u00e9 augment\u00e9e (H+) : le transhumanisme arrive en France, f\u00e9vrier 2015, <a href=\"http:\/\/industrie-culturelle.fr\/industrie-culturelle\/actualites-des-industries-culturelles-et-numeriques-28-fevrier-2015\/\">Actualit\u00e9s #28<\/a><\/span><\/h2>\n<p style=\"text-align: justify;\">Le transhumanisme est le d\u00e9veloppement logique du d\u00e9terminisme technologique, o\u00f9 toute dimension politique est gomm\u00e9e en faveur d&rsquo;une mise en avant des possibilit\u00e9s d\u00e9clench\u00e9es par l&rsquo;innovation scientifique, agent f\u00e9tichiste. Le mot \u00ab capitalisme \u00bb est banni. Comme le sugg\u00e8re [le journaliste de <em>Lib\u00e9ration<\/em>] Jean-Christophe F\u00e9raud, le transhumanisme est le discours d&rsquo;escorte de \u00ab l&rsquo;\u00e8re num\u00e9rique \u00bb, qui a abouti \u00e0 la domination inou\u00efe des \u00ab Gafa \u00bb, ou des \u00ab Gafam \u00bb en rajoutant Microsoft. Cette foi d\u00e9mesur\u00e9e en le progr\u00e8s technologique comme unique salut de l&rsquo;humanit\u00e9, qui b\u00e9n\u00e9ficie d\u00e9j\u00e0 de relais officiels en France <a href=\"http:\/\/industrie-culturelle.fr\/industrie-culturelle\/wp-content\/uploads\/2014\/12\/insterstellar1.jpg\"><img loading=\"lazy\" decoding=\"async\" class=\"alignright size-thumbnail wp-image-15076\" src=\"http:\/\/industrie-culturelle.fr\/industrie-culturelle\/wp-content\/uploads\/2014\/12\/insterstellar1-150x150.jpg\" alt=\"insterstellar\" width=\"150\" height=\"150\" srcset=\"https:\/\/industrie-culturelle.fr\/industrie-culturelle\/wp-content\/uploads\/2014\/12\/insterstellar1-150x150.jpg 150w, https:\/\/industrie-culturelle.fr\/industrie-culturelle\/wp-content\/uploads\/2014\/12\/insterstellar1-144x144.jpg 144w, https:\/\/industrie-culturelle.fr\/industrie-culturelle\/wp-content\/uploads\/2014\/12\/insterstellar1-36x36.jpg 36w, https:\/\/industrie-culturelle.fr\/industrie-culturelle\/wp-content\/uploads\/2014\/12\/insterstellar1-115x115.jpg 115w, https:\/\/industrie-culturelle.fr\/industrie-culturelle\/wp-content\/uploads\/2014\/12\/insterstellar1-32x32.jpg 32w, https:\/\/industrie-culturelle.fr\/industrie-culturelle\/wp-content\/uploads\/2014\/12\/insterstellar1-64x64.jpg 64w, https:\/\/industrie-culturelle.fr\/industrie-culturelle\/wp-content\/uploads\/2014\/12\/insterstellar1-96x96.jpg 96w, https:\/\/industrie-culturelle.fr\/industrie-culturelle\/wp-content\/uploads\/2014\/12\/insterstellar1-128x128.jpg 128w\" sizes=\"auto, (max-width: 150px) 100vw, 150px\" \/><\/a>(l&rsquo;Acad\u00e9mie des sciences, programmes de recherche universitaires), s&rsquo;inscrit n\u00e9anmoins dans un contexte radicalement indicible : l&rsquo;ultime non-viabilit\u00e9 humaine, \u00e9conomique et environnementale du mode de production capitaliste, devenu caricaturalement in\u00e9galitaire (les <strong>67<\/strong> individus les plus riches au monde poss\u00e8dent autant que les <strong>3 milliards<\/strong> les plus pauvres [1]), destructif et gaspilleur des ressources de la plan\u00e8te, tr\u00e8s probablement entr\u00e9 en phase terminale de sa crise structurelle [2], et qui demande une issue politique pour l&rsquo;instant introuvable.<\/p>\n<p style=\"text-align: justify;\">Bas les masques. Le transhumanisme se passe g\u00e9n\u00e9ralement d&rsquo;alibis sociaux et \u00e9thiques dans une extension fuite-en-avantiste du domaine de l&rsquo;exploitation. En fait, ce d\u00e9bat n&rsquo;est pas nouveau ; il faut lire l&rsquo;essai tranchant d&rsquo;Adorno, \u00ab Capitalisme tardif ou soci\u00e9t\u00e9 industrielle ? \u00bb [3], \u00e9crit sur fond du mouvement de contestation \u00e9tudiant en 1968.<\/p>\n<p style=\"text-align: justify;\"><a href=\"http:\/\/industrie-culturelle.fr\/industrie-culturelle\/wp-content\/uploads\/2014\/12\/brave-new-world.jpg\"><img loading=\"lazy\" decoding=\"async\" class=\"alignleft size-full wp-image-15022\" src=\"http:\/\/industrie-culturelle.fr\/industrie-culturelle\/wp-content\/uploads\/2014\/12\/brave-new-world.jpg\" alt=\"brave new world\" width=\"109\" height=\"178\" \/><\/a>Mettons \u00e0 plat le transhumanisme, qui contient certes plusieurs courants et sensibilit\u00e9s, savants et illumin\u00e9s. Comme dans le film <em>Interstellar<\/em>, il y a un plan A (lui-m\u00eame contenant une partie indicible) et un plan B. La partie dicible du plan A, ce sont les recherches scientifiques qui se pr\u00e9sentent comme un bienfait pour l&rsquo;humanit\u00e9 : lutte contre le vieillissement, am\u00e9lioration de la sant\u00e9, d\u00e9veloppement de la puissance informatique, etc. La partie non dicible du plan A, c&rsquo;est l&rsquo;ing\u00e9nierie sociale qui en d\u00e9coule : un approfondissement du capitalisme et son extension dans les processus biologiques ; une industrie du bien-\u00eatre individuel supplantant progressivement les institutions sociales de la sant\u00e9 ; de nouvelles formes d&rsquo;eug\u00e9nisme ; une accentuation des in\u00e9galit\u00e9s devant la sant\u00e9, la reproduction et la mort. On retrouve ici un \u00e9cho du roman dystopique d&rsquo;Aldous <a href=\"http:\/\/industrie-culturelle.fr\/industrie-culturelle\/wp-content\/uploads\/2014\/12\/time-machine2.jpg\"><img loading=\"lazy\" decoding=\"async\" class=\"alignright size-full wp-image-14961\" src=\"http:\/\/industrie-culturelle.fr\/industrie-culturelle\/wp-content\/uploads\/2014\/12\/time-machine2.jpg\" alt=\"time machine2\" width=\"181\" height=\"278\" \/><\/a>Huxley, <em>Le Meilleur des monde<\/em><em>s <\/em>(1932), situ\u00e9 dans un monde futur dans lequel la reproduction sexuelle a \u00e9t\u00e9 remplac\u00e9e par la f\u00e9condation <em>in vitro<\/em>, et o\u00f9 l&rsquo;humanit\u00e9 est divis\u00e9e en castes et sous-castes sup\u00e9rieures (les Alphas et les B\u00e9tas) et inf\u00e9rieures (les Gammas, les Deltas et les Epsilons), les premi\u00e8res \u00e9tant grands, beaux et intelligents et les derni\u00e8res de plus en plus petits, frustres et laids. (Pour la petite histoire, c&rsquo;est son fr\u00e8re, le biologiste Julien Huxley, qui a invent\u00e9 le terme \u00ab transhumanisme \u00bb dans un essai \u00e9crit en 1957).<\/p>\n<p style=\"text-align: justify;\">L&rsquo;autre r\u00e9f\u00e9rence est le roman de sp\u00e9culation d&rsquo;H. G. Wells, <em>La machine \u00e0 remonter le temps <\/em>(1895), o\u00f9 dans l&rsquo;an 802 701, les descendants de l&rsquo;humanit\u00e9 sont divis\u00e9s en deux esp\u00e8ces : les \u00c9lo\u00efs, androgynes, h\u00e9donistes et oisifs, et les souterrains Morlocks, d\u00e9g\u00e9n\u00e9r\u00e9s et bestiaux. La recherche g\u00e9n\u00e9tique du \u00ab g\u00e9nie \u00bb Zhao Bowen part d&rsquo;une conception bien r\u00e9ductionniste et tendanciellement discriminatoire (pour ne pas dire raciste) de \u00ab l&rsquo;intelligence \u00bb con\u00e7ue comme un objet unitaire, et s&rsquo;appuie sur des mesures de celle-ci (les fameux QI) discr\u00e9dit\u00e9es dans les ann\u00e9es 1960, mais qui reviennent en force dans le climat conservateur, voire r\u00e9actionnaire d&rsquo;aujourd&rsquo;hui.<\/p>\n<figure id=\"attachment_15336\" aria-describedby=\"caption-attachment-15336\" style=\"width: 150px\" class=\"wp-caption alignleft\"><a href=\"http:\/\/industrie-culturelle.fr\/industrie-culturelle\/wp-content\/uploads\/2015\/01\/elon-musk.jpg\"><img loading=\"lazy\" decoding=\"async\" class=\"size-thumbnail wp-image-15336\" src=\"http:\/\/industrie-culturelle.fr\/industrie-culturelle\/wp-content\/uploads\/2015\/01\/elon-musk-150x150.jpg\" alt=\"Elon Musk (1971-)\" width=\"150\" height=\"150\" srcset=\"https:\/\/industrie-culturelle.fr\/industrie-culturelle\/wp-content\/uploads\/2015\/01\/elon-musk-150x150.jpg 150w, https:\/\/industrie-culturelle.fr\/industrie-culturelle\/wp-content\/uploads\/2015\/01\/elon-musk-144x144.jpg 144w, https:\/\/industrie-culturelle.fr\/industrie-culturelle\/wp-content\/uploads\/2015\/01\/elon-musk-36x36.jpg 36w, https:\/\/industrie-culturelle.fr\/industrie-culturelle\/wp-content\/uploads\/2015\/01\/elon-musk-115x115.jpg 115w, https:\/\/industrie-culturelle.fr\/industrie-culturelle\/wp-content\/uploads\/2015\/01\/elon-musk-32x32.jpg 32w, https:\/\/industrie-culturelle.fr\/industrie-culturelle\/wp-content\/uploads\/2015\/01\/elon-musk-64x64.jpg 64w, https:\/\/industrie-culturelle.fr\/industrie-culturelle\/wp-content\/uploads\/2015\/01\/elon-musk-96x96.jpg 96w, https:\/\/industrie-culturelle.fr\/industrie-culturelle\/wp-content\/uploads\/2015\/01\/elon-musk-128x128.jpg 128w\" sizes=\"auto, (max-width: 150px) 100vw, 150px\" \/><\/a><figcaption id=\"caption-attachment-15336\" class=\"wp-caption-text\">Elon Musk (1971-)<\/figcaption><\/figure>\n<p style=\"text-align: justify;\">Le plan B est encore plus indicible, et encore plus discutable d&rsquo;un point de vue scientifique : la num\u00e9risation du cerveau humain qui ouvrirait la voie vers une forme d&rsquo;immortalit\u00e9 pour ceux qui en auront les moyens. Cela ou la migration physique sur un autre monde. C&rsquo;est le transhumaniste Marc Roux qui vend la m\u00e8che, sans le dire explicitement : il s&rsquo;agira d&rsquo;assurer la survie d&rsquo;une \u00e9lite tr\u00e8s s\u00e9lective quand la Terre deviendra inhabitable. Libertaire affich\u00e9 (dans le sens am\u00e9ricain), multimilliardaire, cofondateur de PayPal et actuel pr\u00e9sident de Telsa (voitures \u00e9lectriques) et de SpaceX (fabricant de fus\u00e9es, sous contrat \u00e0 la Nasa), <a title=\"http:\/\/fr.wikipedia.org\/wiki\/Elon_Musk\" href=\"http:\/\/fr.wikipedia.org\/wiki\/Elon_Musk\" target=\"_blank\" rel=\"noopener\">Elon Musk<\/a> (Californien d&rsquo;origine sud-africaine, <em>cool<\/em>) projette, comptant sur sa propre fortune, d&rsquo;\u00e9tablir une colonie sur Mars avant 2040, qui devrait atteindre un million d&rsquo;habitants dans un si\u00e8cle. Cela, si par miracle elle r\u00e9ussit \u00e0 survivre dans un environnement aussi hostile (\u00e0 c\u00f4t\u00e9 duquel le P\u00f4le Sud ou la pire prison serait un paradis), et si l&rsquo;on trouve les moyens financiers gigantesques pour faire \u00e9chapper autant de personnes de la gravitation terrestre, avec le consentement du moins passif des Terriens. Car la question est bien l\u00e0 : s&rsquo;agissant de son avenir, est-ce que l&rsquo;humanit\u00e9 aura son mot \u00e0 dire sur ces d\u00e9penses colossales envisag\u00e9es qui proviendront de quelques individus fortun\u00e9s ?<\/p>\n<figure id=\"attachment_14958\" aria-describedby=\"caption-attachment-14958\" style=\"width: 275px\" class=\"wp-caption alignright\"><a href=\"http:\/\/industrie-culturelle.fr\/industrie-culturelle\/wp-content\/uploads\/2014\/12\/timothy-leary.jpg\"><img loading=\"lazy\" decoding=\"async\" class=\"size-full wp-image-14958\" src=\"http:\/\/industrie-culturelle.fr\/industrie-culturelle\/wp-content\/uploads\/2014\/12\/timothy-leary.jpg\" alt=\"Timothy Leary (1920-96)\" width=\"275\" height=\"183\" \/><\/a><figcaption id=\"caption-attachment-14958\" class=\"wp-caption-text\">Timothy Leary (1920-96) vers la fin de sa vie<\/figcaption><\/figure>\n<p style=\"text-align: justify;\">L&rsquo;un des pr\u00e9curseurs de ce projet fut l&rsquo;ap\u00f4tre sulfureux des substances psych\u00e9d\u00e9liques <a title=\"http:\/\/fr.wikipedia.org\/wiki\/Timothy_Leary\" href=\"http:\/\/fr.wikipedia.org\/wiki\/Timothy_Leary\" target=\"_blank\" rel=\"noopener\">Timothy Leary<\/a>, brillant psychologue vir\u00e9 de l&rsquo;universit\u00e9 de Harvard pour ses exp\u00e9riences sur le LSD (l\u00e9gal \u00e0 l&rsquo;\u00e9poque), et litt\u00e9ralement hors-la-loi \u00e0 la fin des ann\u00e9es 1960 (<a title=\"http:\/\/industrie-culturelle.fr\/industrie-culturelle\/le-rock-chapitre5-contreculture-emergence-style-de-vie\/\" href=\"http:\/\/industrie-culturelle.fr\/industrie-culturelle\/le-rock-chapitre5-contreculture-emergence-style-de-vie\/\" target=\"_blank\" rel=\"noopener\">article dans la web-revue ici<\/a>), mais qui a adopt\u00e9 un agenda transhumaniste dans les ann\u00e9es 1980, r\u00e9sum\u00e9 dans l&rsquo;acronyme SMI\u00b2LE (<em>Space migration + Intelligence increase + Life extension<\/em>). Dans son projet initial, qui affirme que la transcendance spirituelle se r\u00e9alisera d\u00e9sormais dans la conqu\u00eate de l&rsquo;espace, un vaisseau spatial luxueux (\u00ab Starseed 1 \u00bb) \u00e9quip\u00e9 de 5000 personnes sup\u00e9rieurement \u00ab viriles et intelligentes \u00bb aura pour mission la colonisation d&rsquo;autres plan\u00e8tes. Le mot \u00ab viril \u00bb trahit l&rsquo;aspect misogyne du projet (y faudra-t-il donc des femmes sup\u00e9rieurement f\u00e9condables ?).<\/p>\n<p style=\"text-align: justify;\">Sans tomber aussi bas, les crois\u00e9s de l&rsquo;intelligence artificielle comme Marvin Minsky ont longtemps \u00e9t\u00e9 critiqu\u00e9s pour leur misogynie et leur misanthropie, <a href=\"http:\/\/industrie-culturelle.fr\/industrie-culturelle\/wp-content\/uploads\/2014\/12\/\u00e9trang\u00e8re.jpg\"><img loading=\"lazy\" decoding=\"async\" class=\"alignright size-full wp-image-15207\" src=\"http:\/\/industrie-culturelle.fr\/industrie-culturelle\/wp-content\/uploads\/2014\/12\/\u00e9trang\u00e8re.jpg\" alt=\"\u00e9trang\u00e8re\" width=\"108\" height=\"181\" \/><\/a>d&rsquo;abord par l&rsquo;informaticien pionnier Joseph Weizenbaum [4], et ensuite par des philosophes f\u00e9ministes (Mary Midgley, Susan Bordo). L&rsquo;influence de la science-fiction sur le transhumanisme, particuli\u00e8rement de <a title=\"http:\/\/en.wikipedia.org\/wiki\/Robert_A._Heinlein\" href=\"http:\/\/http:\/\/en.wikipedia.org\/wiki\/Robert_A._Heinlein\" target=\"_blank\" rel=\"noopener\">Robert Heinlein<\/a>, populaire dans la contreculture californienne malgr\u00e9 (ou en raison de) ses opinions libertaires de droite, est patente. Ray Kurzweil a aussi \u00e9t\u00e9 un lecteur avide de science-fiction dans sa jeunesse, d&rsquo;apr\u00e8s sa notice wikip\u00e9dia. Dans une interview dans <a title=\"http:\/\/www.theguardian.com\/technology\/2013\/jul\/17\/elon-musk-mission-mars-space\" href=\"http:\/\/www.theguardian.com\/technology\/2013\/jul\/17\/elon-musk-mission-mars-spacex\" target=\"_blank\" rel=\"noopener\"><em>The Guardian <\/em>(17 juillet, 2013)<\/a>, Elon Musk, gagnant du prix Heinlein 2011 pour des avanc\u00e9es dans la commercialisation de l&rsquo;espace, cite l&rsquo;influence de la saga <em>Fondation <\/em>d&rsquo;Isaac Azimov. Plus g\u00e9n\u00e9ralement, la contre-culture (dans son versant technofuturiste des ann\u00e9es 1960, et cyberpunk dans les ann\u00e9es 1970) a eu une influence majeure sur la philosophie transhumaniste, ce que personne \u00e0 l&rsquo;\u00e9poque n&rsquo;aurait pu pr\u00e9dire.<\/p>\n<p style=\"text-align: justify;\"><span style=\"font-size: 8pt;\"><strong>Notes :<\/strong><\/span><\/p>\n<p><span style=\"font-size: 8pt;\">[1] Chiffres de l&rsquo;ONG humanitaire britannique, Oxfam. Selon la m\u00eame source, les 1 % les plus riches poss\u00e8dent en patrimoine cumul\u00e9 plus que les 99 % restants de la population mondiale. La \u00ab valeur \u00bb des produits financiers d\u00e9riv\u00e9s s&rsquo;\u00e9l\u00e8ve \u00e0 800 000 milliards de dollars (Banque des r\u00e8glements internationaux), ce qui met en perspective la dette des \u00c9tats comme la France. Le temps moyen de possession d&rsquo;une action est de 12 secondes ; la sp\u00e9culation boursi\u00e8re est d\u00e9j\u00e0 \u00ab g\u00e9r\u00e9e \u00bb par des algorithmes <em>(Lib\u00e9ration,<\/em> 26 d\u00e9c. 2014, p. 5).<\/span><\/p>\n<p><span style=\"font-size: 8pt;\">[2] Immanuel Wallenstein, Randall Collins, Michael Mann, Georgi Derluguian, Craig Calhoun, <em>Le capitalisme a-t-il un avenir ?,<\/em> La D\u00e9couverte, 2014.<\/span><\/p>\n<p><span style=\"font-size: 8pt;\">[3] T. W. Adorno, <em>Soci\u00e9t\u00e9 : Int\u00e9gration, D\u00e9sint\u00e9gration<\/em>, Payot, 2011, pp. 85-107.<\/span><\/p>\n<p><span style=\"font-size: 8pt;\">[4] Joseph Weizenbaum, <em>Puissance de l&rsquo;ordinateur et Raison de l&rsquo;homme. Du jugement au calcul<\/em>, Ed. d&rsquo;informatique, 1981 (\u00e9dition am\u00e9ricaine en 1976).<\/span><\/p>\n<p><span style=\"font-size: 8pt;\">Lire<a title=\"http:\/\/industrie-culturelle.fr\/industrie-culturelle\/neuromancien-matrix-particularites-esthetique-cybernetique\/\" href=\"http:\/\/industrie-culturelle.fr\/industrie-culturelle\/neuromancien-matrix-particularites-esthetique-cybernetique\/\" target=\"_blank\" rel=\"noopener\"> l&rsquo;article d&rsquo;Imane Sefiane<\/a> sur le cyberpunk dans la web-revue. Lire Ross Andersen, \u00ab <a title=\"http:\/\/aeon.co\/magazine\/technology\/the-elon-musk-interview-on-mars\/\" href=\"http:\/\/aeon.co\/magazine\/technology\/the-elon-musk-interview-on-mars\/\" target=\"_blank\" rel=\"noopener\">Exodus <\/a>\u00bb (sur Elon Musk, en anglais), <em>Aeon<\/em>, mise en ligne 30 sept. 2014. Chanson <a title=\"https:\/\/www.youtube.com\/watch?v=NZ4Foc8bnYM\" href=\"https:\/\/www.youtube.com\/watch?v=NZ4Foc8bnYM\" target=\"_blank\" rel=\"noopener\">Timothy Leary&rsquo;s Dead (Legend of a Mind)<\/a>, The Moody Blues (1969).<\/span><\/p>\n<h2><span style=\"font-size: 12pt;\">Investissements records dans les start-up de la Silicon Valley, juin 2015, <a href=\"http:\/\/industrie-culturelle.fr\/industrie-culturelle\/actualites-des-industries-culturelles-et-numeriques-32-juin-2\">Actualit\u00e9s #32<\/a><\/span><\/h2>\n<p style=\"text-align: justify;\">Il faudra mobiliser [ici] le concept de \u00ab capital fictif \u00bb, avanc\u00e9 par Marx dans le chapitre 29 du troisi\u00e8me tome du <em>Capital<\/em>. Il s&rsquo;agit du syst\u00e8me qui permet au capital de se multiplier en \u00e9changeant des valeurs n&rsquo;existant que sur le papier, sans r\u00e9serves mon\u00e9taires ou actifs convertibles pour les appuyer (on peut en distinguer trois formes : le cr\u00e9dit, les dettes publiques, et les actions ou obligations \u00e9chang\u00e9es sur les march\u00e9s financiers). C&rsquo;est la base de la sp\u00e9culation financi\u00e8re, o\u00f9 l&rsquo;on s&rsquo;endette \u00ab fictivement \u00bb, c&rsquo;est-\u00e0-dire qu&rsquo;on ach\u00e8te avec de l&rsquo;argent qu&rsquo;on n&rsquo;a pas, pour mieux accumuler des b\u00e9n\u00e9fices futurs. Tout repose sur la confiance que ces valeurs \u00ab fictives \u00bb seront convertibles en valeurs\u00a0 \u00ab r\u00e9elles \u00bb (valeurs d&rsquo;usage) \u00e0 l&rsquo;avenir. Autrement dit, sauf miracle, le destin ultime du capital fictif est d&rsquo;\u00eatre effac\u00e9 (de subir une \u00ab coupe de cheveux \u00bb dans le jargon actuel) une fois la masse critique atteinte, parfois dramatiquement comme lors de la Grande D\u00e9pression des ann\u00e9es 1930, et dans une moindre mesure lors de la crise des <em>subprimes<\/em> en 2008.<\/p>\n<p style=\"text-align: justify;\">Le poids moyen du capital fictif dans les onze pays les plus riches est pass\u00e9 de 145% du PIB en 1980 \u00e0 340% en 2012, ce qui montre que l&rsquo;accumulation financi\u00e8re n&rsquo;a cess\u00e9 de progresser par rapport \u00e0 l&rsquo;accumulation r\u00e9elle (les richesses effectivement produites). Actuellement, 98% des transactions mon\u00e9taires dans le monde rel\u00e8vent de la sp\u00e9culation, seulement 2% concernent des valeurs \u00ab r\u00e9elles \u00bb. \u00c0 priori, cette fantasmagorie ne peut continuer en l&rsquo;\u00e9tat ind\u00e9finiment, en d\u00e9pit des outils financiers de plus en plus sophistiqu\u00e9s.<\/p>\n<figure id=\"attachment_17325\" aria-describedby=\"caption-attachment-17325\" style=\"width: 150px\" class=\"wp-caption alignleft\"><a href=\"http:\/\/industrie-culturelle.fr\/industrie-culturelle\/wp-content\/uploads\/2015\/05\/david-harvey.jpg\"><img loading=\"lazy\" decoding=\"async\" class=\"size-thumbnail wp-image-17325\" src=\"http:\/\/industrie-culturelle.fr\/industrie-culturelle\/wp-content\/uploads\/2015\/05\/david-harvey-150x128.jpg\" alt=\"David Harvey (1935-)\" width=\"150\" height=\"128\" \/><\/a><figcaption id=\"caption-attachment-17325\" class=\"wp-caption-text\">David Harvey (1935-)<\/figcaption><\/figure>\n<p style=\"text-align: justify;\">Le cr\u00e9dit et la sp\u00e9culation ont toujours exist\u00e9, mais jamais \u00e0 ce point-l\u00e0 ; il s&rsquo;agit d&rsquo;une \u00e9volution structurelle du capitalisme dans un stade qu&rsquo;on peut qualifier de \u00ab financier \u00bb ou de \u00ab tardif \u00bb. La valeur du dollar, principale monnaie de r\u00e9serve, est totalement flottante, et n&rsquo;est plus index\u00e9e sur les r\u00e9serves de l&rsquo;or depuis 1971. Comme le montre le g\u00e9ographe social <a href=\"https:\/\/fr.wikipedia.org\/wiki\/David_Harvey\">David Harvey<\/a>, le capitalisme, qui est un processus <em>continu<\/em> de cr\u00e9ation de plus-value, d\u00e9pend non pas de la croissance simple, mais de la <em>croissance compos\u00e9e<\/em>, avec une norme historique de 3%. En termes concrets, cela veut dire qu&rsquo;alors que l&rsquo;\u00e9conomie mondiale devait trouver le moyen de r\u00e9investir 6 milliards $ en 1970 pour se reproduire, il en faudra 2 billions $ (2 millions de millions) actuellement, et 3 billions $ en 2030, avant de devenir exponentiel et au-del\u00e0 de l&rsquo;entendement. Voil\u00e0 qui n&rsquo;implique pas en soi la fin du capitalisme, mais qui pose la question des conditions sociales, politiques et environnementales de sa survie, et le prix \u00e9ventuel \u00e0 payer (in\u00e9galit\u00e9s extr\u00eames, r\u00e9gions inhabitables, r\u00e9gimes autoritaires, classe renti\u00e8re, d\u00e9chirement du tissu social, populations \u00ab superflues \u00bb). Quelques individus ont d\u00e9j\u00e0 les moyens de d\u00e9cider l&rsquo;avenir de l&rsquo;humanit\u00e9 (voir <a href=\"http:\/\/industrie-culturelle.fr\/industrie-culturelle\/actualites-des-industries-culturelles-et-numeriques-28-fevrier-2015\/\" target=\"_blank\" rel=\"noopener\">Actualit\u00e9s #28<\/a>), et les aspects d&rsquo;un monde dystopique \u00e0 venir sont pr\u00e9sents sur les plans r\u00e9el (la surveillance massive par la NSA) et imaginaire (la franchise <em>Hunger Games<\/em>, o\u00f9 la question de survie est d\u00e9plac\u00e9e sur l&rsquo;individu).<\/p>\n<p style=\"text-align: justify;\">C&rsquo;est dans ce contexte, o\u00f9 la part des investissements en capital fixe (productif) n&rsquo;a cess\u00e9 \u00e0 se r\u00e9duire, qu&rsquo;on peut mieux comprendre comment on en arrive \u00ab rationnellement \u00bb \u00e0 \u00e9ponger le surplus de capital fictif dans des start-up sans mod\u00e8le d&rsquo;affaires viable, sans rentr\u00e9e d&rsquo;argent, sans valeur d&rsquo;usage affirm\u00e9e, et parfois m\u00eame sans produit&#8230;<\/p>\n<p style=\"text-align: justify;\"><span style=\"font-size: 8pt;\"><strong>\u00c0 lire<\/strong> : C\u00e9dric Durand<em>, <a href=\"http:\/\/www.lesprairiesordinaires.com\/le-capital-fictif.html\" target=\"_blank\" rel=\"noopener\">Le capital fictif<\/a><a href=\"http:\/\/www.lesprairiesordinaires.com\/le-capital-fictif.html\" target=\"_blank\" rel=\"noopener\">,<\/a> <\/em>Les Prairies ordinaires, 2014 ; David Harvey,<em> <a href=\"http:\/\/www.lse.ac.uk\/newsAndMedia\/videoAndAudio\/channels\/publicLecturesAndEvents\/player.aspx?id=2371\" target=\"_blank\" rel=\"noopener\">Seventeen contradictions and the end of capitalism<\/a>, <\/em>Profile Books (London), 2014, surtout p. 222-45 ; <a href=\"http:\/\/clementsenechal.com\/2014\/11\/24\/lessor-du-capital-fictif-comment-la-finance-sapproprie-notre-avenir-collectif\/\" target=\"_blank\" rel=\"noopener\">http:\/\/clementsenechal.com\/2014\/11\/24\/lessor-du-capital-fictif-comment-la-finance-sapproprie-notre-avenir-collectif\/<\/a>, blog de Cl\u00e9ment S\u00e9n\u00e9chal.<\/span><\/p>\n<h2><span style=\"font-size: 12pt;\">La s\u00e9rie<em> CSI<\/em> (<em>Les Experts<\/em>) tire sa r\u00e9v\u00e9rence, nov. 2015, <a href=\"http:\/\/industrie-culturelle.fr\/industrie-culturelle\/actualites-des-industries-culturelles-et-numeriques-36-novembre-2015\/\">Actualit\u00e9s #36<\/a><\/span><\/h2>\n<figure id=\"attachment_24981\" aria-describedby=\"caption-attachment-24981\" style=\"width: 150px\" class=\"wp-caption alignleft\"><a href=\"http:\/\/industrie-culturelle.fr\/industrie-culturelle\/wp-content\/uploads\/2017\/01\/zuiker.jpe\"><img loading=\"lazy\" decoding=\"async\" class=\"size-thumbnail wp-image-24981\" src=\"http:\/\/industrie-culturelle.fr\/industrie-culturelle\/wp-content\/uploads\/2017\/01\/zuiker-150x150.jpe\" alt=\"\" width=\"150\" height=\"150\" srcset=\"https:\/\/industrie-culturelle.fr\/industrie-culturelle\/wp-content\/uploads\/2017\/01\/zuiker-150x150.jpe 150w, https:\/\/industrie-culturelle.fr\/industrie-culturelle\/wp-content\/uploads\/2017\/01\/zuiker-144x144.jpe 144w, https:\/\/industrie-culturelle.fr\/industrie-culturelle\/wp-content\/uploads\/2017\/01\/zuiker-36x36.jpe 36w, https:\/\/industrie-culturelle.fr\/industrie-culturelle\/wp-content\/uploads\/2017\/01\/zuiker-32x32.jpe 32w, https:\/\/industrie-culturelle.fr\/industrie-culturelle\/wp-content\/uploads\/2017\/01\/zuiker-50x50.jpe 50w, https:\/\/industrie-culturelle.fr\/industrie-culturelle\/wp-content\/uploads\/2017\/01\/zuiker-64x64.jpe 64w, https:\/\/industrie-culturelle.fr\/industrie-culturelle\/wp-content\/uploads\/2017\/01\/zuiker-96x96.jpe 96w, https:\/\/industrie-culturelle.fr\/industrie-culturelle\/wp-content\/uploads\/2017\/01\/zuiker-128x128.jpe 128w, https:\/\/industrie-culturelle.fr\/industrie-culturelle\/wp-content\/uploads\/2017\/01\/zuiker.jpe 225w\" sizes=\"auto, (max-width: 150px) 100vw, 150px\" \/><\/a><figcaption id=\"caption-attachment-24981\" class=\"wp-caption-text\">Anthony Zuiker (1968-)<\/figcaption><\/figure>\n<p style=\"text-align: justify;\">Les mots de [l&rsquo;acteur] <a href=\"https:\/\/fr.wikipedia.org\/wiki\/William_Petersen\">William Petersen<\/a> (Grissom), et [du producteur] <a href=\"https:\/\/fr.wikipedia.org\/wiki\/Anthony_E._Zuiker\">Anthony Zuicker<\/a>, complaisamment relay\u00e9s par l&rsquo;article du <em>Monde<\/em>, rel\u00e8vent plut\u00f4t de l&rsquo;autopromotion (qui s&rsquo;appelle plus famili\u00e8rement \u00ab la com \u00bb). Il ne faut pas s&rsquo;attendre \u00e0 autre chose de la part de personnes aussi impliqu\u00e9es, mais les analyses universitaires et journalistiques peuvent \u00eatre l\u00e9nifiantes \u00e0 leur mani\u00e8re. Les discours d&rsquo;escorte de [cette] s\u00e9rie ont toujours insist\u00e9 sur sa dimension scientifique, voire p\u00e9dagogique et humaniste, alors que la science en question comporte des sc\u00e8nes d&rsquo;autopsie macabres, qui n&rsquo;\u00e9pargnent aucunement le t\u00e9l\u00e9spectateur quant \u00e0 la r\u00e9alit\u00e9 biochimique de la d\u00e9composition des cadavres. Clairement, la s\u00e9rie renvoie plus \u00e0 une forme de pornographie morbide qu&rsquo;\u00e0 un engouement pour la m\u00e9thode scientifique, qui n&rsquo;influe pas ici sur la soci\u00e9t\u00e9 des vivants. Nul meilleur monde en devenir. Quant au producteur Zuiker, enclin \u00e0 des justificatifs pseudo-philosophiques, le lien (myst\u00e9rieux) qu&rsquo;il avance entre les attaques terroristes du \u00ab 9\/11 \u00bb (le 11 septembre 2001), et le\u00a0\u00ab <em>d\u00e9collage<\/em>\u00a0\u00bb de <em>CSI <\/em>ne r\u00e9siste pas \u00e0 un regard un tant soit peu critique. La premi\u00e8re saison de <em>CSI<\/em> (2000-01), diffus\u00e9e int\u00e9gralement avant \u00ab 9\/11 \u00bb, a attir\u00e9 20,8 millions de t\u00e9l\u00e9spectateurs en moyenne par \u00e9pisode ; la deuxi\u00e8me saison, qui a d\u00e9but\u00e9 quelques semaines apr\u00e8s les attaques, 23,7 millions. L&rsquo;audience de la s\u00e9rie a donc \u00e9t\u00e9 largement r\u00e9alis\u00e9e d\u00e8s sa premi\u00e8re saison.<\/p>\n<p style=\"text-align: justify;\">Cela dit, la s\u00e9rie a fait preuve d&rsquo;une long\u00e9vit\u00e9 exceptionnelle, cinqui\u00e8me de tous les temps aux \u00c9tats-Unis (si l&rsquo;on exclut quelques dessins anim\u00e9s), apr\u00e8s <em>Gunsmoke <\/em>(635 \u00e9pisodes, 1955-75), <em>Law and Order (New York District <\/em>en fran\u00e7ais) (456, 1990-2010), <em>Lassie <\/em>(pour enfants, le personnage principal \u00e9tant un chien, 591, 1954-73), <em>Law and Order : Special Victims Unit (New York Unit\u00e9 sp\u00e9ciale)\u00a0<\/em>(368, s\u00e9rie en cours, depuis 1999). Ce que ces s\u00e9ries ont en commun, c&rsquo;est une formule exceptionnellement stable et pr\u00e9visible. Si <em>Gunsmoke <\/em>et <em>Lassie <\/em>rel\u00e8vent de la s\u00e9rie classique avec un minimum de personnages r\u00e9currents, les autres font partie de la s\u00e9rie moderne avec de multiples personnages, et des \u00e9l\u00e9ments feuilletonnants, ici relativement faibles. Les arriv\u00e9es et les disparitions de personnages r\u00e9currents ne d\u00e9stabilisent pas l&rsquo;assemblage de base. Dans <em>CSI<\/em>, l&rsquo;expression (minime) de la personnalit\u00e9 est limit\u00e9e sauf exception \u00e0 la sph\u00e8re professionnelle, ce qui va de pair avec des intrigues squelettiques (au moins deux enqu\u00eates par \u00e9pisode de 42 minutes), sans intensit\u00e9 \u00e9motionnelle.<\/p>\n<p style=\"text-align: justify;\">Le pr\u00e9curseur des s\u00e9ries m\u00e9dico-l\u00e9gales fut la britannique <em>Silent Witness <\/em>(<em>Autopsie<\/em> en vf), diffus\u00e9e depuis 1996 sur la BBC, et toujours en production \u00e0 un rythme de 4 \u00e0 6 \u00e9pisodes de deux heures par an. Comme sa longueur l&rsquo;indique, elle est plus cons\u00e9quente d&rsquo;un point de vue dramatique. Diffus\u00e9e aux \u00c9tats-Unis sur BBC America, elle a d\u00fb influencer <em>CSI<\/em>, notamment dans sa conception du cadavre comme un t\u00e9moin privil\u00e9gi\u00e9 (\u00ab qui ne ment pas \u00bb), m\u00eame si Zuiker attribue son inspiration \u00e0 un documentaire sur la cha\u00eene Discovery. En dehors de ses propres franchises, <em>CSI <\/em>a men\u00e9 \u00e0 la cr\u00e9ation d&rsquo;autres s\u00e9ries comportant des autopsies, notamment <em>Bones <\/em>(212 \u00e9pisodes depuis 2005), <em>Rizzoli &amp; Isles <\/em>(86 \u00e9pisodes depuis 2010), <em>Body of Proof <\/em>(42 \u00e9pisodes, 2011-13), et dans une certaine mesure <em>NCIS<\/em> (285 \u00e9pisodes depuis 2003). Il est probable que le cycle de s\u00e9ries m\u00e9dico-l\u00e9gales touche \u00e0 sa fin, en m\u00eame temps que celui des \u00e9missions de t\u00e9l\u00e9-r\u00e9alit\u00e9.<\/p>\n<p style=\"text-align: justify;\"><span style=\"font-size: 8pt;\"><em>Pour une analyse critique de CSI, voir mon livre <\/em>Les s\u00e9ries t\u00e9l\u00e9vis\u00e9es : forme, id\u00e9ologie et mode de production<em> (L&rsquo;Harmattan, 2010), pp. 103-19.<\/em><\/span><\/p>\n<h2 style=\"text-align: justify;\"><span style=\"font-size: 12pt;\">Les musiciens ne supportent plus les portables dans les salles de concert (juillet-ao\u00fbt, 2016), <a href=\"http:\/\/industrie-culturelle.fr\/industrie-culturelle\/actualites-industries-culturelles-numeriques-44-juillet-aout-2016\/\">Actualit\u00e9s #44<\/a><\/span><\/h2>\n<p style=\"text-align: justify;\">Quelle est la diff\u00e9rence entre l&rsquo;universitaire et le chanteur de rock ? Aucune : les deux sont condamn\u00e9s \u00e0 s&rsquo;\u00e9poumoner dans le vide, devant un public autrement occup\u00e9 \u00e0 envoyer des textos, \u00e0 surfer sur Facebook ou Tinder&#8230; Pour l&rsquo;universitaire, l&rsquo;affaire est entendue : son discours est jug\u00e9 trop \u00ab th\u00e9orique \u00bb par des \u00e9tudiants confront\u00e9s \u00e0 un d\u00e9classement structurel qui ne dit pas son nom. Mais le chanteur de rock ? Apr\u00e8s tout, si on paie pour aller le voir, c&rsquo;est pour s&rsquo;\u00e9clater&#8230;<\/p>\n<p style=\"text-align: justify;\">L&rsquo;interdiction de filmer ou d&rsquo;enregistrer les concerts date de l&rsquo;\u00e9poque o\u00f9 le document pirat\u00e9 (<em>bootleg<\/em>) pourrait concurrencer la production l\u00e9gale, menant \u00e0 une perte th\u00e9orique de revenus pour l&rsquo;artiste, et (surtout) pour sa maison de disques. (En r\u00e9alit\u00e9, il \u00e9tait tr\u00e8s difficile d&rsquo;enregistrer un concert dans de bonnes conditions sans \u00eatre aper\u00e7u ; la plupart des documents pirat\u00e9s de qualit\u00e9 potable \u00e9taient le fait des techniciens ind\u00e9licats qui ont eu acc\u00e8s \u00e0 la table de mixage, le plus souvent avec la complicit\u00e9 des musiciens). La g\u00e9n\u00e9ralisation des smartphones, et l&rsquo;effondrement du march\u00e9 du disque ont chang\u00e9 la donne : ce genre de document \u00ab vol\u00e9 \u00bb, de faible qualit\u00e9 visuelle et sonore, n&rsquo;a aucune valeur marchande, et l&rsquo;artiste et sa maison de disque n&rsquo;ont g\u00e9n\u00e9ralement rien \u00e0 redire quand il est post\u00e9 sur YouTube, \u00e0 condition que ce ne soit pas le concert en entier. De toute \u00e9vidence, ce n&rsquo;est pas la peur de se faire pirater qui tracasse les artistes.<\/p>\n<figure id=\"attachment_22959\" aria-describedby=\"caption-attachment-22959\" style=\"width: 290px\" class=\"wp-caption alignleft\"><a href=\"http:\/\/industrie-culturelle.fr\/industrie-culturelle\/wp-content\/uploads\/2016\/06\/benjamin.jpe\"><img loading=\"lazy\" decoding=\"async\" class=\"size-full wp-image-22959\" src=\"http:\/\/industrie-culturelle.fr\/industrie-culturelle\/wp-content\/uploads\/2016\/06\/benjamin.jpe\" alt=\"Walter Benjamin (1892-1940)\" width=\"290\" height=\"174\" \/><\/a><figcaption id=\"caption-attachment-22959\" class=\"wp-caption-text\">Walter Benjamin (1892-1940)<\/figcaption><\/figure>\n<p style=\"text-align: justify;\">Dans son essai c\u00e9l\u00e8bre \u00ab <a href=\"http:\/\/hypermedia.univ-paris8.fr\/Groupe\/documents\/Benjamin\/Ben3.html#ref\">L&rsquo;\u0152uvre d&rsquo;art \u00e0 l&rsquo;\u00e9poque de sa reproduction m\u00e9canis\u00e9e<\/a> \u00bb (1936), Walter Benjamin d\u00e9veloppe la notion d&rsquo;<em>aura<\/em>, qui se d\u00e9finit comme ce qui est unique dans l&rsquo;\u0153uvre d&rsquo;art, ce qui relie celle-ci \u00e0 un temps et un espace singuliers. Pour Benjamin, avec la perte de l&rsquo;aura (qu&rsquo;il voyait comme un processus positif), l&rsquo;\u0153uvre perd sa qualit\u00e9 sacr\u00e9e ; dans sa reproduction industrielle, la copie de celle-ci sort de son contexte original, s&rsquo;ouvre \u00e0 d&rsquo;autres interpr\u00e9tations, et devient produit de consommation disponible (d\u00e9mocratiquement) \u00e0 la masse. Par tradition, le concert, f\u00fbt-ce de rock, garde quelque chose de son lointain caract\u00e8re sacr\u00e9 par rapport \u00e0 la consommation d&rsquo;une copie industrielle, mais qu&rsquo;en est-il vraiment ? Loin d&rsquo;\u00eatre une exp\u00e9rience singuli\u00e8re, le concert (du moins dans son p\u00f4le commercial) s&rsquo;inscrit depuis longtemps dans la strat\u00e9gie commerciale des ayants droit de l&rsquo;artiste sous contrat : une tourn\u00e9e \u00e0 l&rsquo;\u00e9chelle nationale, puis \u00e9ventuellement continentale, et mondiale (n\u00e9cessitant des capitaux importants, et dans certains cas, une centaine de salari\u00e9s, des infrastructures lourdes et un convoi de camions pour les transporter). Sur sc\u00e8ne, l&rsquo;artiste reproduit une \u00ab copie \u00bb d&rsquo;un r\u00e9pertoire d\u00e9j\u00e0 connu, recourant m\u00eame \u00e0 l&rsquo;occasion \u00e0 des subterfuges techniques (bandes pr\u00e9enregistr\u00e9es) [1]. Ainsi, toutes proportions conceptuelles gard\u00e9es, les arguments de Benjamin peuvent aussi s&rsquo;appliquer au concert dans sa reproduction technique, mais pas dans un sens aussi positif (c&rsquo;est l\u00e0 le d\u00e9bat).<\/p>\n<p style=\"text-align: justify;\">Le cri de c\u0153ur de l&rsquo;artiste, qui se retrouve sur sc\u00e8ne face \u00e0 une mar\u00e9e de portables &#8211; fait anecdotique en lui-m\u00eame -, traduit une profonde blessure narcissique face \u00e0 la perte manifeste de tout aspect sacr\u00e9 du concert, bref, la perte de son aura. Il est int\u00e9ressant que Jules Frutos, promoteur de concerts, avance l&rsquo;id\u00e9e d&rsquo;un d\u00e9sir chez les jeunes de \u00ab <em>devenir individuellement un m\u00e9dia<\/em> \u00bb. En d&rsquo;autres termes, il s&rsquo;agit moins de consommer une exp\u00e9rience qu&rsquo;on sait \u00ab industrielle \u00bb, mais de se positionner, un narcissisme pour un autre, sur les r\u00e9seaux sociaux par rapport \u00e0 un \u00e9v\u00e9nement qui garde une dimension (plus ou moins) identitaire, et qui se valorise (plut\u00f4t) par la pr\u00e9sence signal\u00e9e. Le concert organis\u00e9 devient alors un vecteur \u00e9v\u00e9nementiel parmi d&rsquo;autres, et la star de rock prend sa place parmi d&rsquo;autres c\u00e9l\u00e9brit\u00e9s, rang\u00e9es d\u00e9sormais en divisions comme les championnats de football.<\/p>\n<p style=\"text-align: justify;\"><span style=\"font-size: 8pt;\">[1] Il est \u00e0 noter qu&rsquo;informellement la question du caract\u00e8re industriel des concerts pop\/rock fait l&rsquo;objet d&rsquo;un d\u00e9bat contradictoire \u00e0 l&rsquo;int\u00e9rieur de la tradition fran\u00e7aise de l&rsquo;\u00e9conomie politique de la communication (ladite \u00c9cole de Grenoble). Ce d\u00e9bat latent, important sur le plan th\u00e9orique, m\u00e9rite d&rsquo;\u00eatre repris au grand jour.<br \/>\n<\/span><\/p>\n<p style=\"text-align: justify;\"><span style=\"font-size: 8pt;\">Pr\u00e9c\u00e9demment sur la culture des c\u00e9l\u00e9brit\u00e9s : <a href=\"http:\/\/industrie-culturelle.fr\/industrie-culturelle\/actualites-des-industries-culturelles-et-creatives-10-juin-2013\/\">Actualit\u00e9s #10, juin 2013<\/a><\/span><\/p>\n<p>&nbsp;<\/p>\n<p style=\"text-align: justify;\"><a href=\"http:\/\/industrie-culturelle.fr\/industrie-culturelle\/category\/actualites\/\" target=\"_blank\" rel=\"noopener\">Lire les autres articles de la rubrique.<\/a><\/p>\n<p style=\"text-align: justify;\"><div class=\"su-divider su-divider-style-default\" style=\"margin:15px 0;border-width:3px;border-color:#999999\"><a href=\"#\" style=\"color:#999999\">Aller en haut<\/a><\/div>\n","protected":false},"excerpt":{"rendered":"<p>F\u00e9vrier 2017 Contenu : 1 Le cin\u00e9ma des blockbusters (mai 2013), Actualit\u00e9s #9 2 Tagger des marques et des personnalit\u00e9s sur Instagram (Facebook), juin 2013, Actualit\u00e9s #10 3 D\u00e9bat entre producteurs, [sc\u00e9naristes] et cha\u00eenes de t\u00e9l\u00e9vision (janvier 2014), Actualit\u00e9s #16 4 Le streaming, c&rsquo;est la radio du XXIe si\u00e8cle, mars 2014, Actualit\u00e9s #18 5 L&rsquo;overdose des super-h\u00e9ros, juin 2014, Actualit\u00e9s #21 6 La mont\u00e9e en puissance des bases de donn\u00e9es, et la mort de la politique, sept. 2014, Actualit\u00e9s #23 7 De la r\u00e9alit\u00e9 virtuelle ou le paradis des geeks, oct. 2014, Actualit\u00e9s #24 8 Les zombies postapocalytiques \u00ab mangent \u00bb la t\u00e9l\u00e9vision, d\u00e9c. 2014, Actualit\u00e9s #26 9 L&rsquo;humanit\u00e9 augment\u00e9e (H+) : le transhumanisme arrive en France, f\u00e9vrier 2015, Actualit\u00e9s #28 10 Investissements records dans les start-up de la Silicon Valley, juin 2015, Actualit\u00e9s #32 11 La s\u00e9rie CSI (Les Experts) tire sa r\u00e9v\u00e9rence, nov. 2015, Actualit\u00e9s #36 12 Les start-up de la Silicon Valley revoient leurs ambitions en baisse, avril 2016, Actualit\u00e9s #41 13 Les musiciens ne supportent plus les portables dans les salles de concert (juillet-ao\u00fbt, 2016), Actualit\u00e9s #44<\/p>\n","protected":false},"author":1294,"featured_media":25298,"comment_status":"closed","ping_status":"closed","sticky":false,"template":"","format":"standard","meta":{"colormag_page_container_layout":"default_layout","colormag_page_sidebar_layout":"default_layout","footnotes":""},"categories":[80,11,668,12,3,689,680,14,10],"tags":[166,87,172,67,694,886,117,89,45],"coauthors":[791],"class_list":["post-24955","post","type-post","status-publish","format-standard","has-post-thumbnail","hentry","category-actualites","category-cinema","category-culturepop","category-musique","category-industries-culturelles","category-publicite","category-rocknroll","category-serie-tv","category-television","tag-americanisation","tag-capitalisme-tardif","tag-contenu-social-sedimente","tag-determinisme-technologique","tag-forme-esthetique","tag-intelligence-artificielle","tag-marketing","tag-marxisme","tag-publicite"],"aioseo_notices":[],"_links":{"self":[{"href":"https:\/\/industrie-culturelle.fr\/industrie-culturelle\/wp-json\/wp\/v2\/posts\/24955","targetHints":{"allow":["GET"]}}],"collection":[{"href":"https:\/\/industrie-culturelle.fr\/industrie-culturelle\/wp-json\/wp\/v2\/posts"}],"about":[{"href":"https:\/\/industrie-culturelle.fr\/industrie-culturelle\/wp-json\/wp\/v2\/types\/post"}],"author":[{"embeddable":true,"href":"https:\/\/industrie-culturelle.fr\/industrie-culturelle\/wp-json\/wp\/v2\/users\/1294"}],"replies":[{"embeddable":true,"href":"https:\/\/industrie-culturelle.fr\/industrie-culturelle\/wp-json\/wp\/v2\/comments?post=24955"}],"version-history":[{"count":2,"href":"https:\/\/industrie-culturelle.fr\/industrie-culturelle\/wp-json\/wp\/v2\/posts\/24955\/revisions"}],"predecessor-version":[{"id":40152,"href":"https:\/\/industrie-culturelle.fr\/industrie-culturelle\/wp-json\/wp\/v2\/posts\/24955\/revisions\/40152"}],"wp:featuredmedia":[{"embeddable":true,"href":"https:\/\/industrie-culturelle.fr\/industrie-culturelle\/wp-json\/wp\/v2\/media\/25298"}],"wp:attachment":[{"href":"https:\/\/industrie-culturelle.fr\/industrie-culturelle\/wp-json\/wp\/v2\/media?parent=24955"}],"wp:term":[{"taxonomy":"category","embeddable":true,"href":"https:\/\/industrie-culturelle.fr\/industrie-culturelle\/wp-json\/wp\/v2\/categories?post=24955"},{"taxonomy":"post_tag","embeddable":true,"href":"https:\/\/industrie-culturelle.fr\/industrie-culturelle\/wp-json\/wp\/v2\/tags?post=24955"},{"taxonomy":"author","embeddable":true,"href":"https:\/\/industrie-culturelle.fr\/industrie-culturelle\/wp-json\/wp\/v2\/coauthors?post=24955"}],"curies":[{"name":"wp","href":"https:\/\/api.w.org\/{rel}","templated":true}]}}