
{"id":22752,"date":"2016-07-01T02:00:49","date_gmt":"2016-07-01T00:00:49","guid":{"rendered":"http:\/\/industrie-culturelle.fr\/industrie-culturelle\/?p=22752"},"modified":"2016-08-31T13:10:21","modified_gmt":"2016-08-31T11:10:21","slug":"actualites-industries-culturelles-numeriques-44-juillet-aout-2016","status":"publish","type":"post","link":"https:\/\/industrie-culturelle.fr\/industrie-culturelle\/actualites-industries-culturelles-numeriques-44-juillet-aout-2016\/","title":{"rendered":"Actualit\u00e9s des industries culturelles et num\u00e9riques #44, juillet-ao\u00fbt 2016"},"content":{"rendered":"<div class=\"pdfprnt-buttons pdfprnt-buttons-post pdfprnt-top-right\"><a href=\"https:\/\/industrie-culturelle.fr\/industrie-culturelle\/wp-json\/wp\/v2\/posts\/22752?print=pdf\" class=\"pdfprnt-button pdfprnt-button-pdf\" target=\"_blank\" ><img decoding=\"async\" src=\"https:\/\/industrie-culturelle.fr\/industrie-culturelle\/wp-content\/plugins\/pdf-print\/images\/pdf.png\" alt=\"image_pdf\" title=\"Afficher le PDF\" \/><\/a><a href=\"https:\/\/industrie-culturelle.fr\/industrie-culturelle\/wp-json\/wp\/v2\/posts\/22752?print=print\" class=\"pdfprnt-button pdfprnt-button-print\" target=\"_blank\" ><img decoding=\"async\" src=\"https:\/\/industrie-culturelle.fr\/industrie-culturelle\/wp-content\/plugins\/pdf-print\/images\/print.png\" alt=\"image_print\" title=\"Contenu imprim\u00e9\" \/><\/a><\/div><p style=\"text-align: justify;\"><strong>La Web-revue : de la <em>Kulturindustrie<\/em> d\u2019hier aux industries culturelles, cr\u00e9atives et num\u00e9riques d\u2019aujourd\u2019hui, s\u2019est ouvert un champ interdisciplinaire pour tous ceux dont les recherches interrogent la culture populaire industrialis\u00e9e et les m\u00e9dias. Cette rubrique propose de suivre les actualit\u00e9s des industries culturelles et num\u00e9riques du c\u00f4t\u00e9 des acteurs professionnels, qui sont souvent divis\u00e9s quant \u00e0 la bonne strat\u00e9gie \u00e0 adopter face \u00e0 l\u2019innovation constante, d\u2019o\u00f9 des d\u00e9bats \u00ab internes \u00bb dont doit tenir compte l\u2019approche critique de la Web-revue.<\/strong><\/p>\n<p style=\"text-align: center;\">Interdit \u00e0 la reproduction payante.<\/p>\n<h2><span style=\"font-size: 12pt;\">L&rsquo;auto\u00e9dition sur le Net a le vent en poupe<\/span><\/h2>\n<figure id=\"attachment_22771\" aria-describedby=\"caption-attachment-22771\" style=\"width: 150px\" class=\"wp-caption alignright\"><a href=\"http:\/\/industrie-culturelle.fr\/industrie-culturelle\/wp-content\/uploads\/2016\/06\/pretelat.jpe\"><img loading=\"lazy\" decoding=\"async\" class=\"size-thumbnail wp-image-22771\" src=\"http:\/\/industrie-culturelle.fr\/industrie-culturelle\/wp-content\/uploads\/2016\/06\/pretelat-150x138.jpe\" alt=\"Laure Pr\u00e9telat et Charlotte Allibert\" width=\"150\" height=\"138\" \/><\/a><figcaption id=\"caption-attachment-22771\" class=\"wp-caption-text\">Laure Pr\u00e9telat et Charlotte Allibert<\/figcaption><\/figure>\n<p style=\"text-align: justify;\">Cofondateur en 2013 avec Laure Pr\u00e9telat de la start-up Librinova, qui permet aux \u00e9crivains de publier leurs manuscrits en num\u00e9rique, et dont le chiffre d&rsquo;affaires a augment\u00e9 de 250\u00a0% entre 2014 et 2015, Charlotte Allibert pr\u00e9tend que \u00ab\u00a0<em>l&rsquo;auto\u00e9dition est le ph\u00e9nom\u00e8ne 2016. Depuis le succ\u00e8s du roman auto\u00e9dit\u00e9 <\/em>50 Nuances de Grey<em> en 2011, puis en France <\/em>[Les gens heureux lisent et boivent du caf\u00e9]<em> d&rsquo;Agn\u00e8s Martin-Lugand, tous les \u00e9diteurs ont commenc\u00e9 \u00e0 se dire\u00a0: \u201cIl faut que j&rsquo;aie mon succ\u00e8s d&rsquo;auto\u00e9dition cette ann\u00e9e\u00a0!<\/em>\u00a0\u00bb En effet, au dernier Livre Paris (ex-Salon du livre), on a vu une prolif\u00e9ration de stands de plateformes d&rsquo;auto\u00e9dition\u00a0: Librinova, Iggy Book, Edilivre, Bookelis, MonBestSeller, YouScribe, Kobo, BoD (Books on Demand), sans oublier le\u00a0\u00ab g\u00e9ant\u00a0\u00bb Kindle\/Amazon. Tous promettent aux \u00e9crivains 70\u00a0% \u00e0 100\u00a0% des recettes des ventes de leur livre num\u00e9rique, contre 10\u00a0% \u00e0 30\u00a0% dans l&rsquo;\u00e9dition classique.<\/p>\n<p style=\"text-align: justify;\">Chacun a son mod\u00e8le d&rsquo;affaires\u00a0: celui de Librinova est \u00e0 mi-chemin entre l&rsquo;auto\u00e9dition et la maison d&rsquo;\u00e9dition traditionnelle. Moyennant 50 \u00e0 70 euros, et sans s\u00e9lection, Librinova permet aux \u00e9crivains de publier leur texte en quelques minutes, d&rsquo;en fixer le prix, et d&rsquo;\u00eatre diffus\u00e9s sur 90 librairies en ligne, dont Amazon. \u00c0 c\u00f4t\u00e9 de cette prestation de base, Librinova propose des services suppl\u00e9mentaires. \u00ab\u00a0<em>Nous aidons les auteurs \u00e0 \u00eatre publi\u00e9s, mais nous offrons \u00e9galement des prestations payantes comme une couverture personnalis\u00e9e, l&rsquo;envoi du livre \u00e0 des blogueurs influents, la r\u00e9daction d&rsquo;un r\u00e9sum\u00e9, la cr\u00e9ation d&rsquo;un site Internet, une interview film\u00e9e de l&rsquo;auteur ou encore la traduction en anglais<\/em>\u00a0\u00bb, indique Charlotte Allibert. L&rsquo;int\u00e9gralit\u00e9 des recettes est revers\u00e9e \u00e0 l&rsquo;auteur jusqu&rsquo;\u00e0 1000 exemplaires vendus en deux ans\u00a0; une fois ce seuil d\u00e9pass\u00e9 (fait rare), Librinova per\u00e7oit une commission de 10\u00a0%, et propose ses services d&rsquo;agent. \u00ab\u00a0<em>Nous soumettons [alors] l&rsquo;ouvrage \u00e0 une maison d&rsquo;\u00e9dition classique et op\u00e9rons alors comme un agent<\/em>\u00a0\u00bb.<\/p>\n<figure id=\"attachment_22753\" aria-describedby=\"caption-attachment-22753\" style=\"width: 150px\" class=\"wp-caption alignleft\"><a href=\"http:\/\/industrie-culturelle.fr\/industrie-culturelle\/wp-content\/uploads\/2016\/06\/martin.jpe\"><img loading=\"lazy\" decoding=\"async\" class=\"size-thumbnail wp-image-22753\" src=\"http:\/\/industrie-culturelle.fr\/industrie-culturelle\/wp-content\/uploads\/2016\/06\/martin-150x150.jpe\" alt=\"Agn\u00e8s Martin-Lugand (1979-)\" width=\"150\" height=\"150\" srcset=\"https:\/\/industrie-culturelle.fr\/industrie-culturelle\/wp-content\/uploads\/2016\/06\/martin-150x150.jpe 150w, https:\/\/industrie-culturelle.fr\/industrie-culturelle\/wp-content\/uploads\/2016\/06\/martin-144x144.jpe 144w, https:\/\/industrie-culturelle.fr\/industrie-culturelle\/wp-content\/uploads\/2016\/06\/martin-36x36.jpe 36w, https:\/\/industrie-culturelle.fr\/industrie-culturelle\/wp-content\/uploads\/2016\/06\/martin-32x32.jpe 32w, https:\/\/industrie-culturelle.fr\/industrie-culturelle\/wp-content\/uploads\/2016\/06\/martin-50x50.jpe 50w, https:\/\/industrie-culturelle.fr\/industrie-culturelle\/wp-content\/uploads\/2016\/06\/martin-64x64.jpe 64w, https:\/\/industrie-culturelle.fr\/industrie-culturelle\/wp-content\/uploads\/2016\/06\/martin-96x96.jpe 96w, https:\/\/industrie-culturelle.fr\/industrie-culturelle\/wp-content\/uploads\/2016\/06\/martin-128x128.jpe 128w\" sizes=\"auto, (max-width: 150px) 100vw, 150px\" \/><\/a><figcaption id=\"caption-attachment-22753\" class=\"wp-caption-text\">Agn\u00e8s Martin-Lugand (1979-)<\/figcaption><\/figure>\n<p style=\"text-align: justify;\">Le double succ\u00e8s du premier livre d&rsquo;Agn\u00e8s Martin-Lugand \u2014 d&rsquo;abord en auto\u00e9dition num\u00e9rique sur Amazon et ensuite en \u00e9dition classique chez Michel Lafon \u2014 n&rsquo;a pas \u00e9t\u00e9 qu&rsquo;un feu de paille. Son quatri\u00e8me roman, <em>D<\/em><em>\u00e9sol\u00e9e, je suis attendue<\/em>, \u00e9dit\u00e9 comme les trois pr\u00e9c\u00e9dents directement en version papier, caracole en deuxi\u00e8me place du classement <em>Livres Hebdo <\/em>\u00e0 peine trois semaines apr\u00e8s sa parution (384\u00a0000 exemplaires vendus, selon l&rsquo;institut GfK, devant David Foenkinos et Marc Levy). Mais sur les 120 livres annuels \u00e9dit\u00e9s par Michel Lafon, seulement 4 ou 5 proviennent des livres auto\u00e9dit\u00e9s.<\/p>\n<figure id=\"attachment_22757\" aria-describedby=\"caption-attachment-22757\" style=\"width: 150px\" class=\"wp-caption alignright\"><a href=\"http:\/\/industrie-culturelle.fr\/industrie-culturelle\/wp-content\/uploads\/2016\/06\/lafani.jpe\"><img loading=\"lazy\" decoding=\"async\" class=\"size-thumbnail wp-image-22757\" src=\"http:\/\/industrie-culturelle.fr\/industrie-culturelle\/wp-content\/uploads\/2016\/06\/lafani-150x150.jpe\" alt=\"Florian Lafani\" width=\"150\" height=\"150\" srcset=\"https:\/\/industrie-culturelle.fr\/industrie-culturelle\/wp-content\/uploads\/2016\/06\/lafani-150x150.jpe 150w, https:\/\/industrie-culturelle.fr\/industrie-culturelle\/wp-content\/uploads\/2016\/06\/lafani-144x144.jpe 144w, https:\/\/industrie-culturelle.fr\/industrie-culturelle\/wp-content\/uploads\/2016\/06\/lafani-36x36.jpe 36w, https:\/\/industrie-culturelle.fr\/industrie-culturelle\/wp-content\/uploads\/2016\/06\/lafani-32x32.jpe 32w, https:\/\/industrie-culturelle.fr\/industrie-culturelle\/wp-content\/uploads\/2016\/06\/lafani-50x50.jpe 50w, https:\/\/industrie-culturelle.fr\/industrie-culturelle\/wp-content\/uploads\/2016\/06\/lafani-64x64.jpe 64w, https:\/\/industrie-culturelle.fr\/industrie-culturelle\/wp-content\/uploads\/2016\/06\/lafani-96x96.jpe 96w, https:\/\/industrie-culturelle.fr\/industrie-culturelle\/wp-content\/uploads\/2016\/06\/lafani-128x128.jpe 128w\" sizes=\"auto, (max-width: 150px) 100vw, 150px\" \/><\/a><figcaption id=\"caption-attachment-22757\" class=\"wp-caption-text\">Florian Lafani<\/figcaption><\/figure>\n<p style=\"text-align: justify;\">Historiquement, les maisons d&rsquo;\u00e9dition dites respectables ont \u00e9tabli un cordon sanitaire, noblesse et professionnalisme obligent, autour des \u00e9diteurs de manuscrits \u00e0 compte d&rsquo;auteur. Il n&rsquo;est pas exag\u00e9r\u00e9 de dire que ces derniers ont \u00e9t\u00e9 per\u00e7us comme des escrocs, en raison de la facture d&rsquo;imprimerie adress\u00e9e au client pour un service qui laissait cyniquement \u00e0 celui-ci le soin d&rsquo;\u00e9couler un tirage sans d\u00e9bouch\u00e9 r\u00e9el, les librairies refusant ce type de publication. L&rsquo;\u00e9dition en ligne change la donne de ce c\u00f4t\u00e9-l\u00e0. D\u00e9sormais, le p\u00f4le populaire-commercial de l&rsquo;\u00e9dition, dont fait partie Michel Lafon, voit un avantage dans l&rsquo;auto\u00e9dition en tant que vivier mesurable de talents potentiels, sans risque d&rsquo;engagement. Un \u00e9diteur qui pr\u00e9f\u00e8re rester anonyme\u00a0: \u00ab\u00a0<em>Qu&rsquo;un livre ait eu du succ\u00e8s sur Internet est un gage de succ\u00e8s en librairie, car on peut s&rsquo;en pr\u00e9valoir pour le lancement<\/em><em>\u00a0\u00bb. <\/em>Un autre \u00e9diteur anonyme, parlant franchement\u00a0: \u00ab\u00a0<em>Quelqu&rsquo;un qui a un million de<\/em> followers<em> sur Twitter, on l&rsquo;\u00e9dite. On est s\u00fbr de vendre. Les fans de [la blogueuse de mode] <a href=\"https:\/\/fr.wikipedia.org\/wiki\/EnjoyPhoenix\">EnjoyPhoenix<\/a> sur les r\u00e9seaux sociaux, par exemple, forment un public captif<\/em><em>\u00a0\u00bb. <\/em>Florian Lafani, \u00e9diteur chez Michel Lafon, n&rsquo;a pas peur de parler \u00e0 visage d\u00e9couvert\u00a0: <em>\u00ab\u00a0On ne peut pas passer \u00e0 c\u00f4t\u00e9 de 10\u00a0000, voire 20\u00a0000 ou 30\u00a0000 ventes sur Internet. Mais le risque \u00e9ditorial n&rsquo;est pas \u00e9cart\u00e9 pour autant. D\u00e9clencher un acte d&rsquo;achat \u00e0 2,99 euros sur Internet et faire acheter le livre dans une librairie \u00e0 16 euros, cela n&rsquo;a rien \u00e0 voir<\/em>\u00a0\u00bb.<\/p>\n<p style=\"text-align: justify;\"><a href=\"http:\/\/industrie-culturelle.fr\/industrie-culturelle\/wp-content\/uploads\/2016\/06\/shades-grey.jpe\"><img loading=\"lazy\" decoding=\"async\" class=\"alignleft size-full wp-image-22773\" src=\"http:\/\/industrie-culturelle.fr\/industrie-culturelle\/wp-content\/uploads\/2016\/06\/shades-grey.jpe\" alt=\"shades grey\" width=\"183\" height=\"276\" \/><\/a>Selon le c\u00e9l\u00e8bre agent suisse Peter Fritz, qui d\u00e9fend les int\u00e9r\u00eats de l&rsquo;\u00e9dition classique\u00a0: <em>\u00ab\u00a0Amazon se situe dans une logique d&rsquo;alimentation en contenus de sa liseuse Kindle. Son objectif est de ma\u00eetriser tout le processus. Et du jour au lendemain, nous avons vu surgir un acteur qui ne regardait que les consommateurs<\/em>\u00a0\u00bb. Le cocktail classique pour ce type de (para-) litt\u00e9rature\u00a0: un tiers romance, un tiers <em>chick lit <\/em>(porno <em>soft<\/em> pour les filles), un tiers polar, genre b\u00e2tard et un peu sulfureux qui n&rsquo;a pas (encore) ses collections dans les maisons d&rsquo;\u00e9dition. Autant dire que l&rsquo;auto\u00e9dition en France est plut\u00f4t f\u00e9minine, comme d&rsquo;ailleurs la lecture des romans\u00a0; c&rsquo;est donc un fait social marqu\u00e9, <em>genr\u00e9<\/em>. Mis \u00e0 part quelques succ\u00e8s anecdotiques qui traduisent l&rsquo;air du temps (<em>50 Nuances de Grey<\/em>, qui a \u00e9t\u00e9 port\u00e9 \u00e0 l&rsquo;\u00e9cran), faut-il rappeler que la quasi-totalit\u00e9 de livres auto\u00e9dit\u00e9s en ligne ne se vend pas du tout ? Mais \u00e0 moyen terme, on ne peut pas exclure la domination de l&rsquo;\u00e9dition num\u00e9rique, aux co\u00fbts marginaux, du moins dans le domaine du livre de genre et de la <em>fan fiction<\/em>. Quoi qu&rsquo;il en soit, il est certain que les fronti\u00e8res entre l&rsquo;auto\u00e9dition et l&rsquo;\u00e9dition classique deviendront de plus en plus floues.<\/p>\n<p style=\"text-align: justify;\"><em>Sources\u00a0: \u00ab\u00a0<a href=\"http:\/\/www.lesechos.fr\/tech-medias\/medias\/021937200861-lautoedition-nouveau-terrain-de-chasse-des-editeurs-1222544.php\">L&rsquo;auto\u00e9dition, nouveau terrain de chasse des \u00e9diteurs<\/a>\u00a0\u00bb (V\u00e9ronique Richebois), <\/em>Les \u00c9chos<em>, 18 mai 2016\u00a0; \u00ab\u00a0<a href=\"http:\/\/www.lesechos.fr\/tech-medias\/medias\/021938029660-librinova-une-autre-maniere-dediter-1222586.php\">Librinova, une autre mani\u00e8re d&rsquo;\u00e9diter<\/a>\u00a0\u00bb (V\u00e9ronique Richebois), ibid\u00a0; \u00ab\u00a0<a href=\"http:\/\/www.lesechos.fr\/tech-medias\/medias\/021938028683-michel-lafon-defricheur-de-talents-en-ligne-1222569.php\">Michel Lafon, d\u00e9fricheur de talents en ligne<\/a>\u00a0\u00bb, ibid.<\/em><\/p>\n<h2 style=\"text-align: justify;\"><span style=\"font-size: 12pt;\">L&rsquo;avenir de l&rsquo;industrie publicitaire\u00a0: le grand regroupement de la cr\u00e9ativit\u00e9 et du marketing<br \/>\n<\/span><\/h2>\n<p style=\"text-align: justify;\">Les professionnels de l&rsquo;industrie publicitaire s&rsquo;accordent \u00e0 dire que celle-ci est \u00e0 la crois\u00e9e des chemins, et que le mod\u00e8le traditionnel d&rsquo;agence proposant ses services cr\u00e9atifs sera de moins en moins adapt\u00e9 \u00e0 la nouvelle donne\u00a0: l&rsquo;importance prise par l&rsquo;analyse des donn\u00e9es en continu, et par le ciblage personnalis\u00e9.<\/p>\n<p style=\"text-align: justify;\">Historiquement, les marketeurs s&rsquo;offraient les services d&rsquo;une agence pour cr\u00e9er des spots publicitaires pour la t\u00e9l\u00e9vision, des annonces pour les journaux et les magazines, et des mailings \u00e0 des points de commerce. Le mod\u00e8le le mieux adapt\u00e9 \u00e0 ce triple service, c&rsquo;\u00e9tait des agences sp\u00e9cialis\u00e9es regroup\u00e9es dans une soci\u00e9t\u00e9 financi\u00e8re (<em>holding<\/em>) comme Publicis ou Omnicom par exemple. Mais les besoins des clients ont chang\u00e9\u00a0; d\u00e9sormais, il faut g\u00e9rer des strat\u00e9gies de marketing pour supports multiples et pour publics sp\u00e9cifiques\u00a0; ce, \u00e0 partir d&rsquo;une analyse continue de donn\u00e9es de plus en plus fines. Quelle structure sera le mieux adapt\u00e9e pour regrouper ces activit\u00e9s \u00e0 l&rsquo;avenir\u00a0: un holding comme aujourd&rsquo;hui, une grande soci\u00e9t\u00e9 de conseil comme Accenture, un propri\u00e9taire de m\u00e9dia, un sp\u00e9cialiste de services marketing qui n&rsquo;existent pas encore, un op\u00e9rateur de t\u00e9l\u00e9phonie, une boutique de ventes en ligne (<a href=\"http:\/\/searchcio.techtarget.com\/definition\/e-tailing\"><em>e-tail<\/em><\/a><em>, <\/em>raccourci de <em><strong>e<\/strong>lectronic re<strong>tail<\/strong>ing, <\/em>rime avec e-mail)&#8230;?<\/p>\n<p style=\"text-align: justify;\">Un article-dossier publi\u00e9 dans <em>Advertising Age <\/em>a sollicit\u00e9 l&rsquo;avis de divers acteurs de l&rsquo;industrie.<\/p>\n<figure id=\"attachment_22792\" aria-describedby=\"caption-attachment-22792\" style=\"width: 150px\" class=\"wp-caption alignleft\"><a href=\"http:\/\/industrie-culturelle.fr\/industrie-culturelle\/wp-content\/uploads\/2016\/06\/pritchard.jpe\"><img loading=\"lazy\" decoding=\"async\" class=\"size-thumbnail wp-image-22792\" src=\"http:\/\/industrie-culturelle.fr\/industrie-culturelle\/wp-content\/uploads\/2016\/06\/pritchard-150x150.jpe\" alt=\"Marc S. Pritchard\" width=\"150\" height=\"150\" srcset=\"https:\/\/industrie-culturelle.fr\/industrie-culturelle\/wp-content\/uploads\/2016\/06\/pritchard-150x150.jpe 150w, https:\/\/industrie-culturelle.fr\/industrie-culturelle\/wp-content\/uploads\/2016\/06\/pritchard-144x144.jpe 144w, https:\/\/industrie-culturelle.fr\/industrie-culturelle\/wp-content\/uploads\/2016\/06\/pritchard-36x36.jpe 36w, https:\/\/industrie-culturelle.fr\/industrie-culturelle\/wp-content\/uploads\/2016\/06\/pritchard-32x32.jpe 32w, https:\/\/industrie-culturelle.fr\/industrie-culturelle\/wp-content\/uploads\/2016\/06\/pritchard-50x50.jpe 50w, https:\/\/industrie-culturelle.fr\/industrie-culturelle\/wp-content\/uploads\/2016\/06\/pritchard-64x64.jpe 64w, https:\/\/industrie-culturelle.fr\/industrie-culturelle\/wp-content\/uploads\/2016\/06\/pritchard-96x96.jpe 96w, https:\/\/industrie-culturelle.fr\/industrie-culturelle\/wp-content\/uploads\/2016\/06\/pritchard-128x128.jpe 128w\" sizes=\"auto, (max-width: 150px) 100vw, 150px\" \/><\/a><figcaption id=\"caption-attachment-22792\" class=\"wp-caption-text\">Marc S. Pritchard<\/figcaption><\/figure>\n<p style=\"text-align: justify;\">Pour Marc Pritchard, directeur de marketing global chez Procter &amp; Gamble, il faudra proposer aux clients un partenaire qui concentre de multiples comp\u00e9tences, \u00e0 m\u00eame de r\u00e9pondre globalement (cr\u00e9ativit\u00e9, marketing, gestion des donn\u00e9es, r\u00e9seaux sociaux) aux besoins de chaque marque sur toute l&rsquo;\u00e9chelle\u00a0; autrement dit, une organisation en \u00e9quipes r\u00e9duites avec des pools de comp\u00e9tences en approvisionnement libre. Ce qui diff\u00e9renciait autrefois une agence de ses concurrents, c&rsquo;\u00e9tait la qualit\u00e9 de l&rsquo;apport cr\u00e9atif\u00a0; d\u00e9sormais celui-ci est dispers\u00e9 en autant de microstructures. Il faudra \u00e9lever la barre de la cr\u00e9ativit\u00e9, dit Pritchard, afin de pouvoir adresser tous les points de contact avec le consommateur (<em>consumer touchpoints<\/em>).<\/p>\n<figure id=\"attachment_22793\" aria-describedby=\"caption-attachment-22793\" style=\"width: 150px\" class=\"wp-caption alignright\"><a href=\"http:\/\/industrie-culturelle.fr\/industrie-culturelle\/wp-content\/uploads\/2016\/06\/read.jpe\"><img loading=\"lazy\" decoding=\"async\" class=\"size-thumbnail wp-image-22793\" src=\"http:\/\/industrie-culturelle.fr\/industrie-culturelle\/wp-content\/uploads\/2016\/06\/read-150x150.jpe\" alt=\"Mark Read\" width=\"150\" height=\"150\" srcset=\"https:\/\/industrie-culturelle.fr\/industrie-culturelle\/wp-content\/uploads\/2016\/06\/read-150x150.jpe 150w, https:\/\/industrie-culturelle.fr\/industrie-culturelle\/wp-content\/uploads\/2016\/06\/read-144x144.jpe 144w, https:\/\/industrie-culturelle.fr\/industrie-culturelle\/wp-content\/uploads\/2016\/06\/read-36x36.jpe 36w, https:\/\/industrie-culturelle.fr\/industrie-culturelle\/wp-content\/uploads\/2016\/06\/read-32x32.jpe 32w, https:\/\/industrie-culturelle.fr\/industrie-culturelle\/wp-content\/uploads\/2016\/06\/read-50x50.jpe 50w, https:\/\/industrie-culturelle.fr\/industrie-culturelle\/wp-content\/uploads\/2016\/06\/read-64x64.jpe 64w, https:\/\/industrie-culturelle.fr\/industrie-culturelle\/wp-content\/uploads\/2016\/06\/read-96x96.jpe 96w, https:\/\/industrie-culturelle.fr\/industrie-culturelle\/wp-content\/uploads\/2016\/06\/read-128x128.jpe 128w\" sizes=\"auto, (max-width: 150px) 100vw, 150px\" \/><\/a><figcaption id=\"caption-attachment-22793\" class=\"wp-caption-text\">Mark Read<\/figcaption><\/figure>\n<p style=\"text-align: justify;\">Selon Mark Read, PDG chez WPP Digital\u00a0: \u00ab\u00a0<em>Les agences seront organis\u00e9es autour des clients et des consommateurs, et non plus autour des supports comme la t\u00e9l\u00e9vision ou le num\u00e9rique. Il n&rsquo;y aura pas d\u2019agence directrice, mais des personnes aux comp\u00e9tences diff\u00e9rentes si\u00e9geant comme partenaires \u00e9gaux dans une structure plus fluide. Le but, c&rsquo;est d&rsquo;arriver au m\u00eame lieu final \u00e0 partir de diff\u00e9rents points de d\u00e9part. Il faudra \u00eatre plus responsable des r\u00e9sultats, je veux dire des ventes. Il faudra se servir de la technologie et des donn\u00e9es pour faire corr\u00e9ler notre travail aux ventes. Cela nous donnera la capacit\u00e9 de prolonger notre offre sur le commerce en ligne<\/em>\u00a0\u00bb.<\/p>\n<figure id=\"attachment_22794\" aria-describedby=\"caption-attachment-22794\" style=\"width: 150px\" class=\"wp-caption alignleft\"><a href=\"http:\/\/industrie-culturelle.fr\/industrie-culturelle\/wp-content\/uploads\/2016\/06\/jakeman.jpe\"><img loading=\"lazy\" decoding=\"async\" class=\"size-thumbnail wp-image-22794\" src=\"http:\/\/industrie-culturelle.fr\/industrie-culturelle\/wp-content\/uploads\/2016\/06\/jakeman-150x150.jpe\" alt=\"Brad Jakeman\" width=\"150\" height=\"150\" srcset=\"https:\/\/industrie-culturelle.fr\/industrie-culturelle\/wp-content\/uploads\/2016\/06\/jakeman-150x150.jpe 150w, https:\/\/industrie-culturelle.fr\/industrie-culturelle\/wp-content\/uploads\/2016\/06\/jakeman-144x144.jpe 144w, https:\/\/industrie-culturelle.fr\/industrie-culturelle\/wp-content\/uploads\/2016\/06\/jakeman-36x36.jpe 36w, https:\/\/industrie-culturelle.fr\/industrie-culturelle\/wp-content\/uploads\/2016\/06\/jakeman-32x32.jpe 32w, https:\/\/industrie-culturelle.fr\/industrie-culturelle\/wp-content\/uploads\/2016\/06\/jakeman-50x50.jpe 50w, https:\/\/industrie-culturelle.fr\/industrie-culturelle\/wp-content\/uploads\/2016\/06\/jakeman-64x64.jpe 64w, https:\/\/industrie-culturelle.fr\/industrie-culturelle\/wp-content\/uploads\/2016\/06\/jakeman-96x96.jpe 96w, https:\/\/industrie-culturelle.fr\/industrie-culturelle\/wp-content\/uploads\/2016\/06\/jakeman-128x128.jpe 128w, https:\/\/industrie-culturelle.fr\/industrie-culturelle\/wp-content\/uploads\/2016\/06\/jakeman.jpe 200w\" sizes=\"auto, (max-width: 150px) 100vw, 150px\" \/><\/a><figcaption id=\"caption-attachment-22794\" class=\"wp-caption-text\">Brad Jakeman<\/figcaption><\/figure>\n<p style=\"text-align: justify;\">Selon Brad Jakeman, pr\u00e9sident chez PepsiCo, un meilleur apport cr\u00e9atif viendra d&rsquo;une plus forte int\u00e9gration de la cr\u00e9ation des contenus, et de la diffusion de ceux-ci. \u00ab\u00a0<em>Alors que les plateformes de contenus et de diffusion deviennent de plus en plus interd\u00e9pendantes, les agences m\u00e9dias et les agences de communication fusionneront de nouveau. Pour une marque comme Pepsi, autrefois il suffisait de produire quatre morceaux de contenu par an \u2014 principalement pour la t\u00e9l\u00e9vision \u2014 et on pourrait passer six \u00e0 huit mois dans le d\u00e9veloppement d&rsquo;un seul contenu, et d\u00e9penser un million de dollars sur chaque film. Maintenant, ces quatre morceaux se sont transform\u00e9s en 4000\u00a0; les huit mois se sont transform\u00e9s en huit jours, et les budgets n&rsquo;ont pas boug\u00e9. On doit produire des contenus si rapidement qu&rsquo;il faudra un groupe d&rsquo;\u00e9dition \u00e0 l&rsquo;int\u00e9rieur de la soci\u00e9t\u00e9 qui reprend le travail effectu\u00e9 par les agences. Le terme \u201cagence\u201d dispara\u00eetra en faveur de \u201cpartenaire\u201d. L&rsquo;agence de l&rsquo;avenir puisera ses ressources des mondes d&rsquo;Hollywood, de Silicon Valley, et des plateformes de diffusion, un peu \u00e0 la mani\u00e8re du syst\u00e8me studio \u00e0 Hollywood<\/em>\u00a0\u00bb.<em><br \/>\n<\/em><\/p>\n<figure id=\"attachment_22796\" aria-describedby=\"caption-attachment-22796\" style=\"width: 150px\" class=\"wp-caption alignright\"><a href=\"http:\/\/industrie-culturelle.fr\/industrie-culturelle\/wp-content\/uploads\/2016\/06\/l\u00e9vy.jpe\"><img loading=\"lazy\" decoding=\"async\" class=\"size-thumbnail wp-image-22796\" src=\"http:\/\/industrie-culturelle.fr\/industrie-culturelle\/wp-content\/uploads\/2016\/06\/l\u00e9vy-150x150.jpe\" alt=\"Maurice L\u00e9vy (1942-)\" width=\"150\" height=\"150\" srcset=\"https:\/\/industrie-culturelle.fr\/industrie-culturelle\/wp-content\/uploads\/2016\/06\/l\u00e9vy-150x150.jpe 150w, https:\/\/industrie-culturelle.fr\/industrie-culturelle\/wp-content\/uploads\/2016\/06\/l\u00e9vy-144x144.jpe 144w, https:\/\/industrie-culturelle.fr\/industrie-culturelle\/wp-content\/uploads\/2016\/06\/l\u00e9vy-36x36.jpe 36w, https:\/\/industrie-culturelle.fr\/industrie-culturelle\/wp-content\/uploads\/2016\/06\/l\u00e9vy-32x32.jpe 32w, https:\/\/industrie-culturelle.fr\/industrie-culturelle\/wp-content\/uploads\/2016\/06\/l\u00e9vy-50x50.jpe 50w, https:\/\/industrie-culturelle.fr\/industrie-culturelle\/wp-content\/uploads\/2016\/06\/l\u00e9vy-64x64.jpe 64w, https:\/\/industrie-culturelle.fr\/industrie-culturelle\/wp-content\/uploads\/2016\/06\/l\u00e9vy-96x96.jpe 96w, https:\/\/industrie-culturelle.fr\/industrie-culturelle\/wp-content\/uploads\/2016\/06\/l\u00e9vy-128x128.jpe 128w\" sizes=\"auto, (max-width: 150px) 100vw, 150px\" \/><\/a><figcaption id=\"caption-attachment-22796\" class=\"wp-caption-text\">Maurice L\u00e9vy (1942\u2014 )<\/figcaption><\/figure>\n<p style=\"text-align: justify;\">Maurice L\u00e9vy, directeur du groupe Publicis, pr\u00e9voit des budgets de publicit\u00e9 sensiblement plus importants comme premi\u00e8re cons\u00e9quence de la fusion entre d\u00e9partements de marketing et d&rsquo;information (traitement de donn\u00e9es). Il voit l&rsquo;\u00e9mergence d&rsquo;un syst\u00e8me \u00ab\u00a0modulaire\u00a0\u00bb au lieu des \u00ab\u00a0silos\u00a0\u00bb actuels (o\u00f9 des comp\u00e9tences semblables sont regroup\u00e9es dans une m\u00eame agence distincte), et une r\u00e9duction cons\u00e9quente des frais g\u00e9n\u00e9raux. Nick Brien, directeur chez iCrossing (groupe Hearst) pr\u00e9voit une baisse de l&rsquo;ordre de 25\u00a0% du personnel des soci\u00e9t\u00e9s holding d&rsquo;ici cinq \u00e0 dix ans, en raison de l&rsquo;automatisation dans la cr\u00e9ation des contenus, et dans le placement de ceux-ci (qui serait d\u00e9j\u00e0 \u00e0 40% d&rsquo;apr\u00e8s une br\u00e8ve dans <em>Les Echos <\/em>du 20 juin), ainsi que le recours aux algorithmes dans la gestion. Luke Taylor, directeur chez DigitalLBi (Publicis) pense que les <a href=\"http:\/\/www.strategies.fr\/agence-de-communication.html\">agences de communication<\/a> (<em>creative agencies<\/em>, autrefois <a href=\"http:\/\/www.definitions-marketing.com\/definition\/agence-de-publicite\/\">agences de publicit\u00e9<\/a>) seront plus petites, et que l&rsquo;accent se d\u00e9placera de plus en plus vers l&rsquo;analyse des donn\u00e9es, essentielle pour la personnalisation des annonces.<\/p>\n<figure id=\"attachment_22797\" aria-describedby=\"caption-attachment-22797\" style=\"width: 150px\" class=\"wp-caption alignleft\"><a href=\"http:\/\/industrie-culturelle.fr\/industrie-culturelle\/wp-content\/uploads\/2016\/06\/decourcy.jpe\"><img loading=\"lazy\" decoding=\"async\" class=\"size-thumbnail wp-image-22797\" src=\"http:\/\/industrie-culturelle.fr\/industrie-culturelle\/wp-content\/uploads\/2016\/06\/decourcy-150x150.jpe\" alt=\"Colleen DeCourcy\" width=\"150\" height=\"150\" srcset=\"https:\/\/industrie-culturelle.fr\/industrie-culturelle\/wp-content\/uploads\/2016\/06\/decourcy-150x150.jpe 150w, https:\/\/industrie-culturelle.fr\/industrie-culturelle\/wp-content\/uploads\/2016\/06\/decourcy-144x144.jpe 144w, https:\/\/industrie-culturelle.fr\/industrie-culturelle\/wp-content\/uploads\/2016\/06\/decourcy-36x36.jpe 36w, https:\/\/industrie-culturelle.fr\/industrie-culturelle\/wp-content\/uploads\/2016\/06\/decourcy-32x32.jpe 32w, https:\/\/industrie-culturelle.fr\/industrie-culturelle\/wp-content\/uploads\/2016\/06\/decourcy-50x50.jpe 50w, https:\/\/industrie-culturelle.fr\/industrie-culturelle\/wp-content\/uploads\/2016\/06\/decourcy-64x64.jpe 64w, https:\/\/industrie-culturelle.fr\/industrie-culturelle\/wp-content\/uploads\/2016\/06\/decourcy-96x96.jpe 96w, https:\/\/industrie-culturelle.fr\/industrie-culturelle\/wp-content\/uploads\/2016\/06\/decourcy-128x128.jpe 128w, https:\/\/industrie-culturelle.fr\/industrie-culturelle\/wp-content\/uploads\/2016\/06\/decourcy.jpe 224w\" sizes=\"auto, (max-width: 150px) 100vw, 150px\" \/><\/a><figcaption id=\"caption-attachment-22797\" class=\"wp-caption-text\">Colleen DeCourcy<\/figcaption><\/figure>\n<figure id=\"attachment_22813\" aria-describedby=\"caption-attachment-22813\" style=\"width: 150px\" class=\"wp-caption alignright\"><a href=\"http:\/\/industrie-culturelle.fr\/industrie-culturelle\/wp-content\/uploads\/2016\/06\/mooney.jpe\"><img loading=\"lazy\" decoding=\"async\" class=\"size-thumbnail wp-image-22813\" src=\"http:\/\/industrie-culturelle.fr\/industrie-culturelle\/wp-content\/uploads\/2016\/06\/mooney-150x150.jpe\" alt=\"Kelly Mooney\" width=\"150\" height=\"150\" srcset=\"https:\/\/industrie-culturelle.fr\/industrie-culturelle\/wp-content\/uploads\/2016\/06\/mooney-150x150.jpe 150w, https:\/\/industrie-culturelle.fr\/industrie-culturelle\/wp-content\/uploads\/2016\/06\/mooney-144x144.jpe 144w, https:\/\/industrie-culturelle.fr\/industrie-culturelle\/wp-content\/uploads\/2016\/06\/mooney-36x36.jpe 36w, https:\/\/industrie-culturelle.fr\/industrie-culturelle\/wp-content\/uploads\/2016\/06\/mooney-32x32.jpe 32w, https:\/\/industrie-culturelle.fr\/industrie-culturelle\/wp-content\/uploads\/2016\/06\/mooney-50x50.jpe 50w, https:\/\/industrie-culturelle.fr\/industrie-culturelle\/wp-content\/uploads\/2016\/06\/mooney-64x64.jpe 64w, https:\/\/industrie-culturelle.fr\/industrie-culturelle\/wp-content\/uploads\/2016\/06\/mooney-96x96.jpe 96w, https:\/\/industrie-culturelle.fr\/industrie-culturelle\/wp-content\/uploads\/2016\/06\/mooney-128x128.jpe 128w, https:\/\/industrie-culturelle.fr\/industrie-culturelle\/wp-content\/uploads\/2016\/06\/mooney.jpe 225w\" sizes=\"auto, (max-width: 150px) 100vw, 150px\" \/><\/a><figcaption id=\"caption-attachment-22813\" class=\"wp-caption-text\">Kelly Mooney<\/figcaption><\/figure>\n<p style=\"text-align: justify;\">\u00ab\u00a0<em>\u00c7a pourrait mener \u00e0 des entreprises plus \u201cplates\u201d, avec un leadership plus collectif, au lieu des hi\u00e9rarchies massives<\/em>\u00a0\u00bb<em>, <\/em>pr\u00e9tend Kelly Mooney, directrice chez Resource\/Ammirati (IBM)<em>. Aujourd&rsquo;hui, des \u00e9quipes \u00ab\u00a0client\u00a0\u00bb peuvent atteindre 20 \u00e0 30 personnes. Avec moins de \u00ab\u00a0silos\u00a0\u00bb entre les comp\u00e9tences professionnelles, et le talent cr\u00e9atif organis\u00e9 en \u00ab\u00a0T\u00a0\u00bb, ces \u00e9quipes pourraient descendre \u00e0 cinq personnes<\/em>\u00a0\u00bb. Colleen DeCourcy, directrice cr\u00e9ative chez Wieden &amp; Kennedy, voit aussi l&rsquo;avenir appartenant aux \u00ab\u00a0<em>agences cr\u00e9atives plus petites, ind\u00e9pendantes, avec moins d&rsquo;infrastructure&#8230; Kodak employait 300\u00a0000 personnes et [puis] Instagram, 12&#8230; Ce sera la m\u00eame chose dans l&rsquo;industrie publicitaire<\/em>\u00a0\u00bb<em>. <\/em>Pour sa part, Brad Jakeman pense que les nouvelles agences int\u00e9gr\u00e9es seront dirig\u00e9es par un double sp\u00e9cialiste en contenu cr\u00e9atif et en marketing (<em>creative technology content partner<\/em>)\u00a0\u00bb<em>. <\/em>L&rsquo;\u00e9quipe r\u00e9duite inclura, selon lui, un sp\u00e9cialiste en marketing (<em>technologist<\/em>), un expert en distribution, et un <em>storyteller.<\/em><\/p>\n<figure id=\"attachment_22798\" aria-describedby=\"caption-attachment-22798\" style=\"width: 150px\" class=\"wp-caption alignright\"><a href=\"http:\/\/industrie-culturelle.fr\/industrie-culturelle\/wp-content\/uploads\/2016\/06\/clark.jpe\"><img loading=\"lazy\" decoding=\"async\" class=\"size-thumbnail wp-image-22798\" src=\"http:\/\/industrie-culturelle.fr\/industrie-culturelle\/wp-content\/uploads\/2016\/06\/clark-150x150.jpe\" alt=\"Wendy Clark\" width=\"150\" height=\"150\" srcset=\"https:\/\/industrie-culturelle.fr\/industrie-culturelle\/wp-content\/uploads\/2016\/06\/clark-150x150.jpe 150w, https:\/\/industrie-culturelle.fr\/industrie-culturelle\/wp-content\/uploads\/2016\/06\/clark-144x144.jpe 144w, https:\/\/industrie-culturelle.fr\/industrie-culturelle\/wp-content\/uploads\/2016\/06\/clark-36x36.jpe 36w, https:\/\/industrie-culturelle.fr\/industrie-culturelle\/wp-content\/uploads\/2016\/06\/clark-32x32.jpe 32w, https:\/\/industrie-culturelle.fr\/industrie-culturelle\/wp-content\/uploads\/2016\/06\/clark-50x50.jpe 50w, https:\/\/industrie-culturelle.fr\/industrie-culturelle\/wp-content\/uploads\/2016\/06\/clark-64x64.jpe 64w, https:\/\/industrie-culturelle.fr\/industrie-culturelle\/wp-content\/uploads\/2016\/06\/clark-96x96.jpe 96w, https:\/\/industrie-culturelle.fr\/industrie-culturelle\/wp-content\/uploads\/2016\/06\/clark-128x128.jpe 128w\" sizes=\"auto, (max-width: 150px) 100vw, 150px\" \/><\/a><figcaption id=\"caption-attachment-22798\" class=\"wp-caption-text\">Wendy Clark<\/figcaption><\/figure>\n<p style=\"text-align: justify;\">L&rsquo;axiome traditionnel de la profession pr\u00e9tendait qu&rsquo;entre meilleur, plus vite et moins cher, on ne pouvait choisir (au mieux) deux des trois. Pour Wendy Clark, directrice chez DDB (Omnicom), \u00ab\u00a0<em>cette \u00e9poque est termin\u00e9e. Le nouveau mod\u00e8le qui \u00e9mergera dans les prochaines ann\u00e9es sera d&rsquo;\u00eatre plus cr\u00e9atif, \u00e0 un co\u00fbt raisonnable, et \u00e0 la<\/em> <em>vitesse du march\u00e9<\/em>\u00a0\u00bb. Pour ce faire, il faudra recourir davantage \u00e0 des services externes en informatique, en <em>media planning<\/em> et en diffusion. En m\u00eame temps, les <a href=\"http:\/\/www.definitions-marketing.com\/definition\/agence-media\/\">agences m\u00e9dias<\/a> (<em>media agencies<\/em>) se d\u00e9placeront plus vers le d\u00e9veloppement des contenus sp\u00e9cialis\u00e9s.<\/p>\n<figure id=\"attachment_22799\" aria-describedby=\"caption-attachment-22799\" style=\"width: 150px\" class=\"wp-caption alignleft\"><a href=\"http:\/\/industrie-culturelle.fr\/industrie-culturelle\/wp-content\/uploads\/2016\/06\/brien.jpe\"><img loading=\"lazy\" decoding=\"async\" class=\"size-thumbnail wp-image-22799\" src=\"http:\/\/industrie-culturelle.fr\/industrie-culturelle\/wp-content\/uploads\/2016\/06\/brien-150x150.jpe\" alt=\"Nick Brien\" width=\"150\" height=\"150\" srcset=\"https:\/\/industrie-culturelle.fr\/industrie-culturelle\/wp-content\/uploads\/2016\/06\/brien-150x150.jpe 150w, https:\/\/industrie-culturelle.fr\/industrie-culturelle\/wp-content\/uploads\/2016\/06\/brien-144x144.jpe 144w, https:\/\/industrie-culturelle.fr\/industrie-culturelle\/wp-content\/uploads\/2016\/06\/brien-36x36.jpe 36w, https:\/\/industrie-culturelle.fr\/industrie-culturelle\/wp-content\/uploads\/2016\/06\/brien-32x32.jpe 32w, https:\/\/industrie-culturelle.fr\/industrie-culturelle\/wp-content\/uploads\/2016\/06\/brien-50x50.jpe 50w, https:\/\/industrie-culturelle.fr\/industrie-culturelle\/wp-content\/uploads\/2016\/06\/brien-64x64.jpe 64w, https:\/\/industrie-culturelle.fr\/industrie-culturelle\/wp-content\/uploads\/2016\/06\/brien-96x96.jpe 96w, https:\/\/industrie-culturelle.fr\/industrie-culturelle\/wp-content\/uploads\/2016\/06\/brien-128x128.jpe 128w\" sizes=\"auto, (max-width: 150px) 100vw, 150px\" \/><\/a><figcaption id=\"caption-attachment-22799\" class=\"wp-caption-text\">Nick Brien<\/figcaption><\/figure>\n<p style=\"text-align: justify;\">\u00c0 une soci\u00e9t\u00e9 holding comme Publicis, l&rsquo;\u00e9quipe noyau sera dirig\u00e9e par des \u00ab\u00a0multisp\u00e9cialistes\u00a0\u00bb. Les comptes client seront g\u00e9r\u00e9s par un sp\u00e9cialiste en donn\u00e9es multisupports (<em>omnichannel data specialist<\/em>). Colleen DeCourcy avance le concept de <em>brand showrunner<\/em>, d\u00e9riv\u00e9 du mod\u00e8le en vigueur \u00e0 la t\u00e9l\u00e9vision, qui pourrait \u00e0 terme regrouper les r\u00f4les du directeur de marketing et du directeur d&rsquo;une \u00e9quipe de cr\u00e9atifs. Ce qui est certain, dit Nick Brien, c&rsquo;est que le cr\u00e9atif est d\u00e9sormais concurrenc\u00e9 par de nouveaux sp\u00e9cialistes en marketing (<em>brand experience creation<\/em>, etc.). Plus g\u00e9n\u00e9ralement, des soci\u00e9t\u00e9s de marketing (parmi lesquelles Google et Facebook\u00a0!), fortes de leur capacit\u00e9 \u00e0 analyser des donn\u00e9es complexes, concurrencent les agences de communication en amont, \u00e9tant plus proches des strat\u00e9gies commerciales de leurs clients. Certains professionnels contestent d\u00e9j\u00e0 la pertinence du mod\u00e8le holding. Il se peut que les grandes agences d&rsquo;aujourd&rsquo;hui soient toujours l\u00e0 \u00e0 l&rsquo;avenir, mais cela d\u00e9pendra de leur capacit\u00e9 \u00e0 se transformer en profondeur.<\/p>\n<p style=\"text-align: justify;\"><strong>Commentaire.<\/strong> Sur la tension latente au sein de l&rsquo;industrie publicitaire entre le p\u00f4le \u00ab\u00a0psychologie\/marketing\u00a0\u00bb d&rsquo;un c\u00f4t\u00e9, et le pole \u00ab\u00a0sociologie\/humanit\u00e9s\u00a0\u00bb de l&rsquo;autre (tension qui recoupe celle entre \u00ab\u00a0agences m\u00e9dias\u00a0\u00bb et \u00ab\u00a0agences de communication\u00a0\u00bb), voir <a href=\"http:\/\/industrie-culturelle.fr\/industrie-culturelle\/actualites-8-avril-2013\/\">Actualit\u00e9s #8, avril 2013<\/a> et <a href=\"http:\/\/industrie-culturelle.fr\/industrie-culturelle\/actualites-des-industries-culturelles-et-creatives-10-juin-2013\/\">Actualit\u00e9s #10, juin 2013<\/a> ; sur la tension, non moins vive, entre marketing et cr\u00e9ativit\u00e9, voir <a href=\"http:\/\/industrie-culturelle.fr\/industrie-culturelle\/actualites-des-industries-culturelles-et-numeriques-39-fevrier-2016\/\">Actualit\u00e9s #39, f\u00e9vrier 2016.<\/a><span style=\"font-size: 12pt;\"><br \/>\n<\/span><\/p>\n<p style=\"text-align: justify;\"><em>Source (adapt\u00e9e de l&rsquo;am\u00e9ricain jargonnant) : \u00ab\u00a0<a href=\"http:\/\/adage.com\/article\/print-edition\/agency-future\/303798\/\">The Ad Agency of the future is coming. Are you ready ? Clients want one partner to simplify the fragmentation and data &#8211; and today&rsquo;s shops may not be among them<\/a>\u00ab\u00a0, <\/em>Advertising Age<em>, 2 mai 2016.<\/em><\/p>\n<h2 style=\"text-align: justify;\"><span style=\"font-size: 12pt;\">Les musiciens ne supportent plus les portables dans les salles de concert<\/span><\/h2>\n<p style=\"text-align: justify;\"><iframe loading=\"lazy\" src=\"\/\/www.youtube.com\/embed\/VQXXsiaYqnM\" width=\"560\" height=\"314\" allowfullscreen=\"allowfullscreen\"><\/iframe><\/p>\n<p style=\"text-align: justify;\">\u00ab <em>Bordel de merde, le gars chauve en tee-shirt blanc, tu n&rsquo;as pas cess\u00e9 d&rsquo;envoyer des textos durant les trois derniers morceaux. Esp\u00e8ce de branleur ! Branleur ! <\/em>\u00bb (Bruce Dickinson, chanteur d&rsquo;Iron Maiden, en concert \u00e0 Indianapolis, juillet 2012, voir vid\u00e9o ci-dessus) ; \u00ab <em>Je suis ici en vrai, dans la vraie vie, alors profite [du concert] en vrai <\/em><em>\u00bb <\/em>(Adele, V\u00e9rone, Italie, 29 mai 2016)<em> ; <\/em>\u00ab<em> Tapez dans vos mains et baissez vos foutus t\u00e9l\u00e9phones pendant cinq seconds. Je ne demande pas grand-chose, cinq seconds <\/em>\u00bb (Jack White, guitariste et chanteur des White Stripes, Coachella, Californie, avril 2015). Jarvis Cocker, William Sheller et Peter Gabriel ont exprim\u00e9 la m\u00eame exasp\u00e9ration.<\/p>\n<figure id=\"attachment_22827\" aria-describedby=\"caption-attachment-22827\" style=\"width: 150px\" class=\"wp-caption alignright\"><a href=\"http:\/\/industrie-culturelle.fr\/industrie-culturelle\/wp-content\/uploads\/2016\/06\/frutos.jpe\"><img loading=\"lazy\" decoding=\"async\" class=\"size-thumbnail wp-image-22827\" src=\"http:\/\/industrie-culturelle.fr\/industrie-culturelle\/wp-content\/uploads\/2016\/06\/frutos-150x150.jpe\" alt=\"Jules Frutos\" width=\"150\" height=\"150\" srcset=\"https:\/\/industrie-culturelle.fr\/industrie-culturelle\/wp-content\/uploads\/2016\/06\/frutos-150x150.jpe 150w, https:\/\/industrie-culturelle.fr\/industrie-culturelle\/wp-content\/uploads\/2016\/06\/frutos-144x144.jpe 144w, https:\/\/industrie-culturelle.fr\/industrie-culturelle\/wp-content\/uploads\/2016\/06\/frutos-36x36.jpe 36w, https:\/\/industrie-culturelle.fr\/industrie-culturelle\/wp-content\/uploads\/2016\/06\/frutos-32x32.jpe 32w, https:\/\/industrie-culturelle.fr\/industrie-culturelle\/wp-content\/uploads\/2016\/06\/frutos-50x50.jpe 50w, https:\/\/industrie-culturelle.fr\/industrie-culturelle\/wp-content\/uploads\/2016\/06\/frutos-64x64.jpe 64w, https:\/\/industrie-culturelle.fr\/industrie-culturelle\/wp-content\/uploads\/2016\/06\/frutos-96x96.jpe 96w, https:\/\/industrie-culturelle.fr\/industrie-culturelle\/wp-content\/uploads\/2016\/06\/frutos-128x128.jpe 128w\" sizes=\"auto, (max-width: 150px) 100vw, 150px\" \/><\/a><figcaption id=\"caption-attachment-22827\" class=\"wp-caption-text\">Jules Frutos<\/figcaption><\/figure>\n<p style=\"text-align: justify;\">D&rsquo;apr\u00e8s Jules Frutos, de la soci\u00e9t\u00e9 de production Alias, \u00ab <em>c&rsquo;est un sujet qui monte. Avant, seuls quelques passionn\u00e9s tentaient de faire entrer un appareil photo, une cam\u00e9ra ou un magn\u00e9tophone dans une salle. Aujourd&rsquo;hui, tout le monde dispose d&rsquo;un t\u00e9l\u00e9phone avec ces fonctions. Et chez les 15-30 ans en particulier, qui constituent une part importante du public, c&rsquo;est un truc quotidien, du matin au soir. Avec, en plus, ce qui est fondamental pour eux, la possibilit\u00e9 par les r\u00e9seaux sociaux de devenir individuellement un m\u00e9dia <\/em>\u00bb. Mais comment faire appliquer la r\u00e9glementation, rappel\u00e9e au dos de tous les billets, qui interdit de photographier, de filmer ou d&rsquo;enregistrer le spectacle ? \u00ab<em> On ne va pas confisquer les t\u00e9l\u00e9phones \u00e0 l&rsquo;entr\u00e9e des salles\u00a0<\/em>\u00bb, indique\u00a0\u00c9tienne Ziller, de 3 Pom Prod.<\/p>\n<figure id=\"attachment_22828\" aria-describedby=\"caption-attachment-22828\" style=\"width: 318px\" class=\"wp-caption alignleft\"><a href=\"http:\/\/industrie-culturelle.fr\/industrie-culturelle\/wp-content\/uploads\/2016\/06\/ad\u00e8le.jpe\"><img loading=\"lazy\" decoding=\"async\" class=\"size-full wp-image-22828\" src=\"http:\/\/industrie-culturelle.fr\/industrie-culturelle\/wp-content\/uploads\/2016\/06\/ad\u00e8le.jpe\" alt=\"Adele en concert\" width=\"318\" height=\"159\" srcset=\"https:\/\/industrie-culturelle.fr\/industrie-culturelle\/wp-content\/uploads\/2016\/06\/ad\u00e8le.jpe 318w, https:\/\/industrie-culturelle.fr\/industrie-culturelle\/wp-content\/uploads\/2016\/06\/ad\u00e8le-300x150.jpe 300w, https:\/\/industrie-culturelle.fr\/industrie-culturelle\/wp-content\/uploads\/2016\/06\/ad\u00e8le-230x115.jpe 230w\" sizes=\"auto, (max-width: 318px) 100vw, 318px\" \/><\/a><figcaption id=\"caption-attachment-22828\" class=\"wp-caption-text\">Adele en concert<\/figcaption><\/figure>\n<p style=\"text-align: justify;\">\u00c0 la mani\u00e8re des artistes de th\u00e9\u00e2tre et de musique classique, Bjork, Kate Bush et le groupe King Crimson font appel \u00e0 la bonne volont\u00e9 du public par des annonces avant les concerts. M. Ward\u00a0 (She and Him) adopte une approche plus muscl\u00e9e, faisant intervenir des agents de s\u00e9curit\u00e9 pour faire cesser toute personne rep\u00e9r\u00e9e en train de filmer. Selon Frutos, \u00ab <em>L&rsquo;annonce, cela fonctionne sur des salles de jauge moyenne, et des artistes avec des publics plus adultes. L&rsquo;intervention d&rsquo;agents de la s\u00e9curit\u00e9 durant le concert, cela cr\u00e9e un trouble suppl\u00e9mentaire&#8230; Nous recevons des demandes fermes en ce sens, orales ou par e-mails, pas encore contractuelles <\/em>\u00bb.<\/p>\n<p style=\"text-align: justify;\">La soci\u00e9t\u00e9 californienne Yondr, d\u00e9j\u00e0 pr\u00e9sente dans une centaine de salles aux \u00c9tats-Unis, et qui commence son implantation en Europe, pense avoir trouv\u00e9 une solution interm\u00e9diaire sous la forme d&rsquo;un \u00e9tui muni d&rsquo;un clapet qui emp\u00eache son ouverture pendant le concert. La \u00ab coque de chastet\u00e9 \u00bb (comme certaines mauvaises langues l&rsquo;ont baptis\u00e9, car les m\u00e9taphores sexuelles fusent en la mati\u00e8re) est lou\u00e9e par Yondr, et mise \u00e0 disposition du public, sans obligation. En d&rsquo;autres termes, il s&rsquo;agit d&rsquo;un service offert pour se prot\u00e9ger contre la pulsion incontr\u00f4lable de sortir son engin en plein concert.<\/p>\n<p style=\"text-align: justify;\"><em>Source : \u00ab\u00a0En concert, des portables de moins en moins supportables\u00a0\u00bb (Sylvain Siclier), <\/em>Le Monde<em>, 9 juin 2016, p. 18.<\/em><\/p>\n<div class=\"su-box su-box-style-default\" id=\"\" style=\"border-color:#00998d;border-radius:3px;max-width:none\"><div class=\"su-box-title\" style=\"background-color:#00CCC0;color:#FFFFFF;border-top-left-radius:1px;border-top-right-radius:1px\">Commentaire du r\u00e9dacteur<\/div><div class=\"su-box-content su-u-clearfix su-u-trim\" style=\"border-bottom-left-radius:1px;border-bottom-right-radius:1px\">\n<p style=\"text-align: justify;\">Quelle est la diff\u00e9rence entre l&rsquo;universitaire et le chanteur de rock ? Aucune : les deux sont condamn\u00e9s \u00e0 s&rsquo;\u00e9poumoner dans le vide, devant un public autrement occup\u00e9 \u00e0 envoyer des textos, \u00e0 surfer sur Facebook ou Tinder&#8230; Pour l&rsquo;universitaire, l&rsquo;affaire est entendue : son discours est jug\u00e9 trop \u00ab th\u00e9orique \u00bb par des \u00e9tudiants confront\u00e9s \u00e0 un d\u00e9classement structurel qui ne dit pas son nom. Mais le chanteur de rock ? Apr\u00e8s tout, si on paie pour aller le voir, c&rsquo;est pour s&rsquo;\u00e9clater&#8230;<\/p>\n<p style=\"text-align: justify;\">L&rsquo;interdiction de filmer ou d&rsquo;enregistrer les concerts date de l&rsquo;\u00e9poque o\u00f9 le document pirat\u00e9 (<em>bootleg<\/em>) pourrait concurrencer la production l\u00e9gale, menant \u00e0 une perte th\u00e9orique de revenus pour l&rsquo;artiste, et (surtout) pour sa maison de disques. (En r\u00e9alit\u00e9, il \u00e9tait tr\u00e8s difficile d&rsquo;enregistrer un concert dans de bonnes conditions sans \u00eatre aper\u00e7u ; la plupart des documents pirat\u00e9s de qualit\u00e9 potable \u00e9taient le fait des techniciens ind\u00e9licats qui ont eu acc\u00e8s \u00e0 la table de mixage, le plus souvent avec la complicit\u00e9 des musiciens). La g\u00e9n\u00e9ralisation des smartphones, et l&rsquo;effondrement du march\u00e9 du disque ont chang\u00e9 la donne : ce genre de document \u00ab vol\u00e9 \u00bb, de faible qualit\u00e9 visuelle et sonore, n&rsquo;a aucune valeur marchande, et l&rsquo;artiste et sa maison de disque n&rsquo;ont g\u00e9n\u00e9ralement rien \u00e0 redire quand il est post\u00e9 sur YouTube, \u00e0 condition que ce ne soit pas le concert en entier. De toute \u00e9vidence, ce n&rsquo;est pas la peur de se faire pirater qui tracasse les artistes.<\/p>\n<figure id=\"attachment_22959\" aria-describedby=\"caption-attachment-22959\" style=\"width: 290px\" class=\"wp-caption alignleft\"><a href=\"http:\/\/industrie-culturelle.fr\/industrie-culturelle\/wp-content\/uploads\/2016\/06\/benjamin.jpe\"><img loading=\"lazy\" decoding=\"async\" class=\"size-full wp-image-22959\" src=\"http:\/\/industrie-culturelle.fr\/industrie-culturelle\/wp-content\/uploads\/2016\/06\/benjamin.jpe\" alt=\"Walter Benjamin (1892-1940)\" width=\"290\" height=\"174\" \/><\/a><figcaption id=\"caption-attachment-22959\" class=\"wp-caption-text\">Walter Benjamin (1892-1940)<\/figcaption><\/figure>\n<p style=\"text-align: justify;\">Dans son essai c\u00e9l\u00e8bre \u00ab <a href=\"http:\/\/hypermedia.univ-paris8.fr\/Groupe\/documents\/Benjamin\/Ben3.html#ref\">L&rsquo;\u0152uvre d&rsquo;art \u00e0 l&rsquo;\u00e9poque de sa reproduction m\u00e9canis\u00e9e<\/a> \u00bb (1936), Walter Benjamin d\u00e9veloppe la notion d&rsquo;<em>aura<\/em>, qui se d\u00e9finit comme ce qui est unique dans l&rsquo;\u0153uvre d&rsquo;art, ce qui relie celle-ci \u00e0 un temps et un espace singuliers. Pour Benjamin, avec la perte de l&rsquo;aura (qu&rsquo;il voyait comme un processus positif), l&rsquo;\u0153uvre perd sa qualit\u00e9 sacr\u00e9e ; dans sa reproduction industrielle, la copie de celle-ci sort de son contexte original, s&rsquo;ouvre \u00e0 d&rsquo;autres interpr\u00e9tations, et devient produit de consommation disponible (d\u00e9mocratiquement) \u00e0 la masse. Par tradition, le concert, f\u00fbt-ce de rock, garde quelque chose de son lointain caract\u00e8re sacr\u00e9 par rapport \u00e0 la consommation d&rsquo;une copie industrielle, mais qu&rsquo;en est-il vraiment ? Loin d&rsquo;\u00eatre une exp\u00e9rience singuli\u00e8re, le concert (du moins dans son p\u00f4le commercial) s&rsquo;inscrit depuis longtemps dans la strat\u00e9gie commerciale des ayants droit de l&rsquo;artiste sous contrat : une tourn\u00e9e \u00e0 l&rsquo;\u00e9chelle nationale, puis \u00e9ventuellement continentale, et mondiale (n\u00e9cessitant des capitaux importants, et dans certains cas, une centaine de salari\u00e9s, des infrastructures lourdes et un convoi de camions pour les transporter). Sur sc\u00e8ne, l&rsquo;artiste reproduit une \u00e9ni\u00e8me \u00ab copie \u00bb de son r\u00e9pertoire d\u00e9j\u00e0 connu du public, recourant m\u00eame \u00e0 l&rsquo;occasion \u00e0 des subterfuges techniques (bandes pr\u00e9enregistr\u00e9es) [1]. Ainsi, toutes proportions conceptuelles gard\u00e9es, les arguments de Benjamin peuvent aussi s&rsquo;appliquer au concert dans l&rsquo;\u00e9poque de \u00ab sa reproduction technique \u00bb, mais pas dans un sens aussi positif (c&rsquo;est l\u00e0 le d\u00e9bat).<\/p>\n<p style=\"text-align: justify;\">Le cri de c\u0153ur de l&rsquo;artiste, qui se retrouve sur sc\u00e8ne face \u00e0 une mar\u00e9e de portables &#8211; fait anecdotique en lui-m\u00eame -, traduit une profonde blessure narcissique face \u00e0 la perte manifeste de tout aspect sacr\u00e9 du concert, bref, la perte de son aura. Il est int\u00e9ressant que Jules Frutos, promoteur de concerts, avance l&rsquo;id\u00e9e d&rsquo;un d\u00e9sir chez les jeunes de \u00ab <em>devenir individuellement un m\u00e9dia<\/em> \u00bb. En d&rsquo;autres termes, il s&rsquo;agit moins de consommer une exp\u00e9rience qu&rsquo;on sait \u00ab industrielle \u00bb, mais de se positionner, un narcissisme pour un autre, sur les r\u00e9seaux sociaux par rapport \u00e0 un \u00e9v\u00e9nement qui garde une dimension (plus ou moins) identitaire, et qui se valorise (plut\u00f4t) par la pr\u00e9sence signal\u00e9e. Le concert organis\u00e9 devient alors un vecteur \u00e9v\u00e9nementiel parmi d&rsquo;autres, et la star de rock prend sa place parmi d&rsquo;autres c\u00e9l\u00e9brit\u00e9s, rang\u00e9es d\u00e9sormais en divisions comme les championnats de football.<\/p>\n<p style=\"text-align: justify;\"><span style=\"font-size: 8pt;\">[1] Il est \u00e0 noter qu&rsquo;informellement la question du caract\u00e8re industriel des concerts pop\/rock fait l&rsquo;objet d&rsquo;un d\u00e9bat contradictoire \u00e0 l&rsquo;int\u00e9rieur de la tradition fran\u00e7aise de l&rsquo;\u00e9conomie politique de la communication (ladite \u00c9cole de Grenoble). Ce d\u00e9bat latent, important sur le plan th\u00e9orique, m\u00e9rite d&rsquo;\u00eatre repris au grand jour.<br \/>\n<\/span><\/p>\n<p style=\"text-align: justify;\"><span style=\"font-size: 8pt;\">Pr\u00e9c\u00e9demment sur la culture des c\u00e9l\u00e9brit\u00e9s : <a href=\"http:\/\/industrie-culturelle.fr\/industrie-culturelle\/actualites-des-industries-culturelles-et-creatives-10-juin-2013\/\">Actualit\u00e9s #10, juin 2013<\/a><\/span><\/p>\n<p style=\"text-align: justify;\"><\/div><\/div>\n<h2 style=\"text-align: justify;\"><span style=\"font-size: 12pt;\">La plupart des internautes partagent des articles sans les avoir lus<\/span><\/h2>\n<figure id=\"attachment_22902\" aria-describedby=\"caption-attachment-22902\" style=\"width: 150px\" class=\"wp-caption alignleft\"><a href=\"http:\/\/industrie-culturelle.fr\/industrie-culturelle\/wp-content\/uploads\/2016\/06\/legout.jpe\"><img loading=\"lazy\" decoding=\"async\" class=\"size-thumbnail wp-image-22902\" src=\"http:\/\/industrie-culturelle.fr\/industrie-culturelle\/wp-content\/uploads\/2016\/06\/legout-150x150.jpe\" alt=\"Arnaud Legout\" width=\"150\" height=\"150\" srcset=\"https:\/\/industrie-culturelle.fr\/industrie-culturelle\/wp-content\/uploads\/2016\/06\/legout-150x150.jpe 150w, https:\/\/industrie-culturelle.fr\/industrie-culturelle\/wp-content\/uploads\/2016\/06\/legout-144x144.jpe 144w, https:\/\/industrie-culturelle.fr\/industrie-culturelle\/wp-content\/uploads\/2016\/06\/legout-36x36.jpe 36w, https:\/\/industrie-culturelle.fr\/industrie-culturelle\/wp-content\/uploads\/2016\/06\/legout-32x32.jpe 32w, https:\/\/industrie-culturelle.fr\/industrie-culturelle\/wp-content\/uploads\/2016\/06\/legout-50x50.jpe 50w, https:\/\/industrie-culturelle.fr\/industrie-culturelle\/wp-content\/uploads\/2016\/06\/legout-64x64.jpe 64w, https:\/\/industrie-culturelle.fr\/industrie-culturelle\/wp-content\/uploads\/2016\/06\/legout-96x96.jpe 96w, https:\/\/industrie-culturelle.fr\/industrie-culturelle\/wp-content\/uploads\/2016\/06\/legout-128x128.jpe 128w\" sizes=\"auto, (max-width: 150px) 100vw, 150px\" \/><\/a><figcaption id=\"caption-attachment-22902\" class=\"wp-caption-text\">Arnaud Legout<\/figcaption><\/figure>\n<p style=\"text-align: justify;\">Selon une \u00e9tude de l&rsquo;universit\u00e9 de Columbia (New York) en association avec <a href=\"https:\/\/fr.wikipedia.org\/wiki\/Institut_national_de_recherche_en_informatique_et_en_automatique\">Inria<\/a> (Institut national de Recherche en Informatique et en Automatique), dans pr\u00e8s de 60% des cas, ceux qui relaient un lien sur Twitter n&rsquo;ont jamais cliqu\u00e9 dessus. Explique Arnaud Legout, postdoctorant \u00e0 Inria Sophia Antipolis (Nice) et coauteur de l&rsquo;\u00e9tude, \u00ab <em>C&rsquo;est typique de la consommation moderne d&rsquo;information. Les gens se forment une opinion bas\u00e9e sur un r\u00e9sum\u00e9, ou un r\u00e9sum\u00e9 des r\u00e9sum\u00e9s, sans aucun effort d&rsquo;approfondissement <\/em>\u00bb.<\/p>\n<p style=\"text-align: justify;\">Pour v\u00e9rifier cette hypoth\u00e8se, Legout et son \u00e9quipe ont collect\u00e9 deux s\u00e9ries de donn\u00e9es l&rsquo;ann\u00e9e derni\u00e8re : tous les tweets contenant des liens raccourcis en bit.ly menant vers cinq sources d&rsquo;actualit\u00e9 parmi les plus importantes pendant un mois, et tous les clics li\u00e9s \u00e0 ces liens sur la m\u00eame p\u00e9riode. Tr\u00e8s clairement, les contenus les plus viraux n&rsquo;\u00e9taient pas les plus lus. Un article dans le <em>Washington Post <\/em>du 16 juin a reli\u00e9 cette conclusion \u00e0 la \u00ab buzzfeedication \u00bb des m\u00e9dias traditionnels, autrement dit la multiplication des <em>hoaxes <\/em>(informations fausses ou inv\u00e9rifiables), des articles susceptibles de d\u00e9clencher une \u00e9motion chez le lecteur, et l&rsquo;av\u00e8nement du <em>clickbait<\/em> (contenu bas\u00e9 sur un titre racoleur ou mensonger).<\/p>\n<p style=\"text-align: justify;\"><em>Sources : \u00ab\u00a0<a href=\"http:\/\/www.lesechos.fr\/tech-medias\/medias\/0211047169697-la-plupart-des-internautes-partagent-des-articles-sans-les-avoir-lus-2007983.php\">La plupart des internautes partagent des articles sans les avoir lus<\/a>\u00a0\u00bb (Ana\u00eblle Grondin), <\/em>Les \u00c9chos<em>, 20 juin 2016 ; <a href=\"https:\/\/washingtonpost.com\/news\/the-intersect\/wp\/2016\/06\/16\/six-in-ten-of-you-will-share-this-link-without-reading-it-according-to-a-new-and-depressing-study\/\">https:\/\/washingtonpost.com\/news\/the-intersect\/wp\/2016\/06\/16\/six-in-ten-of-you-will-share-this-link-without-reading-it-according-to-a-new-and-depressing-study\/<\/a>\u00a0 <\/em><\/p>\n<h2 style=\"text-align: justify;\"><span style=\"font-size: 12pt;\">Le fulgurant succ\u00e8s des vid\u00e9os de recettes faciles en ligne chez les m\u00e9dias g\u00e9n\u00e9ralistes<\/span><\/h2>\n<figure id=\"attachment_22910\" aria-describedby=\"caption-attachment-22910\" style=\"width: 150px\" class=\"wp-caption alignleft\"><a href=\"http:\/\/industrie-culturelle.fr\/industrie-culturelle\/wp-content\/uploads\/2016\/06\/viers.jpe\"><img loading=\"lazy\" decoding=\"async\" class=\"size-thumbnail wp-image-22910\" src=\"http:\/\/industrie-culturelle.fr\/industrie-culturelle\/wp-content\/uploads\/2016\/06\/viers-150x150.jpe\" alt=\"Aur\u00e9lien Viers\" width=\"150\" height=\"150\" srcset=\"https:\/\/industrie-culturelle.fr\/industrie-culturelle\/wp-content\/uploads\/2016\/06\/viers-150x150.jpe 150w, https:\/\/industrie-culturelle.fr\/industrie-culturelle\/wp-content\/uploads\/2016\/06\/viers-144x144.jpe 144w, https:\/\/industrie-culturelle.fr\/industrie-culturelle\/wp-content\/uploads\/2016\/06\/viers-36x36.jpe 36w, https:\/\/industrie-culturelle.fr\/industrie-culturelle\/wp-content\/uploads\/2016\/06\/viers-32x32.jpe 32w, https:\/\/industrie-culturelle.fr\/industrie-culturelle\/wp-content\/uploads\/2016\/06\/viers-50x50.jpe 50w, https:\/\/industrie-culturelle.fr\/industrie-culturelle\/wp-content\/uploads\/2016\/06\/viers-64x64.jpe 64w, https:\/\/industrie-culturelle.fr\/industrie-culturelle\/wp-content\/uploads\/2016\/06\/viers-96x96.jpe 96w, https:\/\/industrie-culturelle.fr\/industrie-culturelle\/wp-content\/uploads\/2016\/06\/viers-128x128.jpe 128w\" sizes=\"auto, (max-width: 150px) 100vw, 150px\" \/><\/a><figcaption id=\"caption-attachment-22910\" class=\"wp-caption-text\">Aur\u00e9lien Viers<\/figcaption><\/figure>\n<p style=\"text-align: justify;\">BuzzFeed France, Slate.fr<em>, Le Point, L&rsquo;Express, L&rsquo;Obs<\/em>&#8230; Les m\u00e9dias g\u00e9n\u00e9ralistes en France se lancent les uns apr\u00e8s les autres dans les vid\u00e9os culinaires tr\u00e8s courtes (environ une minute), et invariablement sur fond de musique classique. C&rsquo;est l&rsquo;incroyable succ\u00e8s de Tasty (360 millions de visiteurs chaque mois, voir <a href=\"http:\/\/industrie-culturelle.fr\/industrie-culturelle\/actualites-industries-culturelles-numeriques-43-juin-2016\/\">Actualit\u00e9s #43<\/a>) qui est \u00e0 l&rsquo;origine de cet engouement. Depuis novembre 2015, Tasty incorpore les produits de marques dans environ un tiers des vid\u00e9os. Une recette pour un \u00ab Jalapeno Popper Burger \u00bb a entra\u00een\u00e9 en deux jours des ruptures de stock sur Amazon et sur Target pour le grill de la marque Oster qui figure dans la vid\u00e9o (<a href=\"https:\/\/www.facebook.com\/buzzfeedtasty\/videos\/1725241094395199\/\">https:\/\/www.facebook.com\/buzzfeedtasty\/videos\/1725241094395199\/<\/a>).<\/p>\n<p style=\"text-align: justify;\">C&rsquo;est une piste app\u00e9tissante pour les m\u00e9dias, toujours \u00e0 la recherche d&rsquo;un plan d&rsquo;affaires viable. \u00ab <em>Pour l&rsquo;instant, on ne mon\u00e9tise pas ces vid\u00e9os. On est encore en p\u00e9riode de test. [Mais] la question de la mon\u00e9tisation se posera <\/em>\u00bb<em>, <\/em>dit Marc P\u00e9deau, community manager chez Slate.fr. Aur\u00e9lien Viers, journaliste \u00e0 <em>L&rsquo;Obs<\/em>, indique de son c\u00f4t\u00e9 : \u00ab <em>On est au tout d\u00e9but. Mais on commence \u00e0 regarder des partenariats \u00e0 nouer<\/em> \u00bb, et une \u00e9quipe pourrait bient\u00f4t se sp\u00e9cialiser sur ce type de contenus \u00ab <em>pour passer \u00e0 un stade plus industriel<\/em> \u00bb.<\/p>\n<p style=\"text-align: justify;\">Les vid\u00e9os culinaires sur Facebook p\u00e8sent d&rsquo;un poids important dans le trafic de celui-ci. Chez BuzzFeed France, elles accumulent plusieurs centaines de millions de vues, alors que les vid\u00e9os consacr\u00e9es \u00e0 l&rsquo;actualit\u00e9 par exemple passent rarement la barre de 50 000 vues. Une vid\u00e9o pour faire un\u00a0\u00ab brookie\u00a0\u00bb (m\u00e9lange de brownie et de cookie) sur le site de <em>L&rsquo;Obs<\/em> a drain\u00e9 286 000 internautes. \u00ab <em>La fonction autoplay de Facebook y est pour beaucoup : on est tout de suite alpagu\u00e9 par l&rsquo;image, et quand cette image est belle et nous donne faim, difficile de ne pas rester hypnotis\u00e9 <\/em>\u00bb, pr\u00e9tend Phal\u00e8ne de la Valette, responsable \u00e9ditoriale du Point.Pop. \u00ab <em>Cette \u00e9criture n&rsquo;a pas besoin de commentaire et on enregistre plus d&rsquo;informations en images qu&rsquo;auparavant<\/em> \u00bb, dit Aur\u00e9lien Viers de <em>L&rsquo;Obs<\/em>. <em>Les premiers retours qu&rsquo;on a sont excellents. On n&rsquo;en a jamais eu autant sur une vid\u00e9o&#8230; On a touch\u00e9 plus de jeunes, c&rsquo;est int\u00e9ressant<\/em> \u00bb.<\/p>\n<p style=\"text-align: justify;\"><iframe loading=\"lazy\" src=\"\/\/www.youtube.com\/embed\/iDUV-_nGwLM\" width=\"560\" height=\"314\" allowfullscreen=\"allowfullscreen\"><\/iframe><\/p>\n<p style=\"text-align: justify;\"><em>Source : \u00ab\u00a0<a href=\"http:\/\/www.lesechos.fr\/tech-medias\/medias\/0211037464372-pourquoi-cet-appetit-soudain-des-medias-pour-les-videos-de-recettes-faciles-2007547.php\">Pourquoi cet app\u00e9tit soudain des m\u00e9dias pour les vid\u00e9os de recettes faciles <\/a>?\u00a0\u00bb (Ana\u00eblle Grondin), <\/em>Les \u00c9chos<em>, 18 juin 2016.<\/em><\/p>\n<p>&nbsp;<\/p>\n<p style=\"text-align: justify;\"><a href=\"http:\/\/industrie-culturelle.fr\/industrie-culturelle\/category\/actualites\/\" target=\"_blank\">Lire les autres articles de la rubrique.<\/a><\/p>\n<p style=\"text-align: justify;\"><div class=\"su-divider su-divider-style-default\" style=\"margin:15px 0;border-width:3px;border-color:#999999\"><a href=\"#\" style=\"color:#999999\">Aller en haut<\/a><\/div>\n","protected":false},"excerpt":{"rendered":"<p>Juillet-ao\u00fbt 2016 Contenu : 1 L&rsquo;auto\u00e9dition sur le Net a le vent en poupe 2 L&rsquo;avenir de l&rsquo;industrie publicitaire : le grand regroupement de la cr\u00e9ativit\u00e9 et du marketing 3 Les musiciens ne supportent plus les portables dans les salles de concert 4 La plupart des internautes partagent des articles sans les avoir lus 5 Le fulgurant succ\u00e8s des vid\u00e9os de recettes faciles en ligne chez les m\u00e9dias g\u00e9n\u00e9ralistes<\/p>\n","protected":false},"author":1294,"featured_media":18819,"comment_status":"open","ping_status":"closed","sticky":false,"template":"","format":"standard","meta":{"colormag_page_container_layout":"default_layout","colormag_page_sidebar_layout":"default_layout","footnotes":""},"categories":[80,824,687,12,755,651,680],"tags":[919,117,45],"coauthors":[791],"class_list":["post-22752","post","type-post","status-publish","format-standard","has-post-thumbnail","hentry","category-actualites","category-edition","category-facebook","category-musique","category-internet","category-reseauxsociaux","category-rocknroll","tag-autoedition","tag-marketing","tag-publicite"],"aioseo_notices":[],"_links":{"self":[{"href":"https:\/\/industrie-culturelle.fr\/industrie-culturelle\/wp-json\/wp\/v2\/posts\/22752","targetHints":{"allow":["GET"]}}],"collection":[{"href":"https:\/\/industrie-culturelle.fr\/industrie-culturelle\/wp-json\/wp\/v2\/posts"}],"about":[{"href":"https:\/\/industrie-culturelle.fr\/industrie-culturelle\/wp-json\/wp\/v2\/types\/post"}],"author":[{"embeddable":true,"href":"https:\/\/industrie-culturelle.fr\/industrie-culturelle\/wp-json\/wp\/v2\/users\/1294"}],"replies":[{"embeddable":true,"href":"https:\/\/industrie-culturelle.fr\/industrie-culturelle\/wp-json\/wp\/v2\/comments?post=22752"}],"version-history":[{"count":0,"href":"https:\/\/industrie-culturelle.fr\/industrie-culturelle\/wp-json\/wp\/v2\/posts\/22752\/revisions"}],"wp:featuredmedia":[{"embeddable":true,"href":"https:\/\/industrie-culturelle.fr\/industrie-culturelle\/wp-json\/wp\/v2\/media\/18819"}],"wp:attachment":[{"href":"https:\/\/industrie-culturelle.fr\/industrie-culturelle\/wp-json\/wp\/v2\/media?parent=22752"}],"wp:term":[{"taxonomy":"category","embeddable":true,"href":"https:\/\/industrie-culturelle.fr\/industrie-culturelle\/wp-json\/wp\/v2\/categories?post=22752"},{"taxonomy":"post_tag","embeddable":true,"href":"https:\/\/industrie-culturelle.fr\/industrie-culturelle\/wp-json\/wp\/v2\/tags?post=22752"},{"taxonomy":"author","embeddable":true,"href":"https:\/\/industrie-culturelle.fr\/industrie-culturelle\/wp-json\/wp\/v2\/coauthors?post=22752"}],"curies":[{"name":"wp","href":"https:\/\/api.w.org\/{rel}","templated":true}]}}