
{"id":17821,"date":"2015-07-01T02:00:31","date_gmt":"2015-07-01T00:00:31","guid":{"rendered":"http:\/\/industrie-culturelle.fr\/industrie-culturelle\/?p=17821"},"modified":"2019-04-26T09:56:45","modified_gmt":"2019-04-26T07:56:45","slug":"actualites-des-industries-culturelles-et-numeriques-33-juillet-aout-2015","status":"publish","type":"post","link":"https:\/\/industrie-culturelle.fr\/industrie-culturelle\/actualites-des-industries-culturelles-et-numeriques-33-juillet-aout-2015\/","title":{"rendered":"Actualit\u00e9s des industries culturelles et num\u00e9riques #33, juillet-ao\u00fbt 2015"},"content":{"rendered":"<div class=\"pdfprnt-buttons pdfprnt-buttons-post pdfprnt-top-right\"><a href=\"https:\/\/industrie-culturelle.fr\/industrie-culturelle\/wp-json\/wp\/v2\/posts\/17821?print=pdf\" class=\"pdfprnt-button pdfprnt-button-pdf\" target=\"_blank\" ><img decoding=\"async\" src=\"https:\/\/industrie-culturelle.fr\/industrie-culturelle\/wp-content\/plugins\/pdf-print\/images\/pdf.png\" alt=\"image_pdf\" title=\"Afficher le PDF\" \/><\/a><a href=\"https:\/\/industrie-culturelle.fr\/industrie-culturelle\/wp-json\/wp\/v2\/posts\/17821?print=print\" class=\"pdfprnt-button pdfprnt-button-print\" target=\"_blank\" ><img decoding=\"async\" src=\"https:\/\/industrie-culturelle.fr\/industrie-culturelle\/wp-content\/plugins\/pdf-print\/images\/print.png\" alt=\"image_print\" title=\"Contenu imprim\u00e9\" \/><\/a><\/div><p style=\"text-align: justify;\"><strong>La Web-revue : de la <em>Kulturindustrie<\/em> d\u2019hier aux industries culturelles, cr\u00e9atives et num\u00e9riques d\u2019aujourd\u2019hui, s\u2019est ouvert un champ interdisciplinaire pour tous ceux dont les recherches interrogent la culture populaire industrialis\u00e9e et les m\u00e9dias. Cette rubrique propose de suivre les actualit\u00e9s des industries culturelles et cr\u00e9atives du c\u00f4t\u00e9 des professionnels, qui sont souvent divis\u00e9s quant \u00e0 la bonne strat\u00e9gie \u00e0 adopter face \u00e0 l\u2019innovation constante, d\u2019o\u00f9 des d\u00e9bats \u00ab internes \u00bb dont doit tenir compte l\u2019approche critique de la Web-revue.<\/strong><\/p>\n<p style=\"text-align: center;\">Interdit \u00e0 la reproduction payante.<\/p>\n<h2><span style=\"font-size: 12pt;\">Rapprochement entre musiciens et publicitaires<br \/>\n<\/span><\/h2>\n<p style=\"text-align: justify;\"><a href=\"http:\/\/industrie-culturelle.fr\/industrie-culturelle\/wp-content\/uploads\/2015\/06\/make-the-girl-dance.jpg\"><img loading=\"lazy\" decoding=\"async\" class=\"alignleft size-thumbnail wp-image-17881\" src=\"http:\/\/industrie-culturelle.fr\/industrie-culturelle\/wp-content\/uploads\/2015\/06\/make-the-girl-dance-150x150.jpg\" alt=\"make the girl dance\" width=\"150\" height=\"150\" srcset=\"https:\/\/industrie-culturelle.fr\/industrie-culturelle\/wp-content\/uploads\/2015\/06\/make-the-girl-dance-150x150.jpg 150w, https:\/\/industrie-culturelle.fr\/industrie-culturelle\/wp-content\/uploads\/2015\/06\/make-the-girl-dance-144x144.jpg 144w, https:\/\/industrie-culturelle.fr\/industrie-culturelle\/wp-content\/uploads\/2015\/06\/make-the-girl-dance-36x36.jpg 36w, https:\/\/industrie-culturelle.fr\/industrie-culturelle\/wp-content\/uploads\/2015\/06\/make-the-girl-dance-115x115.jpg 115w, https:\/\/industrie-culturelle.fr\/industrie-culturelle\/wp-content\/uploads\/2015\/06\/make-the-girl-dance-32x32.jpg 32w, https:\/\/industrie-culturelle.fr\/industrie-culturelle\/wp-content\/uploads\/2015\/06\/make-the-girl-dance-64x64.jpg 64w, https:\/\/industrie-culturelle.fr\/industrie-culturelle\/wp-content\/uploads\/2015\/06\/make-the-girl-dance-96x96.jpg 96w, https:\/\/industrie-culturelle.fr\/industrie-culturelle\/wp-content\/uploads\/2015\/06\/make-the-girl-dance-128x128.jpg 128w, https:\/\/industrie-culturelle.fr\/industrie-culturelle\/wp-content\/uploads\/2015\/06\/make-the-girl-dance.jpg 225w\" sizes=\"auto, (max-width: 150px) 100vw, 150px\" \/><\/a>Longtemps oppos\u00e9s en principe (l&rsquo;un appartenant \u00e0 la sph\u00e8re \u00ab marchande \u00bb, l&rsquo;autre \u00e0 la sph\u00e8re \u00ab artistique \u00bb), les m\u00e9tiers de la publicit\u00e9 et de la musique marchent de plus en plus main dans la main, sur fond d&rsquo;industrie musicale sinistr\u00e9e. Le duo \u00e9lectro fran\u00e7ais <a href=\"http:\/\/fr.wikipedia.org\/wiki\/Make_The_Girl_Dance\" target=\"_blank\" rel=\"noopener noreferrer\">Make The Girl Dance<\/a>, qui a vu son titre \u00ab <a href=\"https:\/\/youtu.be\/nXAtDi4Vej0\" target=\"_blank\" rel=\"noopener noreferrer\">Tchiki Tchiki Tchiki <\/a>\u00bb adopt\u00e9 pour le spot du nouveau smartphone Nokia Lumia 930 (Microsoft) contre 180 000 $, fait partie des groupes, m\u00e9connus du grand public, sp\u00e9cialis\u00e9s dans la musique pour publicit\u00e9s ; outre les smartphones, le duo a aussi fait de la musique pour des cr\u00e8mes antirides et des glaces. Quant \u00e0 lui, le groupe \u00e9lectro <a href=\"http:\/\/www.printemps-bourges.com\/fr\/programme\/if-the-kids.php\" target=\"_blank\" rel=\"noopener noreferrer\">If The Kids<\/a> a rythm\u00e9 des publicit\u00e9s pour un parfum, une voiture et du pr\u00eat-\u00e0-porter. Ce qui est nouveau, c&rsquo;est que les agences int\u00e8grent la musique de plus en plus en amont dans leurs cr\u00e9ations. Pour le spot du parfum masculin \u00ab <a href=\"https:\/\/youtu.be\/ZQvks-lyUI4\" target=\"_blank\" rel=\"noopener noreferrer\">La Nuit de L&rsquo;Homme<\/a> \u00bb (Yves Saint Laurent), l&rsquo;agence BETC, avec son d\u00e9partement musique, BETC Pop, a fait intervenir l&rsquo;artiste n\u00e9erlandais Thomas Azier du d\u00e9but \u00e0 la fin du processus cr\u00e9atif. Cette collaboration aurait co\u00fbt\u00e9 entre 200 000 et 250 000 euros \u00e0 Yves Saint Laurent.<\/p>\n<figure id=\"attachment_17883\" aria-describedby=\"caption-attachment-17883\" style=\"width: 150px\" class=\"wp-caption alignright\"><a href=\"http:\/\/industrie-culturelle.fr\/industrie-culturelle\/wp-content\/uploads\/2015\/06\/caurret.jpg\"><img loading=\"lazy\" decoding=\"async\" class=\"size-thumbnail wp-image-17883\" src=\"http:\/\/industrie-culturelle.fr\/industrie-culturelle\/wp-content\/uploads\/2015\/06\/caurret-150x150.jpg\" alt=\"Christophe Caurret\" width=\"150\" height=\"150\" srcset=\"https:\/\/industrie-culturelle.fr\/industrie-culturelle\/wp-content\/uploads\/2015\/06\/caurret-150x150.jpg 150w, https:\/\/industrie-culturelle.fr\/industrie-culturelle\/wp-content\/uploads\/2015\/06\/caurret-144x144.jpg 144w, https:\/\/industrie-culturelle.fr\/industrie-culturelle\/wp-content\/uploads\/2015\/06\/caurret-36x36.jpg 36w, https:\/\/industrie-culturelle.fr\/industrie-culturelle\/wp-content\/uploads\/2015\/06\/caurret-115x115.jpg 115w, https:\/\/industrie-culturelle.fr\/industrie-culturelle\/wp-content\/uploads\/2015\/06\/caurret-32x32.jpg 32w, https:\/\/industrie-culturelle.fr\/industrie-culturelle\/wp-content\/uploads\/2015\/06\/caurret-64x64.jpg 64w, https:\/\/industrie-culturelle.fr\/industrie-culturelle\/wp-content\/uploads\/2015\/06\/caurret-96x96.jpg 96w, https:\/\/industrie-culturelle.fr\/industrie-culturelle\/wp-content\/uploads\/2015\/06\/caurret-128x128.jpg 128w\" sizes=\"auto, (max-width: 150px) 100vw, 150px\" \/><\/a><figcaption id=\"caption-attachment-17883\" class=\"wp-caption-text\">Christophe Caurret<\/figcaption><\/figure>\n<p style=\"text-align: justify;\">Musiciens et publicitaires sont b\u00e9n\u00e9ficiaires de cette nouvelle alliance, nous dit-on. La notion warholienne d&rsquo;\u00ab artiste d&rsquo;affaires \u00bb s&rsquo;impose comme une \u00e9vidence. Selon Greg Kozo de Make The Girl Dance, \u00ab <em>c&rsquo;est gratifiant et cela nous apporte une exposition qui rassure les programmateurs de concerts <\/em>\u00bb. La diffusion du spot a port\u00e9 les ventes de leur album en t\u00eate de classement sur Amazon. Pour Olivier Lef\u00e8vre, directeur de la soci\u00e9t\u00e9 de production musicale Else (filiale de TBWA Paris) : \u00ab <em>Pendant longtemps, les marques repr\u00e9sentaient l&rsquo;establishment, alors que les musiciens incarnaient la r\u00e9bellion. Mais avec la crise, les deux mondes, affaiblis, ont choisi de r\u00e9unir leurs forces <\/em>\u00bb<em>. <\/em>Christophe Caurret, cofondateur de BETC Pop, abonde de son c\u00f4t\u00e9, plus conformiste que nature : \u00ab <em>La ligne qui s\u00e9pare<\/em> <em>commerce et pop<\/em> <em>culture est de plus en plus floue. La jeunesse d&rsquo;aujourd&rsquo;hui, n\u00e9e dans le capitalisme triomphant, n&rsquo;a plus de probl\u00e8mes pour utiliser ce dernier <\/em>\u00bb.<\/p>\n<p style=\"text-align: justify;\">Les budgets publicitaires ont fondu avec la crise, et les annonceurs ne peuvent plus s&rsquo;offrir de gros tubes des artistes mondialement connus (des \u00ab <em>golds<\/em> \u00bb). Place alors depuis la fin des ann\u00e9es 1990 \u00e0 une utilisation du son plus pointue, g\u00e9n\u00e9ratrice des ambiances singuli\u00e8res, et sp\u00e9cifiquement jeunes. Place aussi aux agences sp\u00e9cialis\u00e9es comme BETC, TBWA, Les Gaulois (Havas) ou m\u00eame Publicis, qui piochent dans la musique \u00e9lectro, genre \u00e0 moindre co\u00fbt, et qui abrite une arm\u00e9e de r\u00e9serve d&rsquo;apprentis compositeurs importante.<\/p>\n<p style=\"text-align: justify;\"><em>Source : \u00ab\u00a0<a href=\"http:\/\/www.lesechos.fr\/tech-medias\/medias\/02167202420-cette-nouvelle-generation-de-musiciens-au-service-de-la-pub-1119217.php\" target=\"_blank\" rel=\"noopener noreferrer\">Cette nouvelle g\u00e9n\u00e9ration de musiciens au service de la pub<\/a>\u00ab\u00a0<\/em>, Les \u00c9chos<em>, 13 mai 2015 (V\u00e9ronique Richebois).<\/em><\/p>\n<p style=\"text-align: justify;\">Voir aussi <a href=\"http:\/\/industrie-culturelle.fr\/industrie-culturelle\/actualites-des-industries-culturelles-et-numeriques-18-mars-2014\/\" target=\"_blank\" rel=\"noopener noreferrer\">Actualit\u00e9s #18<\/a>, mars 2014, et <a href=\"http:\/\/industrie-culturelle.fr\/industrie-culturelle\/stars-marques-industrie-musique-enregistree\/\" target=\"_blank\" rel=\"noopener noreferrer\">l&rsquo;article dans la web-revue<\/a> de Christophe Magis sur les stars et les marques.<\/p>\n<h2><span style=\"font-size: 12pt;\">Facebook ouvre un laboratoire \u00e0 Paris, et prend une option sur l&rsquo;avenir<br \/>\n<\/span><\/h2>\n<figure id=\"attachment_17870\" aria-describedby=\"caption-attachment-17870\" style=\"width: 128px\" class=\"wp-caption alignleft\"><a href=\"http:\/\/industrie-culturelle.fr\/industrie-culturelle\/wp-content\/uploads\/2015\/06\/lecun.jpg\"><img loading=\"lazy\" decoding=\"async\" class=\"size-full wp-image-17870\" src=\"http:\/\/industrie-culturelle.fr\/industrie-culturelle\/wp-content\/uploads\/2015\/06\/lecun.jpg\" alt=\"Yann LeCun (1960-)\" width=\"128\" height=\"168\" \/><\/a><figcaption id=\"caption-attachment-17870\" class=\"wp-caption-text\">Yann LeCun (1960-)<\/figcaption><\/figure> <figure id=\"attachment_18246\" aria-describedby=\"caption-attachment-18246\" style=\"width: 120px\" class=\"wp-caption alignright\"><a href=\"http:\/\/industrie-culturelle.fr\/industrie-culturelle\/wp-content\/uploads\/2015\/06\/perronnin.jpeg\"><img loading=\"lazy\" decoding=\"async\" class=\"size-thumbnail wp-image-18246\" src=\"http:\/\/industrie-culturelle.fr\/industrie-culturelle\/wp-content\/uploads\/2015\/06\/perronnin-120x150.jpeg\" alt=\"Florent Perronnin\" width=\"120\" height=\"150\" \/><\/a><figcaption id=\"caption-attachment-18246\" class=\"wp-caption-text\">Florent Perronnin<\/figcaption><\/figure>\n<p style=\"text-align: justify;\">Facebook a annonc\u00e9 (le 2 juin) la cr\u00e9ation d&rsquo;un centre de recherches \u00e0 Paris, baptis\u00e9 FAIR (<em>Facebook Artificial Intelligence Research<\/em>), et dirig\u00e9 par Florent Perronnin, scientifique normalien, ancien de Panasonic et de Xerox. Six chercheurs viennent d&rsquo;\u00eatre recrut\u00e9s, et dans quelques ann\u00e9es, on pr\u00e9voit 25 \u00e0 30 salari\u00e9s, plus des doctorants et des post-doctorants, nombre modeste, mais r\u00e9sultant d&rsquo;une s\u00e9lection tr\u00e8s pointue. Le nouveau directeur de l&rsquo;unit\u00e9 de recherche et du d\u00e9veloppement (R&amp;D) de Facebook, <a href=\"http:\/\/fr.wikipedia.org\/wiki\/Yann_LeCun\" target=\"_blank\" rel=\"noopener noreferrer\">Yann LeCun<\/a>, form\u00e9 \u00e0 l&rsquo;Esiee et \u00e0 l&rsquo;universit\u00e9 Pierre-et-Marie-Curie, dirige actuellement 45 chercheurs repartis entre le si\u00e8ge \u00e0 Menlo Park (San Francisco) et New York University, o\u00f9 il continue \u00e0 \u00eatre professeur. LeCun est l&rsquo;un des pionniers d&rsquo;une branche de l&rsquo;intelligence artificielle, le <em>deep learning<\/em> (apprentissage statistique profond). Il estime que la France (surtout Paris) offre une concentration de talents et de cultures vari\u00e9s, en math\u00e9matiques et en informatique. En parall\u00e8le, Intel vient d&rsquo;inaugurer (le 2 juin aussi) son premier centre de R&amp;D d\u00e9di\u00e9 au <em>big data<\/em> \u00e0 Bruy\u00e8res-le-Chatel (Essonne), qui accueille d\u00e9j\u00e0 un centre d&rsquo;\u00e9tudes nucl\u00e9aires.<\/p>\n<figure id=\"attachment_17872\" aria-describedby=\"caption-attachment-17872\" style=\"width: 150px\" class=\"wp-caption alignright\"><a href=\"http:\/\/industrie-culturelle.fr\/industrie-culturelle\/wp-content\/uploads\/2015\/06\/schroepfer.jpg\"><img loading=\"lazy\" decoding=\"async\" class=\"size-thumbnail wp-image-17872\" src=\"http:\/\/industrie-culturelle.fr\/industrie-culturelle\/wp-content\/uploads\/2015\/06\/schroepfer-150x150.jpg\" alt=\"Mike Schroepfer (1975-)\" width=\"150\" height=\"150\" srcset=\"https:\/\/industrie-culturelle.fr\/industrie-culturelle\/wp-content\/uploads\/2015\/06\/schroepfer-150x150.jpg 150w, https:\/\/industrie-culturelle.fr\/industrie-culturelle\/wp-content\/uploads\/2015\/06\/schroepfer-144x144.jpg 144w, https:\/\/industrie-culturelle.fr\/industrie-culturelle\/wp-content\/uploads\/2015\/06\/schroepfer-36x36.jpg 36w, https:\/\/industrie-culturelle.fr\/industrie-culturelle\/wp-content\/uploads\/2015\/06\/schroepfer-115x115.jpg 115w, https:\/\/industrie-culturelle.fr\/industrie-culturelle\/wp-content\/uploads\/2015\/06\/schroepfer-32x32.jpg 32w, https:\/\/industrie-culturelle.fr\/industrie-culturelle\/wp-content\/uploads\/2015\/06\/schroepfer-64x64.jpg 64w, https:\/\/industrie-culturelle.fr\/industrie-culturelle\/wp-content\/uploads\/2015\/06\/schroepfer-96x96.jpg 96w, https:\/\/industrie-culturelle.fr\/industrie-culturelle\/wp-content\/uploads\/2015\/06\/schroepfer-128x128.jpg 128w\" sizes=\"auto, (max-width: 150px) 100vw, 150px\" \/><\/a><figcaption id=\"caption-attachment-17872\" class=\"wp-caption-text\">Mike Schroepfer (1975-)<\/figcaption><\/figure>\n<p style=\"text-align: justify;\">L&rsquo;unit\u00e9 R&amp;D de Facebook est constitu\u00e9e de trois piliers : a) la r\u00e9alit\u00e9 virtuelle autour du casque cr\u00e9e par Oculus Rift, start-up rachet\u00e9e en 2014 (<a href=\"http:\/\/industrie-culturelle.fr\/industrie-culturelle\/actualites-industries-culturelles-numeriques-24-octobre-2014\/\" target=\"_blank\" rel=\"noopener noreferrer\">Actualit\u00e9s #24<\/a>) ; b) la connexion \u00e9tendue \u00e0 Internet gr\u00e2ce aux satellites et aux avions solaires ; c) le <em>deep learning<\/em>, programme affect\u00e9 au laboratoire de Paris, et dont les concepts serviraient dans des programmes de reconnaissance vocale, de reconnaissance d&rsquo;images, de classification d&rsquo;objets et de traduction automatique, \u00ab apprenant \u00bb gr\u00e2ce aux banques de donn\u00e9es connues (soient des centaines de millions de param\u00e8tres) \u00e0 produire la meilleure r\u00e9ponse possible. \u00c0 la diff\u00e9rence des mod\u00e8les pr\u00e9c\u00e9dents des r\u00e9seaux de neurones du cerveau, simplistes et vou\u00e9s \u00e0 l&rsquo;\u00e9chec, le <em>deep learning <\/em>(2006) propose un apprentissage hi\u00e9rarchique, c&rsquo;est-\u00e0-dire que les diff\u00e9rentes couches du mod\u00e8le sont programm\u00e9es \u00e0 cat\u00e9goriser d&rsquo;abord les \u00e9l\u00e9ments les plus simples de l&rsquo;information, avant de passer \u00ab toutes seules \u00bb aux plus compliqu\u00e9s (reconna\u00eetre les lettres avant de s&rsquo;attaquer aux mots). Faisant entendre une note \u00ab solutionniste \u00bb (voir <a href=\"http:\/\/industrie-culturelle.fr\/industrie-culturelle\/evgeny-morozov-critique-du-web-centrisme-et-du-solutionnisme-marion-lemonnier\/\" target=\"_blank\" rel=\"noopener noreferrer\">l&rsquo;article sur Morozov<\/a> de Marion Lemonnier), <a href=\"http:\/\/en.wikipedia.org\/wiki\/Mike_Schroepfer\" target=\"_blank\" rel=\"noopener noreferrer\">Mike Schroepfer<\/a>, directeur technique de Facebook, estime : \u00ab <em>L&rsquo;intelligence artificielle doit permettre de trier toute l&rsquo;information dont un utilisateur dispose afin d&rsquo;am\u00e9liorer les interactions sociales <\/em>\u00bb.<\/p>\n<p style=\"text-align: justify;\"><a href=\"http:\/\/industrie-culturelle.fr\/industrie-culturelle\/wp-content\/uploads\/2015\/06\/guez.jpg\"><img loading=\"lazy\" decoding=\"async\" class=\"alignleft size-thumbnail wp-image-17885\" src=\"http:\/\/industrie-culturelle.fr\/industrie-culturelle\/wp-content\/uploads\/2015\/06\/guez-150x150.jpg\" alt=\"guez\" width=\"150\" height=\"150\" srcset=\"https:\/\/industrie-culturelle.fr\/industrie-culturelle\/wp-content\/uploads\/2015\/06\/guez-150x150.jpg 150w, https:\/\/industrie-culturelle.fr\/industrie-culturelle\/wp-content\/uploads\/2015\/06\/guez-144x144.jpg 144w, https:\/\/industrie-culturelle.fr\/industrie-culturelle\/wp-content\/uploads\/2015\/06\/guez-36x36.jpg 36w, https:\/\/industrie-culturelle.fr\/industrie-culturelle\/wp-content\/uploads\/2015\/06\/guez-115x115.jpg 115w, https:\/\/industrie-culturelle.fr\/industrie-culturelle\/wp-content\/uploads\/2015\/06\/guez-32x32.jpg 32w, https:\/\/industrie-culturelle.fr\/industrie-culturelle\/wp-content\/uploads\/2015\/06\/guez-64x64.jpg 64w, https:\/\/industrie-culturelle.fr\/industrie-culturelle\/wp-content\/uploads\/2015\/06\/guez-96x96.jpg 96w, https:\/\/industrie-culturelle.fr\/industrie-culturelle\/wp-content\/uploads\/2015\/06\/guez-128x128.jpg 128w\" sizes=\"auto, (max-width: 150px) 100vw, 150px\" \/><\/a>Les g\u00e9ants de l&rsquo;Internet (Google, Facebook, Microsoft, Amazon, et les soci\u00e9t\u00e9s chinoises Baidu, et Alibaba) livrent une bataille sans merci pour rafler la mise de la prochaine r\u00e9volution technique pressentie : l&rsquo;intelligence artificielle, et en ligne de mire \u00e0 court terme, le <em>deep learning<\/em>, autrement dit des algorithmes qui permettent aux machines d&rsquo;apprendre par elles-m\u00eames. Alibaba a investi un milliard de dollars dans la recherche dans ce domaine au premier trimestre, soit 30% de son chiffre d&rsquo;affaires. Servant la soupe, Laurent Guez, directeur d\u00e9l\u00e9gu\u00e9 de la r\u00e9daction des <em>\u00c9chos<\/em>, dit dans une interview sur LCI (3 juin) : \u00ab <em>Gr\u00e2ce au <\/em>deep learning<em>, Facebook va pouvoir parler avec vous (reconnaissance vocale), qualifier les textes et les images que vous postez<\/em> <em>(par exemple, ranger une vid\u00e9o automatiquement dans la bonne cat\u00e9gorie), d\u00e9tecter des messages ind\u00e9sirables que vous recevez. Tout \u00e7a pour rapprocher les contenus de ceux qui sont int\u00e9ress\u00e9s <\/em>\u00bb.<\/p>\n<p style=\"text-align: justify;\">Les assistants num\u00e9riques vocaux install\u00e9s sur les smartphones des Apple, Microsoft ou Google (Android) sont les premiers exemples, encore primitifs, de ces techniques. Des soci\u00e9t\u00e9s comme Google ont l&rsquo;avantage de poss\u00e9der un \u00e9norme ensemble de donn\u00e9es (<em>dataset<\/em>), et lorsqu&rsquo;on traite des millions d&rsquo;informations, il faut avoir beaucoup d&rsquo;ordinateurs \u00e0 disposition, m\u00eame si les applications futures visent les ordinateurs personnels.<\/p>\n<figure id=\"attachment_17899\" aria-describedby=\"caption-attachment-17899\" style=\"width: 150px\" class=\"wp-caption alignright\"><a href=\"http:\/\/industrie-culturelle.fr\/industrie-culturelle\/wp-content\/uploads\/2015\/06\/marcus.jpg\"><img loading=\"lazy\" decoding=\"async\" class=\"size-thumbnail wp-image-17899\" src=\"http:\/\/industrie-culturelle.fr\/industrie-culturelle\/wp-content\/uploads\/2015\/06\/marcus-150x150.jpg\" alt=\"Gary Marcus (1970-)\" width=\"150\" height=\"150\" srcset=\"https:\/\/industrie-culturelle.fr\/industrie-culturelle\/wp-content\/uploads\/2015\/06\/marcus-150x150.jpg 150w, https:\/\/industrie-culturelle.fr\/industrie-culturelle\/wp-content\/uploads\/2015\/06\/marcus-144x144.jpg 144w, https:\/\/industrie-culturelle.fr\/industrie-culturelle\/wp-content\/uploads\/2015\/06\/marcus-36x36.jpg 36w, https:\/\/industrie-culturelle.fr\/industrie-culturelle\/wp-content\/uploads\/2015\/06\/marcus-115x115.jpg 115w, https:\/\/industrie-culturelle.fr\/industrie-culturelle\/wp-content\/uploads\/2015\/06\/marcus-32x32.jpg 32w, https:\/\/industrie-culturelle.fr\/industrie-culturelle\/wp-content\/uploads\/2015\/06\/marcus-64x64.jpg 64w, https:\/\/industrie-culturelle.fr\/industrie-culturelle\/wp-content\/uploads\/2015\/06\/marcus-96x96.jpg 96w, https:\/\/industrie-culturelle.fr\/industrie-culturelle\/wp-content\/uploads\/2015\/06\/marcus-128x128.jpg 128w\" sizes=\"auto, (max-width: 150px) 100vw, 150px\" \/><\/a><figcaption id=\"caption-attachment-17899\" class=\"wp-caption-text\">Gary Marcus (1970-)<\/figcaption><\/figure>\n<p style=\"text-align: justify;\">Reste \u00e0 savoir le potentiel scientifique ultime du <em>deep learning<\/em>, et sa capacit\u00e9 \u00e0 faire advenir une intelligence artificielle forte, susceptible de concurrencer le cerveau humain. Au stade actuel, le <em>deep learning<\/em> souffre du d\u00e9faut de fonctionner empiriquement (et tr\u00e8s relativement), sans qu&rsquo;on puisse comprendre pourquoi, d\u00e9ficit th\u00e9orique end\u00e9mique aux approches cybern\u00e9tiques, avec leurs \u00ab bo\u00eetes noires \u00bb inaccessibles \u00e0 la raison. Un <a href=\"http:\/\/www.newyorker.com\/news\/news-desk\/is-deep-learning-a-revolution-in-artificial-intelligence\" target=\"_blank\" rel=\"noopener noreferrer\">article du psychologue Gary Marcus<\/a> publi\u00e9 dans le<em> New Yorker <\/em>en novembre 2012 nous rappelle que, m\u00eame si la technique du <em>deep learning <\/em>a obtenu des performances de 70% sup\u00e9rieures \u00e0 celles recourant \u00e0 d&rsquo;autres m\u00e9thodes, les ordinateurs n&rsquo;ont reconnu qu&rsquo;un sixi\u00e8me de leurs cibles en moyenne. Il y a du pain donc sur la planche. M\u00eame le tr\u00e8s enthousiaste directeur de recherche chez Google, Peter Norvig, ne voit pas comment on pourrait construire une machine susceptible de comprendre des histoires en utilisant uniquement le <em>deep learning<\/em>. Conscient des d\u00e9ceptions pass\u00e9es qui ont marqu\u00e9 la recherche en intelligence artificielle, Yann LeCun reste prudent, parle de \u00ab <em>d\u00e9fi scientifique <\/em>\u00bb<em>, <\/em>et admet qu&rsquo; \u00ab <em>qu&rsquo;il y aura aussi beaucoup d&rsquo;obstacles que l&rsquo;on ne voit pas encore<\/em> \u00bb.<\/p>\n<p style=\"text-align: justify;\">Certains scientifiques pr\u00e9tendent que ce projet rel\u00e8ve plut\u00f4t du marketing, et qu&rsquo;il ne s&rsquo;agit pas de r\u00e9volution majeure dans le domaine. En cas de r\u00e9ussite future, probl\u00e9matique, reste \u00e0 \u00e9valuer les b\u00e9n\u00e9fices r\u00e9els pour l&rsquo;humanit\u00e9 (et pas seulement pour les g\u00e9ants de l&rsquo;Internet) d&rsquo;un projet qui vise \u00e0 marginaliser, voire \u00e9liminer la pr\u00e9sence humaine des circuits de l&rsquo;information. C&rsquo;est la question de la valeur d&rsquo;usage de l&rsquo;innovation qui se pose (aura-t-on vraiment envie de parler avec un robot\u00a0\u00ab intelligent\u00a0\u00bb ?), et qui implique fortement celle du d\u00e9sir de nous autres humains.<\/p>\n<p style=\"text-align: justify;\"><em>Sources : \u00ab\u00a0<a href=\"http:\/\/www.lemonde.fr\/economie\/article\/2015\/06\/02\/facebook-ouvre-un-laboratoire-d-intelligence-artificielle-a-paris_4645842_3234.html\" target=\"_blank\" rel=\"noopener noreferrer\">Facebook ouvre un laboratoire de recherches futuriste \u00e0 Paris<\/a>\u00a0\u00bb (David Larousserie), <\/em>Le Monde<em>, 4 juin 2015, \u00ab\u00a0\u00c9co &amp; Entreprise\u00a0\u00bb, p. 7 ;\u00a0 \u00ab\u00a0Yann LeCun, l&rsquo;intelligence en r\u00e9seaux\u00a0\u00bb (David Larousserie),<\/em> Le Monde<em>, 10 juin, 2015, \u00ab\u00a0Science et m\u00e9decine\u00a0\u00bb, p. 7 ; <\/em>\u00ab\u00a0<em><a href=\"http:\/\/www.lesechos.fr\/tech-medias\/hightech\/021105911289-facebook-ecrit-une-partie-du-futur-a-paris-1124547.php\" target=\"_blank\" rel=\"noopener noreferrer\">Intelligence<\/a><a href=\"http:\/\/www.lesechos.fr\/tech-medias\/hightech\/021105911289-facebook-ecrit-une-partie-du-futur-a-paris-1124547.php\" target=\"_blank\" rel=\"noopener noreferrer\"> artificielle : Facebook \u00e9crit une partie du futur \u00e0 Paris<\/a>\u00a0\u00bb (Nicolas Rauline), <\/em>Les \u00c9chos<em>, 2 juin, 2015 ; \u00ab\u00a0<a href=\"http:\/\/www.lesechos.fr\/enjeux\/les-plus-denjeux\/idees\/021108810079-paris-le-nouvel-ami-de-facebook-1124878.php\" target=\"_blank\" rel=\"noopener noreferrer\">Paris, le nouvel ami de Facebook<\/a>\u00a0\u00bb (Laurent Guez), <\/em>Les \u00c9chos<em>, 3 juin 2015 ; <a href=\"http:\/\/www.internetactu.net\/2014\/10\/02\/le-deep-learning-pour-tous\/\" target=\"_blank\" rel=\"noopener noreferrer\">internetactu.net\/2014\/10\/02\/le-deep-learning-pour-tous\/<\/a>(R\u00e9mi Sussan), site recommand\u00e9 ; <a href=\"http:\/\/www.lesechos.fr\/idees-debats\/sciences-prospective\/021137381594-yann-lecun-yann-lecun-lintelligence-artificielle-a-toujours-connu-des-hauts-et-des-bas-1128464.php\" target=\"_blank\" rel=\"noopener noreferrer\">Interview avec Yann LeCun<\/a> (Beno\u00eet Georges),\u00a0<\/em>Les \u00c9chos<em>, 15 juin 2015 (int\u00e9ressant). <\/em><\/p>\n<h2 style=\"text-align: justify;\"><span style=\"font-size: 12pt;\">Pour tout acheter, cliquez ici<\/span><\/h2>\n<p style=\"text-align: justify;\">Apr\u00e8s l&rsquo;e-commerce, le m-commerce. Encore relativement rares, les boutons \u00ab acheter \u00bb vont se g\u00e9n\u00e9raliser sur les applications mobiles. Google, Facebook, Twitter, Instagram et Pinterest vont mettre en place cette fonctionnalit\u00e9, en esp\u00e9rant un nouveau relais de croissance sur les smartphones et tablettes, et en s&rsquo;appuyant sur la demande insistante, soi-disant, des utilisateurs. <a href=\"http:\/\/www.mobilemag.com\/2015\/05\/28\/digi-capital-analytical-report-mobile-internet-industry-growth-mcommerce-2018\/\" target=\"_blank\" rel=\"noopener noreferrer\">Digi-Capital estime<\/a> que le montant du m-commerce dans le monde pourrait atteindre 516 milliards $ en 2017, et 850 milliards $ en 2018, alors que 150 millions d&rsquo;Am\u00e9ricains, d&rsquo;apr\u00e8s eMarketer, ont utilis\u00e9 leur mobile pour r\u00e9aliser un achat ou pour comparer les prix en 2014. L\u00e0 o\u00f9 le bat blesse, toujours d&rsquo;apr\u00e8s eMarketer,\u00a0 c&rsquo;est que le montant des d\u00e9penses publicitaires sur mobile en 2014 aux \u00c9tats-Unis se plafonne \u00e0 19,2 milliards $.<\/p>\n<p style=\"text-align: justify;\"><a href=\"http:\/\/industrie-culturelle.fr\/industrie-culturelle\/wp-content\/uploads\/2015\/06\/pin.png\"><img loading=\"lazy\" decoding=\"async\" class=\"alignleft size-thumbnail wp-image-18461\" src=\"http:\/\/industrie-culturelle.fr\/industrie-culturelle\/wp-content\/uploads\/2015\/06\/pin-150x150.png\" alt=\"pin\" width=\"150\" height=\"150\" srcset=\"https:\/\/industrie-culturelle.fr\/industrie-culturelle\/wp-content\/uploads\/2015\/06\/pin-150x150.png 150w, https:\/\/industrie-culturelle.fr\/industrie-culturelle\/wp-content\/uploads\/2015\/06\/pin-144x144.png 144w, https:\/\/industrie-culturelle.fr\/industrie-culturelle\/wp-content\/uploads\/2015\/06\/pin-36x36.png 36w, https:\/\/industrie-culturelle.fr\/industrie-culturelle\/wp-content\/uploads\/2015\/06\/pin-115x115.png 115w, https:\/\/industrie-culturelle.fr\/industrie-culturelle\/wp-content\/uploads\/2015\/06\/pin-32x32.png 32w, https:\/\/industrie-culturelle.fr\/industrie-culturelle\/wp-content\/uploads\/2015\/06\/pin-64x64.png 64w, https:\/\/industrie-culturelle.fr\/industrie-culturelle\/wp-content\/uploads\/2015\/06\/pin-96x96.png 96w, https:\/\/industrie-culturelle.fr\/industrie-culturelle\/wp-content\/uploads\/2015\/06\/pin-128x128.png 128w, https:\/\/industrie-culturelle.fr\/industrie-culturelle\/wp-content\/uploads\/2015\/06\/pin.png 225w\" sizes=\"auto, (max-width: 150px) 100vw, 150px\" \/><\/a>Le mod\u00e8le \u00e9conomique pour Google, Facebook et Twitter sera publicitaire. On esp\u00e8re inciter les distributeurs et les marques \u00e0 acheter davantage de <em>pins <\/em>sponsoris\u00e9s (avec bouton d&rsquo;achat int\u00e9gr\u00e9, image \u00e0 gauche) en promettant des retours sur investissement plus \u00e9lev\u00e9s. Les grandes entreprises du Web ne pr\u00e9l\u00e8veront aucune commission sur les achats r\u00e9alis\u00e9s, et visent d&rsquo;abord \u00e0 constituer un catalogue de millions de r\u00e9f\u00e9rences ; ce, afin de ne pas laisser le commerce mobile aux mains d&rsquo;Amazon par exemple. Les boutons \u00ab acheter \u00bb seront plus importants sur les supports mobiles, de plus en plus utilis\u00e9s pour les recherches en ligne et le suivi des r\u00e9seaux sociaux. Actuellement, le processus d&rsquo;achat est compliqu\u00e9, et implique la redirection sur des sites pas forc\u00e9ment adapt\u00e9s aux petits \u00e9crans, sans parler des probl\u00e8mes de s\u00e9curit\u00e9. Google peine encore \u00e0 convaincre les annonceurs \u00e0 payer autant sur mobile que sur support fixe pour \u00eatre affich\u00e9s en haut des r\u00e9sultats de recherche. Le prix moyen des publicit\u00e9s ne cesse de reculer (-13% sur les liens sponsoris\u00e9s au premier trimestre 2015) sur Google, qui compte sur le bouton \u00ab acheter \u00bb pour inverser cette tendance.<\/p>\n<p style=\"text-align: justify;\"><a href=\"http:\/\/industrie-culturelle.fr\/industrie-culturelle\/wp-content\/uploads\/2015\/06\/m-commerce1.jpg\"><img loading=\"lazy\" decoding=\"async\" class=\"alignright size-medium wp-image-18462\" src=\"http:\/\/industrie-culturelle.fr\/industrie-culturelle\/wp-content\/uploads\/2015\/06\/m-commerce1-300x143.jpg\" alt=\"m-commerce\" width=\"300\" height=\"143\" srcset=\"https:\/\/industrie-culturelle.fr\/industrie-culturelle\/wp-content\/uploads\/2015\/06\/m-commerce1-300x143.jpg 300w, https:\/\/industrie-culturelle.fr\/industrie-culturelle\/wp-content\/uploads\/2015\/06\/m-commerce1.jpg 325w\" sizes=\"auto, (max-width: 300px) 100vw, 300px\" \/><\/a>La r\u00e9ussite du bouton sur les r\u00e9seaux sociaux est incertaine, et les pr\u00e9c\u00e9dentes exp\u00e9riences en mati\u00e8re de commerce n&rsquo;y ont pas \u00e9t\u00e9 tr\u00e8s convaincantes, particuli\u00e8rement sur Facebook, qui n&rsquo;a pas \u00e9t\u00e9 con\u00e7u pour cela. Selon eMarketer, Pinterest, qui a d\u00e9voil\u00e9 le premier ses <em>pins <\/em>commerciaux le 2 juin, semble le mieux plac\u00e9, car ses utilisateurs s&rsquo;en servent d\u00e9j\u00e0 comme outil d&rsquo;achat, notamment dans les domaines de la d\u00e9coration int\u00e9rieure, et de l&rsquo;art de la table.<\/p>\n<p style=\"text-align: justify;\">La philosophie derri\u00e8re le m-commerce semble se fonder sur l&rsquo;id\u00e9e d&rsquo;un consommateur id\u00e9alement r\u00e9ceptif, dont la vie \u00e9veill\u00e9e hors travail est largement d\u00e9di\u00e9e aux achats (en un clic), et aux recherches orient\u00e9es vers de futurs achats. Il n&rsquo;est pas certain que cela corresponde \u00e0 une vraie demande sociale.<\/p>\n<p style=\"text-align: justify;\"><em>Source : \u00ab\u00a0Sur mobile, la guerre des boutons \u00ab\u00a0acheter\u00a0\u00bb\u00a0\u00bb (J\u00e9r\u00f4me Marin), <\/em>Le Monde<em>, \u00ab\u00a0\u00c9co &amp; Entreprise\u00a0\u00bb, 5 juin 2015, p. 7.<\/em><\/p>\n<p style=\"text-align: justify;\">Voir aussi <a href=\"http:\/\/industrie-culturelle.fr\/industrie-culturelle\/actualites-8-avril-2013\/\" target=\"_blank\" rel=\"noopener noreferrer\">Actualit\u00e9s #8<\/a>, avril 2013.<\/p>\n<h2 style=\"text-align: justify;\"><span style=\"font-size: 12pt;\">\u00ab Les technologies sont des concentr\u00e9s d&rsquo;id\u00e9ologies \u00bb<\/span><\/h2>\n<figure id=\"attachment_18030\" aria-describedby=\"caption-attachment-18030\" style=\"width: 262px\" class=\"wp-caption alignright\"><a href=\"http:\/\/industrie-culturelle.fr\/industrie-culturelle\/wp-content\/uploads\/2015\/06\/morozov2.jpg\"><img loading=\"lazy\" decoding=\"async\" class=\"wp-image-18030 size-full\" src=\"http:\/\/industrie-culturelle.fr\/industrie-culturelle\/wp-content\/uploads\/2015\/06\/morozov2.jpg\" alt=\"morozov2\" width=\"262\" height=\"192\" \/><\/a><figcaption id=\"caption-attachment-18030\" class=\"wp-caption-text\">E. Morozov<\/figcaption><\/figure>\n<p style=\"text-align: justify;\">\u00c9changer des donn\u00e9es personnelles sur votre activit\u00e9 physique contre une ristourne sur votre mutuelle ou votre prime d&rsquo;assurance-d\u00e9c\u00e8s : c&rsquo;est le nouveau type de contrats que les assureurs (Axa) commencent \u00e0 proposer en France. Les assureurs am\u00e9ricains vont d\u00e9j\u00e0 plus loin, et multiplient les bonus si le client accepte de porter un bracelet fourni permettant de mesurer ses pas quotidiens, ses calories consomm\u00e9es, sa qualit\u00e9 du sommeil, sa tension art\u00e9rielle, son taux de cholest\u00e9rol, sa consommation d&rsquo;alcool, et d&rsquo;autres param\u00e8tres. Et pourquoi pas, \u00e0 l&rsquo;avenir, la quantit\u00e9 et la qualit\u00e9 des rapports sexuels (y compris des auto-rapports) ? Dans le sillage des deux entr\u00e9es ci-dessus, et de <a href=\"http:\/\/industrie-culturelle.fr\/industrie-culturelle\/evgeny-morozov-critique-du-web-centrisme-et-du-solutionnisme-marion-lemonnier\/\" target=\"_blank\" rel=\"noopener noreferrer\">l&rsquo;article de Marion Lemonnier<\/a> le mois dernier, voici des extraits d&rsquo;une interview donn\u00e9e par Evgeny Morozov \u00e0 <em>Lib\u00e9ration <\/em>le 21 avril.<\/p>\n<p style=\"text-align: justify;\">\u00ab <em>Quand on parle de \u00ab\u00a0quantification de la vie\u00a0\u00bb, on doit avoir en t\u00eate qu&rsquo;un seul \u00e9l\u00e9ment du syst\u00e8me politique &#8211; le citoyen &#8211; est \u00ab\u00a0quantifi\u00e9\u00a0\u00bb. Il s&rsquo;agit d&rsquo;un type de politique qui s&rsquo;accommode plut\u00f4t bien du paradigme n\u00e9olib\u00e9ral et de ses d\u00e9bats infinis sur la responsabilisation de l&rsquo;individu. C&rsquo;est le genre de discours qui ignore les structures et les hi\u00e9rarchies du pouvoir [&#8230;] Cette alliance tactique entre les limitations \u00e9pist\u00e9miques du big data et les transformations politiques du n\u00e9olib\u00e9ralisme repr\u00e9sente l&rsquo;une des plus grandes menaces \u00e0 la d\u00e9mocratie aujourd&rsquo;hui.<\/em><\/p>\n<p style=\"text-align: justify;\">\u00ab <em>Je soutiens depuis toujours que les technologies sont des concentr\u00e9s d&rsquo;id\u00e9ologies politiques. Prenez n&rsquo;importe quel gadget de la Silicon Valley et vous verrez l&rsquo;ensemble des pr\u00e9somptions qu&rsquo;il contient sur le citoyen, le r\u00e9gime politique et plus largement sur la vie publique [&#8230;] N&rsquo;est-il pas \u00e9vident que sans changement radical, Google fournira dans dix ans des services bancaires, des syst\u00e8mes de sant\u00e9 et d&rsquo;\u00e9ducation ?<\/em><\/p>\n<p style=\"text-align: justify;\">\u00ab <em>On ne peut pas se permettre de d\u00e9l\u00e9guer les questions relevant de la technologie au seul march\u00e9, de les g\u00e9rer comme de simples consommateurs. Non, il faut traiter la technologie comme de la monnaie : c&rsquo;est l&rsquo;une des puissances centrales qui organise la vie moderne <\/em>\u00bb.<\/p>\n<p style=\"text-align: justify;\"><em>Source : \u00ab\u00a0<a href=\"http:\/\/ecrans.liberation.fr\/ecrans\/2015\/04\/20\/les-technologies-sont-des-concentres-d-ideologies_1254606\" target=\"_blank\" rel=\"noopener noreferrer\">Les technologies sont des concentr\u00e9s d&rsquo;id\u00e9ologies<\/a>\u00ab\u00a0<\/em> <em>(entretien complet)<\/em>, Lib\u00e9ration<em>, 21 avril 2015, p. 4-5.<\/em><\/p>\n<h2 style=\"text-align: justify;\"><span style=\"font-size: 12pt;\">La t\u00e9l\u00e9vision sur mobile se d\u00e9veloppe<\/span><\/h2>\n<figure id=\"attachment_18039\" aria-describedby=\"caption-attachment-18039\" style=\"width: 150px\" class=\"wp-caption alignleft\"><a href=\"http:\/\/industrie-culturelle.fr\/industrie-culturelle\/wp-content\/uploads\/2015\/06\/patino.jpg\"><img loading=\"lazy\" decoding=\"async\" class=\"size-thumbnail wp-image-18039\" src=\"http:\/\/industrie-culturelle.fr\/industrie-culturelle\/wp-content\/uploads\/2015\/06\/patino-150x150.jpg\" alt=\"Bruno Patino (1965-)\" width=\"150\" height=\"150\" srcset=\"https:\/\/industrie-culturelle.fr\/industrie-culturelle\/wp-content\/uploads\/2015\/06\/patino-150x150.jpg 150w, https:\/\/industrie-culturelle.fr\/industrie-culturelle\/wp-content\/uploads\/2015\/06\/patino-144x144.jpg 144w, https:\/\/industrie-culturelle.fr\/industrie-culturelle\/wp-content\/uploads\/2015\/06\/patino-36x36.jpg 36w, https:\/\/industrie-culturelle.fr\/industrie-culturelle\/wp-content\/uploads\/2015\/06\/patino-115x115.jpg 115w, https:\/\/industrie-culturelle.fr\/industrie-culturelle\/wp-content\/uploads\/2015\/06\/patino-32x32.jpg 32w, https:\/\/industrie-culturelle.fr\/industrie-culturelle\/wp-content\/uploads\/2015\/06\/patino-64x64.jpg 64w, https:\/\/industrie-culturelle.fr\/industrie-culturelle\/wp-content\/uploads\/2015\/06\/patino-96x96.jpg 96w, https:\/\/industrie-culturelle.fr\/industrie-culturelle\/wp-content\/uploads\/2015\/06\/patino-128x128.jpg 128w\" sizes=\"auto, (max-width: 150px) 100vw, 150px\" \/><\/a><figcaption id=\"caption-attachment-18039\" class=\"wp-caption-text\">Bruno Patino (1965-)<\/figcaption><\/figure>\n<p style=\"text-align: justify;\">En peu de temps, la t\u00e9l\u00e9vision sur mobile est devenue un enjeu majeur pour les cha\u00eenes. \u00ab <em>Jusqu&rsquo;\u00e0 pr\u00e9sent, les ordinateurs ou les tablettes \u00e9taient des outils suppl\u00e9tifs au t\u00e9l\u00e9viseur. Le smartphone bouscule tout \u00e7a. Il se substitue en partie \u00e0 la t\u00e9l\u00e9, car il change le rapport classique \u00e0 l&rsquo;\u00e9cran, en le rendant plus intime <\/em>\u00bb, estime Bruno Patino, directeur g\u00e9n\u00e9ral aux programmes, et aux d\u00e9veloppements num\u00e9riques de France T\u00e9l\u00e9visions. \u00ab <em>Certaines \u00e9tudes montrent que la baisse du temps pass\u00e9 devant la t\u00e9l\u00e9 au sortir de l&rsquo;adolescence est plus forte qu&rsquo;avant. Le retour devant le petit \u00e9cran se fait de fa\u00e7on plus lente au moment de l&rsquo;entr\u00e9e dans la vie active. Nous assistons au m\u00eame ph\u00e9nom\u00e8ne qu&rsquo;a connu la presse \u00e9crite il y a une quinzaine d&rsquo;ann\u00e9es. Les jeunes ont abandonn\u00e9 la lecture des journaux papier et n&rsquo;y sont pas revenus ensuite <\/em><em>\u00bb. <\/em>De son c\u00f4t\u00e9, Olivier Abecassis, directeur g\u00e9n\u00e9ral d&rsquo;e-TF1, temporise :<em> \u00ab Il n&rsquo;y a pas de chiffres qui d\u00e9montrent que nous vivons une \u00e9volution profonde <\/em>\u00bb.<\/p>\n<figure id=\"attachment_18391\" aria-describedby=\"caption-attachment-18391\" style=\"width: 96px\" class=\"wp-caption alignright\"><a href=\"http:\/\/industrie-culturelle.fr\/industrie-culturelle\/wp-content\/uploads\/2015\/06\/follin2.jpeg\"><img loading=\"lazy\" decoding=\"async\" class=\"size-full wp-image-18391\" src=\"http:\/\/industrie-culturelle.fr\/industrie-culturelle\/wp-content\/uploads\/2015\/06\/follin2.jpeg\" alt=\"Thomas Follin\" width=\"96\" height=\"120\" \/><\/a><figcaption id=\"caption-attachment-18391\" class=\"wp-caption-text\">Thomas Follin<\/figcaption><\/figure>\n<p style=\"text-align: justify;\">En fait, les indices sont d\u00e9j\u00e0 assez \u00e9loquents en ce qui concerne les cha\u00eenes visant prioritairement un public jeune. Comme l&rsquo;indique Thomas Follin, directeur g\u00e9n\u00e9ral de M6 Web depuis 2014 : \u00ab <em>20% de la consommation des cha\u00eenes du groupe se fait sur mobile et pour W9, qui s&rsquo;adresse \u00e0 un public plus jeune, cette part grimpe \u00e0 30%. Ce mode de visionnage conna\u00eet clairement une forte croissance&#8230; On constate clairement que la t\u00e9l\u00e9-r\u00e9alit\u00e9 et l&rsquo;humour r\u00e9alisent, sur mobile, de bien meilleures performances que d&rsquo;autres genres <\/em>\u00bb.<\/p>\n<p style=\"text-align: justify;\">Chose surprenante, l&rsquo;utilisation du mobile pour regarder la t\u00e9l\u00e9vision se fait essentiellement \u00e0 la maison. Le smartphone est plut\u00f4t utilis\u00e9 pour regarder des formats courts, ou des extraits d&rsquo;\u00e9missions (<em>Sc\u00e8nes de m\u00e9nage<\/em>, <em>Secret Story, Les Ch&#8217;tis, Soda<\/em>&#8230;). Les cha\u00eenes s&rsquo;adaptent \u00e0 ce nouveau mode de consommation en proposant des s\u00e9lections de gaffes, de b\u00eatises et de prises de bec extraites des \u00e9missions de plateau. D17 vient de lancer une application avec du contenu suppl\u00e9mentaire sur t\u00e9l\u00e9phone lorsqu&rsquo;on regarde la cha\u00eene. France T\u00e9l\u00e9visions vient de lancer l&rsquo;application Zoom destin\u00e9e aux iPhones qui permet de composer sa \u00ab cha\u00eene id\u00e9ale \u00bb des \u00e9missions du service public, \u00e0 partir de ses centres d&rsquo;int\u00e9r\u00eat. Symptomatiquement, on ne parle pas de s\u00e9ries, format tr\u00e8s populaire chez les jeunes. Il n&rsquo;est pas certain qu&rsquo;on ait envie de regarder <em>Game of Thrones<\/em> sur un appareil mobile.<\/p>\n<p style=\"text-align: justify;\"><em>Source : \u00ab\u00a0<a href=\"http:\/\/www.lemonde.fr\/televisions-radio\/article\/2015\/06\/06\/la-television-sur-mobile-se-developpe_4648859_1655027.html\" target=\"_blank\" rel=\"noopener noreferrer\">La t\u00e9l\u00e9vision sur mobile se d\u00e9veloppe<\/a>\u00a0\u00bb (Jo\u00ebl Morio), <\/em>Le Monde<em>, 7-8 juin 2015, p. 18.<\/em><\/p>\n<h2 style=\"text-align: justify;\"><span style=\"font-size: 12pt;\">Le streaming musical doit devenir payant, et la bataille s&rsquo;annonce acharn\u00e9e<br \/>\n<\/span><\/h2>\n<figure id=\"attachment_18278\" aria-describedby=\"caption-attachment-18278\" style=\"width: 150px\" class=\"wp-caption alignleft\"><a href=\"http:\/\/industrie-culturelle.fr\/industrie-culturelle\/wp-content\/uploads\/2015\/06\/dhueppe.jpeg\"><img loading=\"lazy\" decoding=\"async\" class=\"size-thumbnail wp-image-18278\" src=\"http:\/\/industrie-culturelle.fr\/industrie-culturelle\/wp-content\/uploads\/2015\/06\/dhueppe-150x150.jpeg\" alt=\"Nicolas d'Hueppe\" width=\"150\" height=\"150\" srcset=\"https:\/\/industrie-culturelle.fr\/industrie-culturelle\/wp-content\/uploads\/2015\/06\/dhueppe-150x150.jpeg 150w, https:\/\/industrie-culturelle.fr\/industrie-culturelle\/wp-content\/uploads\/2015\/06\/dhueppe-144x144.jpeg 144w, https:\/\/industrie-culturelle.fr\/industrie-culturelle\/wp-content\/uploads\/2015\/06\/dhueppe-36x36.jpeg 36w, https:\/\/industrie-culturelle.fr\/industrie-culturelle\/wp-content\/uploads\/2015\/06\/dhueppe-115x115.jpeg 115w, https:\/\/industrie-culturelle.fr\/industrie-culturelle\/wp-content\/uploads\/2015\/06\/dhueppe-32x32.jpeg 32w, https:\/\/industrie-culturelle.fr\/industrie-culturelle\/wp-content\/uploads\/2015\/06\/dhueppe-64x64.jpeg 64w, https:\/\/industrie-culturelle.fr\/industrie-culturelle\/wp-content\/uploads\/2015\/06\/dhueppe-96x96.jpeg 96w, https:\/\/industrie-culturelle.fr\/industrie-culturelle\/wp-content\/uploads\/2015\/06\/dhueppe-128x128.jpeg 128w, https:\/\/industrie-culturelle.fr\/industrie-culturelle\/wp-content\/uploads\/2015\/06\/dhueppe.jpeg 160w\" sizes=\"auto, (max-width: 150px) 100vw, 150px\" \/><\/a><figcaption id=\"caption-attachment-18278\" class=\"wp-caption-text\">Nicolas d&rsquo;Hueppe<\/figcaption><\/figure>\n<p style=\"text-align: justify;\">\u00ab <em>La messe est dite. La qualit\u00e9 des r\u00e9seaux et des terminaux fait que l&rsquo;amateur de musique n&rsquo;a plus int\u00e9r\u00eat \u00e0 t\u00e9l\u00e9charger. Le consommateur d\u00e9laisse le mod\u00e8le de la possession de la musique, car il comprend et accepte le mod\u00e8le de l&rsquo;abonnement comme un droit d&rsquo;acc\u00e8s <\/em>\u00bb<em>, <\/em>dit Nicolas d&rsquo;Hueppe, pr\u00e9sident d&rsquo;Hitster (<a href=\"http:\/\/frenchweb.fr\/cellfish-media-specialiste-creation-monetisation-audiences-digitales\/14219\" target=\"_blank\" rel=\"noopener noreferrer\">Cellfish Europe<\/a>), application pour un service de streaming musical <em>low cost<\/em><em>. <\/em><\/p>\n<p style=\"text-align: justify;\"><a href=\"http:\/\/fr.wikipedia.org\/wiki\/Spotify\" target=\"_blank\" rel=\"noopener noreferrer\">Spotify<\/a>, le num\u00e9ro un mondial de l&rsquo;\u00e9coute de musique en ligne (1,082 milliard $ en chiffre d&rsquo;affaires), n&rsquo;a toujours pas d\u00e9gag\u00e9 de b\u00e9n\u00e9fice depuis sa cr\u00e9ation en Su\u00e8de en 2006. Son d\u00e9veloppement projet\u00e9 dans la vid\u00e9o le mettrait en concurrence directe avec YouTube. Bien qu&rsquo;ayant tripl\u00e9 ses pertes en 2014, Spotify continue \u00e0 investir lourdement pour son expansion (la perte nette en 2014 est mont\u00e9e \u00e0 162,3 millions \u20ac contre 55,9 millions \u20ac en 2013). Aujourd&rsquo;hui, Spotify revendique 60 millions d&rsquo;utilisateurs dans 58 pays, dont 15 millions payants ; il figure parmi les start-ups non cot\u00e9es les plus valoris\u00e9es au monde (8,4 milliards $ selon le <em>Wall Street Journal<\/em>).<\/p>\n<figure id=\"attachment_18161\" aria-describedby=\"caption-attachment-18161\" style=\"width: 150px\" class=\"wp-caption alignright\"><a href=\"http:\/\/industrie-culturelle.fr\/industrie-culturelle\/wp-content\/uploads\/2015\/06\/bourdoiseau.jpeg\"><img loading=\"lazy\" decoding=\"async\" class=\"size-thumbnail wp-image-18161\" src=\"http:\/\/industrie-culturelle.fr\/industrie-culturelle\/wp-content\/uploads\/2015\/06\/bourdoiseau-150x150.jpeg\" alt=\"Stephan Bourdoiseau\" width=\"150\" height=\"150\" srcset=\"https:\/\/industrie-culturelle.fr\/industrie-culturelle\/wp-content\/uploads\/2015\/06\/bourdoiseau-150x150.jpeg 150w, https:\/\/industrie-culturelle.fr\/industrie-culturelle\/wp-content\/uploads\/2015\/06\/bourdoiseau-144x144.jpeg 144w, https:\/\/industrie-culturelle.fr\/industrie-culturelle\/wp-content\/uploads\/2015\/06\/bourdoiseau-36x36.jpeg 36w, https:\/\/industrie-culturelle.fr\/industrie-culturelle\/wp-content\/uploads\/2015\/06\/bourdoiseau-115x115.jpeg 115w, https:\/\/industrie-culturelle.fr\/industrie-culturelle\/wp-content\/uploads\/2015\/06\/bourdoiseau-32x32.jpeg 32w, https:\/\/industrie-culturelle.fr\/industrie-culturelle\/wp-content\/uploads\/2015\/06\/bourdoiseau-64x64.jpeg 64w, https:\/\/industrie-culturelle.fr\/industrie-culturelle\/wp-content\/uploads\/2015\/06\/bourdoiseau-96x96.jpeg 96w, https:\/\/industrie-culturelle.fr\/industrie-culturelle\/wp-content\/uploads\/2015\/06\/bourdoiseau-128x128.jpeg 128w\" sizes=\"auto, (max-width: 150px) 100vw, 150px\" \/><\/a><figcaption id=\"caption-attachment-18161\" class=\"wp-caption-text\">Stephan Bourdoiseau<\/figcaption><\/figure>\n<p style=\"text-align: justify;\">Le principe d&rsquo;abonnement \u00e0 une plateforme musicale s&rsquo;est avanc\u00e9 l&rsquo;an dernier avec 2,3 millions d&rsquo;abonn\u00e9s \u00e0 <a href=\"http:\/\/fr.wikipedia.org\/wiki\/Deezer\" target=\"_blank\" rel=\"noopener noreferrer\">Deezer<\/a> (16 millions d&rsquo;utilisateurs) qui, comme Spotify et d&rsquo;autres, reversent la majeure partie de leurs recettes aux producteurs. \u00ab <em>Entre 70 et 75%, ce qui nous emp\u00eache d\u00e9j\u00e0 de financer notre d\u00e9veloppement comme on le souhaiterait. Nous n&rsquo;avons pas autant de leviers de n\u00e9gociation aupr\u00e8s des<\/em> <em>producteurs que les vendeurs physiques<\/em> \u00bb, dit Ludovic Pouilly, directeur chez Deezer. Mais cela n&#8217;emp\u00eache pas que les artistes s&rsquo;estiment avec raison \u00eatre insuffisamment r\u00e9mun\u00e9r\u00e9s (100 \u00e9coutes en ligne \u00e9quivalent \u00e0 la vente d&rsquo;un single, et 1000 \u00e0 la vente d&rsquo;un album). Le streaming gratuit, encore tr\u00e8s majoritaire, rapporte bien moins d&rsquo;argent que sa version payante. Explique Stephan Bourdoiseau, patron de Wagram Music, premi\u00e8re maison de disques ind\u00e9pendante en France : \u00ab <em>Tout le pari actuel est de se servir du gratuit pour d\u00e9velopper ce nouvel usage de la musique, et de faire ensuite migrer les 11 millions de streamers fran\u00e7ais vers le mod\u00e8le payant <\/em>\u00bb.<\/p>\n<p style=\"text-align: justify;\">Le 30 juin, Apple a lanc\u00e9 son propre service de streaming disponible dans 100 pays sous forme d&rsquo;une application pour les produits maison (iPhone, iPad, Mac), et ensuite sur les terminaux Android (Google), alors qu&rsquo;il est leader dans le t\u00e9l\u00e9chargement, gr\u00e2ce \u00e0 iTunes. Cela constitue clairement un aveu d&rsquo;\u00e9chec de la strat\u00e9gie pass\u00e9e. Alors que Spotify et Deezer offrent des \u00e9coutes gratuites moyennant la diffusion de publicit\u00e9s entre les titres, le service d&rsquo;Apple sera uniquement payant (\u00e9coute illimit\u00e9e contre 10 \u20ac par mois). Au niveau mondial, le num\u00e9rique a g\u00e9n\u00e9r\u00e9 autant de revenus en 2014 (6,9 milliards $, selon le Digital Musical Report publi\u00e9 par l&rsquo;IFPI en avril) que les ventes physiques, qui n&rsquo;en finissent pas de chuter (-11,2% en 2014 en France, o\u00f9 les ventes physiques dominent encore (71%)).<\/p>\n<figure id=\"attachment_18188\" aria-describedby=\"caption-attachment-18188\" style=\"width: 150px\" class=\"wp-caption alignright\"><a href=\"http:\/\/industrie-culturelle.fr\/industrie-culturelle\/wp-content\/uploads\/2015\/06\/lowe.jpeg\"><img loading=\"lazy\" decoding=\"async\" class=\"size-thumbnail wp-image-18188\" src=\"http:\/\/industrie-culturelle.fr\/industrie-culturelle\/wp-content\/uploads\/2015\/06\/lowe-150x150.jpeg\" alt=\"Zane Lowe (1973-)\" width=\"150\" height=\"150\" srcset=\"https:\/\/industrie-culturelle.fr\/industrie-culturelle\/wp-content\/uploads\/2015\/06\/lowe-150x150.jpeg 150w, https:\/\/industrie-culturelle.fr\/industrie-culturelle\/wp-content\/uploads\/2015\/06\/lowe-144x144.jpeg 144w, https:\/\/industrie-culturelle.fr\/industrie-culturelle\/wp-content\/uploads\/2015\/06\/lowe-36x36.jpeg 36w, https:\/\/industrie-culturelle.fr\/industrie-culturelle\/wp-content\/uploads\/2015\/06\/lowe-115x115.jpeg 115w, https:\/\/industrie-culturelle.fr\/industrie-culturelle\/wp-content\/uploads\/2015\/06\/lowe-32x32.jpeg 32w, https:\/\/industrie-culturelle.fr\/industrie-culturelle\/wp-content\/uploads\/2015\/06\/lowe-64x64.jpeg 64w, https:\/\/industrie-culturelle.fr\/industrie-culturelle\/wp-content\/uploads\/2015\/06\/lowe-96x96.jpeg 96w, https:\/\/industrie-culturelle.fr\/industrie-culturelle\/wp-content\/uploads\/2015\/06\/lowe-128x128.jpeg 128w\" sizes=\"auto, (max-width: 150px) 100vw, 150px\" \/><\/a><figcaption id=\"caption-attachment-18188\" class=\"wp-caption-text\">Zane Lowe (1973-)<\/figcaption><\/figure> <figure id=\"attachment_18438\" aria-describedby=\"caption-attachment-18438\" style=\"width: 150px\" class=\"wp-caption alignleft\"><a href=\"http:\/\/industrie-culturelle.fr\/industrie-culturelle\/wp-content\/uploads\/2015\/06\/rap-veber1.jpeg\"><img loading=\"lazy\" decoding=\"async\" class=\"size-thumbnail wp-image-18438\" src=\"http:\/\/industrie-culturelle.fr\/industrie-culturelle\/wp-content\/uploads\/2015\/06\/rap-veber1-150x150.jpeg\" alt=\"C\u00e9cile Rap-Weber\" width=\"150\" height=\"150\" srcset=\"https:\/\/industrie-culturelle.fr\/industrie-culturelle\/wp-content\/uploads\/2015\/06\/rap-veber1-150x150.jpeg 150w, https:\/\/industrie-culturelle.fr\/industrie-culturelle\/wp-content\/uploads\/2015\/06\/rap-veber1-144x144.jpeg 144w, https:\/\/industrie-culturelle.fr\/industrie-culturelle\/wp-content\/uploads\/2015\/06\/rap-veber1-36x36.jpeg 36w, https:\/\/industrie-culturelle.fr\/industrie-culturelle\/wp-content\/uploads\/2015\/06\/rap-veber1-115x115.jpeg 115w, https:\/\/industrie-culturelle.fr\/industrie-culturelle\/wp-content\/uploads\/2015\/06\/rap-veber1-32x32.jpeg 32w, https:\/\/industrie-culturelle.fr\/industrie-culturelle\/wp-content\/uploads\/2015\/06\/rap-veber1-64x64.jpeg 64w, https:\/\/industrie-culturelle.fr\/industrie-culturelle\/wp-content\/uploads\/2015\/06\/rap-veber1-96x96.jpeg 96w, https:\/\/industrie-culturelle.fr\/industrie-culturelle\/wp-content\/uploads\/2015\/06\/rap-veber1-128x128.jpeg 128w\" sizes=\"auto, (max-width: 150px) 100vw, 150px\" \/><\/a><figcaption id=\"caption-attachment-18438\" class=\"wp-caption-text\">C\u00e9cile Rap-Veber<\/figcaption><\/figure>\n<p style=\"text-align: justify;\">Le streaming payant au niveau mondial (+39% \u00e0 1,6 milliard $) tire la croissance de ces revenus, alors que le t\u00e9l\u00e9chargement recule de 8% \u00e0 3,6 milliards $. Les producteurs comptent sur Apple pour booster le mod\u00e8le d&rsquo;abonnement payant dans un march\u00e9 qui reste fragile, et o\u00f9 les revenus sont encore limit\u00e9s. Selon C\u00e9cile Rap-Veber, directrice des licences et collectes \u00e0 la Sacem : \u00ab <em>Il faut que l&rsquo;offre gratuite soit d\u00e9grad\u00e9e par rapport \u00e0 l&rsquo;offre payante. En misant sur le seul mod\u00e8le payant, Apple va faire bouger les lignes<\/em> \u00bb. Apple a aussi lanc\u00e9 une webradio appel\u00e9e Beats 1 (accessible gratuitement), anim\u00e9e par l&rsquo;homme le plus <em>cool <\/em>au monde, le pr\u00e9sentateur vedette n\u00e9oz\u00e9landais <a href=\"https:\/\/en.wikipedia.org\/wiki\/Zane_Lowe\" target=\"_blank\" rel=\"noopener noreferrer\">Zane Lowe<\/a>, d\u00e9bauch\u00e9 de BBC Radio 1, o\u00f9 il a acquis une r\u00e9putation de cr\u00e9ateur de tendances. Cyniquement, Yves Riesel, fondateur du service de streaming fran\u00e7ais Qobuz, estime : \u00ab <em>le v\u00e9ritable atout d&rsquo;Apple, ce sont les centaines de millions de cartes bancaires d\u00e9j\u00e0 enregistr\u00e9es sur leurs serveurs <\/em>\u00bb.<\/p>\n<figure id=\"attachment_18540\" aria-describedby=\"caption-attachment-18540\" style=\"width: 150px\" class=\"wp-caption alignleft\"><a href=\"http:\/\/industrie-culturelle.fr\/industrie-culturelle\/wp-content\/uploads\/2015\/06\/swift.jpeg\"><img loading=\"lazy\" decoding=\"async\" class=\"size-thumbnail wp-image-18540\" src=\"http:\/\/industrie-culturelle.fr\/industrie-culturelle\/wp-content\/uploads\/2015\/06\/swift-150x150.jpeg\" alt=\"Taylor Swift (1989-)\" width=\"150\" height=\"150\" srcset=\"https:\/\/industrie-culturelle.fr\/industrie-culturelle\/wp-content\/uploads\/2015\/06\/swift-150x150.jpeg 150w, https:\/\/industrie-culturelle.fr\/industrie-culturelle\/wp-content\/uploads\/2015\/06\/swift-144x144.jpeg 144w, https:\/\/industrie-culturelle.fr\/industrie-culturelle\/wp-content\/uploads\/2015\/06\/swift-36x36.jpeg 36w, https:\/\/industrie-culturelle.fr\/industrie-culturelle\/wp-content\/uploads\/2015\/06\/swift-115x115.jpeg 115w, https:\/\/industrie-culturelle.fr\/industrie-culturelle\/wp-content\/uploads\/2015\/06\/swift-32x32.jpeg 32w, https:\/\/industrie-culturelle.fr\/industrie-culturelle\/wp-content\/uploads\/2015\/06\/swift-64x64.jpeg 64w, https:\/\/industrie-culturelle.fr\/industrie-culturelle\/wp-content\/uploads\/2015\/06\/swift-96x96.jpeg 96w, https:\/\/industrie-culturelle.fr\/industrie-culturelle\/wp-content\/uploads\/2015\/06\/swift-128x128.jpeg 128w\" sizes=\"auto, (max-width: 150px) 100vw, 150px\" \/><\/a><figcaption id=\"caption-attachment-18540\" class=\"wp-caption-text\">Taylor Swift (1989-)<\/figcaption><\/figure>\n<p style=\"text-align: justify;\">En r\u00e9ponse aux critiques s\u00e9par\u00e9es de la chanteuse Taylor Swift, et des labels ind\u00e9pendants, Apple Music a retir\u00e9 avant le lancement une clause, soi-disant dans l&rsquo;int\u00e9r\u00eat de tous et accept\u00e9e par les trois majors (Universal, Sony, Warner), pr\u00e9voyant qu&rsquo;aucune commission ne serait renvers\u00e9e aux artistes, aux compositeurs, et aux maisons de disques pendant la p\u00e9riode d&rsquo;essai de trois mois offerte \u00e0 tous les nouveaux utilisateurs. La volte-face de l&rsquo;entreprise, qui ne coutera \u00ab que \u00bb quelques dizaines de millions de dollars, \u00e9tait avant tout pragmatique : \u00ab <em>L<\/em><em>a question n&rsquo;est pas assez strat\u00e9gique pour justifier un conflit avec une artiste aussi populaire \u00e0 une semaine du lancement. Le groupe n&rsquo;avait pas anticip\u00e9 ces r\u00e9ponses n\u00e9gatives <\/em>\u00bb, estime Russ Crupnik, directeur du cabinet MusicWatch. Quant aux labels ind\u00e9pendants, leur coop\u00e9ration est essentielle, moins en termes de revenus que pour la profondeur du catalogue.<\/p>\n<p style=\"text-align: justify;\">\u00c0 terme, selon Associated Press, Apple viserait 100 millions d&rsquo;abonn\u00e9s, et un chiffre d&rsquo;affaires mensuel d&rsquo;un milliard de dollars. En 2020, le march\u00e9 du streaming musical payant pourrait atteindre 16,42 milliards $ de revenus, selon le fonds am\u00e9ricain P. Schoenfeld Asset Management, et repr\u00e9senter 50 \u00e0 70% des revenus du secteur. Il n&rsquo;est pas clair combien des acteurs actuels sur le march\u00e9, chacun avec sa strat\u00e9gie d&rsquo;offre et de prix, pourraient survivre : en plus d&rsquo;Apple, de Spotify et de Deezer, on compte Tidal (lanc\u00e9 par Jay-Z, qualit\u00e9 sonore, 20$ par mois), YouTube Music Key (2015, 10$ par mois, limit\u00e9 aux \u00c9tats-Unis), Microsoft Xbox (2014), Qobuz (depuis 2007, fran\u00e7ais, qualit\u00e9 sonore), <a href=\"http:\/\/fr.wikipedia.org\/wiki\/Pandora_%28webradio%29\" target=\"_blank\" rel=\"noopener noreferrer\">Pandora<\/a> (depuis 2000, \u00ab webradio intelligente \u00bb), Hitster (2014, playlist, 2$ par mois). La bataille s&rsquo;annonce acharn\u00e9e.<\/p>\n<p style=\"text-align: justify;\">Une cons\u00e9quence de la croissance du march\u00e9 num\u00e9rique, et l&rsquo;effondrement non compens\u00e9 du march\u00e9 du disque pourrait \u00eatre l&rsquo;\u00e9limination des producteurs et des entrepreneurs sp\u00e9cialis\u00e9s. Face aux contraintes \u00e9conomiques, de plus en plus d&rsquo;artistes produisent leurs albums eux-m\u00eames, se contentant d&rsquo;un contrat de licence avec une maison de disques pour la promotion et la distribution, organisent leurs spectacles, et g\u00e8rent leurs droits d&rsquo;\u00e9dition, devenant du coup des (auto-) entrepreneurs et, en cas de r\u00e9ussite, des chefs d&rsquo;entreprise comme Jay-Z.<\/p>\n<p style=\"text-align: justify;\"><em>Sources : \u00ab\u00a0<a href=\"http:\/\/www.liberation.fr\/economie\/2015\/06\/07\/en-quete-d-i-thunes_1324895\" target=\"_blank\" rel=\"noopener noreferrer\">En qu\u00eate d&rsquo;i-thunes<\/a>\u00a0\u00bb (Christophe Alix), <\/em>Lib\u00e9ration<em>, 8 juin 2015, p. 26-7 ; \u00ab\u00a0Musique en streaming : Deezer ne craint pas l&rsquo;arriv\u00e9e d&rsquo;Apple\u00a0\u00bb (Alain Beuve-M\u00e9ry), <\/em>Le Monde<em>, 7-8 juin 2015, p. 7 ; \u00ab\u00a0<a href=\"http:\/\/www.lesechos.fr\/tech-medias\/medias\/02152269855-apple-spotify-cette-bataille-qui-sannonce-dans-le-streaming-1117337.php\" target=\"_blank\" rel=\"noopener noreferrer\">Apple-Spotify : cette bataille qui s&rsquo;annonce dans le streaming<\/a>\u00a0\u00bb (Nicolas Richaud), <\/em>Les \u00c9chos<em>, 6 juin 2015 ; \u00ab\u00a0<a href=\"http:\/\/www.lesechos.fr\/tech-medias\/medias\/02157686588-spotify-triple-ses-pertes-et-veut-se-lancer-dans-la-video-1117827.php\" target=\"_blank\" rel=\"noopener noreferrer\">Spotify triple ses pertes et veut se lancer dans la vid\u00e9o<\/a>\u00ab\u00a0, <\/em>Les \u00c9chos<em>, 8 juin 2015 ; \u00ab\u00a0<a href=\"http:\/\/www.lesechos.fr\/journal20150506\/lec2_high_tech_et_medias\/02150213215-la-future-manne-du-streaming-reveille-les-vieilles-querelles-du-monde-de-la-musique-1117152.php\" target=\"_blank\" rel=\"noopener noreferrer\">La future manne du streaming r\u00e9veille les vieilles querelles du monde de la m<\/a><a href=\"http:\/\/www.lesechos.fr\/journal20150506\/lec2_high_tech_et_medias\/02150213215-la-future-manne-du-streaming-reveille-les-vieilles-querelles-du-monde-de-la-musique-1117152.php\" target=\"_blank\" rel=\"noopener noreferrer\">usique<\/a><\/em>\u00a0\u00bb (Julien Dupont-Calbo), Les \u00c9chos<em>, 5 juin 2015 ; \u00ab\u00a0<a href=\"http:\/\/www.lemonde.fr\/economie\/article\/2015\/06\/08\/apple-debarque-sur-un-marche-du-streaming-tres-fragmente_4649818_3234.html\" target=\"_blank\" rel=\"noopener noreferrer\">Apple se lance dans le march\u00e9 du streaming<\/a>\u00a0\u00bb (Sarah Belouezzane et Anne Eveno), <\/em>Le Monde<em>, 10 juin, 2015, \u00ab\u00a0\u00c9co et Entreprise\u00a0\u00bb, p. 8 ;\u00a0 \u00ab\u00a0<a href=\"http:\/\/siliconvalley.blog.lemonde.fr\/2015\/06\/22\/taylor-swift-fait-plier-apple-sur-le-streaming-musical\/\" target=\"_blank\" rel=\"noopener noreferrer\">Les artistes s&rsquo;invitent dans la bataille du streaming<\/a>\u00ab\u00a0, <\/em>Le Monde<em>, 23 juin 2015, \u00ab\u00a0\u00c9co et Entreprise\u00a0\u00bb, p. 7.<br \/>\n<\/em><\/p>\n<p style=\"text-align: justify;\">Voir aussi <a href=\"http:\/\/industrie-culturelle.fr\/industrie-culturelle\/actualites-des-industries-culturelles-et-numeriques-18-mars-2014\/\" target=\"_blank\" rel=\"noopener noreferrer\">Actualit\u00e9s #18<\/a>, mars 2014, <a href=\"http:\/\/industrie-culturelle.fr\/industrie-culturelle\/actualites-des-industries-culturelles-et-numeriques-19-avril-2014\/\" target=\"_blank\" rel=\"noopener noreferrer\">Actualit\u00e9s #19<\/a>, avril 2014, et <a href=\"http:\/\/industrie-culturelle.fr\/industrie-culturelle\/actualites-des-industries-culturelles-et-numeriques-27-janvier-2015\/\" target=\"_blank\" rel=\"noopener noreferrer\">Actualit\u00e9s #27<\/a>, janvier 2015.<\/p>\n<h2 style=\"text-align: justify;\"><span style=\"font-size: 12pt;\">\u00ab Jurassic World \u00bb<\/span><\/h2>\n<p style=\"text-align: justify;\"><em><a href=\"http:\/\/industrie-culturelle.fr\/industrie-culturelle\/wp-content\/uploads\/2015\/06\/jurrassic-world.jpeg\"><img loading=\"lazy\" decoding=\"async\" class=\"alignleft size-thumbnail wp-image-18408\" src=\"http:\/\/industrie-culturelle.fr\/industrie-culturelle\/wp-content\/uploads\/2015\/06\/jurrassic-world-150x150.jpeg\" alt=\"jurrassic world\" width=\"150\" height=\"150\" srcset=\"https:\/\/industrie-culturelle.fr\/industrie-culturelle\/wp-content\/uploads\/2015\/06\/jurrassic-world-150x150.jpeg 150w, https:\/\/industrie-culturelle.fr\/industrie-culturelle\/wp-content\/uploads\/2015\/06\/jurrassic-world-144x144.jpeg 144w, https:\/\/industrie-culturelle.fr\/industrie-culturelle\/wp-content\/uploads\/2015\/06\/jurrassic-world-36x36.jpeg 36w, https:\/\/industrie-culturelle.fr\/industrie-culturelle\/wp-content\/uploads\/2015\/06\/jurrassic-world-115x115.jpeg 115w, https:\/\/industrie-culturelle.fr\/industrie-culturelle\/wp-content\/uploads\/2015\/06\/jurrassic-world-32x32.jpeg 32w, https:\/\/industrie-culturelle.fr\/industrie-culturelle\/wp-content\/uploads\/2015\/06\/jurrassic-world-64x64.jpeg 64w, https:\/\/industrie-culturelle.fr\/industrie-culturelle\/wp-content\/uploads\/2015\/06\/jurrassic-world-96x96.jpeg 96w, https:\/\/industrie-culturelle.fr\/industrie-culturelle\/wp-content\/uploads\/2015\/06\/jurrassic-world-128x128.jpeg 128w\" sizes=\"auto, (max-width: 150px) 100vw, 150px\" \/><\/a>Jurassic World<\/em>, sorti dans le monde entier entre le 10 et le 12 juin, est devenu le premier film \u00e0 passer la barre de 500 millions $ de recettes lors de son premier week-end d&rsquo;exploitation (511,8 millions $ : 204,6 millions $ en Am\u00e9rique du Nord, et 307,2 millions $ dans le reste du monde). Apr\u00e8s deux semaines, il a d\u00e9pass\u00e9 1 milliard $, et le record \u00e9tabli par <em>Avatar <\/em>(2,7 milliards $) est en ligne de mire.<\/p>\n<p style=\"text-align: justify;\"><a href=\"http:\/\/industrie-culturelle.fr\/industrie-culturelle\/wp-content\/uploads\/2015\/06\/jurassic1.jpeg\"><img loading=\"lazy\" decoding=\"async\" class=\"alignright size-thumbnail wp-image-18559\" src=\"http:\/\/industrie-culturelle.fr\/industrie-culturelle\/wp-content\/uploads\/2015\/06\/jurassic1-150x150.jpeg\" alt=\"jurassic1\" width=\"150\" height=\"150\" srcset=\"https:\/\/industrie-culturelle.fr\/industrie-culturelle\/wp-content\/uploads\/2015\/06\/jurassic1-150x150.jpeg 150w, https:\/\/industrie-culturelle.fr\/industrie-culturelle\/wp-content\/uploads\/2015\/06\/jurassic1-144x144.jpeg 144w, https:\/\/industrie-culturelle.fr\/industrie-culturelle\/wp-content\/uploads\/2015\/06\/jurassic1-36x36.jpeg 36w, https:\/\/industrie-culturelle.fr\/industrie-culturelle\/wp-content\/uploads\/2015\/06\/jurassic1-115x115.jpeg 115w, https:\/\/industrie-culturelle.fr\/industrie-culturelle\/wp-content\/uploads\/2015\/06\/jurassic1-32x32.jpeg 32w, https:\/\/industrie-culturelle.fr\/industrie-culturelle\/wp-content\/uploads\/2015\/06\/jurassic1-64x64.jpeg 64w, https:\/\/industrie-culturelle.fr\/industrie-culturelle\/wp-content\/uploads\/2015\/06\/jurassic1-96x96.jpeg 96w, https:\/\/industrie-culturelle.fr\/industrie-culturelle\/wp-content\/uploads\/2015\/06\/jurassic1-128x128.jpeg 128w\" sizes=\"auto, (max-width: 150px) 100vw, 150px\" \/><\/a>Le co\u00fbt de production est estim\u00e9 \u00e0 150 millions $ (relativement modeste par rapport aux 280 millions $ d\u00e9pens\u00e9s sur <em>The Avengers : Age of Ultron<\/em>, qui a moins cartonn\u00e9 au box-office) ; les frais de marketing s&rsquo;\u00e9l\u00e8vent aussi \u00e0 150 millions $. Universal, \u00e0 la fois producteur et distributeur, a confi\u00e9 la r\u00e9alisation \u00e0 <a href=\"https:\/\/fr.wikipedia.org\/wiki\/Colin_Trevorrow\" target=\"_blank\" rel=\"noopener noreferrer\">Colin Trevorrow<\/a> (1976-), qui n&rsquo;avait fait qu&rsquo;un seul long-m\u00e9trage jusque-l\u00e0 (<em>Safety Not Guaranteed<\/em>, 2012) ; le film, quatri\u00e8me de la franchise, reprend avec quelques variations les grandes lignes de l&rsquo;original <em>Jurassic Park <\/em>(Steven Spielberg, 1993), mais avec \u00ab <em>plus de dents <\/em>\u00bb, et en 3D. La bande-annonce a atteint, lors du premier week-end, 66,6 millions de vues sur YouTube, avec un taux incroyable de re-posts de 45 : 1 (la moyenne pour les <em>blockbusters<\/em> \u00e9tant de 9 : 1). YouTube s&rsquo;affirme de plus en plus comme le principal vecteur du marketing pour ce genre de film, l&rsquo;accueil plut\u00f4t mitig\u00e9 ou n\u00e9gatif des critiques professionnels (surtout de la presse \u00e9crite) comptant pour du beurre.<\/p>\n<p style=\"text-align: justify;\"><em>Sources : <a href=\"http:\/\/deadline.com\/2015\/06\/jurassic-world-all-time-box-office-opening-record-tracking-social-media-1201443293\/\" target=\"_blank\" rel=\"noopener noreferrer\">Deadline Hollywood<\/a> (site) ; <\/em>Le Monde<em>, 16 juin 2015, p. 14 ; <\/em><a href=\"http:\/\/www.theguardian.com\/film\/2015\/jun\/19\/jurassic-world-fifa-united-passions-box-office\" target=\"_blank\" rel=\"noopener noreferrer\">The Guardian<em>, 19 june 2015.<br \/>\n<\/em><\/a><\/p>\n<h2 style=\"text-align: justify;\"><span style=\"font-size: 12pt;\">Patrick Macnee (<em>Chapeau melon et Bottes de Cuir<\/em>) est mort<\/span><\/h2>\n<p style=\"text-align: justify;\"><a href=\"http:\/\/industrie-culturelle.fr\/industrie-culturelle\/wp-content\/uploads\/2015\/06\/steed.jpeg\"><img loading=\"lazy\" decoding=\"async\" class=\"alignleft size-thumbnail wp-image-18552\" src=\"http:\/\/industrie-culturelle.fr\/industrie-culturelle\/wp-content\/uploads\/2015\/06\/steed-150x150.jpeg\" alt=\"steed\" width=\"150\" height=\"150\" srcset=\"https:\/\/industrie-culturelle.fr\/industrie-culturelle\/wp-content\/uploads\/2015\/06\/steed-150x150.jpeg 150w, https:\/\/industrie-culturelle.fr\/industrie-culturelle\/wp-content\/uploads\/2015\/06\/steed-144x144.jpeg 144w, https:\/\/industrie-culturelle.fr\/industrie-culturelle\/wp-content\/uploads\/2015\/06\/steed-36x36.jpeg 36w, https:\/\/industrie-culturelle.fr\/industrie-culturelle\/wp-content\/uploads\/2015\/06\/steed-115x115.jpeg 115w, https:\/\/industrie-culturelle.fr\/industrie-culturelle\/wp-content\/uploads\/2015\/06\/steed-32x32.jpeg 32w, https:\/\/industrie-culturelle.fr\/industrie-culturelle\/wp-content\/uploads\/2015\/06\/steed-64x64.jpeg 64w, https:\/\/industrie-culturelle.fr\/industrie-culturelle\/wp-content\/uploads\/2015\/06\/steed-96x96.jpeg 96w, https:\/\/industrie-culturelle.fr\/industrie-culturelle\/wp-content\/uploads\/2015\/06\/steed-128x128.jpeg 128w\" sizes=\"auto, (max-width: 150px) 100vw, 150px\" \/><\/a>Patrick Macnee, qui a incarn\u00e9 le personnage de John Steed dans la s\u00e9rie britannique <em>The Avengers <\/em>(<em>Chapeau melon et Bottes de Cuir<\/em>), vient de mourir (le 25 juin) \u00e0 l&rsquo;\u00e2ge de 93 ans \u00e0 Palm Springs (Californie), o\u00f9 il a r\u00e9sid\u00e9 depuis 1967. Si j&rsquo;ai envie de parler de lui, c&rsquo;est parce qu&rsquo;il a eu la gentillesse de m&rsquo;\u00e9crire en 1990 apr\u00e8s la publication de mon <em>From \u00ab\u00a0The Avengers\u00a0\u00bb to \u00ab\u00a0Miami Vice\u00a0\u00bb <\/em>(Manchester University Press) pour me dire que mon analyse de la s\u00e9rie \u00e9tait \u00ab <em>spot on <\/em>\u00bb (juste, comme il fallait) en joignant des photos personnelles sign\u00e9es que j&rsquo;ai perdues depuis. Je ne pense pas une seconde qu&rsquo;il s&rsquo;agit l\u00e0 d&rsquo;un endossement de l&rsquo;approche freudo-marxiste-structuraliste qui \u00e9tait la mienne, mais plut\u00f4t d&rsquo;une reconnaissance du r\u00f4le positif que pourrait jouer l&rsquo;analyse universitaire en donnant un prestige intellectuel inesp\u00e9r\u00e9 \u00e0 une production t\u00e9l\u00e9visuelle de divertissement, encore relativement d\u00e9consid\u00e9r\u00e9e \u00e0 l&rsquo;\u00e9poque. Paradoxalement, par la suite, c&rsquo;est l&rsquo;analyse universitaire, d\u00e9sormais largement ouverte aux s\u00e9ries, qui s&rsquo;est trouv\u00e9e marginalis\u00e9e au sein d&rsquo;une s\u00e9riephilie g\u00e9n\u00e9ralis\u00e9e, dans laquelle la dimension critique est presque inexistante. Qu&rsquo;une vedette de t\u00e9l\u00e9vision, certes un petit peu\u00a0<em>has been<\/em>, \u00e9crive \u00e0 un universitaire inconnu serait impensable de nos jours.<\/p>\n<p style=\"text-align: justify;\"><a href=\"http:\/\/industrie-culturelle.fr\/industrie-culturelle\/wp-content\/uploads\/2015\/06\/macnee.jpeg\"><img loading=\"lazy\" decoding=\"async\" class=\"alignright size-thumbnail wp-image-18574\" src=\"http:\/\/industrie-culturelle.fr\/industrie-culturelle\/wp-content\/uploads\/2015\/06\/macnee-150x150.jpeg\" alt=\"macnee\" width=\"150\" height=\"150\" srcset=\"https:\/\/industrie-culturelle.fr\/industrie-culturelle\/wp-content\/uploads\/2015\/06\/macnee-150x150.jpeg 150w, https:\/\/industrie-culturelle.fr\/industrie-culturelle\/wp-content\/uploads\/2015\/06\/macnee-144x144.jpeg 144w, https:\/\/industrie-culturelle.fr\/industrie-culturelle\/wp-content\/uploads\/2015\/06\/macnee-36x36.jpeg 36w, https:\/\/industrie-culturelle.fr\/industrie-culturelle\/wp-content\/uploads\/2015\/06\/macnee-115x115.jpeg 115w, https:\/\/industrie-culturelle.fr\/industrie-culturelle\/wp-content\/uploads\/2015\/06\/macnee-32x32.jpeg 32w, https:\/\/industrie-culturelle.fr\/industrie-culturelle\/wp-content\/uploads\/2015\/06\/macnee-64x64.jpeg 64w, https:\/\/industrie-culturelle.fr\/industrie-culturelle\/wp-content\/uploads\/2015\/06\/macnee-96x96.jpeg 96w, https:\/\/industrie-culturelle.fr\/industrie-culturelle\/wp-content\/uploads\/2015\/06\/macnee-128x128.jpeg 128w\" sizes=\"auto, (max-width: 150px) 100vw, 150px\" \/><\/a>Mon analyse (pionni\u00e8re \u00e0 l&rsquo;\u00e9poque) de <em>Chapeau Melon et Bottes de Cuir<\/em> m&rsquo;a men\u00e9 d&rsquo;y voir une rupture entre, d&rsquo;un c\u00f4t\u00e9, ce que j&rsquo;ai appel\u00e9 la s\u00e9rie \u00ab pop \u00bb (faisant partie d&rsquo;une <em>pop culture <\/em>internationale plus g\u00e9n\u00e9rale : Warhol, James Bond, la bande dessin\u00e9e, la musique des Beatles et des Rolling Stones etc.), sans profondeur psychologique, et de l&rsquo;autre, la s\u00e9rie dramatique, th\u00e9\u00e2trale, moralisatrice (la s\u00e9rie western ou polici\u00e8re des ann\u00e9es 1950). Mais ramen\u00e9e \u00e0 l&rsquo;individu Patrick Macnee, la r\u00e9alit\u00e9 historique est plus compliqu\u00e9e. La <em>back story <\/em>du personnage Steed est similaire \u00e0 la jeunesse de Macnee, si l&rsquo;on \u00e9carte l&rsquo;origine aristocrate du premier ; comme Steed, Patrick Macnee (n\u00e9 en 1922 \u00e0 Londres, et \u00e9lev\u00e9 par sa m\u00e8re boh\u00e8me et la campagne \u00ab <em>excentrique <\/em>\u00bb de celle-ci) est pass\u00e9 par l&rsquo;\u00e9cole priv\u00e9e snob d&rsquo;Eton (d&rsquo;o\u00f9 il fut expuls\u00e9 pour trafic de paris sur les chevaux et de pornographie), avant de devenir sous-lieutenant navigateur d&rsquo;une vedette-torpilleur pendant la Seconde Guerre mondiale. Apr\u00e8s des tourn\u00e9es th\u00e9\u00e2trales dans les provinces anglaises, Macnee eut son premier (petit) r\u00f4le au cin\u00e9ma en 1938. Ce Britannique de naissance, qui a syst\u00e9matiquement d\u00e9clench\u00e9 le r\u00e9flexe complaisant \u00ab <em>so british <\/em>\u00bb chez les journalistes fran\u00e7ais, \u00e9migra aux \u00c9tats-Unis apr\u00e8s la guerre, et devint citoyen am\u00e9ricain en 1959. Il tourna dans des s\u00e9ries am\u00e9ricaines classiques des ann\u00e9es 1950 comme <em>The Twilight Zone<\/em>, <em>Alfred Hitchcock presents<\/em>, <em>Rawhide<\/em> (un western), et <em>Playhouse 90. <\/em><em><br \/>\n<\/em><\/p>\n<figure id=\"attachment_18571\" aria-describedby=\"caption-attachment-18571\" style=\"width: 150px\" class=\"wp-caption alignleft\"><a href=\"http:\/\/industrie-culturelle.fr\/industrie-culturelle\/wp-content\/uploads\/2015\/06\/mcgoohan.jpeg\"><img loading=\"lazy\" decoding=\"async\" class=\"wp-image-18571 size-thumbnail\" src=\"http:\/\/industrie-culturelle.fr\/industrie-culturelle\/wp-content\/uploads\/2015\/06\/mcgoohan-150x150.jpeg\" alt=\"mcgoohan\" width=\"150\" height=\"150\" srcset=\"https:\/\/industrie-culturelle.fr\/industrie-culturelle\/wp-content\/uploads\/2015\/06\/mcgoohan-150x150.jpeg 150w, https:\/\/industrie-culturelle.fr\/industrie-culturelle\/wp-content\/uploads\/2015\/06\/mcgoohan-144x144.jpeg 144w, https:\/\/industrie-culturelle.fr\/industrie-culturelle\/wp-content\/uploads\/2015\/06\/mcgoohan-36x36.jpeg 36w, https:\/\/industrie-culturelle.fr\/industrie-culturelle\/wp-content\/uploads\/2015\/06\/mcgoohan-115x115.jpeg 115w, https:\/\/industrie-culturelle.fr\/industrie-culturelle\/wp-content\/uploads\/2015\/06\/mcgoohan-32x32.jpeg 32w, https:\/\/industrie-culturelle.fr\/industrie-culturelle\/wp-content\/uploads\/2015\/06\/mcgoohan-64x64.jpeg 64w, https:\/\/industrie-culturelle.fr\/industrie-culturelle\/wp-content\/uploads\/2015\/06\/mcgoohan-96x96.jpeg 96w, https:\/\/industrie-culturelle.fr\/industrie-culturelle\/wp-content\/uploads\/2015\/06\/mcgoohan-128x128.jpeg 128w\" sizes=\"auto, (max-width: 150px) 100vw, 150px\" \/><\/a><figcaption id=\"caption-attachment-18571\" class=\"wp-caption-text\">Patrick McGoohan (1928-2009)<\/figcaption><\/figure>\n<p style=\"text-align: justify;\">Alors que le fond id\u00e9ologique (distill\u00e9 dans des histoires loufoques, surr\u00e9alistes) de <em>Chapeau melon et Bottes de Cuir<\/em> (1961-9) est r\u00e9solument <em>lib\u00e9ral<\/em>, du c\u00f4t\u00e9 de la mode, et de la consommation d\u00e9mocratique et individualiste, prenant pour cibles tant\u00f4t la vieille garde r\u00e9actionnaire (aristocrates, colonels \u00e0 la retraite), tant\u00f4t les nouveaux riches vulgaires alli\u00e9s aux scientifiques na\u00effs ou ind\u00e9licats, Patrick Macnee lui-m\u00eame \u00e9tait plut\u00f4t vieux jeu ; son <em>hobby<\/em> fut l&rsquo;observation des oiseaux, activit\u00e9 pas exactement dans le vent. Il n&rsquo;aimait pas les films James Bond en raison de leur \u00ab <em>sadisme horripilant<\/em> \u00bb, mais il trouvait \u00ab <em>fascinant<\/em> \u00bb les romans originaux d&rsquo;Ian Fleming, o\u00f9 l&rsquo;aspect r\u00e9actionnaire du personnage est plus affirm\u00e9 (un <em>clubman <\/em>tr\u00e8s marqu\u00e9 \u00e0 droite). Dans son manque d&rsquo;estime pour les films James Bond, il rejoignait son confr\u00e8re Patrick McGoohan, dont <em>Le Prisonnier<\/em> (1967) est un exemple classique de l&rsquo;esth\u00e9tique pop \u00e0 la t\u00e9l\u00e9vision. Pour la petite histoire, McGoohan, tr\u00e8s catholique, a refus\u00e9 le r\u00f4le de James Bond car il n&rsquo;y aimait pas \u00ab <em>le sexe facile et la violence gratuite<\/em> \u00bb : \u00ab <em>Enlevez \u00e0 Bond ses femmes et son talent avec un menu, et il ne reste pas grande chose <\/em>\u00bb (<em>TV Times, <\/em>26 sept. 1965, p. 2-3). Pour ces deux protagonistes d&rsquo;une nouvelle approche de la t\u00e9l\u00e9vision dans les ann\u00e9es 1960, la ligne de fracture subjective passait par la franchise James Bond, un pont moderniste trop loin. On n&rsquo;ose pas imaginer ce qu&rsquo;ils auraient pens\u00e9 de <em>Game of Thrones<\/em>.<\/p>\n<p style=\"text-align: justify;\"><em>Sources : Associated Press, consult\u00e9 dans <\/em>The New Zealand Herald<em>, juin 25, 2015 ; livre cit\u00e9.<\/em><\/p>\n<p style=\"text-align: justify;\"><a href=\"http:\/\/industrie-culturelle.fr\/industrie-culturelle\/category\/actualites\/\" target=\"_blank\" rel=\"noopener noreferrer\">Lire les autres articles de la rubrique.<\/a><\/p>\n<p style=\"text-align: justify;\"><div class=\"su-divider su-divider-style-default\" style=\"margin:15px 0;border-width:3px;border-color:#999999\"><a href=\"#\" style=\"color:#999999\">Aller en haut<\/a><\/div>\n","protected":false},"excerpt":{"rendered":"<p>Juillet-ao\u00fbt 2015 Contenu : 1 Rapprochement entre musiciens et publicitaires 2 Facebook ouvre un laboratoire \u00e0 Paris, et prend une option sur l&rsquo;avenir 3 Pour tout acheter, cliquez ici 4 \u00ab Les technologies sont des concentr\u00e9s d&rsquo;id\u00e9ologies \u00bb 5 La t\u00e9l\u00e9vision sur mobile se d\u00e9veloppe 6 Le streaming musical doit devenir payant, et la bataille s&rsquo;annonce acharn\u00e9e 7 \u00ab Jurassic World \u00bb 8 Patrick Macnee (Chapeau melon et Bottes de Cuir) est mort<\/p>\n","protected":false},"author":1294,"featured_media":18819,"comment_status":"open","ping_status":"closed","sticky":false,"template":"","format":"standard","meta":{"colormag_page_container_layout":"default_layout","colormag_page_sidebar_layout":"default_layout","footnotes":""},"categories":[80,11,687,758,13,689,14,545],"tags":[142,67,886,45,25,123,354],"coauthors":[791],"class_list":["post-17821","post","type-post","status-publish","format-standard","has-post-thumbnail","hentry","category-actualites","category-cinema","category-facebook","category-google","category-numerique","category-publicite","category-serie-tv","category-sonmusiquecinematv","tag-blockbusters","tag-determinisme-technologique","tag-intelligence-artificielle","tag-publicite","tag-star","tag-streaming","tag-valeur-dusage"],"aioseo_notices":[],"_links":{"self":[{"href":"https:\/\/industrie-culturelle.fr\/industrie-culturelle\/wp-json\/wp\/v2\/posts\/17821","targetHints":{"allow":["GET"]}}],"collection":[{"href":"https:\/\/industrie-culturelle.fr\/industrie-culturelle\/wp-json\/wp\/v2\/posts"}],"about":[{"href":"https:\/\/industrie-culturelle.fr\/industrie-culturelle\/wp-json\/wp\/v2\/types\/post"}],"author":[{"embeddable":true,"href":"https:\/\/industrie-culturelle.fr\/industrie-culturelle\/wp-json\/wp\/v2\/users\/1294"}],"replies":[{"embeddable":true,"href":"https:\/\/industrie-culturelle.fr\/industrie-culturelle\/wp-json\/wp\/v2\/comments?post=17821"}],"version-history":[{"count":0,"href":"https:\/\/industrie-culturelle.fr\/industrie-culturelle\/wp-json\/wp\/v2\/posts\/17821\/revisions"}],"wp:featuredmedia":[{"embeddable":true,"href":"https:\/\/industrie-culturelle.fr\/industrie-culturelle\/wp-json\/wp\/v2\/media\/18819"}],"wp:attachment":[{"href":"https:\/\/industrie-culturelle.fr\/industrie-culturelle\/wp-json\/wp\/v2\/media?parent=17821"}],"wp:term":[{"taxonomy":"category","embeddable":true,"href":"https:\/\/industrie-culturelle.fr\/industrie-culturelle\/wp-json\/wp\/v2\/categories?post=17821"},{"taxonomy":"post_tag","embeddable":true,"href":"https:\/\/industrie-culturelle.fr\/industrie-culturelle\/wp-json\/wp\/v2\/tags?post=17821"},{"taxonomy":"author","embeddable":true,"href":"https:\/\/industrie-culturelle.fr\/industrie-culturelle\/wp-json\/wp\/v2\/coauthors?post=17821"}],"curies":[{"name":"wp","href":"https:\/\/api.w.org\/{rel}","templated":true}]}}