
{"id":15454,"date":"2015-02-01T01:00:08","date_gmt":"2015-02-01T00:00:08","guid":{"rendered":"http:\/\/industrie-culturelle.fr\/industrie-culturelle\/?p=15454"},"modified":"2019-03-18T09:53:45","modified_gmt":"2019-03-18T08:53:45","slug":"kulturindustrie-rationalite_marc-hiver","status":"publish","type":"post","link":"https:\/\/industrie-culturelle.fr\/industrie-culturelle\/kulturindustrie-rationalite_marc-hiver\/","title":{"rendered":"Kulturindustrie et crise de la rationalit\u00e9 &#8211; Marc HIVER"},"content":{"rendered":"<div class=\"pdfprnt-buttons pdfprnt-buttons-post pdfprnt-top-right\"><a href=\"https:\/\/industrie-culturelle.fr\/industrie-culturelle\/wp-json\/wp\/v2\/posts\/15454?print=pdf\" class=\"pdfprnt-button pdfprnt-button-pdf\" target=\"_blank\" ><img decoding=\"async\" src=\"https:\/\/industrie-culturelle.fr\/industrie-culturelle\/wp-content\/plugins\/pdf-print\/images\/pdf.png\" alt=\"image_pdf\" title=\"Afficher le PDF\" \/><\/a><a href=\"https:\/\/industrie-culturelle.fr\/industrie-culturelle\/wp-json\/wp\/v2\/posts\/15454?print=print\" class=\"pdfprnt-button pdfprnt-button-print\" target=\"_blank\" ><img decoding=\"async\" src=\"https:\/\/industrie-culturelle.fr\/industrie-culturelle\/wp-content\/plugins\/pdf-print\/images\/print.png\" alt=\"image_print\" title=\"Contenu imprim\u00e9\" \/><\/a><\/div><p style=\"text-align: center;\"><span style=\"font-size: 8pt;\">\u00ab\u00a0Je ne pourrais croire qu&rsquo;\u00e0 un Dieu qui saurait danser.\u00a0\u00bb Nietzsche, \u00ab Lire et \u00e9crire \u00bb in <a href=\"http:\/\/www.ebooksgratuits.com\/pdf\/nietzsche_ainsi_parlait_zarathoustra.pdf\" target=\"_blank\" rel=\"noopener noreferrer\"><em>Ainsi parlait Zarathoustra<\/em><\/a>, p. 58.<\/span><\/p>\n<p style=\"text-align: justify;\"><strong>Au moment o\u00f9 des th\u00e9ories complotistes redoublent en intensit\u00e9 sur la Toile dans le sillage des \u00e9v\u00e9nements r\u00e9cents, Marc Hiver revient sur la g\u00e9n\u00e9alogie du concept de la <em>Kulturindustrie<\/em> chez Adorno et Horkheimer, en tissant des liens entre les chapitres disparates de leur livre classique, <em>Dialectique de la Raison<\/em>. Nietzche, pour qui la mort du Dieu chr\u00e9tien serait le marqueur d&rsquo;une crise de la rationalit\u00e9, est une r\u00e9f\u00e9rence incontournable pour les deux philosophes francfortiens. Marc Hiver conclut que la crise \u00e9pist\u00e9mologique de la rationalit\u00e9 doit \u00eatre analys\u00e9e du point de vue de la Raison, pas sous la forme d&rsquo;une pens\u00e9e irrationnelle, et <em>a fortiori<\/em>, pas celle des sophistes qui s\u00e9vissent actuellement sur la Toile.<\/strong><\/p>\n<p style=\"text-align: center;\">Article interdit \u00e0 la reproduction payante<\/p>\n<h2 style=\"text-align: justify;\"><span style=\"font-size: 12pt;\">Kulturindustrie, mort de Dieu, crise de la raison <\/span><\/h2>\n<p><em>Kulturindustrie<\/em>, pour en comprendre la g\u00e9n\u00e9alogie,un petit d\u00e9tour philosophique :<\/p>\n<blockquote>\n<p style=\"text-align: justify;\">Dieu est mort\u00a0! Dieu reste mort\u00a0! Et c&rsquo;est nous qui l&rsquo;avons tu\u00e9\u00a0! Comment nous consoler, nous les meurtriers des meurtriers\u00a0? Ce que le monde a poss\u00e9d\u00e9 jusqu&rsquo;\u00e0 pr\u00e9sent de plus sacr\u00e9 et de plus puissant a perdu son sang sous notre couteau. \u2014 Qui nous lavera de ce sang\u00a0? Avec quelle eau pourrions-nous nous purifier\u00a0? Quelles expiations, quels jeux sacr\u00e9s serons-nous forc\u00e9s d&rsquo;inventer\u00a0? La grandeur de cet acte n&rsquo;est-elle pas trop grande pour nous\u00a0? Ne sommes-nous pas forc\u00e9s de devenir nous-m\u00eames des dieux simplement \u2014 ne f\u00fbt-ce que pour para\u00eetre dignes d&rsquo;eux\u00a0? (Nietzsche, <a href=\"http:\/\/www.ebooksgratuits.com\/pdf\/nietzsche_le_gai_savoir.pdf\" target=\"_blank\" rel=\"noopener noreferrer\"><em>Le Gai Savoir [version num\u00e9rique gratuite]<\/em><\/a>, livre troisi\u00e8me, aphorisme\u00a0125, \u00ab\u00a0L&rsquo;insens\u00e9\u00a0\u00bb, p.\u00a0119).<\/p>\n<\/blockquote>\n<p style=\"text-align: justify;\">La mort de Dieu repose sur un constat\u00a0: notre culture peut d\u00e9sormais s&rsquo;accommoder de la disparition de Dieu. La religion devient une affaire priv\u00e9e, elle ne r\u00e9git plus la sph\u00e8re sociale. Mais aucune nostalgie chez Nietzsche qui revisite toute l&rsquo;histoire de la philosophie occidentale et donc de la Raison au travers du prisme de la mort du Dieu chr\u00e9tien.<\/p>\n<p style=\"text-align: justify;\">La mort de Dieu, c&rsquo;est la mort de J\u00e9sus Christ expiant sur la croix tous les p\u00e9ch\u00e9s du monde. Et cette croix est le symbole d&rsquo;un nihilisme fondateur qui pr\u00eache que nous sommes entach\u00e9s du p\u00e9ch\u00e9 originel. Elle est fondatrice du sujet comme conscience malheureuse, condamnant l&rsquo;amour de la vie et finalement d\u00e9terminant une <a href=\"http:\/\/www.psychanalyse.fr\/fr\/dico-psy\/sadomasochisme-voir-aussi-sadisme_118\" target=\"_blank\" rel=\"noopener noreferrer\">structuration sadomasochiste<\/a> comme l&rsquo;a pr\u00e9cis\u00e9 Freud\u00a0: racheter nos p\u00e9ch\u00e9s par la souffrance.<\/p>\n<p style=\"text-align: justify;\">Et cette conscience malheureuse se retrouve dans l&rsquo;histoire de la philosophie occidentale qui repose sur le dualisme\u00a0: immanence\/transcendance, corps\/\u00e2me, d\u00e9sir\/raison. <a href=\"http:\/\/fr.wikipedia.org\/wiki\/Heidegger_et_la_question_de_la_technique\" target=\"_blank\" rel=\"noopener noreferrer\">L&rsquo;arraisonnement de la nature<\/a>, dont nous pouvons voir les cons\u00e9quences aujourd&rsquo;hui en est un exemple. Bref, la Raison est donc en crise d&rsquo;avoir trop voulu nier le d\u00e9sir au nom d&rsquo;un nihilisme (contre-emploi du concept) de la part de ceux que Nietzsche appelle <strong>les hallucin\u00e9s des arri\u00e8res-mondes. <\/strong>(<a href=\"http:\/\/www.ebooksgratuits.com\/pdf\/nietzsche_ainsi_parlait_zarathoustra.pdf\" target=\"_blank\" rel=\"noopener noreferrer\">Ainsi parlait Zarathoustra<\/a>, p.\u00a041).<\/p>\n<div class='content-column one_half'><div style=\"padding-right:20px;\"><p style=\"text-align: justify;\">Je ne saurai dans le cadre de cet article d\u00e9velopper toute la philosophie de Nietzsche, mais ce constat, T.W. Adorno et Max Horkheimer le reprennent dans <em>La<\/em> <em>Dialectique de la raison<\/em> o\u00f9 appara\u00eet pour la premi\u00e8re fois le concept de <em>Kulturindustrie<\/em> structur\u00e9 lui aussi autour d&rsquo;une forme de sadomasochisme.<\/p>\n<blockquote>\n<p style=\"text-align: justify;\">L&rsquo;industrie culturelle ne cesse de frustrer ses consommateurs de cela m\u00eame qu&rsquo;elle leur a promis. Ce ch\u00e8que sur le plaisir que sont l&rsquo;action et la pr\u00e9sentation d&rsquo;un spectacle est prorog\u00e9 ind\u00e9finiment. Le seul moyen de se soustraire \u00e0 ce qui se passe \u00e0 l&rsquo;usine et au bureau est de s&rsquo;y adapter durant les heures de loisir.<\/p>\n<p style=\"text-align: justify;\">(T.W. Adorno, M.\u00a0Horkheimer, \u00ab\u00a0La Production industrielle de biens culturelles\u00a0\u00bb p.\u00a0146.)<\/p>\n<\/blockquote><\/div><\/div>\n<p style=\"text-align: justify;\"><div class='content-column one_half last_column'><div class=\"su-note\"  style=\"border-color:#b3afaf;border-radius:3px;-moz-border-radius:3px;-webkit-border-radius:3px;\"><div class=\"su-note-inner su-u-clearfix su-u-trim\" style=\"background-color:#cdc9c9;border-color:#ffffff;color:#333333;border-radius:3px;-moz-border-radius:3px;-webkit-border-radius:3px;\">\n<p style=\"text-align: justify;\"><a href=\"http:\/\/industrie-culturelle.fr\/industrie-culturelle\/wp-content\/uploads\/2015\/01\/autopsieexpertsgif.gif\"><img loading=\"lazy\" decoding=\"async\" class=\"alignnone wp-image-15587\" src=\"http:\/\/industrie-culturelle.fr\/industrie-culturelle\/wp-content\/uploads\/2015\/01\/autopsieexpertsgif.gif\" alt=\"kulturindustrie\" width=\"304\" height=\"167\" \/><\/a><\/p>\n<p style=\"text-align: justify;\"><em><span style=\"font-size: 7pt;\">Que ce soit cela qui attire [les autopsies] identifie d&#8217;embl\u00e9e la principale ligne de tension de la s\u00e9rie <strong>[Les Experts Manhattan]<\/strong>\u00a0: le raidissement du cordage entre jouissance de la mort d&rsquo;autrui et discours moral contre le crime.<\/span><\/em><\/p>\n<p style=\"text-align: justify;\"><span style=\"font-size: 8pt;\"> (<a href=\"http:\/\/industrie-culturelle.fr\/industrie-culturelle\/author\/david-buxton\/\" target=\"_blank\" rel=\"noopener noreferrer\">David Buxton<\/a>, <em>Les S\u00e9ries t\u00e9l\u00e9vis\u00e9es\u00a0: forme, id\u00e9ologie et mode de production<\/em>, p.\u00a0107).<\/span><\/p>\n<\/div><\/div><\/div><div class='clear_column'><\/div>\n<h2 style=\"text-align: justify;\"><span style=\"font-size: 12pt;\">La Raison et les paradigmes religieux chez T.W. Adorno<br \/>\n<\/span><\/h2>\n<p style=\"text-align: justify;\">Le s\u00e9isme philosophique de la mort de Dieu a eu une r\u00e9plique dans la sph\u00e8re artistique. \u00ab\u00a0L&rsquo;Essai comme forme\u00a0\u00bb d\u2019Adorno que l&rsquo;on retrouve dans la composition fragment\u00e9e de la <em>Dialectique de la Raison<\/em> est contemporain du montage cin\u00e9matographique et du <a href=\"http:\/\/www.larousse.fr\/encyclopedie\/litterature\/simultan%C3%A9isme\/177074\" target=\"_blank\" rel=\"noopener noreferrer\">simultan\u00e9isme en litt\u00e9rature<\/a>, ce proc\u00e9d\u00e9 de narration qui consiste \u00e0 pr\u00e9senter sans transition des \u00e9v\u00e9nements simultan\u00e9s appartenant \u00e0 des actions parall\u00e8les, de <em>Manhattan Transfer<\/em> de Dos Passos au <em>Sursis<\/em> de Sartre. Ces auteurs de la \u00ab\u00a0modernit\u00e9\u00a0\u00bb subirent eux-m\u00eames l\u2019influence, apr\u00e8s le constat nietzsch\u00e9en de la mort de Dieu, de cet effondrement de la clef de vo\u00fbte de l\u2019\u00catre dans sa totalit\u00e9 et de sa r\u00e9plique litt\u00e9raire, la mort de l\u2019artiste comme \u00ab\u00a0dieu cach\u00e9\u00a0\u00bb, nouveau postulat conceptualis\u00e9 par Lucien Goldmann \u00e0 propos de la \u00ab\u00a0modernit\u00e9\u00a0\u00bb. Orphelin, l\u2019\u00e9crivain ne pourrait plus incarner dans les lettres son divin mod\u00e8le, tel Balzac omniscient dans <em>La Com\u00e9die humaine<\/em>. Retomb\u00e9 sur terre, d\u00e9couvrant l\u2019impossibilit\u00e9 d\u00e9sormais de sonder les c\u0153urs et les reins de ses personnages, il devrait choisir un point de vue d\u2019\u00e9nonciation humain\u2026 ou en croiser plusieurs, mais en les affichant tel un Faulkner dans <em>Le Bruit et la fureur<\/em>.<\/p>\n<p style=\"text-align: justify;\">La forme, comme toute forme chez Adorno, est \u00e0 la fois contenu et critique d\u2019un <a href=\"http:\/\/industrie-culturelle.fr\/industrie-culturelle\/adorno-2-forme-esthetique-contenu-social-sedimente-marc-hiver\/\" target=\"_blank\" rel=\"noopener noreferrer\">contenu [social] s\u00e9diment\u00e9<\/a>. Alors quel contenu [social] s\u00e9diment\u00e9 doit-elle d\u00e9marquer\u00a0? Doit-elle s\u2019\u00e9manciper du christianocentrisme de la Raison qui, en s\u00e9cularisant une certaine forme religieuse et mythologique, aurait occult\u00e9 la t\u00e2che aveugle, le trou noir de son propre conflit int\u00e9rieur, de ses secrets de famille intellectuelle\u00a0? Sous couvert de culturalisation du cultuel, au croisement de l\u2019id\u00e9ologique, du social et du politique, la Raison aurait-elle \u00ab\u00a0oubli\u00e9\u00a0\u00bb, une fois fortune intellectuelle faite, comme on oublie l\u2019esclavage qui vous a enrichi, la domination de la mythologie syst\u00e9matisante du fort sur celle plus fragmentaire du faible\u00a0? \u00c0 ne pas avoir, sinon \u00ab\u00a0concili\u00e9\u00a0\u00bb, du moins envisag\u00e9 les autres paradigmes, \u00e0 avoir r\u00e9prim\u00e9 unilat\u00e9ralement toute \u00ab\u00a0h\u00e9r\u00e9sie\u00a0\u00bb mythologique \u00e0 l\u2019exception de ses propres croyances totalitaires, croyances s\u00e9diment\u00e9es en une couche symbolique structurant un rapport de domination pr\u00e9sent dans les autres sph\u00e8res de son activit\u00e9, la Raison, \u00ab\u00a0\u00e9vitant\u00a0\u00bb d\u2019interroger son universalisme, aurait-elle seulement d\u00e9plac\u00e9 les sympt\u00f4mes, ne pouvant emp\u00eacher la crise grave de croissance qui la secoue\u00a0? Sous toutes ses facettes, et le religieux en est une, la crise de la Raison rappelle donc toujours un horizon id\u00e9ologique de domination, la raison du plus fort.<\/p>\n<figure id=\"attachment_15480\" aria-describedby=\"caption-attachment-15480\" style=\"width: 238px\" class=\"wp-caption alignleft\"><a href=\"http:\/\/industrie-culturelle.fr\/industrie-culturelle\/wp-content\/uploads\/2015\/01\/bucher-Inquisition.jpg\"><img loading=\"lazy\" decoding=\"async\" class=\"wp-image-15480\" src=\"http:\/\/industrie-culturelle.fr\/industrie-culturelle\/wp-content\/uploads\/2015\/01\/bucher-Inquisition-300x246.jpg\" alt=\"kulturindustrie\" width=\"238\" height=\"195\" srcset=\"https:\/\/industrie-culturelle.fr\/industrie-culturelle\/wp-content\/uploads\/2015\/01\/bucher-Inquisition-300x246.jpg 300w, https:\/\/industrie-culturelle.fr\/industrie-culturelle\/wp-content\/uploads\/2015\/01\/bucher-Inquisition.jpg 500w\" sizes=\"auto, (max-width: 238px) 100vw, 238px\" \/><\/a><figcaption id=\"caption-attachment-15480\" class=\"wp-caption-text\">H\u00e9r\u00e9tiques au b\u00fbcher<\/figcaption><\/figure>\n<p style=\"text-align: justify;\">En brossant rapidement un premier tableau sur la g\u00e9n\u00e9alogie du concept de <em>Kulturindustrie<\/em>, on bute donc r\u00e9guli\u00e8rement contre les r\u00e9f\u00e9rences aux religions. Celles-ci innervent \u00e0 l&rsquo;insu de leur plein gr\u00e9 les paradigmes \u00e9pist\u00e9mologiques. C&rsquo;est pourquoi T.W. Adorno, comme un Althusser dans \u00ab\u00a0<a href=\"http:\/\/classiques.uqac.ca\/contemporains\/althusser_louis\/ideologie_et_AIE\/ideologie_et_AIE.html\" target=\"_blank\" rel=\"noopener noreferrer\">Id\u00e9ologie et appareils id\u00e9ologiques d&rsquo;\u00c9tat (notes pour une recherche) [version num\u00e9rique gratuite]<\/a>\u00a0\u00bb pense qu&rsquo;on ne peut faire l&rsquo;\u00e9conomie de les rep\u00e9rer. Qu\u2019on en juge d\u00e9j\u00e0 par la conclusion de \u00ab\u00a0L\u2019Essai comme forme\u00a0\u00bb, p.\u00a029\u00a0: \u00ab\u00a0<em>C\u2019est pourquoi la loi formelle la plus profonde de l\u2019essai est l\u2019h\u00e9r\u00e9sie. On voit ainsi appara\u00eetre dans la chose, dans la d\u00e9sob\u00e9issance aux r\u00e8gles orthodoxes de la pens\u00e9e ce qu\u2019elles ont en secret pour finalit\u00e9 objective de tenir cach\u00e9 aux regards<\/em>\u00a0\u00bb.<\/p>\n<p style=\"text-align: justify;\">Ce qui ne pourrait \u00eatre qu\u2019un jeu m\u00e9taphorique se d\u00e9cline vraiment religieusement dans le texte \u00ab\u00a0Parataxe\u00a0\u00bb. Passons sur un \u00ab\u00a0<em><a href=\"http:\/\/fr.wikipedia.org\/wiki\/Martin_Heidegger\" target=\"_blank\" rel=\"noopener noreferrer\">Heidegger<\/a> s\u2019accommode j\u00e9suitiquement de la position de <a href=\"http:\/\/fr.wikipedia.org\/wiki\/Friedrich_H%C3%B6lderlin\" target=\"_blank\" rel=\"noopener noreferrer\">H\u00f6lderlin<\/a><\/em>\u00a0\u00bb (p.\u00a0320) pour rappeler chez <a href=\"http:\/\/fr.wikipedia.org\/wiki\/Georg_Wilhelm_Friedrich_Hegel\" target=\"_blank\" rel=\"noopener noreferrer\">Hegel<\/a> \u00ab\u00a0<em>le <\/em><em>christianisme comme \u00e9poque \u00e9ph\u00e9m\u00e8re<\/em>\u00a0\u00bb p.\u00a0322), et que \u00ab\u00a0<em>H\u00f6lderlin a cru aux id\u00e9aux qu\u2019on lui enseignait, en protestant respectueux de l\u2019autorit\u00e9 il les a int\u00e9rioris\u00e9s et en a fait des maximes<\/em>\u00a0\u00bb (p.\u00a0335). Il faudrait s\u2019attarder sur \u00ab\u00a0<em>l<\/em><em>a symbiose des \u00e9l\u00e9ments grecs et chr\u00e9tiens dans la po\u00e9sie tardive de H\u00f6lderlin est plac\u00e9e sous ce signe\u00a0; si Hegel s\u00e9cularisait le christianisme en en faisant une id\u00e9e, H\u00f6lderlin le r\u00e9introduit dans la religion sacrificielle mythique<\/em>\u00a0\u00bb (p.\u00a0346).<\/p>\n<div class='content-column one_half'><div style=\"padding-right:40px;\"><p style=\"text-align: justify;\">Cette id\u00e9e de s\u00e9cularisation pr\u00e9sente notamment dans le couple cultuel\/culturel, et surtout dans le caract\u00e8re auratique de l\u2019art par opposition aux produits culturels, se retrouvera au c\u0153ur de la parataxe adornienne. En tout cas des formules comme \u00ab\u00a0c<em>\u2019est ce que repr\u00e9sente le Christ chez H\u00f6lderlin<\/em>\u00a0\u00bb (p.\u00a0247), ou \u00ab\u00a0c<em>et hymne ajoute aux motifs mystiques ce motif central\u00a0: le motif messianique, la <a href=\"http:\/\/www.vatican.va\/holy_father\/benedict_xvi\/audiences\/2008\/documents\/hf_ben-xvi_aud_20081112_fr.html\" target=\"_blank\" rel=\"noopener noreferrer\">parousie<\/a>\u2026<\/em>\u00a0\u00bb (p.\u00a0249) ne renvoient pas seulement au po\u00e8te H\u00f6lderlin. La parataxe h\u00f6lderlinienne, la lecture et l\u2019\u00e9criture de H\u00f6lderlin servent de rep\u00e8res \u00e0 la parataxe adornienne. J\u2019y reviendrai plus loin \u00e0 propos de <em>La Dialectique de la raison<\/em>.<\/p>\n<p style=\"text-align: justify;\">Citations\u00a0: Adorno, \u00ab\u00a0Parataxe\u00a0\u00bb.<\/p><\/div><\/div>\n<p style=\"text-align: justify;\"><div class='content-column one_half last_column'><iframe loading=\"lazy\" src=\"\/\/www.youtube.com\/embed\/jIgSScZEO60\" width=\"300\" height=\"260\"><\/iframe><\/p><\/div><div class='clear_column'><\/div>\n<h2 style=\"text-align: justify;\"><span style=\"font-size: 12pt;\">Relire Kafka\u00a0: les religions spontan\u00e9es des savants<br \/>\n<\/span><\/h2>\n<p style=\"text-align: justify;\">On ne peut s\u00e9parer la question critique sans un d\u00e9tour par les impens\u00e9s religieux. Par exemple, face aux interpr\u00e9tations existentialistes, on comprend qu\u2019on peut relire Kafka d\u2019une mani\u00e8re moins culturellement \u00ab\u00a0catholique\u00a0\u00bb, pas seulement comme un de ceux par qui le scandale de la perte de sens arriverait apr\u00e8s la mort de Dieu. La mort de Dieu, oui, mais de quel dieu parle-t-on\u00a0? Nietzsche visait le dieu du christianisme. Hegel, moins d\u00e9icide que Nietzsche, \u00ab\u00a0s\u00e9cularisait\u00a0\u00bb philosophiquement le christianisme. Et cette mort de Dieu est celle d\u2019un dieu pr\u00e9sent, un dieu quasiment administr\u00e9 comme on peut le lire dans la <a href=\"http:\/\/docteurangelique.free.fr\/livresformatweb\/sommes\/1sommetheologique1apars.htm\" target=\"_blank\" rel=\"noopener noreferrer\"><em>Somme th\u00e9ologique<\/em> de Saint Thomas d\u2019Aquin [version num\u00e9rique gratuite]<\/a>. J\u2019ajouterai un dieu sexu\u00e9 dans son incarnation, et cela ne revient pas au m\u00eame philosophiquement\u2026<\/p>\n<p style=\"text-align: justify;\"><div class='content-column one_half'><p style=\"text-align: justify;\"><iframe loading=\"lazy\" src=\"\/\/www.youtube.com\/embed\/eCKF_SOQHDs\" width=\"300\" height=\"260\"><\/iframe><\/p>\n<p style=\"text-align: justify;\"><\/div>\n<div class='content-column one_half last_column'><p style=\"text-align: justify;\">Des \u00e9l\u00e9ments religieux survivent dans un culturel qui croyait s\u2019\u00eatre \u00e9mancip\u00e9 du cultuel. Aussi se poser la question de la s\u00e9cularisation ou de la mort de Dieu pour d\u2019autres traditions n\u2019est pas sans int\u00e9r\u00eat, par exemple, pour critiquer la lecture existentialiste \u2014 \u00e0 l\u2019ath\u00e9isme orient\u00e9 \u2014 des \u0153uvres de Kafka. Dans <em>Prismes<\/em>, Adorno, d\u00e8s la premi\u00e8re page de ses \u00ab\u00a0R\u00e9flexions sur Kafka\u00a0\u00bb, indique\u00a0:<\/p>\n<blockquote>\n<p style=\"text-align: justify;\"><em>De ce qui a \u00e9t\u00e9 \u00e9crit sur lui, peu de choses comptent\u00a0; pour le reste, presque tout rel\u00e8ve de l\u2019existentialisme. On int\u00e8gre Kafka \u00e0 un courant de pens\u00e9e \u00e9tabli, au lieu d\u2019insister sur ce qui rend cette int\u00e9gration difficile et pour cette raison m\u00eame r\u00e9clame l\u2019interpr\u00e9tation<\/em>. (p.\u00a0214)<\/p>\n<\/blockquote><\/div><div class='clear_column'><\/div>\n<div class=\"su-note\"  style=\"border-color:#b3afaf;border-radius:3px;-moz-border-radius:3px;-webkit-border-radius:3px;\"><div class=\"su-note-inner su-u-clearfix su-u-trim\" style=\"background-color:#cdc9c9;border-color:#ffffff;color:#000000;border-radius:3px;-moz-border-radius:3px;-webkit-border-radius:3px;\">\n<p style=\"text-align: justify;\"><span style=\"font-size: 8pt;\">Si \u00ab le catholicisme et l\u2019Islam se d\u00e9finissent tous deux par r\u00e9f\u00e9rence \u00e0 un concept, le premier, celui d\u2019universalit\u00e9, le second, de soumission \u00e0 Dieu [\u2026] Le mot juda\u00efsme d\u00e9rive d\u2019une racine h\u00e9bra\u00efque qui signifie rendre gr\u00e2ce \u00e0 Dieu, et sert \u00e0 d\u00e9signer un pays, la Jud\u00e9e, ainsi que ses habitants, les descendants de Juda, les juifs \u00bb. Une tradition qui repose donc non sur un concept, mais sur une r\u00e9f\u00e9rence concr\u00e8te. On peut en effet envisager Kafka comme celui qui rappellerait dans la sph\u00e8re litt\u00e9raire et au travers de la tradition h\u00e9bra\u00efque qu\u2019on ne peut prononcer le nom de \u00ab Dieu \u00bb, sinon par une p\u00e9riphrase : \u00ab Dans la Bible h\u00e9bra\u00efque, Dieu est d\u00e9sign\u00e9 sous les trois noms de \u00c9l \u2014 qui peut prendre les formes de Eloha, Eloh\u00eem \u2014, d\u2019Adona\u00ef et de IHVH, abr\u00e9g\u00e9 parfois en Yah ou yahou. [\u2026] IHVH serait, d\u2019apr\u00e8s Ex 3,13-15, le nom propre du Dieu d\u2019Isra\u00ebl. Il est impossible de savoir comment ce nom \u00e9tait prononc\u00e9 \u00e0 l\u2019\u00e9poque biblique. Depuis longtemps, il a \u00e9t\u00e9 consid\u00e9r\u00e9 comme ineffable et a \u00e9t\u00e9 remplac\u00e9, dans la lecture publique, par celui d\u2019Adona\u00ef. \u00c0 une \u00e9poque r\u00e9cente, on a risqu\u00e9 de le lire Yahv\u00e9 ou Yahweh. Cette lecture s\u2019est rapidement r\u00e9pandue sans \u00eatre solidement fond\u00e9e. Le nom impronon\u00e7able garde aussi le secret de sa signification : \u201cCelui qui est\u2026 \u00e9tait, sera\u201d ou \u201cCelui qui fait \u00eatre\u201d ? \u00bb (\u00ab Les noms divins dans La Bible \u00bb, <em>La Bible<\/em>, traduite par Andr\u00e9 Chouraqui, p. 2415).<\/span><\/p>\n<p style=\"text-align: justify;\"><span style=\"font-size: 8pt;\">Pour m\u00e9moire, <a href=\"http:\/\/islammedia.free.fr\/Pages\/99_noms_Allah.html\" target=\"_blank\" rel=\"noopener noreferrer\">Allah a 99 noms<\/a> dans la tradition musulmane. (<em><a href=\"http:\/\/www.coran-en-ligne.com\/coran-en-francais.html\" target=\"_blank\" rel=\"noopener noreferrer\">Le Coran<\/a><\/em> [version num\u00e9rique gratuite en fran\u00e7ais] Sourate 17 \u00ab Al Isra \u00bb (Le voyage nocturne), verset 110)<\/span><\/p>\n<\/div><\/div>\n<p>&nbsp;<\/p>\n<p style=\"text-align: justify;\">Pour la\u00efciser le propos, on dira que, dans ce paradigme mythologique, on ne peut tendre vers l\u2019\u00catre que par l\u2019ex\u00e9g\u00e8se des textes et l\u2019\u00e9tude syst\u00e9matique de la loi issue des \u00c9critures\u00a0: le <a href=\"http:\/\/www.larousse.fr\/encyclopedie\/oeuvre\/Talmud\/145863\" target=\"_blank\" rel=\"noopener noreferrer\"><em>Talmud<\/em><\/a> et la <a href=\"http:\/\/www.lemondedesreligions.fr\/savoir\/qu-est-ce-que-la-kabbale-06-06-2011-1568_110.php\" target=\"_blank\" rel=\"noopener noreferrer\"><em>Kabbale<\/em><\/a>, que par une s\u00e9rie de circonvolutions autour de l\u2019objet vis\u00e9 sans jamais esp\u00e9rer l\u2019atteindre\u00a0: \u00ab\u00a0<em>Le principe de la litt\u00e9ralit\u00e9, sans doute une r\u00e9miniscence de l\u2019ex\u00e9g\u00e8se de la Thora dans la tradition juive, peut s\u2019appuyer sur certains textes de Kafka<\/em>\u00a0\u00bb (\u00ab\u00a0R\u00e9flexions sur Kafka\u00a0\u00bb, p.\u00a0217).<\/p>\n<p style=\"text-align: justify;\">S\u00e9cularisant lui-m\u00eame cette tradition juive, Adorno n\u2019\u00e9crit-il pas dans \u00ab\u00a0L\u2019Essai comme forme\u00a0\u00bb\u00a0: \u00ab\u00a0<em>L\u2019essayiste rejette ses propres espoirs orgueilleux, qui, maintes fois, croient avoir approch\u00e9 l\u2019ultime\u00a0: il ne peut offrir que des commentaires des po\u00e8mes d\u2019autrui et, dans le meilleur des cas, de ses propres id\u00e9es<\/em>\u00a0\u00bb (p.\u00a013).<\/p>\n<p style=\"text-align: justify;\">Bien s\u00fbr, il ne faudrait pas sombrer dans un d\u00e9terminisme religieux, f\u00fbt-il s\u00e9cularis\u00e9 ou culturel. La dimension politique n\u2019est jamais absente du contenu de v\u00e9rit\u00e9 induit par la forme, <strong>mais ne peut \u00eatre r\u00e9duite \u00e0 un message<\/strong>.<\/p>\n<p style=\"text-align: justify;\">La question religieuse en cache donc une autre, plus \u00e9pist\u00e9mologique. L\u2019arpenteur, dans <em>Le Ch\u00e2teau<\/em>, n\u2019arrivera jamais au bout de son p\u00e9riple, non pas parce qu\u2019il n\u2019existe pas ce bout \u2014 si le ch\u00e2teau n\u2019\u00e9tait qu\u2019une m\u00e9taphore existentialiste \u2014, mais parce que la v\u00e9rit\u00e9, on ne pourra jamais toute la dire, contrairement \u00e0 ce que pr\u00e9voyait un peu na\u00efvement <a href=\"http:\/\/fr.wikipedia.org\/wiki\/Lumi%C3%A8res_(philosophie)\" target=\"_blank\" rel=\"noopener noreferrer\">la philosophie des lumi\u00e8res<\/a>. Et ce paradigme est lourd de cons\u00e9quences esth\u00e9tiques et \u00e9pist\u00e9mologiques. On saisit mieux pourquoi Adorno revendique le caract\u00e8re \u00e9nigmatique de l\u2019\u0153uvre d\u2019art, tout en disqualifiant farouchement les cat\u00e9gories de l\u2019absurde et du non-sens pour comprendre Beckett ou Kafka.<strong><br \/>\n<\/strong><\/p>\n<div class='content-column one_half'><div style=\"padding-right:30px;\"><p style=\"text-align: justify;\">Ainsi, Adorno commente <em>La M\u00e9tamorphose<\/em> en montrant qu\u2019il ne s\u2019agit pas d\u2019une exp\u00e9rience existentialiste du n\u00e9ant ou de l\u2019absurde, mais d\u2019une v\u00e9ritable exp\u00e9rimentation d\u2019un changement de point de vue de l\u2019homme par rapport \u00e0 la totalit\u00e9, un changement d\u2019\u00e9chelle en quelque sorte, ayant une r\u00e9elle port\u00e9e heuristique\u00a0:<\/p>\n<p style=\"text-align: justify;\">\u00ab\u00a0<em>Que devient un homme qui est une punaise de la taille d\u2019un homme\u00a0? Or, telle serait la taille des adultes aux yeux d\u2019un enfant, telle serait leur d\u00e9formation, jambes gigantesques, \u00e9crasantes, et t\u00eates lointaines, minuscules, si le regard \u00e9pouvant\u00e9 de l\u2019enfant \u00e9tait capt\u00e9 de son point de vue\u00a0; une cam\u00e9ra oblique pourrait obtenir cette image<\/em>\u00a0\u00bb (\u00ab\u00a0R\u00e9flexions sur Kafka\u00a0\u00bb, p.\u00a0224-225).<\/p><\/div><\/div>\n<p style=\"text-align: justify;\"><div class='content-column one_half last_column'><p style=\"text-align: justify;\"><iframe loading=\"lazy\" src=\"\/\/www.youtube.com\/embed\/aDkBYdoZvKY\" width=\"300\" height=\"260\"><\/iframe><\/p>\n<p style=\"text-align: justify;\"><\/div><div class='clear_column'><\/div>\n<p style=\"text-align: justify;\">On comprend aussi les r\u00e9serves d\u2019Adorno sur les d\u00e9rives du surr\u00e9alisme. Freud, en parlant de \u00ab\u00a0L\u2019Analyse avec fin et l\u2019analyse sans fin\u00a0\u00bb p.\u00a0231, n\u2019en fait jamais une pierre d\u2019achoppement de la psychanalyse, mais un horizon \u00e9pist\u00e9mologique. <strong>La crise \u00e9pist\u00e9mologique de la rationalit\u00e9 doit \u00eatre analys\u00e9e du point de vue de la raison <\/strong>et pas sous la forme d&rsquo;une pens\u00e9e irrationnelle qui s\u00e9vit trop souvent chez les gurus autoproclam\u00e9s du Web.<strong><br \/>\n<\/strong><\/p>\n<p style=\"text-align: justify;\">Ce changement de paradigme religieux ou plus pr\u00e9cis\u00e9ment ce changement de paradigme religieux s\u00e9cularis\u00e9 pour Adorno renvoie au changement de paradigme philosophique trop longtemps inf\u00e9od\u00e9 \u00e0 ce qu\u2019on pourrait appeler un \u00ab\u00a0christianocentrisme\u00a0\u00bb. La parataxe adornienne, elle, sans se r\u00e9duire \u00e0 un d\u00e9terminisme culturel religieux, rel\u00e8ve entre autres, m\u00e9taphysiquement \u2014 si on donne \u00e0 m\u00e9taphysique son sens de pr\u00e9suppos\u00e9s implicites dans l\u2019id\u00e9ologie, explicit\u00e9s par la philosophie \u2014 de cette <em>Dialectique n\u00e9gative<\/em> qui constitue le c\u0153ur de son dispositif critique.<\/p>\n<h2 style=\"text-align: justify;\"><span style=\"font-size: 12pt;\">Reprise critique\u00a0: la dialectique n\u00e9gative<\/span><\/h2>\n<blockquote>\n<p style=\"text-align: justify;\">La formulation de Dialectique n\u00e9gative p\u00e8che contre la tradition. La pens\u00e9e dialectique veut, d\u00e8s Platon, que par le moyen de la n\u00e9gation se produise un positif\u00a0; plus tard la figure d\u2019une n\u00e9gation de la n\u00e9gation d\u00e9signa cela de fa\u00e7on frappante. Ce livre voudrait d\u00e9livrer la dialectique d\u2019une telle essence affirmative, sans rien perdre en d\u00e9terminit\u00e9. Le d\u00e9ploiement de son titre paradoxal est l\u2019une de ses intentions. (<em>Dialectique n\u00e9gative<\/em>, p.\u00a09)<\/p>\n<\/blockquote>\n<p style=\"text-align: justify;\">Une contribution philosophique aussi \u00e9nigmatique et pointue peut-elle aider les recherches actuelles sur les industries culturelles\u00a0? Le d\u00e9tour par l\u2019abstraction, f\u00fbt-elle \u00ab\u00a0mat\u00e9rialiste\u00a0\u00bb, \u00e9clairera-t-il ce \u00ab\u00a0terrain\u00a0\u00bb o\u00f9 les sciences humaines ont d\u00e9j\u00e0 pris leurs quartiers de recherche\u00a0?<\/p>\n<div class='content-column one_third'><div style=\"padding-right:5px;\"><p style=\"text-align: justify;\">Il faut recr\u00e9er les liens entre les fragments (terme revendiqu\u00e9 par les auteurs) de <em>La Dialectique de la raison<\/em>, ce livre constellation autour de la crise de la rationalit\u00e9, d\u2019interroger l\u2019int\u00e9r\u00eat d\u2019une sorte de navigation hyperm\u00e9dia chez un des auteurs, T.W. Adorno, qui, comble du r\u00e9visionnisme th\u00e9orique chez ceux qui le taxent aujourd\u2019hui de r\u00e9trograde, a toujours d\u00e9fendu une vraie modernit\u00e9, m\u00eame si c\u2019est dans le cadre d\u2019une critique de la <em>Kulturindustrie<\/em>.<\/p><\/div><\/div>\n<div class='content-column two_third last_column'><p style=\"text-align: justify;\"><a href=\"http:\/\/industrie-culturelle.fr\/industrie-culturelle\/wp-content\/uploads\/2015\/01\/cartedialectique.jpg\"><img loading=\"lazy\" decoding=\"async\" class=\"alignleft wp-image-15498\" src=\"http:\/\/industrie-culturelle.fr\/industrie-culturelle\/wp-content\/uploads\/2015\/01\/cartedialectique-300x240.jpg\" alt=\"kulturindustrie\" width=\"290\" height=\"232\" srcset=\"https:\/\/industrie-culturelle.fr\/industrie-culturelle\/wp-content\/uploads\/2015\/01\/cartedialectique-300x240.jpg 300w, https:\/\/industrie-culturelle.fr\/industrie-culturelle\/wp-content\/uploads\/2015\/01\/cartedialectique-600x480.jpg 600w, https:\/\/industrie-culturelle.fr\/industrie-culturelle\/wp-content\/uploads\/2015\/01\/cartedialectique.jpg 660w\" sizes=\"auto, (max-width: 290px) 100vw, 290px\" \/><\/a>Ce paradoxe qui n\u2019en est pas un, des chercheurs le pointent pour r\u00e9duire une pens\u00e9e qui leur \u00e9chappe en une d\u00e9ploration\u00a0; ou par peur aussi d\u2019ouvrir la bo\u00eete de pandore des mythologies en activit\u00e9.<\/p><\/div><div class='clear_column'><\/div>\n<p style=\"text-align: justify;\">En prenant comme point de d\u00e9part\u00a0: \u00ab\u00a0La Production industrielle de biens culturels\u00a0\u00bb, par un jeu d\u2019allers et retours autour de ce texte, en tissant des liens avec un autre fragment de <em>La Dialectique de la raison<\/em>\u00a0: \u00ab\u00a0Le concept d\u2019<em><a href=\"http:\/\/www.universalis.fr\/encyclopedie\/aufklarung\/\" target=\"_blank\" rel=\"noopener noreferrer\">Aufkl\u00e4rung<\/a><\/em>\u00a0\u00bb, alors, peut-\u00eatre aurons-nous la chance de nous tromper de route, en croisant un peu trop au large d\u2019une probl\u00e9matique que nous croyions bien conna\u00eetre. Loin des discours syst\u00e9matiques d&rsquo;une Raison qui commence seulement son <a href=\"http:\/\/fr.wikipedia.org\/wiki\/Aggiornamento\" target=\"_blank\" rel=\"noopener noreferrer\"><em>aggiornamento<\/em><\/a>, et plus loin encore des synth\u00e8ses irrationnelles des <a href=\"https:\/\/www.youtube.com\/watch?v=t5KfqGYyhNI\" target=\"_blank\" rel=\"noopener noreferrer\">sophistes qui s&rsquo;imposent sur la Toile<\/a> et surfent sur cette crise, si nous v\u00e9rifions cette hypoth\u00e8se suivant laquelle toute tentative totalitaire d&rsquo;une pens\u00e9e scientiste g\u00e9n\u00e8re en elle sa profonde alt\u00e9rit\u00e9\u00a0? En d\u2019autres termes\u00a0: si cette alt\u00e9rit\u00e9 drossait aussi l\u2019approche critique que l&rsquo;on voudrait trop pr\u00e9server des d\u00e9rapages de l\u2019abstraction, au nom du terrain, contre cette dialectique n\u00e9gative aventureuse, au sulfureux parfum de m\u00e9taphysique\u00a0?<\/p>\n<p style=\"text-align: center;\"><iframe loading=\"lazy\" src=\"\/\/www.youtube.com\/embed\/XL8ctfYf18U\" width=\"300\" height=\"260\"><\/iframe><\/p>\n<p style=\"text-align: justify;\"><strong>BIBLIOGRAPHIE<\/strong><\/p>\n<p style=\"text-align: justify;\">ADORNO, T. W., HORKHEIMER, M., <em>La Dialectique de la raison<\/em>, Paris, Gallimard, \u00ab\u00a0Tel\u00a0\u00bb (traduction fran\u00e7aise \u00c9liane Kaufholz), 1974.<\/p>\n<p style=\"text-align: justify;\">ADORNO, T. W., \u00ab\u00a0Parataxe\u00a0\u00bb in <em>Notes sur la litt\u00e9rature<\/em>, Paris, Flammarion, \u00ab\u00a0Champs\u00a0\u00bb (traduction fran\u00e7aise Sibylle Muller), 1984.<\/p>\n<p style=\"text-align: justify;\">ADORNO, T. W., \u00ab\u00a0L&rsquo;Essai comme forme\u00a0\u00bb in <em>Notes sur la litt\u00e9rature<\/em>, Paris, Flammarion, \u00ab\u00a0Champs\u00a0\u00bb (traduction fran\u00e7aise Sibylle Muller), 1984.<\/p>\n<p style=\"text-align: justify;\">ADORNO, T. W., \u00ab\u00a0R\u00e9flexions sur Kafka\u00a0\u00bb in\u00a0<em>Prismes<\/em>, Paris, Payot (traduction fran\u00e7aise Genevi\u00e8ve et Rainer Rochlitz), 1986.<\/p>\n<p style=\"text-align: justify;\">ADORNO, T. W., <em>Th\u00e9orie esth\u00e9tique<\/em>, Paris, Klincksieck (traduction fran\u00e7aise Marc Jimenez), 1982.<\/p>\n<p style=\"text-align: justify;\">ADORNO, T. W., <em>Dialectique n\u00e9gative<\/em>, Paris, Payot (traduction fran\u00e7aise par le groupe de traduction du Coll\u00e8ge de philosophie\u00a0: G\u00e9rard Coffin, Jo\u00eblle Masson, Olivier Masson, Alain Renaut et Dagmar Trousson), 2001.<\/p>\n<p style=\"text-align: justify;\">ALTHUSSER, Louis, <em><a href=\"http:\/\/classiques.uqac.ca\/contemporains\/althusser_louis\/ideologie_et_AIE\/ideologie_et_AIE.html\" target=\"_blank\" rel=\"noopener noreferrer\">Id\u00e9ologie et appareils id\u00e9ologiques d&rsquo;\u00c9tat (notes pour une recherche) <\/a><\/em>[version num\u00e9rique gratuite]\n<p style=\"text-align: justify;\">AQUIN, Saint Thomas d&rsquo;, <a href=\"http:\/\/docteurangelique.free.fr\/livresformatweb\/sommes\/1sommetheologique1apars.htm\" target=\"_blank\" rel=\"noopener noreferrer\"><em>Somme th\u00e9ologique<\/em><\/a> [version num\u00e9rique gratuite]\n<p style=\"text-align: justify;\">BUXTON, David, <em>Les S\u00e9ries t\u00e9l\u00e9vis\u00e9es\u00a0: forme, id\u00e9ologie et mode de production<\/em>, L&rsquo;Harmattan, collection \u00ab\u00a0Champs visuels\u00a0\u00bb, 2010.<\/p>\n<p style=\"text-align: justify;\">CHOURAQUI, Andr\u00e9, <em>Histoire du juda\u00efsme<\/em>, Paris, Presses Universitaires de France, Que sais-je\u00a0? n\u00b0 750, 1957.<\/p>\n<p style=\"text-align: justify;\">DOS PASSOS, John, <em>Manhattan Transfer<\/em>, Paris, Gallimard (traduction fran\u00e7aise M.-E. Coindreau), 1928.<\/p>\n<p style=\"text-align: justify;\">FAULKNER, William, <em>Le Bruit et la fureur<\/em>, Paris, Gallimard, \u00ab\u00a0Folio\u00a0\u00bb (traduction fran\u00e7aise M.-E. Coindreau), 1972.<\/p>\n<p style=\"text-align: justify;\">FREUD, Sigmund, \u00ab\u00a0L\u2019Analyse avec fin et l\u2019analyse sans fin\u00a0\u00bb in <em>R\u00e9sultats, id\u00e9es, probl\u00e8mes<\/em>, Paris, Presses Universitaires de France, collection \u00ab\u00a0Biblioth\u00e8que de psychanalyse\u00a0\u00bb (traduction fran\u00e7aise J. Altounian, A. Bourguignon, P. Cotet, A. Rauzy), 1995.<\/p>\n<p style=\"text-align: justify;\">GOLDMANN, Lucien, <em>Le Dieu cach\u00e9<\/em>, Paris, Gallimard, 1956.<\/p>\n<p style=\"text-align: justify;\">HIVER, Marc, <em>Adorno et les industries culturelles \u2014 communication, musique et cin\u00e9ma<\/em>, Paris, L&rsquo;Harmattan, collection \u00ab\u00a0Communication et civilisation\u00a0\u00bb, 2010.<\/p>\n<p style=\"text-align: justify;\">HIVER Marc, \u00ab\u00a0Adorno #2\u00a0: la forme esth\u00e9tique comme contenu [social] s\u00e9diment\u00e9 \u2013 Marc HIVER\u00a0\u00bb, <em>Articles<\/em> [En ligne], Web-revue des industries culturelles et num\u00e9riques, 2013, mis en ligne le 1er octobre 2013. URL\u00a0: <a title=\"http:\/\/industrie-culturelle.fr\/industrie-culturelle\/adorno-2-forme-esthetique-contenu-social-sedimente-marc-hiver\/\" href=\"http:\/\/industrie-culturelle.fr\/industrie-culturelle\/adorno-2-forme-esthetique-contenu-social-sedimente-marc-hiver\/\" target=\"_blank\" rel=\"noopener noreferrer\">http:\/\/industrie-culturelle.fr\/industrie-culturelle\/adorno-2-forme-esthetique-contenu-social-sedimente-marc-hiver\/<\/a><\/p>\n<p style=\"text-align: justify;\">H\u00d6LDERLIN, Friedrich, <em>\u0152uvres<\/em>, Paris, Gallimard, \u00ab\u00a0Biblioth\u00e8que de La Pl\u00e9\u00efade\u00a0\u00bb (traduction fran\u00e7aise Philippe Jaccottet), 1967.<\/p>\n<p style=\"text-align: justify;\">KAFKA, Franz, <em>Le Ch\u00e2teau, \u0152uvres co<\/em>mpl\u00e8tes, tome II, Paris, Gallimard, \u00ab\u00a0Biblioth\u00e8que de La Pl\u00e9iade\u00a0\u00bb (traduction fran\u00e7aise Alexandre Vialatte), 1938.<\/p>\n<p style=\"text-align: justify;\">KAFKA, Franz, <em>La M\u00e9tamorphose<\/em>, Paris, Gallimard, \u00ab\u00a0Le Livre de Poche\u00a0\u00bb (traduction fran\u00e7aise Alexandre Vialatte), 1955.<\/p>\n<p style=\"text-align: justify;\">LA BIBLE<em>, <\/em>Paris, Descl\u00e9e de Brouwer (traduction fran\u00e7aise d&rsquo;Andr\u00e9 Chouraqui), 1989.<\/p>\n<p style=\"text-align: justify;\"><a href=\"http:\/\/www.coran-en-ligne.com\/coran-en-francais.html\" target=\"_blank\" rel=\"noopener noreferrer\">LE CORAN<\/a> [version num\u00e9rique gratuite en fran\u00e7ais]\n<p style=\"text-align: justify;\">NIETZSCHE, Friedrich, <a href=\"http:\/\/www.ebooksgratuits.com\/pdf\/nietzsche_ainsi_parlait_zarathoustra.pdf\" target=\"_blank\" rel=\"noopener noreferrer\"><em>Ainsi parlait Zarathoustra<\/em><\/a>, [version num\u00e9rique gratuite]\n<p style=\"text-align: justify;\">NIETZSCHE, Friedrich, <a href=\"http:\/\/www.ebooksgratuits.com\/pdf\/nietzsche_le_gai_savoir.pdf\" target=\"_blank\" rel=\"noopener noreferrer\"><em>Le Gai Savoir<\/em><\/a> [version num\u00e9rique gratuite]\n<p style=\"text-align: justify;\">SARTRE, Jean-Paul, <em>Les Chemins de la libert\u00e9<\/em>, II\u00a0: Le sursis, Paris, Gallimard, 1945.<\/p>\n<p style=\"text-align: justify;\"><strong><a href=\"http:\/\/industrie-culturelle.fr\/industrie-culturelle\/author\/mariv\/\" target=\"_blank\" rel=\"noopener noreferrer\">Lire d&rsquo;autres articles de Marc Hiver<\/a><\/strong><\/p>\n<p style=\"text-align: justify;\"><a href=\"http:\/\/industrie-culturelle.fr\/industrie-culturelle\/wp-content\/uploads\/2013\/10\/bouton-citer.jpg\"><img loading=\"lazy\" decoding=\"async\" class=\"alignleft size-full wp-image-7069\" src=\"http:\/\/industrie-culturelle.fr\/industrie-culturelle\/wp-content\/uploads\/2013\/10\/bouton-citer.jpg\" alt=\"bouton citer\" width=\"150\" height=\"93\" \/><\/a>HIVER Marc, \u00ab Kulturindustrie et crise de la rationalit\u00e9 &#8211; Marc HIVER\u00a0\u00bb, <em>Articles<\/em> [En ligne], Web-revue des industries culturelles et num\u00e9riques, 2015, mis en ligne le 1er f\u00e9vrier 2015. URL\u00a0: http:\/\/industrie-culturelle.fr\/industrie-culturelle\/kulturindustrie-rationalite_marc-hiver\/<\/p>\n<p style=\"text-align: justify;\"><div class=\"su-divider su-divider-style-default\" style=\"margin:15px 0;border-width:3px;border-color:#999999\"><a href=\"#\" style=\"color:#999999\">Aller en haut<\/a><\/div>\n<div id=\"__if72ru4sdfsdfrkjahiuyi_once\" style=\"display: none;\">\u00a0<\/div>\n<div id=\"__hggasdgjhsagd_once\" style=\"display: none;\">\u00a0<\/div>\n","protected":false},"excerpt":{"rendered":"<p>Marc Hiver revient sur la g\u00e9n\u00e9alogie du concept de la Kulturindustrie chez Adorno et Horkheimer, en tissant des liens entre les chapitres disparates de leur livre classique, \u00ab\u00a0Dialectique de la Raison\u00a0\u00bb.<\/p>\n","protected":false},"author":5,"featured_media":15477,"comment_status":"open","ping_status":"closed","sticky":false,"template":"","format":"standard","meta":{"colormag_page_container_layout":"default_layout","colormag_page_sidebar_layout":"default_layout","footnotes":""},"categories":[1018,3,755,81],"tags":[720,624,781,695,70,28,760,626,785,726,628,149,759,627],"coauthors":[928],"class_list":["post-15454","post","type-post","status-publish","format-standard","has-post-thumbnail","hentry","category-article","category-industries-culturelles","category-internet","category-reperes-theoriques","tag-alterite","tag-crise-de-la-rationalite","tag-dialectique-de-la-raison","tag-dialectique-negative","tag-epistemologie","tag-ideologie","tag-message","tag-mort-de-dieu","tag-mythologie","tag-parataxe","tag-philosophie-des-lumieres","tag-plaisir","tag-sadomasochisme","tag-theories-du-complot"],"aioseo_notices":[],"_links":{"self":[{"href":"https:\/\/industrie-culturelle.fr\/industrie-culturelle\/wp-json\/wp\/v2\/posts\/15454","targetHints":{"allow":["GET"]}}],"collection":[{"href":"https:\/\/industrie-culturelle.fr\/industrie-culturelle\/wp-json\/wp\/v2\/posts"}],"about":[{"href":"https:\/\/industrie-culturelle.fr\/industrie-culturelle\/wp-json\/wp\/v2\/types\/post"}],"author":[{"embeddable":true,"href":"https:\/\/industrie-culturelle.fr\/industrie-culturelle\/wp-json\/wp\/v2\/users\/5"}],"replies":[{"embeddable":true,"href":"https:\/\/industrie-culturelle.fr\/industrie-culturelle\/wp-json\/wp\/v2\/comments?post=15454"}],"version-history":[{"count":0,"href":"https:\/\/industrie-culturelle.fr\/industrie-culturelle\/wp-json\/wp\/v2\/posts\/15454\/revisions"}],"wp:featuredmedia":[{"embeddable":true,"href":"https:\/\/industrie-culturelle.fr\/industrie-culturelle\/wp-json\/wp\/v2\/media\/15477"}],"wp:attachment":[{"href":"https:\/\/industrie-culturelle.fr\/industrie-culturelle\/wp-json\/wp\/v2\/media?parent=15454"}],"wp:term":[{"taxonomy":"category","embeddable":true,"href":"https:\/\/industrie-culturelle.fr\/industrie-culturelle\/wp-json\/wp\/v2\/categories?post=15454"},{"taxonomy":"post_tag","embeddable":true,"href":"https:\/\/industrie-culturelle.fr\/industrie-culturelle\/wp-json\/wp\/v2\/tags?post=15454"},{"taxonomy":"author","embeddable":true,"href":"https:\/\/industrie-culturelle.fr\/industrie-culturelle\/wp-json\/wp\/v2\/coauthors?post=15454"}],"curies":[{"name":"wp","href":"https:\/\/api.w.org\/{rel}","templated":true}]}}